{"id":117800,"date":"2026-01-05T06:30:00","date_gmt":"2026-01-05T09:30:00","guid":{"rendered":"https:\/\/portaltela.pt\/noticias\/2026\/01\/05\/alentejo-entre-regioes-com-mortalidade-acima-do-esperado-na-semana-de-dezembro\/"},"modified":"2026-01-05T06:30:00","modified_gmt":"2026-01-05T09:30:00","slug":"alentejo-entre-regioes-com-mortalidade-acima-do-esperado-na-semana-de-dezembro","status":"publish","type":"post","link":"https:\/\/portaltela.pt\/noticias\/2026\/01\/05\/alentejo-entre-regioes-com-mortalidade-acima-do-esperado-na-semana-de-dezembro\/","title":{"rendered":"Alentejo entre regi\u00f5es com mortalidade acima do esperado na semana de dezembro"},"content":{"rendered":"<p>O Alentejo registou excesso de mortalidade por todas as causas na semana de 22 a 28 de dezembro de 2025, num contexto de aumento da atividade gripal e de circula\u00e7\u00e3o de outros v\u00edrus respirat\u00f3rios. A informa\u00e7\u00e3o \u00e9 do Instituto Nacional de Sa\u00fade Doutor Ricardo Jorge (INSA).<\/p>\n<p>Segundo o Boletim de Vigil\u00e2ncia Epidemiol\u00f3gica da Gripe e Outros V\u00edrus Respirat\u00f3rios, o Alentejo integrou o grupo de regi\u00f5es nacionais com mortalidade acima do esperado, acompanhado por Norte, Centro e Lisboa e Vale do Tejo. O pico ocorreu principalmente entre pessoas com 65 anos ou mais.<\/p>\n<h3>H3 Gripe em fase epid\u00e9mica<\/h3>\n<p>Portugal encontrava-se na fase de atividade gripal epid\u00e9mica, com aumento da circula\u00e7\u00e3o do v\u00edrus influenza, maioritariamente do tipo A. Na semana 52 de 2025 foram reportados mais de 1.200 casos positivos a n\u00edvel nacional.<\/p>\n<p>A temperatura m\u00e9dia na semana em an\u00e1lise ficou cerca de tr\u00eas graus abaixo do normal, fator que, segundo o INSA, contribui para a maior circula\u00e7\u00e3o de v\u00edrus respirat\u00f3rios. O relat\u00f3rio destaca ainda uma tend\u00eancia de crescimento da gripe a n\u00edvel nacional.<\/p>\n<h3>H3 Casos graves e press\u00e3o hospitalar<\/h3>\n<p>A incid\u00eancia de infe\u00e7\u00f5es respirat\u00f3rias agudas graves manteve-se est\u00e1vel, mas com maior impacto em grupos vulner\u00e1veis. Destacam-se crian\u00e7as at\u00e9 aos quatro anos e maiores de 65 anos, com internamentos por gripe em unidades de cuidados intensivos.<\/p>\n<p>O INSA aponta que muitos destes doentes n\u00e3o tinham vacina\u00e7\u00e3o contra a gripe sazonal, apesar das recomenda\u00e7\u00f5es para a prote\u00e7\u00e3o de popula\u00e7\u00f5es vulner\u00e1veis. O relat\u00f3rio tamb\u00e9m evidencia internamentos por v\u00edrus respirat\u00f3rios em idade pedi\u00e1trica, com o v\u00edrus sincicial respirat\u00f3rio a ganhar express\u00e3o entre crian\u00e7as com fatores de risco cl\u00ednico.<\/p>\n<h3>H3 Enquadramento nacional e europeu<\/h3>\n<p>O cen\u00e1rio no Alentejo acompanha o quadro nacional e europeu, com a circula\u00e7\u00e3o de gripe a aumentar mais cedo do que em \u00e9pocas anteriores em v\u00e1rios pa\u00edses da Uni\u00e3o Europeia. A circula\u00e7\u00e3o do SARS-CoV-2 tem apresentado tend\u00eancia de queda em todos os grupos et\u00e1rios.<\/p>\n<p>O INSA reitera que a vacina\u00e7\u00e3o continua a ser a principal medida de preven\u00e7\u00e3o de formas graves de gripe e de outras infe\u00e7\u00f5es respirat\u00f3rias, sobretudo entre os grupos vulner\u00e1veis.<\/p>\n","protected":false},"excerpt":{"rendered":"<ul>\n<li>O Alentejo registou excesso de mortalidade por todas as causas na semana de 22 a 28 de dezembro de 2025, com maior impacto em pessoas com 65 anos ou mais, e houve internamentos por gripe em cuidados intensivos associados a doen\u00e7as cr\u00f3nicas.<\/li>\n<li>Portugal encontrava-se em fase de atividade gripal epid\u00e9mica, com circula\u00e7\u00e3o significativa do v\u00edrus influenza, predominantemente do tipo A; na semana 52 de 2025 foram identificados mais de 1.200 casos positivos.<\/li>\n<li>As temperaturas m\u00ednimas m\u00e9dias ficaram cerca de tr\u00eas graus abaixo do normal, fator ligado ao aumento da circula\u00e7\u00e3o de v\u00edrus respirat\u00f3rios.<\/li>\n<li>A incid\u00eancia de infe\u00e7\u00f5es respirat\u00f3rias agudas graves manteve-se est\u00e1vel, tendo maior impacto em crian\u00e7as at\u00e9 aos quatro anos e em adultos 65+; houve internamentos por gripe em unidades de cuidados intensivos.<\/li>\n<li>O cen\u00e1rio acompanha a tend\u00eancia europeia, com a vacina\u00e7\u00e3o a manter-se como principal preven\u00e7\u00e3o, sobretudo para popula\u00e7\u00f5es vulner\u00e1veis.<\/li>\n<\/ul>\n","protected":false},"author":2,"featured_media":117807,"comment_status":"closed","ping_status":"closed","sticky":false,"template":"","format":"standard","meta":{"footnotes":""},"categories":[1],"tags":[883,1759,2394,1014,271,1475],"class_list":["post-117800","post","type-post","status-publish","format-standard","has-post-thumbnail","hentry","category-noticias","tag-alentejo","tag-infancia","tag-infeccoes-respiratorias-agudas","tag-portugal","tag-saude-publica","tag-sindrome-gripal"],"yoast_head":"<!-- This site is optimized with the Yoast SEO plugin v27.2 - https:\/\/yoast.com\/product\/yoast-seo-wordpress\/ -->\n<title>Alentejo entre regi\u00f5es com mortalidade acima do esperado na semana de dezembro - Portal Tela Portugal<\/title>\n<meta name=\"robots\" content=\"index, follow, max-snippet:-1, max-image-preview:large, max-video-preview:-1\" \/>\n<meta property=\"og:locale\" content=\"pt_PT\" \/>\n<meta property=\"og:type\" content=\"article\" \/>\n<meta property=\"og:title\" content=\"Alentejo entre regi\u00f5es com mortalidade acima do esperado na semana de dezembro - Portal Tela Portugal\" \/>\n<meta property=\"og:description\" content=\"O Alentejo registou excesso de mortalidade por todas as causas na semana de 22 a 28 de dezembro de 2025, com maior impacto em pessoas com 65 anos ou mais, e houve internamentos por gripe em cuidados intensivos associados a doen\u00e7as cr\u00f3nicas. Portugal encontrava-se em fase de atividade gripal epid\u00e9mica, com circula\u00e7\u00e3o significativa do v\u00edrus influenza, predominantemente do tipo A; na semana 52 de 2025 foram identificados mais de 1.200 casos positivos. As temperaturas m\u00ednimas m\u00e9dias ficaram cerca de tr\u00eas graus abaixo do normal, fator ligado ao aumento da circula\u00e7\u00e3o de v\u00edrus respirat\u00f3rios. A incid\u00eancia de infe\u00e7\u00f5es respirat\u00f3rias agudas graves manteve-se est\u00e1vel, tendo maior impacto em crian\u00e7as at\u00e9 aos quatro anos e em adultos 65+; houve internamentos por gripe em unidades de cuidados intensivos. O cen\u00e1rio acompanha a tend\u00eancia europeia, com a vacina\u00e7\u00e3o a manter-se como principal preven\u00e7\u00e3o, sobretudo para popula\u00e7\u00f5es vulner\u00e1veis.\" \/>\n<meta property=\"og:url\" content=\"https:\/\/portaltela.pt\/noticias\/2026\/01\/05\/alentejo-entre-regioes-com-mortalidade-acima-do-esperado-na-semana-de-dezembro\/\" \/>\n<meta property=\"og:site_name\" content=\"Portal Tela Portugal\" \/>\n<meta property=\"article:published_time\" content=\"2026-01-05T09:30:00+00:00\" \/>\n<meta name=\"author\" content=\"Telinha\" \/>\n<meta name=\"twitter:card\" content=\"summary_large_image\" \/>\n<meta name=\"twitter:label1\" content=\"Escrito por\" \/>\n\t<meta name=\"twitter:data1\" content=\"Telinha\" \/>\n\t<meta name=\"twitter:label2\" content=\"Tempo estimado de leitura\" \/>\n\t<meta name=\"twitter:data2\" content=\"2 minutos\" \/>\n<script type=\"application\/ld+json\" class=\"yoast-schema-graph\">{\"@context\":\"https:\/\/schema.org\",\"@graph\":[{\"@type\":\"Article\",\"@id\":\"https:\/\/portaltela.pt\/noticias\/2026\/01\/05\/alentejo-entre-regioes-com-mortalidade-acima-do-esperado-na-semana-de-dezembro\/#article\",\"isPartOf\":{\"@id\":\"https:\/\/portaltela.pt\/noticias\/2026\/01\/05\/alentejo-entre-regioes-com-mortalidade-acima-do-esperado-na-semana-de-dezembro\/\"},\"author\":{\"name\":\"Telinha\",\"@id\":\"https:\/\/portaltela.pt\/#\/schema\/person\/c4278d4a6028830caff9ee44b42d32ed\"},\"headline\":\"Alentejo entre regi\u00f5es com mortalidade acima do esperado na semana de dezembro\",\"datePublished\":\"2026-01-05T09:30:00+00:00\",\"mainEntityOfPage\":{\"@id\":\"https:\/\/portaltela.pt\/noticias\/2026\/01\/05\/alentejo-entre-regioes-com-mortalidade-acima-do-esperado-na-semana-de-dezembro\/\"},\"wordCount\":405,\"image\":{\"@id\":\"https:\/\/portaltela.pt\/noticias\/2026\/01\/05\/alentejo-entre-regioes-com-mortalidade-acima-do-esperado-na-semana-de-dezembro\/#primaryimage\"},\"thumbnailUrl\":\"https:\/\/portaltela.pt\/s.01k8rhncp4jt1\/2026\/01\/imagem_odigital-13.jpg\",\"keywords\":[\"Alentejo\",\"inf\u00e2ncia\",\"infec\u00e7\u00f5es respirat\u00f3rias agudas\",\"Portugal\",\"sa\u00fade p\u00fablica\",\"s\u00edndrome gripal\"],\"articleSection\":[\"Not\u00edcias\"],\"inLanguage\":\"pt-PT\"},{\"@type\":\"WebPage\",\"@id\":\"https:\/\/portaltela.pt\/noticias\/2026\/01\/05\/alentejo-entre-regioes-com-mortalidade-acima-do-esperado-na-semana-de-dezembro\/\",\"url\":\"https:\/\/portaltela.pt\/noticias\/2026\/01\/05\/alentejo-entre-regioes-com-mortalidade-acima-do-esperado-na-semana-de-dezembro\/\",\"name\":\"Alentejo entre regi\u00f5es com mortalidade acima do esperado na semana de dezembro - Portal Tela Portugal\",\"isPartOf\":{\"@id\":\"https:\/\/portaltela.pt\/#website\"},\"primaryImageOfPage\":{\"@id\":\"https:\/\/portaltela.pt\/noticias\/2026\/01\/05\/alentejo-entre-regioes-com-mortalidade-acima-do-esperado-na-semana-de-dezembro\/#primaryimage\"},\"image\":{\"@id\":\"https:\/\/portaltela.pt\/noticias\/2026\/01\/05\/alentejo-entre-regioes-com-mortalidade-acima-do-esperado-na-semana-de-dezembro\/#primaryimage\"},\"thumbnailUrl\":\"https:\/\/portaltela.pt\/s.01k8rhncp4jt1\/2026\/01\/imagem_odigital-13.jpg\",\"datePublished\":\"2026-01-05T09:30:00+00:00\",\"author\":{\"@id\":\"https:\/\/portaltela.pt\/#\/schema\/person\/c4278d4a6028830caff9ee44b42d32ed\"},\"breadcrumb\":{\"@id\":\"https:\/\/portaltela.pt\/noticias\/2026\/01\/05\/alentejo-entre-regioes-com-mortalidade-acima-do-esperado-na-semana-de-dezembro\/#breadcrumb\"},\"inLanguage\":\"pt-PT\",\"potentialAction\":[{\"@type\":\"ReadAction\",\"target\":[\"https:\/\/portaltela.pt\/noticias\/2026\/01\/05\/alentejo-entre-regioes-com-mortalidade-acima-do-esperado-na-semana-de-dezembro\/\"]}]},{\"@type\":\"ImageObject\",\"inLanguage\":\"pt-PT\",\"@id\":\"https:\/\/portaltela.pt\/noticias\/2026\/01\/05\/alentejo-entre-regioes-com-mortalidade-acima-do-esperado-na-semana-de-dezembro\/#primaryimage\",\"url\":\"https:\/\/portaltela.pt\/s.01k8rhncp4jt1\/2026\/01\/imagem_odigital-13.jpg\",\"contentUrl\":\"https:\/\/portaltela.pt\/s.01k8rhncp4jt1\/2026\/01\/imagem_odigital-13.jpg\",\"width\":796,\"height\":448,\"caption\":\"Alentejo entre as regi\u00f5es com mortalidade acima do esperado na \u00faltima semana de dezembro, segundo o INSA\"},{\"@type\":\"BreadcrumbList\",\"@id\":\"https:\/\/portaltela.pt\/noticias\/2026\/01\/05\/alentejo-entre-regioes-com-mortalidade-acima-do-esperado-na-semana-de-dezembro\/#breadcrumb\",\"itemListElement\":[{\"@type\":\"ListItem\",\"position\":1,\"name\":\"In\u00edcio\",\"item\":\"https:\/\/portaltela.pt\/\"},{\"@type\":\"ListItem\",\"position\":2,\"name\":\"Alentejo entre regi\u00f5es com mortalidade acima do esperado na semana de dezembro\"}]},{\"@type\":\"WebSite\",\"@id\":\"https:\/\/portaltela.pt\/#website\",\"url\":\"https:\/\/portaltela.pt\/\",\"name\":\"Portal Tela Portugal\",\"description\":\"\",\"potentialAction\":[{\"@type\":\"SearchAction\",\"target\":{\"@type\":\"EntryPoint\",\"urlTemplate\":\"https:\/\/portaltela.pt\/?s={search_term_string}\"},\"query-input\":{\"@type\":\"PropertyValueSpecification\",\"valueRequired\":true,\"valueName\":\"search_term_string\"}}],\"inLanguage\":\"pt-PT\"},{\"@type\":\"Person\",\"@id\":\"https:\/\/portaltela.pt\/#\/schema\/person\/c4278d4a6028830caff9ee44b42d32ed\",\"name\":\"Telinha\",\"image\":{\"@type\":\"ImageObject\",\"inLanguage\":\"pt-PT\",\"@id\":\"https:\/\/portaltela.pt\/s.01k8rhncp4jt1\/2025\/11\/talking-bot-125x125.png\",\"url\":\"https:\/\/portaltela.pt\/s.01k8rhncp4jt1\/2025\/11\/talking-bot-125x125.png\",\"contentUrl\":\"https:\/\/portaltela.pt\/s.01k8rhncp4jt1\/2025\/11\/talking-bot-125x125.png\",\"caption\":\"Telinha\"},\"sameAs\":[\"https:\/\/portaltela.pt\/\"],\"url\":\"https:\/\/portaltela.pt\/por\/367410592786\/\"}]}<\/script>\n<!-- \/ Yoast SEO plugin. -->","yoast_head_json":{"title":"Alentejo entre regi\u00f5es com mortalidade acima do esperado na semana de dezembro - Portal Tela Portugal","robots":{"index":"index","follow":"follow","max-snippet":"max-snippet:-1","max-image-preview":"max-image-preview:large","max-video-preview":"max-video-preview:-1"},"og_locale":"pt_PT","og_type":"article","og_title":"Alentejo entre regi\u00f5es com mortalidade acima do esperado na semana de dezembro - Portal Tela Portugal","og_description":"O Alentejo registou excesso de mortalidade por todas as causas na semana de 22 a 28 de dezembro de 2025, com maior impacto em pessoas com 65 anos ou mais, e houve internamentos por gripe em cuidados intensivos associados a doen\u00e7as cr\u00f3nicas. Portugal encontrava-se em fase de atividade gripal epid\u00e9mica, com circula\u00e7\u00e3o significativa do v\u00edrus influenza, predominantemente do tipo A; na semana 52 de 2025 foram identificados mais de 1.200 casos positivos. As temperaturas m\u00ednimas m\u00e9dias ficaram cerca de tr\u00eas graus abaixo do normal, fator ligado ao aumento da circula\u00e7\u00e3o de v\u00edrus respirat\u00f3rios. A incid\u00eancia de infe\u00e7\u00f5es respirat\u00f3rias agudas graves manteve-se est\u00e1vel, tendo maior impacto em crian\u00e7as at\u00e9 aos quatro anos e em adultos 65+; houve internamentos por gripe em unidades de cuidados intensivos. O cen\u00e1rio acompanha a tend\u00eancia europeia, com a vacina\u00e7\u00e3o a manter-se como principal preven\u00e7\u00e3o, sobretudo para popula\u00e7\u00f5es vulner\u00e1veis.","og_url":"https:\/\/portaltela.pt\/noticias\/2026\/01\/05\/alentejo-entre-regioes-com-mortalidade-acima-do-esperado-na-semana-de-dezembro\/","og_site_name":"Portal Tela Portugal","article_published_time":"2026-01-05T09:30:00+00:00","author":"Telinha","twitter_card":"summary_large_image","twitter_misc":{"Escrito por":"Telinha","Tempo estimado de leitura":"2 minutos"},"schema":{"@context":"https:\/\/schema.org","@graph":[{"@type":"Article","@id":"https:\/\/portaltela.pt\/noticias\/2026\/01\/05\/alentejo-entre-regioes-com-mortalidade-acima-do-esperado-na-semana-de-dezembro\/#article","isPartOf":{"@id":"https:\/\/portaltela.pt\/noticias\/2026\/01\/05\/alentejo-entre-regioes-com-mortalidade-acima-do-esperado-na-semana-de-dezembro\/"},"author":{"name":"Telinha","@id":"https:\/\/portaltela.pt\/#\/schema\/person\/c4278d4a6028830caff9ee44b42d32ed"},"headline":"Alentejo entre regi\u00f5es com mortalidade acima do esperado na semana de dezembro","datePublished":"2026-01-05T09:30:00+00:00","mainEntityOfPage":{"@id":"https:\/\/portaltela.pt\/noticias\/2026\/01\/05\/alentejo-entre-regioes-com-mortalidade-acima-do-esperado-na-semana-de-dezembro\/"},"wordCount":405,"image":{"@id":"https:\/\/portaltela.pt\/noticias\/2026\/01\/05\/alentejo-entre-regioes-com-mortalidade-acima-do-esperado-na-semana-de-dezembro\/#primaryimage"},"thumbnailUrl":"https:\/\/portaltela.pt\/s.01k8rhncp4jt1\/2026\/01\/imagem_odigital-13.jpg","keywords":["Alentejo","inf\u00e2ncia","infec\u00e7\u00f5es respirat\u00f3rias agudas","Portugal","sa\u00fade p\u00fablica","s\u00edndrome gripal"],"articleSection":["Not\u00edcias"],"inLanguage":"pt-PT"},{"@type":"WebPage","@id":"https:\/\/portaltela.pt\/noticias\/2026\/01\/05\/alentejo-entre-regioes-com-mortalidade-acima-do-esperado-na-semana-de-dezembro\/","url":"https:\/\/portaltela.pt\/noticias\/2026\/01\/05\/alentejo-entre-regioes-com-mortalidade-acima-do-esperado-na-semana-de-dezembro\/","name":"Alentejo entre regi\u00f5es com mortalidade acima do esperado na semana de dezembro - Portal Tela Portugal","isPartOf":{"@id":"https:\/\/portaltela.pt\/#website"},"primaryImageOfPage":{"@id":"https:\/\/portaltela.pt\/noticias\/2026\/01\/05\/alentejo-entre-regioes-com-mortalidade-acima-do-esperado-na-semana-de-dezembro\/#primaryimage"},"image":{"@id":"https:\/\/portaltela.pt\/noticias\/2026\/01\/05\/alentejo-entre-regioes-com-mortalidade-acima-do-esperado-na-semana-de-dezembro\/#primaryimage"},"thumbnailUrl":"https:\/\/portaltela.pt\/s.01k8rhncp4jt1\/2026\/01\/imagem_odigital-13.jpg","datePublished":"2026-01-05T09:30:00+00:00","author":{"@id":"https:\/\/portaltela.pt\/#\/schema\/person\/c4278d4a6028830caff9ee44b42d32ed"},"breadcrumb":{"@id":"https:\/\/portaltela.pt\/noticias\/2026\/01\/05\/alentejo-entre-regioes-com-mortalidade-acima-do-esperado-na-semana-de-dezembro\/#breadcrumb"},"inLanguage":"pt-PT","potentialAction":[{"@type":"ReadAction","target":["https:\/\/portaltela.pt\/noticias\/2026\/01\/05\/alentejo-entre-regioes-com-mortalidade-acima-do-esperado-na-semana-de-dezembro\/"]}]},{"@type":"ImageObject","inLanguage":"pt-PT","@id":"https:\/\/portaltela.pt\/noticias\/2026\/01\/05\/alentejo-entre-regioes-com-mortalidade-acima-do-esperado-na-semana-de-dezembro\/#primaryimage","url":"https:\/\/portaltela.pt\/s.01k8rhncp4jt1\/2026\/01\/imagem_odigital-13.jpg","contentUrl":"https:\/\/portaltela.pt\/s.01k8rhncp4jt1\/2026\/01\/imagem_odigital-13.jpg","width":796,"height":448,"caption":"Alentejo entre as regi\u00f5es com mortalidade acima do esperado na \u00faltima semana de dezembro, segundo o INSA"},{"@type":"BreadcrumbList","@id":"https:\/\/portaltela.pt\/noticias\/2026\/01\/05\/alentejo-entre-regioes-com-mortalidade-acima-do-esperado-na-semana-de-dezembro\/#breadcrumb","itemListElement":[{"@type":"ListItem","position":1,"name":"In\u00edcio","item":"https:\/\/portaltela.pt\/"},{"@type":"ListItem","position":2,"name":"Alentejo entre regi\u00f5es com mortalidade acima do esperado na semana de dezembro"}]},{"@type":"WebSite","@id":"https:\/\/portaltela.pt\/#website","url":"https:\/\/portaltela.pt\/","name":"Portal Tela Portugal","description":"","potentialAction":[{"@type":"SearchAction","target":{"@type":"EntryPoint","urlTemplate":"https:\/\/portaltela.pt\/?s={search_term_string}"},"query-input":{"@type":"PropertyValueSpecification","valueRequired":true,"valueName":"search_term_string"}}],"inLanguage":"pt-PT"},{"@type":"Person","@id":"https:\/\/portaltela.pt\/#\/schema\/person\/c4278d4a6028830caff9ee44b42d32ed","name":"Telinha","image":{"@type":"ImageObject","inLanguage":"pt-PT","@id":"https:\/\/portaltela.pt\/s.01k8rhncp4jt1\/2025\/11\/talking-bot-125x125.png","url":"https:\/\/portaltela.pt\/s.01k8rhncp4jt1\/2025\/11\/talking-bot-125x125.png","contentUrl":"https:\/\/portaltela.pt\/s.01k8rhncp4jt1\/2025\/11\/talking-bot-125x125.png","caption":"Telinha"},"sameAs":["https:\/\/portaltela.pt\/"],"url":"https:\/\/portaltela.pt\/por\/367410592786\/"}]}},"_links":{"self":[{"href":"https:\/\/portaltela.pt\/api\/wp\/v2\/posts\/117800","targetHints":{"allow":["GET"]}}],"collection":[{"href":"https:\/\/portaltela.pt\/api\/wp\/v2\/posts"}],"about":[{"href":"https:\/\/portaltela.pt\/api\/wp\/v2\/types\/post"}],"author":[{"embeddable":true,"href":"https:\/\/portaltela.pt\/api\/wp\/v2\/users\/2"}],"replies":[{"embeddable":true,"href":"https:\/\/portaltela.pt\/api\/wp\/v2\/comments?post=117800"}],"version-history":[{"count":0,"href":"https:\/\/portaltela.pt\/api\/wp\/v2\/posts\/117800\/revisions"}],"wp:featuredmedia":[{"embeddable":true,"href":"https:\/\/portaltela.pt\/api\/wp\/v2\/media\/117807"}],"wp:attachment":[{"href":"https:\/\/portaltela.pt\/api\/wp\/v2\/media?parent=117800"}],"wp:term":[{"taxonomy":"category","embeddable":true,"href":"https:\/\/portaltela.pt\/api\/wp\/v2\/categories?post=117800"},{"taxonomy":"post_tag","embeddable":true,"href":"https:\/\/portaltela.pt\/api\/wp\/v2\/tags?post=117800"}],"curies":[{"name":"wp","href":"https:\/\/api.w.org\/{rel}","templated":true}]}}