{"id":117427,"date":"2026-01-04T22:30:00","date_gmt":"2026-01-05T01:30:00","guid":{"rendered":"https:\/\/portaltela.pt\/noticias\/2026\/01\/04\/filho-e-nora-sao-julgados-por-juri-pela-morte-de-idosa-causada-por-fome\/"},"modified":"2026-01-04T22:30:00","modified_gmt":"2026-01-05T01:30:00","slug":"filho-e-nora-sao-julgados-por-juri-pela-morte-de-idosa-causada-por-fome","status":"publish","type":"post","link":"https:\/\/portaltela.pt\/noticias\/2026\/01\/04\/filho-e-nora-sao-julgados-por-juri-pela-morte-de-idosa-causada-por-fome\/","title":{"rendered":"Filho e nora s\u00e3o julgados por j\u00fari pela morte de idosa causada por fome"},"content":{"rendered":"<p>O filho e a nora de uma idosa de 98 anos v\u00e3o a julgamento por homic\u00eddio qualificado, acusados de a terem deixado morrer \u00e0 fome e de a terem amarrado \u00e0 cama. O processo inicia-se na pr\u00f3xima semana, em Set\u00fabal, com a v\u00edtima j\u00e1 falecida a 14 de dezembro de 2024.<\/p>\n<p>Maria Nazareth tinha sido amarrada \u00e0 cama nos \u00faltimos meses de vida e, durante dois anos, n\u00e3o recebeu assist\u00eancia m\u00e9dica. N\u00e3o comia nem tomava banho; o cen\u00e1rio levou a PSP a chamar a Pol\u00edcia Judici\u00e1ria ap\u00f3s a descoberta no terceiro andar da Rua das Giestas.<\/p>\n<p>A v\u00edtima recebia pouco mais de 300 euros de reforma. Ant\u00f3nio Oliveira e Blanca de Oliveira, de quem eram filho e nora, est\u00e3o em pris\u00e3o preventiva. A defesa sustenta que n\u00e3o cuidariam da sogra por dores nas costas, problemas psicol\u00f3gicos e limita\u00e7\u00f5es econ\u00f3micas para a coloca\u00e7\u00e3o num lar.<\/p>\n<h3>Situa\u00e7\u00e3o processual e defesa<\/h3>\n<p>O Minist\u00e9rio P\u00fablico acusa os arguidos de homic\u00eddio, argumentando que Maria Nazareth foi deixada \u00e0 fome e \u00e0 sede, amarrada para acelerar o desfecho. O advogado de defesa pediu abertura de instru\u00e7\u00e3o, mas o tribunal de Set\u00fabal decidiu avan\u00e7ar para o julgamento, marcado para o dia 15 de janeiro. O j\u00fari \u00e9 composto por tr\u00eas ju\u00edzes e 4 jurados efetivos, com 4 suplentes.<\/p>\n","protected":false},"excerpt":{"rendered":"<ul>\n<li>Ant\u00f3nio Oliveira e Blanca de Oliveira ser\u00e3o julgados por homic\u00eddio qualificado no j\u00fari de Set\u00fabal, por terem deixado a idosa Maria Nazareth, de 98 anos, morrer \u00e0 fome e sem cuidados.<\/li>\n<li>A v\u00edtima foi amarrada \u00e0 cama nos \u00faltimos meses de vida e nunca foi levada a hospital, permanecendo em casa durante dois anos, sem banho, alimenta\u00e7\u00e3o ou hidrata\u00e7\u00e3o adequadas; foi encontrada morta a 14 de dezembro de 2024.<\/li>\n<li>O casal est\u00e1 em pris\u00e3o preventiva e o julgamento tem in\u00edcio marcado para 15 de janeiro, com um tribunal de j\u00fari composto por tr\u00eas ju\u00edzes e quatro jurados efetivos (mais quatro suplentes).<\/li>\n<li>O Minist\u00e9rio P\u00fablico acusa os arguidos de deixar Maria Nazareth sem comida nem \u00e1gua, causando a sua morte; o advogado de defesa questiona a natureza do crime, sugerindo poss\u00edvel homic\u00eddio negligente ou viol\u00eancia dom\u00e9stica agravada pelo resultado morte.<\/li>\n<li>Maria Nazareth recebia pouco mais de 300 euros por m\u00eas de reforma; o contexto inclui que emigrara para a Venezuela e regressou a Portugal em 2018, situa\u00e7\u00e3o que o arguido sustenta ter limitado recursos para cuidados de apoio.<\/li>\n<\/ul>\n","protected":false},"author":2,"featured_media":117433,"comment_status":"closed","ping_status":"closed","sticky":false,"template":"","format":"standard","meta":{"footnotes":""},"categories":[1],"tags":[237,147,1345,217,994,939],"class_list":["post-117427","post","type-post","status-publish","format-standard","has-post-thumbnail","hentry","category-noticias","tag-abuso-de-maiores-dependentes","tag-crime","tag-homicidio","tag-investigacao-criminal","tag-setubal","tag-violencia"],"yoast_head":"<!-- This site is optimized with the Yoast SEO plugin v27.2 - https:\/\/yoast.com\/product\/yoast-seo-wordpress\/ -->\n<title>Filho e nora s\u00e3o julgados por j\u00fari pela morte de idosa causada por fome - Portal Tela Portugal<\/title>\n<meta name=\"robots\" content=\"index, follow, max-snippet:-1, max-image-preview:large, max-video-preview:-1\" \/>\n<meta property=\"og:locale\" content=\"pt_PT\" \/>\n<meta property=\"og:type\" content=\"article\" \/>\n<meta property=\"og:title\" content=\"Filho e nora s\u00e3o julgados por j\u00fari pela morte de idosa causada por fome - Portal Tela Portugal\" \/>\n<meta property=\"og:description\" content=\"Ant\u00f3nio Oliveira e Blanca de Oliveira ser\u00e3o julgados por homic\u00eddio qualificado no j\u00fari de Set\u00fabal, por terem deixado a idosa Maria Nazareth, de 98 anos, morrer \u00e0 fome e sem cuidados. A v\u00edtima foi amarrada \u00e0 cama nos \u00faltimos meses de vida e nunca foi levada a hospital, permanecendo em casa durante dois anos, sem banho, alimenta\u00e7\u00e3o ou hidrata\u00e7\u00e3o adequadas; foi encontrada morta a 14 de dezembro de 2024. O casal est\u00e1 em pris\u00e3o preventiva e o julgamento tem in\u00edcio marcado para 15 de janeiro, com um tribunal de j\u00fari composto por tr\u00eas ju\u00edzes e quatro jurados efetivos (mais quatro suplentes). O Minist\u00e9rio P\u00fablico acusa os arguidos de deixar Maria Nazareth sem comida nem \u00e1gua, causando a sua morte; o advogado de defesa questiona a natureza do crime, sugerindo poss\u00edvel homic\u00eddio negligente ou viol\u00eancia dom\u00e9stica agravada pelo resultado morte. Maria Nazareth recebia pouco mais de 300 euros por m\u00eas de reforma; o contexto inclui que emigrara para a Venezuela e regressou a Portugal em 2018, situa\u00e7\u00e3o que o arguido sustenta ter limitado recursos para cuidados de apoio.\" \/>\n<meta property=\"og:url\" content=\"https:\/\/portaltela.pt\/noticias\/2026\/01\/04\/filho-e-nora-sao-julgados-por-juri-pela-morte-de-idosa-causada-por-fome\/\" \/>\n<meta property=\"og:site_name\" content=\"Portal Tela Portugal\" \/>\n<meta property=\"article:published_time\" content=\"2026-01-05T01:30:00+00:00\" \/>\n<meta name=\"author\" content=\"Telinha\" \/>\n<meta name=\"twitter:card\" content=\"summary_large_image\" \/>\n<meta name=\"twitter:label1\" content=\"Escrito por\" \/>\n\t<meta name=\"twitter:data1\" content=\"Telinha\" \/>\n\t<meta name=\"twitter:label2\" content=\"Tempo estimado de leitura\" \/>\n\t<meta name=\"twitter:data2\" content=\"1 minuto\" \/>\n<script type=\"application\/ld+json\" class=\"yoast-schema-graph\">{\"@context\":\"https:\/\/schema.org\",\"@graph\":[{\"@type\":\"Article\",\"@id\":\"https:\/\/portaltela.pt\/noticias\/2026\/01\/04\/filho-e-nora-sao-julgados-por-juri-pela-morte-de-idosa-causada-por-fome\/#article\",\"isPartOf\":{\"@id\":\"https:\/\/portaltela.pt\/noticias\/2026\/01\/04\/filho-e-nora-sao-julgados-por-juri-pela-morte-de-idosa-causada-por-fome\/\"},\"author\":{\"name\":\"Telinha\",\"@id\":\"https:\/\/portaltela.pt\/#\/schema\/person\/c4278d4a6028830caff9ee44b42d32ed\"},\"headline\":\"Filho e nora s\u00e3o julgados por j\u00fari pela morte de idosa causada por fome\",\"datePublished\":\"2026-01-05T01:30:00+00:00\",\"mainEntityOfPage\":{\"@id\":\"https:\/\/portaltela.pt\/noticias\/2026\/01\/04\/filho-e-nora-sao-julgados-por-juri-pela-morte-de-idosa-causada-por-fome\/\"},\"wordCount\":246,\"image\":{\"@id\":\"https:\/\/portaltela.pt\/noticias\/2026\/01\/04\/filho-e-nora-sao-julgados-por-juri-pela-morte-de-idosa-causada-por-fome\/#primaryimage\"},\"thumbnailUrl\":\"https:\/\/portaltela.pt\/s.01k8rhncp4jt1\/2026\/01\/img_1500x1000uu2024-12-18-21-29-08-2183388.jpg\",\"keywords\":[\"abuso de maiores dependentes\",\"crime\",\"homic\u00eddio\",\"investiga\u00e7\u00e3o criminal\",\"Set\u00fabal\",\"viol\u00eancia\"],\"articleSection\":[\"Not\u00edcias\"],\"inLanguage\":\"pt-PT\"},{\"@type\":\"WebPage\",\"@id\":\"https:\/\/portaltela.pt\/noticias\/2026\/01\/04\/filho-e-nora-sao-julgados-por-juri-pela-morte-de-idosa-causada-por-fome\/\",\"url\":\"https:\/\/portaltela.pt\/noticias\/2026\/01\/04\/filho-e-nora-sao-julgados-por-juri-pela-morte-de-idosa-causada-por-fome\/\",\"name\":\"Filho e nora s\u00e3o julgados por j\u00fari pela morte de idosa causada por fome - Portal Tela Portugal\",\"isPartOf\":{\"@id\":\"https:\/\/portaltela.pt\/#website\"},\"primaryImageOfPage\":{\"@id\":\"https:\/\/portaltela.pt\/noticias\/2026\/01\/04\/filho-e-nora-sao-julgados-por-juri-pela-morte-de-idosa-causada-por-fome\/#primaryimage\"},\"image\":{\"@id\":\"https:\/\/portaltela.pt\/noticias\/2026\/01\/04\/filho-e-nora-sao-julgados-por-juri-pela-morte-de-idosa-causada-por-fome\/#primaryimage\"},\"thumbnailUrl\":\"https:\/\/portaltela.pt\/s.01k8rhncp4jt1\/2026\/01\/img_1500x1000uu2024-12-18-21-29-08-2183388.jpg\",\"datePublished\":\"2026-01-05T01:30:00+00:00\",\"author\":{\"@id\":\"https:\/\/portaltela.pt\/#\/schema\/person\/c4278d4a6028830caff9ee44b42d32ed\"},\"breadcrumb\":{\"@id\":\"https:\/\/portaltela.pt\/noticias\/2026\/01\/04\/filho-e-nora-sao-julgados-por-juri-pela-morte-de-idosa-causada-por-fome\/#breadcrumb\"},\"inLanguage\":\"pt-PT\",\"potentialAction\":[{\"@type\":\"ReadAction\",\"target\":[\"https:\/\/portaltela.pt\/noticias\/2026\/01\/04\/filho-e-nora-sao-julgados-por-juri-pela-morte-de-idosa-causada-por-fome\/\"]}]},{\"@type\":\"ImageObject\",\"inLanguage\":\"pt-PT\",\"@id\":\"https:\/\/portaltela.pt\/noticias\/2026\/01\/04\/filho-e-nora-sao-julgados-por-juri-pela-morte-de-idosa-causada-por-fome\/#primaryimage\",\"url\":\"https:\/\/portaltela.pt\/s.01k8rhncp4jt1\/2026\/01\/img_1500x1000uu2024-12-18-21-29-08-2183388.jpg\",\"contentUrl\":\"https:\/\/portaltela.pt\/s.01k8rhncp4jt1\/2026\/01\/img_1500x1000uu2024-12-18-21-29-08-2183388.jpg\",\"width\":796,\"height\":448,\"caption\":\"Idosa e os dois suspeitos moravam neste pr\u00e9dio, no Bairro da Camarinha, em Set\u00fabal\"},{\"@type\":\"BreadcrumbList\",\"@id\":\"https:\/\/portaltela.pt\/noticias\/2026\/01\/04\/filho-e-nora-sao-julgados-por-juri-pela-morte-de-idosa-causada-por-fome\/#breadcrumb\",\"itemListElement\":[{\"@type\":\"ListItem\",\"position\":1,\"name\":\"In\u00edcio\",\"item\":\"https:\/\/portaltela.pt\/\"},{\"@type\":\"ListItem\",\"position\":2,\"name\":\"Filho e nora s\u00e3o julgados por j\u00fari pela morte de idosa causada por fome\"}]},{\"@type\":\"WebSite\",\"@id\":\"https:\/\/portaltela.pt\/#website\",\"url\":\"https:\/\/portaltela.pt\/\",\"name\":\"Portal Tela Portugal\",\"description\":\"\",\"potentialAction\":[{\"@type\":\"SearchAction\",\"target\":{\"@type\":\"EntryPoint\",\"urlTemplate\":\"https:\/\/portaltela.pt\/?s={search_term_string}\"},\"query-input\":{\"@type\":\"PropertyValueSpecification\",\"valueRequired\":true,\"valueName\":\"search_term_string\"}}],\"inLanguage\":\"pt-PT\"},{\"@type\":\"Person\",\"@id\":\"https:\/\/portaltela.pt\/#\/schema\/person\/c4278d4a6028830caff9ee44b42d32ed\",\"name\":\"Telinha\",\"image\":{\"@type\":\"ImageObject\",\"inLanguage\":\"pt-PT\",\"@id\":\"https:\/\/portaltela.pt\/s.01k8rhncp4jt1\/2025\/11\/talking-bot-125x125.png\",\"url\":\"https:\/\/portaltela.pt\/s.01k8rhncp4jt1\/2025\/11\/talking-bot-125x125.png\",\"contentUrl\":\"https:\/\/portaltela.pt\/s.01k8rhncp4jt1\/2025\/11\/talking-bot-125x125.png\",\"caption\":\"Telinha\"},\"sameAs\":[\"https:\/\/portaltela.pt\/\"],\"url\":\"https:\/\/portaltela.pt\/por\/367410592786\/\"}]}<\/script>\n<!-- \/ Yoast SEO plugin. -->","yoast_head_json":{"title":"Filho e nora s\u00e3o julgados por j\u00fari pela morte de idosa causada por fome - Portal Tela Portugal","robots":{"index":"index","follow":"follow","max-snippet":"max-snippet:-1","max-image-preview":"max-image-preview:large","max-video-preview":"max-video-preview:-1"},"og_locale":"pt_PT","og_type":"article","og_title":"Filho e nora s\u00e3o julgados por j\u00fari pela morte de idosa causada por fome - Portal Tela Portugal","og_description":"Ant\u00f3nio Oliveira e Blanca de Oliveira ser\u00e3o julgados por homic\u00eddio qualificado no j\u00fari de Set\u00fabal, por terem deixado a idosa Maria Nazareth, de 98 anos, morrer \u00e0 fome e sem cuidados. A v\u00edtima foi amarrada \u00e0 cama nos \u00faltimos meses de vida e nunca foi levada a hospital, permanecendo em casa durante dois anos, sem banho, alimenta\u00e7\u00e3o ou hidrata\u00e7\u00e3o adequadas; foi encontrada morta a 14 de dezembro de 2024. O casal est\u00e1 em pris\u00e3o preventiva e o julgamento tem in\u00edcio marcado para 15 de janeiro, com um tribunal de j\u00fari composto por tr\u00eas ju\u00edzes e quatro jurados efetivos (mais quatro suplentes). O Minist\u00e9rio P\u00fablico acusa os arguidos de deixar Maria Nazareth sem comida nem \u00e1gua, causando a sua morte; o advogado de defesa questiona a natureza do crime, sugerindo poss\u00edvel homic\u00eddio negligente ou viol\u00eancia dom\u00e9stica agravada pelo resultado morte. Maria Nazareth recebia pouco mais de 300 euros por m\u00eas de reforma; o contexto inclui que emigrara para a Venezuela e regressou a Portugal em 2018, situa\u00e7\u00e3o que o arguido sustenta ter limitado recursos para cuidados de apoio.","og_url":"https:\/\/portaltela.pt\/noticias\/2026\/01\/04\/filho-e-nora-sao-julgados-por-juri-pela-morte-de-idosa-causada-por-fome\/","og_site_name":"Portal Tela Portugal","article_published_time":"2026-01-05T01:30:00+00:00","author":"Telinha","twitter_card":"summary_large_image","twitter_misc":{"Escrito por":"Telinha","Tempo estimado de leitura":"1 minuto"},"schema":{"@context":"https:\/\/schema.org","@graph":[{"@type":"Article","@id":"https:\/\/portaltela.pt\/noticias\/2026\/01\/04\/filho-e-nora-sao-julgados-por-juri-pela-morte-de-idosa-causada-por-fome\/#article","isPartOf":{"@id":"https:\/\/portaltela.pt\/noticias\/2026\/01\/04\/filho-e-nora-sao-julgados-por-juri-pela-morte-de-idosa-causada-por-fome\/"},"author":{"name":"Telinha","@id":"https:\/\/portaltela.pt\/#\/schema\/person\/c4278d4a6028830caff9ee44b42d32ed"},"headline":"Filho e nora s\u00e3o julgados por j\u00fari pela morte de idosa causada por fome","datePublished":"2026-01-05T01:30:00+00:00","mainEntityOfPage":{"@id":"https:\/\/portaltela.pt\/noticias\/2026\/01\/04\/filho-e-nora-sao-julgados-por-juri-pela-morte-de-idosa-causada-por-fome\/"},"wordCount":246,"image":{"@id":"https:\/\/portaltela.pt\/noticias\/2026\/01\/04\/filho-e-nora-sao-julgados-por-juri-pela-morte-de-idosa-causada-por-fome\/#primaryimage"},"thumbnailUrl":"https:\/\/portaltela.pt\/s.01k8rhncp4jt1\/2026\/01\/img_1500x1000uu2024-12-18-21-29-08-2183388.jpg","keywords":["abuso de maiores dependentes","crime","homic\u00eddio","investiga\u00e7\u00e3o criminal","Set\u00fabal","viol\u00eancia"],"articleSection":["Not\u00edcias"],"inLanguage":"pt-PT"},{"@type":"WebPage","@id":"https:\/\/portaltela.pt\/noticias\/2026\/01\/04\/filho-e-nora-sao-julgados-por-juri-pela-morte-de-idosa-causada-por-fome\/","url":"https:\/\/portaltela.pt\/noticias\/2026\/01\/04\/filho-e-nora-sao-julgados-por-juri-pela-morte-de-idosa-causada-por-fome\/","name":"Filho e nora s\u00e3o julgados por j\u00fari pela morte de idosa causada por fome - Portal Tela Portugal","isPartOf":{"@id":"https:\/\/portaltela.pt\/#website"},"primaryImageOfPage":{"@id":"https:\/\/portaltela.pt\/noticias\/2026\/01\/04\/filho-e-nora-sao-julgados-por-juri-pela-morte-de-idosa-causada-por-fome\/#primaryimage"},"image":{"@id":"https:\/\/portaltela.pt\/noticias\/2026\/01\/04\/filho-e-nora-sao-julgados-por-juri-pela-morte-de-idosa-causada-por-fome\/#primaryimage"},"thumbnailUrl":"https:\/\/portaltela.pt\/s.01k8rhncp4jt1\/2026\/01\/img_1500x1000uu2024-12-18-21-29-08-2183388.jpg","datePublished":"2026-01-05T01:30:00+00:00","author":{"@id":"https:\/\/portaltela.pt\/#\/schema\/person\/c4278d4a6028830caff9ee44b42d32ed"},"breadcrumb":{"@id":"https:\/\/portaltela.pt\/noticias\/2026\/01\/04\/filho-e-nora-sao-julgados-por-juri-pela-morte-de-idosa-causada-por-fome\/#breadcrumb"},"inLanguage":"pt-PT","potentialAction":[{"@type":"ReadAction","target":["https:\/\/portaltela.pt\/noticias\/2026\/01\/04\/filho-e-nora-sao-julgados-por-juri-pela-morte-de-idosa-causada-por-fome\/"]}]},{"@type":"ImageObject","inLanguage":"pt-PT","@id":"https:\/\/portaltela.pt\/noticias\/2026\/01\/04\/filho-e-nora-sao-julgados-por-juri-pela-morte-de-idosa-causada-por-fome\/#primaryimage","url":"https:\/\/portaltela.pt\/s.01k8rhncp4jt1\/2026\/01\/img_1500x1000uu2024-12-18-21-29-08-2183388.jpg","contentUrl":"https:\/\/portaltela.pt\/s.01k8rhncp4jt1\/2026\/01\/img_1500x1000uu2024-12-18-21-29-08-2183388.jpg","width":796,"height":448,"caption":"Idosa e os dois suspeitos moravam neste pr\u00e9dio, no Bairro da Camarinha, em Set\u00fabal"},{"@type":"BreadcrumbList","@id":"https:\/\/portaltela.pt\/noticias\/2026\/01\/04\/filho-e-nora-sao-julgados-por-juri-pela-morte-de-idosa-causada-por-fome\/#breadcrumb","itemListElement":[{"@type":"ListItem","position":1,"name":"In\u00edcio","item":"https:\/\/portaltela.pt\/"},{"@type":"ListItem","position":2,"name":"Filho e nora s\u00e3o julgados por j\u00fari pela morte de idosa causada por fome"}]},{"@type":"WebSite","@id":"https:\/\/portaltela.pt\/#website","url":"https:\/\/portaltela.pt\/","name":"Portal Tela Portugal","description":"","potentialAction":[{"@type":"SearchAction","target":{"@type":"EntryPoint","urlTemplate":"https:\/\/portaltela.pt\/?s={search_term_string}"},"query-input":{"@type":"PropertyValueSpecification","valueRequired":true,"valueName":"search_term_string"}}],"inLanguage":"pt-PT"},{"@type":"Person","@id":"https:\/\/portaltela.pt\/#\/schema\/person\/c4278d4a6028830caff9ee44b42d32ed","name":"Telinha","image":{"@type":"ImageObject","inLanguage":"pt-PT","@id":"https:\/\/portaltela.pt\/s.01k8rhncp4jt1\/2025\/11\/talking-bot-125x125.png","url":"https:\/\/portaltela.pt\/s.01k8rhncp4jt1\/2025\/11\/talking-bot-125x125.png","contentUrl":"https:\/\/portaltela.pt\/s.01k8rhncp4jt1\/2025\/11\/talking-bot-125x125.png","caption":"Telinha"},"sameAs":["https:\/\/portaltela.pt\/"],"url":"https:\/\/portaltela.pt\/por\/367410592786\/"}]}},"_links":{"self":[{"href":"https:\/\/portaltela.pt\/api\/wp\/v2\/posts\/117427","targetHints":{"allow":["GET"]}}],"collection":[{"href":"https:\/\/portaltela.pt\/api\/wp\/v2\/posts"}],"about":[{"href":"https:\/\/portaltela.pt\/api\/wp\/v2\/types\/post"}],"author":[{"embeddable":true,"href":"https:\/\/portaltela.pt\/api\/wp\/v2\/users\/2"}],"replies":[{"embeddable":true,"href":"https:\/\/portaltela.pt\/api\/wp\/v2\/comments?post=117427"}],"version-history":[{"count":0,"href":"https:\/\/portaltela.pt\/api\/wp\/v2\/posts\/117427\/revisions"}],"wp:featuredmedia":[{"embeddable":true,"href":"https:\/\/portaltela.pt\/api\/wp\/v2\/media\/117433"}],"wp:attachment":[{"href":"https:\/\/portaltela.pt\/api\/wp\/v2\/media?parent=117427"}],"wp:term":[{"taxonomy":"category","embeddable":true,"href":"https:\/\/portaltela.pt\/api\/wp\/v2\/categories?post=117427"},{"taxonomy":"post_tag","embeddable":true,"href":"https:\/\/portaltela.pt\/api\/wp\/v2\/tags?post=117427"}],"curies":[{"name":"wp","href":"https:\/\/api.w.org\/{rel}","templated":true}]}}