{"id":117202,"date":"2026-01-04T19:17:00","date_gmt":"2026-01-04T22:17:00","guid":{"rendered":"https:\/\/portaltela.pt\/noticias\/2026\/01\/04\/grande-passe-de-kubo-e-guedes-deixou-oblak-sem-hipoteses\/"},"modified":"2026-01-04T19:17:00","modified_gmt":"2026-01-04T22:17:00","slug":"grande-passe-de-kubo-e-guedes-deixou-oblak-sem-hipoteses","status":"publish","type":"post","link":"https:\/\/portaltela.pt\/desporto\/futebol\/2026\/01\/04\/grande-passe-de-kubo-e-guedes-deixou-oblak-sem-hipoteses\/","title":{"rendered":"Grande passe de Kubo e Guedes deixou Oblak sem hip\u00f3teses"},"content":{"rendered":"<p>O Real Sociedad empatou frente ao Atl\u00e9tico de Madrid na 18.\u00aa jornada da LaLiga, disputada a 4 de janeiro de 2026. A equipa basca conseguiu o tento de igualdade atrav\u00e9s de um remate preciso, aproveitando uma jogada em que Kubo criou o passe decisivo com Gon\u00e7alo Guedes a conduzir a bola que terminou no fundo das redes de Oblak.<\/p>\n<p>O lance-chave envolveu um passe de Kubo que abriu espa\u00e7o na defesa madrilena. Gon\u00e7alo Guedes finalizou com frieza, fazendo o remate que parou a rea\u00e7\u00e3o dos colchoneros. A a\u00e7\u00e3o ocorreu num momento pr\u00f3ximo do final do encontro, aumentando a press\u00e3o da Real Sociedad.<\/p>\n<h3>Detalhes da jogada<\/h3>\n<p>A jogada recebeu destaque em conte\u00fados da DAZN LaLiga, com o v\u00eddeo espec\u00edfico a evidenciar a assist\u00eancia de Kubo e a finaliza\u00e7\u00e3o de Guedes frente ao guarda-redes Oblak. A imprensa desportiva complementa a an\u00e1lise situando o lance como decisivo para o resultado do encontro.<\/p>\n<p>O jogo faz parte da an\u00e1lise cont\u00ednua da jornada e re\u00fane informa\u00e7\u00f5es divulgadas pela imprensa desportiva, incluindo a Abola, que destacou o momento no resumo da partida. O empate refor\u00e7a a competitividade entre as duas equipas na tabela.<\/p>\n","protected":false},"excerpt":{"rendered":"<ul>\n<li>Jogo da 18.\u00aa jornada da La Liga entre Real Sociedad e Atl\u00e9tico de Madrid terminou empatado, a 4 de janeiro de 2026.<\/li>\n<li>Gon\u00e7alo Guedes, ex-Benfica, deu o golo do empate com um remate preciso.<\/li>\n<li>O lance contou com um grande passe de Kubo e Guedes que n\u00e3o deixou hip\u00f3teses ao guarda-redes Jan Oblak.<\/li>\n<li>A not\u00edcia destaca o v\u00eddeo associado \u00e0 jogada do golo.<\/li>\n<\/ul>\n","protected":false},"author":2,"featured_media":117208,"comment_status":"closed","ping_status":"closed","sticky":false,"template":"","format":"standard","meta":{"footnotes":""},"categories":[21,24],"tags":[1311,152,32,2192,1789,1732],"class_list":["post-117202","post","type-post","status-publish","format-standard","has-post-thumbnail","hentry","category-desporto","category-futebol","tag-dazn","tag-desporto","tag-futebol","tag-goncalo-guedes","tag-la-liga","tag-partidos"],"yoast_head":"<!-- This site is optimized with the Yoast SEO plugin v27.2 - https:\/\/yoast.com\/product\/yoast-seo-wordpress\/ -->\n<title>Grande passe de Kubo e Guedes deixou Oblak sem hip\u00f3teses - Portal Tela Portugal<\/title>\n<meta name=\"robots\" content=\"index, follow, max-snippet:-1, max-image-preview:large, max-video-preview:-1\" \/>\n<meta property=\"og:locale\" content=\"pt_PT\" \/>\n<meta property=\"og:type\" content=\"article\" \/>\n<meta property=\"og:title\" content=\"Grande passe de Kubo e Guedes deixou Oblak sem hip\u00f3teses - Portal Tela Portugal\" \/>\n<meta property=\"og:description\" content=\"Jogo da 18.\u00aa jornada da La Liga entre Real Sociedad e Atl\u00e9tico de Madrid terminou empatado, a 4 de janeiro de 2026. Gon\u00e7alo Guedes, ex-Benfica, deu o golo do empate com um remate preciso. O lance contou com um grande passe de Kubo e Guedes que n\u00e3o deixou hip\u00f3teses ao guarda-redes Jan Oblak. A not\u00edcia destaca o v\u00eddeo associado \u00e0 jogada do golo.\" \/>\n<meta property=\"og:url\" content=\"https:\/\/portaltela.pt\/noticias\/2026\/01\/04\/grande-passe-de-kubo-e-guedes-deixou-oblak-sem-hipoteses\/\" \/>\n<meta property=\"og:site_name\" content=\"Portal Tela Portugal\" \/>\n<meta property=\"article:published_time\" content=\"2026-01-04T22:17:00+00:00\" \/>\n<meta name=\"author\" content=\"Telinha\" \/>\n<meta name=\"twitter:card\" content=\"summary_large_image\" \/>\n<meta name=\"twitter:label1\" content=\"Escrito por\" \/>\n\t<meta name=\"twitter:data1\" content=\"Telinha\" \/>\n\t<meta name=\"twitter:label2\" content=\"Tempo estimado de leitura\" \/>\n\t<meta name=\"twitter:data2\" content=\"1 minuto\" \/>\n<script type=\"application\/ld+json\" class=\"yoast-schema-graph\">{\"@context\":\"https:\/\/schema.org\",\"@graph\":[{\"@type\":\"Article\",\"@id\":\"https:\/\/portaltela.pt\/noticias\/2026\/01\/04\/grande-passe-de-kubo-e-guedes-deixou-oblak-sem-hipoteses\/#article\",\"isPartOf\":{\"@id\":\"https:\/\/portaltela.pt\/noticias\/2026\/01\/04\/grande-passe-de-kubo-e-guedes-deixou-oblak-sem-hipoteses\/\"},\"author\":{\"name\":\"Telinha\",\"@id\":\"https:\/\/portaltela.pt\/#\/schema\/person\/c4278d4a6028830caff9ee44b42d32ed\"},\"headline\":\"Grande passe de Kubo e Guedes deixou Oblak sem hip\u00f3teses\",\"datePublished\":\"2026-01-04T22:17:00+00:00\",\"mainEntityOfPage\":{\"@id\":\"https:\/\/portaltela.pt\/noticias\/2026\/01\/04\/grande-passe-de-kubo-e-guedes-deixou-oblak-sem-hipoteses\/\"},\"wordCount\":215,\"image\":{\"@id\":\"https:\/\/portaltela.pt\/noticias\/2026\/01\/04\/grande-passe-de-kubo-e-guedes-deixou-oblak-sem-hipoteses\/#primaryimage\"},\"thumbnailUrl\":\"https:\/\/portaltela.pt\/s.01k8rhncp4jt1\/2026\/01\/3f2a54da-b1a8-4b47-8933-d415487d7ece.jpg\",\"keywords\":[\"DAZN\",\"desporto\",\"futebol\",\"Gon\u00e7alo Guedes\",\"La Liga\",\"partidos\"],\"articleSection\":[\"Desporto\",\"Futebol\"],\"inLanguage\":\"pt-PT\"},{\"@type\":\"WebPage\",\"@id\":\"https:\/\/portaltela.pt\/noticias\/2026\/01\/04\/grande-passe-de-kubo-e-guedes-deixou-oblak-sem-hipoteses\/\",\"url\":\"https:\/\/portaltela.pt\/noticias\/2026\/01\/04\/grande-passe-de-kubo-e-guedes-deixou-oblak-sem-hipoteses\/\",\"name\":\"Grande passe de Kubo e Guedes deixou Oblak sem hip\u00f3teses - Portal Tela Portugal\",\"isPartOf\":{\"@id\":\"https:\/\/portaltela.pt\/#website\"},\"primaryImageOfPage\":{\"@id\":\"https:\/\/portaltela.pt\/noticias\/2026\/01\/04\/grande-passe-de-kubo-e-guedes-deixou-oblak-sem-hipoteses\/#primaryimage\"},\"image\":{\"@id\":\"https:\/\/portaltela.pt\/noticias\/2026\/01\/04\/grande-passe-de-kubo-e-guedes-deixou-oblak-sem-hipoteses\/#primaryimage\"},\"thumbnailUrl\":\"https:\/\/portaltela.pt\/s.01k8rhncp4jt1\/2026\/01\/3f2a54da-b1a8-4b47-8933-d415487d7ece.jpg\",\"datePublished\":\"2026-01-04T22:17:00+00:00\",\"author\":{\"@id\":\"https:\/\/portaltela.pt\/#\/schema\/person\/c4278d4a6028830caff9ee44b42d32ed\"},\"breadcrumb\":{\"@id\":\"https:\/\/portaltela.pt\/noticias\/2026\/01\/04\/grande-passe-de-kubo-e-guedes-deixou-oblak-sem-hipoteses\/#breadcrumb\"},\"inLanguage\":\"pt-PT\",\"potentialAction\":[{\"@type\":\"ReadAction\",\"target\":[\"https:\/\/portaltela.pt\/noticias\/2026\/01\/04\/grande-passe-de-kubo-e-guedes-deixou-oblak-sem-hipoteses\/\"]}]},{\"@type\":\"ImageObject\",\"inLanguage\":\"pt-PT\",\"@id\":\"https:\/\/portaltela.pt\/noticias\/2026\/01\/04\/grande-passe-de-kubo-e-guedes-deixou-oblak-sem-hipoteses\/#primaryimage\",\"url\":\"https:\/\/portaltela.pt\/s.01k8rhncp4jt1\/2026\/01\/3f2a54da-b1a8-4b47-8933-d415487d7ece.jpg\",\"contentUrl\":\"https:\/\/portaltela.pt\/s.01k8rhncp4jt1\/2026\/01\/3f2a54da-b1a8-4b47-8933-d415487d7ece.jpg\",\"width\":796,\"height\":448,\"caption\":\"Grande passe de Kubo e Gon\u00e7alo Guedes n\u00e3o deu hip\u00f3teses a Oblak\"},{\"@type\":\"BreadcrumbList\",\"@id\":\"https:\/\/portaltela.pt\/noticias\/2026\/01\/04\/grande-passe-de-kubo-e-guedes-deixou-oblak-sem-hipoteses\/#breadcrumb\",\"itemListElement\":[{\"@type\":\"ListItem\",\"position\":1,\"name\":\"In\u00edcio\",\"item\":\"https:\/\/portaltela.pt\/\"},{\"@type\":\"ListItem\",\"position\":2,\"name\":\"Grande passe de Kubo e Guedes deixou Oblak sem hip\u00f3teses\"}]},{\"@type\":\"WebSite\",\"@id\":\"https:\/\/portaltela.pt\/#website\",\"url\":\"https:\/\/portaltela.pt\/\",\"name\":\"Portal Tela Portugal\",\"description\":\"\",\"potentialAction\":[{\"@type\":\"SearchAction\",\"target\":{\"@type\":\"EntryPoint\",\"urlTemplate\":\"https:\/\/portaltela.pt\/?s={search_term_string}\"},\"query-input\":{\"@type\":\"PropertyValueSpecification\",\"valueRequired\":true,\"valueName\":\"search_term_string\"}}],\"inLanguage\":\"pt-PT\"},{\"@type\":\"Person\",\"@id\":\"https:\/\/portaltela.pt\/#\/schema\/person\/c4278d4a6028830caff9ee44b42d32ed\",\"name\":\"Telinha\",\"image\":{\"@type\":\"ImageObject\",\"inLanguage\":\"pt-PT\",\"@id\":\"https:\/\/portaltela.pt\/s.01k8rhncp4jt1\/2025\/11\/talking-bot-125x125.png\",\"url\":\"https:\/\/portaltela.pt\/s.01k8rhncp4jt1\/2025\/11\/talking-bot-125x125.png\",\"contentUrl\":\"https:\/\/portaltela.pt\/s.01k8rhncp4jt1\/2025\/11\/talking-bot-125x125.png\",\"caption\":\"Telinha\"},\"sameAs\":[\"https:\/\/portaltela.pt\/\"],\"url\":\"https:\/\/portaltela.pt\/por\/367410592786\/\"}]}<\/script>\n<!-- \/ Yoast SEO plugin. -->","yoast_head_json":{"title":"Grande passe de Kubo e Guedes deixou Oblak sem hip\u00f3teses - Portal Tela Portugal","robots":{"index":"index","follow":"follow","max-snippet":"max-snippet:-1","max-image-preview":"max-image-preview:large","max-video-preview":"max-video-preview:-1"},"og_locale":"pt_PT","og_type":"article","og_title":"Grande passe de Kubo e Guedes deixou Oblak sem hip\u00f3teses - Portal Tela Portugal","og_description":"Jogo da 18.\u00aa jornada da La Liga entre Real Sociedad e Atl\u00e9tico de Madrid terminou empatado, a 4 de janeiro de 2026. Gon\u00e7alo Guedes, ex-Benfica, deu o golo do empate com um remate preciso. O lance contou com um grande passe de Kubo e Guedes que n\u00e3o deixou hip\u00f3teses ao guarda-redes Jan Oblak. A not\u00edcia destaca o v\u00eddeo associado \u00e0 jogada do golo.","og_url":"https:\/\/portaltela.pt\/noticias\/2026\/01\/04\/grande-passe-de-kubo-e-guedes-deixou-oblak-sem-hipoteses\/","og_site_name":"Portal Tela Portugal","article_published_time":"2026-01-04T22:17:00+00:00","author":"Telinha","twitter_card":"summary_large_image","twitter_misc":{"Escrito por":"Telinha","Tempo estimado de leitura":"1 minuto"},"schema":{"@context":"https:\/\/schema.org","@graph":[{"@type":"Article","@id":"https:\/\/portaltela.pt\/noticias\/2026\/01\/04\/grande-passe-de-kubo-e-guedes-deixou-oblak-sem-hipoteses\/#article","isPartOf":{"@id":"https:\/\/portaltela.pt\/noticias\/2026\/01\/04\/grande-passe-de-kubo-e-guedes-deixou-oblak-sem-hipoteses\/"},"author":{"name":"Telinha","@id":"https:\/\/portaltela.pt\/#\/schema\/person\/c4278d4a6028830caff9ee44b42d32ed"},"headline":"Grande passe de Kubo e Guedes deixou Oblak sem hip\u00f3teses","datePublished":"2026-01-04T22:17:00+00:00","mainEntityOfPage":{"@id":"https:\/\/portaltela.pt\/noticias\/2026\/01\/04\/grande-passe-de-kubo-e-guedes-deixou-oblak-sem-hipoteses\/"},"wordCount":215,"image":{"@id":"https:\/\/portaltela.pt\/noticias\/2026\/01\/04\/grande-passe-de-kubo-e-guedes-deixou-oblak-sem-hipoteses\/#primaryimage"},"thumbnailUrl":"https:\/\/portaltela.pt\/s.01k8rhncp4jt1\/2026\/01\/3f2a54da-b1a8-4b47-8933-d415487d7ece.jpg","keywords":["DAZN","desporto","futebol","Gon\u00e7alo Guedes","La Liga","partidos"],"articleSection":["Desporto","Futebol"],"inLanguage":"pt-PT"},{"@type":"WebPage","@id":"https:\/\/portaltela.pt\/noticias\/2026\/01\/04\/grande-passe-de-kubo-e-guedes-deixou-oblak-sem-hipoteses\/","url":"https:\/\/portaltela.pt\/noticias\/2026\/01\/04\/grande-passe-de-kubo-e-guedes-deixou-oblak-sem-hipoteses\/","name":"Grande passe de Kubo e Guedes deixou Oblak sem hip\u00f3teses - Portal Tela Portugal","isPartOf":{"@id":"https:\/\/portaltela.pt\/#website"},"primaryImageOfPage":{"@id":"https:\/\/portaltela.pt\/noticias\/2026\/01\/04\/grande-passe-de-kubo-e-guedes-deixou-oblak-sem-hipoteses\/#primaryimage"},"image":{"@id":"https:\/\/portaltela.pt\/noticias\/2026\/01\/04\/grande-passe-de-kubo-e-guedes-deixou-oblak-sem-hipoteses\/#primaryimage"},"thumbnailUrl":"https:\/\/portaltela.pt\/s.01k8rhncp4jt1\/2026\/01\/3f2a54da-b1a8-4b47-8933-d415487d7ece.jpg","datePublished":"2026-01-04T22:17:00+00:00","author":{"@id":"https:\/\/portaltela.pt\/#\/schema\/person\/c4278d4a6028830caff9ee44b42d32ed"},"breadcrumb":{"@id":"https:\/\/portaltela.pt\/noticias\/2026\/01\/04\/grande-passe-de-kubo-e-guedes-deixou-oblak-sem-hipoteses\/#breadcrumb"},"inLanguage":"pt-PT","potentialAction":[{"@type":"ReadAction","target":["https:\/\/portaltela.pt\/noticias\/2026\/01\/04\/grande-passe-de-kubo-e-guedes-deixou-oblak-sem-hipoteses\/"]}]},{"@type":"ImageObject","inLanguage":"pt-PT","@id":"https:\/\/portaltela.pt\/noticias\/2026\/01\/04\/grande-passe-de-kubo-e-guedes-deixou-oblak-sem-hipoteses\/#primaryimage","url":"https:\/\/portaltela.pt\/s.01k8rhncp4jt1\/2026\/01\/3f2a54da-b1a8-4b47-8933-d415487d7ece.jpg","contentUrl":"https:\/\/portaltela.pt\/s.01k8rhncp4jt1\/2026\/01\/3f2a54da-b1a8-4b47-8933-d415487d7ece.jpg","width":796,"height":448,"caption":"Grande passe de Kubo e Gon\u00e7alo Guedes n\u00e3o deu hip\u00f3teses a Oblak"},{"@type":"BreadcrumbList","@id":"https:\/\/portaltela.pt\/noticias\/2026\/01\/04\/grande-passe-de-kubo-e-guedes-deixou-oblak-sem-hipoteses\/#breadcrumb","itemListElement":[{"@type":"ListItem","position":1,"name":"In\u00edcio","item":"https:\/\/portaltela.pt\/"},{"@type":"ListItem","position":2,"name":"Grande passe de Kubo e Guedes deixou Oblak sem hip\u00f3teses"}]},{"@type":"WebSite","@id":"https:\/\/portaltela.pt\/#website","url":"https:\/\/portaltela.pt\/","name":"Portal Tela Portugal","description":"","potentialAction":[{"@type":"SearchAction","target":{"@type":"EntryPoint","urlTemplate":"https:\/\/portaltela.pt\/?s={search_term_string}"},"query-input":{"@type":"PropertyValueSpecification","valueRequired":true,"valueName":"search_term_string"}}],"inLanguage":"pt-PT"},{"@type":"Person","@id":"https:\/\/portaltela.pt\/#\/schema\/person\/c4278d4a6028830caff9ee44b42d32ed","name":"Telinha","image":{"@type":"ImageObject","inLanguage":"pt-PT","@id":"https:\/\/portaltela.pt\/s.01k8rhncp4jt1\/2025\/11\/talking-bot-125x125.png","url":"https:\/\/portaltela.pt\/s.01k8rhncp4jt1\/2025\/11\/talking-bot-125x125.png","contentUrl":"https:\/\/portaltela.pt\/s.01k8rhncp4jt1\/2025\/11\/talking-bot-125x125.png","caption":"Telinha"},"sameAs":["https:\/\/portaltela.pt\/"],"url":"https:\/\/portaltela.pt\/por\/367410592786\/"}]}},"_links":{"self":[{"href":"https:\/\/portaltela.pt\/api\/wp\/v2\/posts\/117202","targetHints":{"allow":["GET"]}}],"collection":[{"href":"https:\/\/portaltela.pt\/api\/wp\/v2\/posts"}],"about":[{"href":"https:\/\/portaltela.pt\/api\/wp\/v2\/types\/post"}],"author":[{"embeddable":true,"href":"https:\/\/portaltela.pt\/api\/wp\/v2\/users\/2"}],"replies":[{"embeddable":true,"href":"https:\/\/portaltela.pt\/api\/wp\/v2\/comments?post=117202"}],"version-history":[{"count":0,"href":"https:\/\/portaltela.pt\/api\/wp\/v2\/posts\/117202\/revisions"}],"wp:featuredmedia":[{"embeddable":true,"href":"https:\/\/portaltela.pt\/api\/wp\/v2\/media\/117208"}],"wp:attachment":[{"href":"https:\/\/portaltela.pt\/api\/wp\/v2\/media?parent=117202"}],"wp:term":[{"taxonomy":"category","embeddable":true,"href":"https:\/\/portaltela.pt\/api\/wp\/v2\/categories?post=117202"},{"taxonomy":"post_tag","embeddable":true,"href":"https:\/\/portaltela.pt\/api\/wp\/v2\/tags?post=117202"}],"curies":[{"name":"wp","href":"https:\/\/api.w.org\/{rel}","templated":true}]}}