{"id":117166,"date":"2026-01-04T18:32:34","date_gmt":"2026-01-04T21:32:34","guid":{"rendered":"https:\/\/portaltela.pt\/noticias\/2026\/01\/04\/governo-confirma-morte-de-jovem-portuguesa-em-incendio-num-bar-na-suica-2\/"},"modified":"2026-01-04T18:32:34","modified_gmt":"2026-01-04T21:32:34","slug":"governo-confirma-morte-de-jovem-portuguesa-em-incendio-num-bar-na-suica-2","status":"publish","type":"post","link":"https:\/\/portaltela.pt\/noticias\/politica\/2026\/01\/04\/governo-confirma-morte-de-jovem-portuguesa-em-incendio-num-bar-na-suica-2\/","title":{"rendered":"Governo confirma morte de jovem portuguesa em inc\u00eandio num bar na Su\u00ed\u00e7a"},"content":{"rendered":"<p>O Governo portugu\u00eas confirmou a morte da cidad\u00e3 portuguesa que se encontrava desaparecida ap\u00f3s o inc\u00eandio num bar na est\u00e2ncia de Crans-Montana, na Su\u00ed\u00e7a. A v\u00edtima tem 22 anos e familiares em Santa Maria da Feira.<\/p>\n<p>Numa nota do Minist\u00e9rio dos Neg\u00f3cios Estrangeiros, o governo lamenta a morte de Fany Pinheiro Magalh\u00e3es e afirma que as condol\u00eancias foram apresentadas \u00e0s fam\u00edlias, tanto pelas autoridades su\u00ed\u00e7as como pelo Estado portugu\u00eas.<\/p>\n<p>Em\u00eddio Sousa, secret\u00e1rio de Estado das Comunidades Portuguesas, indicou que a jovem residia em Crans-Montana, mantendo la\u00e7os familiares com Santa Maria da Feira. O ve\u00edculo da v\u00edtima foi j\u00e1 encontrado nas imedia\u00e7\u00f5es do local.<\/p>\n<p>As autoridades su\u00ed\u00e7as passaram a confirmar 24 mortos na trag\u00e9dia, entre eles 18 su\u00ed\u00e7os, dois italianos de 16 anos, um cidad\u00e3o com dupla nacionalidade italiana e dos Emirados \u00c1rabes Unidos, um romeno, um franc\u00eas e um turco. O total pode chegar a 40, com mais de 100 feridos.<\/p>\n<h3>Investiga\u00e7\u00e3o e responsabilidades<\/h3>\n<p>Foi aberta uma investiga\u00e7\u00e3o criminal aos propriet\u00e1rios do bar, um casal franc\u00eas, que pode ser acusado de homic\u00eddio involunt\u00e1rio. Dados preliminares indicam que velas incandescentes colocadas em garrafas de champanhe entraram em contacto com o teto, num local lotado.<\/p>\n<p>Jacques e Jessica Moretti, propriet\u00e1rios do bar Le Constellation, j\u00e1 foram ouvidos como testemunhas, segundo registos comerciais. As autoridades prometem divulgar novas informa\u00e7\u00f5es assim que estiverem dispon\u00edveis, respeitando a privacidade das v\u00edtimas.<\/p>\n<p>A Su\u00ed\u00e7a vai observar um dia de luto nacional no pr\u00f3ximo dia 9 de janeiro.<\/p>\n","protected":false},"excerpt":{"rendered":"<ul>\n<li>O Governo de Portugal confirmou a morte da cidad\u00e3 portuguesa Fany Pinheiro Magalh\u00e3es, de 22 anos, desaparecida ap\u00f3s o inc\u00eandio no bar de Crans-Montana, Su\u00ed\u00e7a.<\/li>\n<li>A v\u00edtima residia em Crans-Montana e tinha liga\u00e7\u00f5es familiares a Santa Maria da Feira; o ve\u00edculo foi encontrado nas imedia\u00e7\u00f5es do local.<\/li>\n<li>O balan\u00e7o atual \u00e9 de 24 mortos, incluindo 18 su\u00ed\u00e7os, dois italianos de 16 anos, um cidad\u00e3o com dupla nacionalidade italiana e dos Emirados \u00c1rabes Unidos, entre outros; o total pode chegar a 40, com mais de 100 feridos.<\/li>\n<li>A Pol\u00edcia Cantonal do Valais e o Instituto de Medicina Legal da Su\u00ed\u00e7a coordenam as identifica\u00e7\u00f5es; novas informa\u00e7\u00f5es ser\u00e3o divulgadas quando dispon\u00edveis.<\/li>\n<li>H\u00e1 investiga\u00e7\u00e3o criminal aos propriet\u00e1rios do bar, um casal franc\u00eas, com poss\u00edvel homic\u00eddio involunt\u00e1rio; preliminar aponta velas incandescentes colocadas em garrafas de champanhe que tocaram no teto do estabelecimento cheio. A Su\u00ed\u00e7a vai observar um dia de luto nacional no dia 9 de janeiro.<\/li>\n<\/ul>\n","protected":false},"author":2,"featured_media":117171,"comment_status":"closed","ping_status":"closed","sticky":false,"template":"","format":"standard","meta":{"footnotes":""},"categories":[1,5],"tags":[147,2395,1438,217,1014,1308],"class_list":["post-117166","post","type-post","status-publish","format-standard","has-post-thumbnail","hentry","category-noticias","category-politica","tag-crime","tag-homicidio-involuntario","tag-incendio","tag-investigacao-criminal","tag-portugal","tag-santa-maria-da-feira"],"yoast_head":"<!-- This site is optimized with the Yoast SEO plugin v27.2 - https:\/\/yoast.com\/product\/yoast-seo-wordpress\/ -->\n<title>Governo confirma morte de jovem portuguesa em inc\u00eandio num bar na Su\u00ed\u00e7a - Portal Tela Portugal<\/title>\n<meta name=\"robots\" content=\"index, follow, max-snippet:-1, max-image-preview:large, max-video-preview:-1\" \/>\n<meta property=\"og:locale\" content=\"pt_PT\" \/>\n<meta property=\"og:type\" content=\"article\" \/>\n<meta property=\"og:title\" content=\"Governo confirma morte de jovem portuguesa em inc\u00eandio num bar na Su\u00ed\u00e7a - Portal Tela Portugal\" \/>\n<meta property=\"og:description\" content=\"O Governo de Portugal confirmou a morte da cidad\u00e3 portuguesa Fany Pinheiro Magalh\u00e3es, de 22 anos, desaparecida ap\u00f3s o inc\u00eandio no bar de Crans-Montana, Su\u00ed\u00e7a. A v\u00edtima residia em Crans-Montana e tinha liga\u00e7\u00f5es familiares a Santa Maria da Feira; o ve\u00edculo foi encontrado nas imedia\u00e7\u00f5es do local. O balan\u00e7o atual \u00e9 de 24 mortos, incluindo 18 su\u00ed\u00e7os, dois italianos de 16 anos, um cidad\u00e3o com dupla nacionalidade italiana e dos Emirados \u00c1rabes Unidos, entre outros; o total pode chegar a 40, com mais de 100 feridos. A Pol\u00edcia Cantonal do Valais e o Instituto de Medicina Legal da Su\u00ed\u00e7a coordenam as identifica\u00e7\u00f5es; novas informa\u00e7\u00f5es ser\u00e3o divulgadas quando dispon\u00edveis. H\u00e1 investiga\u00e7\u00e3o criminal aos propriet\u00e1rios do bar, um casal franc\u00eas, com poss\u00edvel homic\u00eddio involunt\u00e1rio; preliminar aponta velas incandescentes colocadas em garrafas de champanhe que tocaram no teto do estabelecimento cheio. A Su\u00ed\u00e7a vai observar um dia de luto nacional no dia 9 de janeiro.\" \/>\n<meta property=\"og:url\" content=\"https:\/\/portaltela.pt\/noticias\/2026\/01\/04\/governo-confirma-morte-de-jovem-portuguesa-em-incendio-num-bar-na-suica-2\/\" \/>\n<meta property=\"og:site_name\" content=\"Portal Tela Portugal\" \/>\n<meta property=\"article:published_time\" content=\"2026-01-04T21:32:34+00:00\" \/>\n<meta name=\"author\" content=\"Telinha\" \/>\n<meta name=\"twitter:card\" content=\"summary_large_image\" \/>\n<meta name=\"twitter:label1\" content=\"Escrito por\" \/>\n\t<meta name=\"twitter:data1\" content=\"Telinha\" \/>\n\t<meta name=\"twitter:label2\" content=\"Tempo estimado de leitura\" \/>\n\t<meta name=\"twitter:data2\" content=\"1 minuto\" \/>\n<script type=\"application\/ld+json\" class=\"yoast-schema-graph\">{\"@context\":\"https:\/\/schema.org\",\"@graph\":[{\"@type\":\"Article\",\"@id\":\"https:\/\/portaltela.pt\/noticias\/2026\/01\/04\/governo-confirma-morte-de-jovem-portuguesa-em-incendio-num-bar-na-suica-2\/#article\",\"isPartOf\":{\"@id\":\"https:\/\/portaltela.pt\/noticias\/2026\/01\/04\/governo-confirma-morte-de-jovem-portuguesa-em-incendio-num-bar-na-suica-2\/\"},\"author\":{\"name\":\"Telinha\",\"@id\":\"https:\/\/portaltela.pt\/#\/schema\/person\/c4278d4a6028830caff9ee44b42d32ed\"},\"headline\":\"Governo confirma morte de jovem portuguesa em inc\u00eandio num bar na Su\u00ed\u00e7a\",\"datePublished\":\"2026-01-04T21:32:34+00:00\",\"mainEntityOfPage\":{\"@id\":\"https:\/\/portaltela.pt\/noticias\/2026\/01\/04\/governo-confirma-morte-de-jovem-portuguesa-em-incendio-num-bar-na-suica-2\/\"},\"wordCount\":283,\"image\":{\"@id\":\"https:\/\/portaltela.pt\/noticias\/2026\/01\/04\/governo-confirma-morte-de-jovem-portuguesa-em-incendio-num-bar-na-suica-2\/#primaryimage\"},\"thumbnailUrl\":\"https:\/\/portaltela.pt\/s.01k8rhncp4jt1\/2026\/01\/unnamed-file-740.jpg\",\"keywords\":[\"crime\",\"homic\u00eddio involunt\u00e1rio\",\"inc\u00eandio\",\"investiga\u00e7\u00e3o criminal\",\"Portugal\",\"Santa Maria da Feira\"],\"articleSection\":[\"Not\u00edcias\",\"Pol\u00edtica\"],\"inLanguage\":\"pt-PT\"},{\"@type\":\"WebPage\",\"@id\":\"https:\/\/portaltela.pt\/noticias\/2026\/01\/04\/governo-confirma-morte-de-jovem-portuguesa-em-incendio-num-bar-na-suica-2\/\",\"url\":\"https:\/\/portaltela.pt\/noticias\/2026\/01\/04\/governo-confirma-morte-de-jovem-portuguesa-em-incendio-num-bar-na-suica-2\/\",\"name\":\"Governo confirma morte de jovem portuguesa em inc\u00eandio num bar na Su\u00ed\u00e7a - Portal Tela Portugal\",\"isPartOf\":{\"@id\":\"https:\/\/portaltela.pt\/#website\"},\"primaryImageOfPage\":{\"@id\":\"https:\/\/portaltela.pt\/noticias\/2026\/01\/04\/governo-confirma-morte-de-jovem-portuguesa-em-incendio-num-bar-na-suica-2\/#primaryimage\"},\"image\":{\"@id\":\"https:\/\/portaltela.pt\/noticias\/2026\/01\/04\/governo-confirma-morte-de-jovem-portuguesa-em-incendio-num-bar-na-suica-2\/#primaryimage\"},\"thumbnailUrl\":\"https:\/\/portaltela.pt\/s.01k8rhncp4jt1\/2026\/01\/unnamed-file-740.jpg\",\"datePublished\":\"2026-01-04T21:32:34+00:00\",\"author\":{\"@id\":\"https:\/\/portaltela.pt\/#\/schema\/person\/c4278d4a6028830caff9ee44b42d32ed\"},\"breadcrumb\":{\"@id\":\"https:\/\/portaltela.pt\/noticias\/2026\/01\/04\/governo-confirma-morte-de-jovem-portuguesa-em-incendio-num-bar-na-suica-2\/#breadcrumb\"},\"inLanguage\":\"pt-PT\",\"potentialAction\":[{\"@type\":\"ReadAction\",\"target\":[\"https:\/\/portaltela.pt\/noticias\/2026\/01\/04\/governo-confirma-morte-de-jovem-portuguesa-em-incendio-num-bar-na-suica-2\/\"]}]},{\"@type\":\"ImageObject\",\"inLanguage\":\"pt-PT\",\"@id\":\"https:\/\/portaltela.pt\/noticias\/2026\/01\/04\/governo-confirma-morte-de-jovem-portuguesa-em-incendio-num-bar-na-suica-2\/#primaryimage\",\"url\":\"https:\/\/portaltela.pt\/s.01k8rhncp4jt1\/2026\/01\/unnamed-file-740.jpg\",\"contentUrl\":\"https:\/\/portaltela.pt\/s.01k8rhncp4jt1\/2026\/01\/unnamed-file-740.jpg\",\"width\":796,\"height\":448,\"caption\":\"Governo confirma morte de jovem portuguesa em inc\u00eandio num bar na Su\u00ed\u00e7a\"},{\"@type\":\"BreadcrumbList\",\"@id\":\"https:\/\/portaltela.pt\/noticias\/2026\/01\/04\/governo-confirma-morte-de-jovem-portuguesa-em-incendio-num-bar-na-suica-2\/#breadcrumb\",\"itemListElement\":[{\"@type\":\"ListItem\",\"position\":1,\"name\":\"In\u00edcio\",\"item\":\"https:\/\/portaltela.pt\/\"},{\"@type\":\"ListItem\",\"position\":2,\"name\":\"Governo confirma morte de jovem portuguesa em inc\u00eandio num bar na Su\u00ed\u00e7a\"}]},{\"@type\":\"WebSite\",\"@id\":\"https:\/\/portaltela.pt\/#website\",\"url\":\"https:\/\/portaltela.pt\/\",\"name\":\"Portal Tela Portugal\",\"description\":\"\",\"potentialAction\":[{\"@type\":\"SearchAction\",\"target\":{\"@type\":\"EntryPoint\",\"urlTemplate\":\"https:\/\/portaltela.pt\/?s={search_term_string}\"},\"query-input\":{\"@type\":\"PropertyValueSpecification\",\"valueRequired\":true,\"valueName\":\"search_term_string\"}}],\"inLanguage\":\"pt-PT\"},{\"@type\":\"Person\",\"@id\":\"https:\/\/portaltela.pt\/#\/schema\/person\/c4278d4a6028830caff9ee44b42d32ed\",\"name\":\"Telinha\",\"image\":{\"@type\":\"ImageObject\",\"inLanguage\":\"pt-PT\",\"@id\":\"https:\/\/portaltela.pt\/s.01k8rhncp4jt1\/2025\/11\/talking-bot-125x125.png\",\"url\":\"https:\/\/portaltela.pt\/s.01k8rhncp4jt1\/2025\/11\/talking-bot-125x125.png\",\"contentUrl\":\"https:\/\/portaltela.pt\/s.01k8rhncp4jt1\/2025\/11\/talking-bot-125x125.png\",\"caption\":\"Telinha\"},\"sameAs\":[\"https:\/\/portaltela.pt\/\"],\"url\":\"https:\/\/portaltela.pt\/por\/367410592786\/\"}]}<\/script>\n<!-- \/ Yoast SEO plugin. -->","yoast_head_json":{"title":"Governo confirma morte de jovem portuguesa em inc\u00eandio num bar na Su\u00ed\u00e7a - Portal Tela Portugal","robots":{"index":"index","follow":"follow","max-snippet":"max-snippet:-1","max-image-preview":"max-image-preview:large","max-video-preview":"max-video-preview:-1"},"og_locale":"pt_PT","og_type":"article","og_title":"Governo confirma morte de jovem portuguesa em inc\u00eandio num bar na Su\u00ed\u00e7a - Portal Tela Portugal","og_description":"O Governo de Portugal confirmou a morte da cidad\u00e3 portuguesa Fany Pinheiro Magalh\u00e3es, de 22 anos, desaparecida ap\u00f3s o inc\u00eandio no bar de Crans-Montana, Su\u00ed\u00e7a. A v\u00edtima residia em Crans-Montana e tinha liga\u00e7\u00f5es familiares a Santa Maria da Feira; o ve\u00edculo foi encontrado nas imedia\u00e7\u00f5es do local. O balan\u00e7o atual \u00e9 de 24 mortos, incluindo 18 su\u00ed\u00e7os, dois italianos de 16 anos, um cidad\u00e3o com dupla nacionalidade italiana e dos Emirados \u00c1rabes Unidos, entre outros; o total pode chegar a 40, com mais de 100 feridos. A Pol\u00edcia Cantonal do Valais e o Instituto de Medicina Legal da Su\u00ed\u00e7a coordenam as identifica\u00e7\u00f5es; novas informa\u00e7\u00f5es ser\u00e3o divulgadas quando dispon\u00edveis. H\u00e1 investiga\u00e7\u00e3o criminal aos propriet\u00e1rios do bar, um casal franc\u00eas, com poss\u00edvel homic\u00eddio involunt\u00e1rio; preliminar aponta velas incandescentes colocadas em garrafas de champanhe que tocaram no teto do estabelecimento cheio. A Su\u00ed\u00e7a vai observar um dia de luto nacional no dia 9 de janeiro.","og_url":"https:\/\/portaltela.pt\/noticias\/2026\/01\/04\/governo-confirma-morte-de-jovem-portuguesa-em-incendio-num-bar-na-suica-2\/","og_site_name":"Portal Tela Portugal","article_published_time":"2026-01-04T21:32:34+00:00","author":"Telinha","twitter_card":"summary_large_image","twitter_misc":{"Escrito por":"Telinha","Tempo estimado de leitura":"1 minuto"},"schema":{"@context":"https:\/\/schema.org","@graph":[{"@type":"Article","@id":"https:\/\/portaltela.pt\/noticias\/2026\/01\/04\/governo-confirma-morte-de-jovem-portuguesa-em-incendio-num-bar-na-suica-2\/#article","isPartOf":{"@id":"https:\/\/portaltela.pt\/noticias\/2026\/01\/04\/governo-confirma-morte-de-jovem-portuguesa-em-incendio-num-bar-na-suica-2\/"},"author":{"name":"Telinha","@id":"https:\/\/portaltela.pt\/#\/schema\/person\/c4278d4a6028830caff9ee44b42d32ed"},"headline":"Governo confirma morte de jovem portuguesa em inc\u00eandio num bar na Su\u00ed\u00e7a","datePublished":"2026-01-04T21:32:34+00:00","mainEntityOfPage":{"@id":"https:\/\/portaltela.pt\/noticias\/2026\/01\/04\/governo-confirma-morte-de-jovem-portuguesa-em-incendio-num-bar-na-suica-2\/"},"wordCount":283,"image":{"@id":"https:\/\/portaltela.pt\/noticias\/2026\/01\/04\/governo-confirma-morte-de-jovem-portuguesa-em-incendio-num-bar-na-suica-2\/#primaryimage"},"thumbnailUrl":"https:\/\/portaltela.pt\/s.01k8rhncp4jt1\/2026\/01\/unnamed-file-740.jpg","keywords":["crime","homic\u00eddio involunt\u00e1rio","inc\u00eandio","investiga\u00e7\u00e3o criminal","Portugal","Santa Maria da Feira"],"articleSection":["Not\u00edcias","Pol\u00edtica"],"inLanguage":"pt-PT"},{"@type":"WebPage","@id":"https:\/\/portaltela.pt\/noticias\/2026\/01\/04\/governo-confirma-morte-de-jovem-portuguesa-em-incendio-num-bar-na-suica-2\/","url":"https:\/\/portaltela.pt\/noticias\/2026\/01\/04\/governo-confirma-morte-de-jovem-portuguesa-em-incendio-num-bar-na-suica-2\/","name":"Governo confirma morte de jovem portuguesa em inc\u00eandio num bar na Su\u00ed\u00e7a - Portal Tela Portugal","isPartOf":{"@id":"https:\/\/portaltela.pt\/#website"},"primaryImageOfPage":{"@id":"https:\/\/portaltela.pt\/noticias\/2026\/01\/04\/governo-confirma-morte-de-jovem-portuguesa-em-incendio-num-bar-na-suica-2\/#primaryimage"},"image":{"@id":"https:\/\/portaltela.pt\/noticias\/2026\/01\/04\/governo-confirma-morte-de-jovem-portuguesa-em-incendio-num-bar-na-suica-2\/#primaryimage"},"thumbnailUrl":"https:\/\/portaltela.pt\/s.01k8rhncp4jt1\/2026\/01\/unnamed-file-740.jpg","datePublished":"2026-01-04T21:32:34+00:00","author":{"@id":"https:\/\/portaltela.pt\/#\/schema\/person\/c4278d4a6028830caff9ee44b42d32ed"},"breadcrumb":{"@id":"https:\/\/portaltela.pt\/noticias\/2026\/01\/04\/governo-confirma-morte-de-jovem-portuguesa-em-incendio-num-bar-na-suica-2\/#breadcrumb"},"inLanguage":"pt-PT","potentialAction":[{"@type":"ReadAction","target":["https:\/\/portaltela.pt\/noticias\/2026\/01\/04\/governo-confirma-morte-de-jovem-portuguesa-em-incendio-num-bar-na-suica-2\/"]}]},{"@type":"ImageObject","inLanguage":"pt-PT","@id":"https:\/\/portaltela.pt\/noticias\/2026\/01\/04\/governo-confirma-morte-de-jovem-portuguesa-em-incendio-num-bar-na-suica-2\/#primaryimage","url":"https:\/\/portaltela.pt\/s.01k8rhncp4jt1\/2026\/01\/unnamed-file-740.jpg","contentUrl":"https:\/\/portaltela.pt\/s.01k8rhncp4jt1\/2026\/01\/unnamed-file-740.jpg","width":796,"height":448,"caption":"Governo confirma morte de jovem portuguesa em inc\u00eandio num bar na Su\u00ed\u00e7a"},{"@type":"BreadcrumbList","@id":"https:\/\/portaltela.pt\/noticias\/2026\/01\/04\/governo-confirma-morte-de-jovem-portuguesa-em-incendio-num-bar-na-suica-2\/#breadcrumb","itemListElement":[{"@type":"ListItem","position":1,"name":"In\u00edcio","item":"https:\/\/portaltela.pt\/"},{"@type":"ListItem","position":2,"name":"Governo confirma morte de jovem portuguesa em inc\u00eandio num bar na Su\u00ed\u00e7a"}]},{"@type":"WebSite","@id":"https:\/\/portaltela.pt\/#website","url":"https:\/\/portaltela.pt\/","name":"Portal Tela Portugal","description":"","potentialAction":[{"@type":"SearchAction","target":{"@type":"EntryPoint","urlTemplate":"https:\/\/portaltela.pt\/?s={search_term_string}"},"query-input":{"@type":"PropertyValueSpecification","valueRequired":true,"valueName":"search_term_string"}}],"inLanguage":"pt-PT"},{"@type":"Person","@id":"https:\/\/portaltela.pt\/#\/schema\/person\/c4278d4a6028830caff9ee44b42d32ed","name":"Telinha","image":{"@type":"ImageObject","inLanguage":"pt-PT","@id":"https:\/\/portaltela.pt\/s.01k8rhncp4jt1\/2025\/11\/talking-bot-125x125.png","url":"https:\/\/portaltela.pt\/s.01k8rhncp4jt1\/2025\/11\/talking-bot-125x125.png","contentUrl":"https:\/\/portaltela.pt\/s.01k8rhncp4jt1\/2025\/11\/talking-bot-125x125.png","caption":"Telinha"},"sameAs":["https:\/\/portaltela.pt\/"],"url":"https:\/\/portaltela.pt\/por\/367410592786\/"}]}},"_links":{"self":[{"href":"https:\/\/portaltela.pt\/api\/wp\/v2\/posts\/117166","targetHints":{"allow":["GET"]}}],"collection":[{"href":"https:\/\/portaltela.pt\/api\/wp\/v2\/posts"}],"about":[{"href":"https:\/\/portaltela.pt\/api\/wp\/v2\/types\/post"}],"author":[{"embeddable":true,"href":"https:\/\/portaltela.pt\/api\/wp\/v2\/users\/2"}],"replies":[{"embeddable":true,"href":"https:\/\/portaltela.pt\/api\/wp\/v2\/comments?post=117166"}],"version-history":[{"count":0,"href":"https:\/\/portaltela.pt\/api\/wp\/v2\/posts\/117166\/revisions"}],"wp:featuredmedia":[{"embeddable":true,"href":"https:\/\/portaltela.pt\/api\/wp\/v2\/media\/117171"}],"wp:attachment":[{"href":"https:\/\/portaltela.pt\/api\/wp\/v2\/media?parent=117166"}],"wp:term":[{"taxonomy":"category","embeddable":true,"href":"https:\/\/portaltela.pt\/api\/wp\/v2\/categories?post=117166"},{"taxonomy":"post_tag","embeddable":true,"href":"https:\/\/portaltela.pt\/api\/wp\/v2\/tags?post=117166"}],"curies":[{"name":"wp","href":"https:\/\/api.w.org\/{rel}","templated":true}]}}