{"id":117081,"date":"2026-01-04T17:24:00","date_gmt":"2026-01-04T20:24:00","guid":{"rendered":"https:\/\/portaltela.pt\/noticias\/2026\/01\/04\/trancoso-espalhamento-preventivo-de-sal-gema-para-evitar-gelo-na-via-publica\/"},"modified":"2026-01-04T17:24:00","modified_gmt":"2026-01-04T20:24:00","slug":"trancoso-espalhamento-preventivo-de-sal-gema-para-evitar-gelo-na-via-publica","status":"publish","type":"post","link":"https:\/\/portaltela.pt\/noticias\/2026\/01\/04\/trancoso-espalhamento-preventivo-de-sal-gema-para-evitar-gelo-na-via-publica\/","title":{"rendered":"Trancoso: Espalhamento preventivo de sal-gema para evitar gelo na via p\u00fablica"},"content":{"rendered":"<p>Em Trancoso, o servi\u00e7o municipal de Prote\u00e7\u00e3o Civil informou que as temperaturas v\u00e3o descer de forma acentuada j\u00e1 a partir desta noite, o que pode originar gelo nas vias. A previs\u00e3o mant\u00e9m-se como fator de risco para desloca\u00e7\u00f5es.<\/p>\n<p>A medida preventiva passa pelo espalhamento de sal-gema em ruas com maior probabilidade de gelo, com foco especial nas vias de acesso aos estabelecimentos escolares que amanh\u00e3 voltam a funcionar, bem como no acesso a um centro de sa\u00fade e a outros pontos cr\u00edticos.<\/p>\n<p>Foi pedido aos automobilistas e pe\u00f5es que redobrem a cautela, dada a exist\u00eancia de condi\u00e7\u00f5es de pista potencialmente deslizantes. O objetivo \u00e9 reduzir acidentes e facilitar o regresso \u00e0s atividades normais.<\/p>\n<h3>Medidas implementadas<\/h3>\n<p>O munic\u00edpio est\u00e1 a realizar o espalhamento de sal-gema em vias identificadas como de maior risco, incluindo acessos a escolas, ao centro de sa\u00fade e a outros locais priorit\u00e1rios. A opera\u00e7\u00e3o visa impedir forma\u00e7\u00e3o de gelo durante a noite e madrugada seguinte.<\/p>\n<p>Tamb\u00e9m foi comunicada a exist\u00eancia de alertas \u00e0s autoridades locais e aos servi\u00e7os de emerg\u00eancia para atuarem conforme necess\u00e1rio, mantendo a popula\u00e7\u00e3o informada sobre evolu\u00e7\u00f5es meteorol\u00f3gicas e condi\u00e7\u00f5es rodovi\u00e1rias.<\/p>\n","protected":false},"excerpt":{"rendered":"<ul>\n<li>O aviso de descida acentuada de temperaturas a partir desta noite aumenta o risco de gelo nas vias, especialmente nas que d\u00e3o acesso a escolas.<\/li>\n<li>O servi\u00e7o municipal de Prote\u00e7\u00e3o Civil procedeu ao espalhamento preventivo de sal-gema em ruas de maior risco, visando vias de acesso a estabelecimentos escolares, centro de sa\u00fade e outros pontos perigosos.<\/li>\n<li>As escolas v\u00e3o retomar a atividade letiva amanh\u00e3, o que eleva a preocupa\u00e7\u00e3o com acessos e seguran\u00e7a rodovi\u00e1ria.<\/li>\n<li>Foi solicitado aos automobilistas e pe\u00f5es que mantenham a m\u00e1xima precau\u00e7\u00e3o na circula\u00e7\u00e3o, dada a possibilidade de forma\u00e7\u00e3o de gelo.<\/li>\n<\/ul>\n","protected":false},"author":2,"featured_media":117084,"comment_status":"closed","ping_status":"closed","sticky":false,"template":"","format":"standard","meta":{"footnotes":""},"categories":[1],"tags":[1935,1083,320,806,250,1629],"class_list":["post-117081","post","type-post","status-publish","format-standard","has-post-thumbnail","hentry","category-noticias","tag-emergencias","tag-estradas","tag-protecao-civil","tag-protecao-publica","tag-seguranca-publica","tag-transito"],"yoast_head":"<!-- This site is optimized with the Yoast SEO plugin v27.2 - https:\/\/yoast.com\/product\/yoast-seo-wordpress\/ -->\n<title>Trancoso: Espalhamento preventivo de sal-gema para evitar gelo na via p\u00fablica - Portal Tela Portugal<\/title>\n<meta name=\"robots\" content=\"index, follow, max-snippet:-1, max-image-preview:large, max-video-preview:-1\" \/>\n<meta property=\"og:locale\" content=\"pt_PT\" \/>\n<meta property=\"og:type\" content=\"article\" \/>\n<meta property=\"og:title\" content=\"Trancoso: Espalhamento preventivo de sal-gema para evitar gelo na via p\u00fablica - Portal Tela Portugal\" \/>\n<meta property=\"og:description\" content=\"O aviso de descida acentuada de temperaturas a partir desta noite aumenta o risco de gelo nas vias, especialmente nas que d\u00e3o acesso a escolas. O servi\u00e7o municipal de Prote\u00e7\u00e3o Civil procedeu ao espalhamento preventivo de sal-gema em ruas de maior risco, visando vias de acesso a estabelecimentos escolares, centro de sa\u00fade e outros pontos perigosos. As escolas v\u00e3o retomar a atividade letiva amanh\u00e3, o que eleva a preocupa\u00e7\u00e3o com acessos e seguran\u00e7a rodovi\u00e1ria. Foi solicitado aos automobilistas e pe\u00f5es que mantenham a m\u00e1xima precau\u00e7\u00e3o na circula\u00e7\u00e3o, dada a possibilidade de forma\u00e7\u00e3o de gelo.\" \/>\n<meta property=\"og:url\" content=\"https:\/\/portaltela.pt\/noticias\/2026\/01\/04\/trancoso-espalhamento-preventivo-de-sal-gema-para-evitar-gelo-na-via-publica\/\" \/>\n<meta property=\"og:site_name\" content=\"Portal Tela Portugal\" \/>\n<meta property=\"article:published_time\" content=\"2026-01-04T20:24:00+00:00\" \/>\n<meta name=\"author\" content=\"Telinha\" \/>\n<meta name=\"twitter:card\" content=\"summary_large_image\" \/>\n<meta name=\"twitter:label1\" content=\"Escrito por\" \/>\n\t<meta name=\"twitter:data1\" content=\"Telinha\" \/>\n\t<meta name=\"twitter:label2\" content=\"Tempo estimado de leitura\" \/>\n\t<meta name=\"twitter:data2\" content=\"1 minuto\" \/>\n<script type=\"application\/ld+json\" class=\"yoast-schema-graph\">{\"@context\":\"https:\/\/schema.org\",\"@graph\":[{\"@type\":\"Article\",\"@id\":\"https:\/\/portaltela.pt\/noticias\/2026\/01\/04\/trancoso-espalhamento-preventivo-de-sal-gema-para-evitar-gelo-na-via-publica\/#article\",\"isPartOf\":{\"@id\":\"https:\/\/portaltela.pt\/noticias\/2026\/01\/04\/trancoso-espalhamento-preventivo-de-sal-gema-para-evitar-gelo-na-via-publica\/\"},\"author\":{\"name\":\"Telinha\",\"@id\":\"https:\/\/portaltela.pt\/#\/schema\/person\/c4278d4a6028830caff9ee44b42d32ed\"},\"headline\":\"Trancoso: Espalhamento preventivo de sal-gema para evitar gelo na via p\u00fablica\",\"datePublished\":\"2026-01-04T20:24:00+00:00\",\"mainEntityOfPage\":{\"@id\":\"https:\/\/portaltela.pt\/noticias\/2026\/01\/04\/trancoso-espalhamento-preventivo-de-sal-gema-para-evitar-gelo-na-via-publica\/\"},\"wordCount\":223,\"image\":{\"@id\":\"https:\/\/portaltela.pt\/noticias\/2026\/01\/04\/trancoso-espalhamento-preventivo-de-sal-gema-para-evitar-gelo-na-via-publica\/#primaryimage\"},\"thumbnailUrl\":\"https:\/\/portaltela.pt\/s.01k8rhncp4jt1\/2026\/01\/unnamed-file-732.jpg\",\"keywords\":[\"emerg\u00eancias\",\"estradas\",\"prote\u00e7\u00e3o civil\",\"prote\u00e7\u00e3o p\u00fablica\",\"seguran\u00e7a p\u00fablica\",\"tr\u00e2nsito\"],\"articleSection\":[\"Not\u00edcias\"],\"inLanguage\":\"pt-PT\"},{\"@type\":\"WebPage\",\"@id\":\"https:\/\/portaltela.pt\/noticias\/2026\/01\/04\/trancoso-espalhamento-preventivo-de-sal-gema-para-evitar-gelo-na-via-publica\/\",\"url\":\"https:\/\/portaltela.pt\/noticias\/2026\/01\/04\/trancoso-espalhamento-preventivo-de-sal-gema-para-evitar-gelo-na-via-publica\/\",\"name\":\"Trancoso: Espalhamento preventivo de sal-gema para evitar gelo na via p\u00fablica - Portal Tela Portugal\",\"isPartOf\":{\"@id\":\"https:\/\/portaltela.pt\/#website\"},\"primaryImageOfPage\":{\"@id\":\"https:\/\/portaltela.pt\/noticias\/2026\/01\/04\/trancoso-espalhamento-preventivo-de-sal-gema-para-evitar-gelo-na-via-publica\/#primaryimage\"},\"image\":{\"@id\":\"https:\/\/portaltela.pt\/noticias\/2026\/01\/04\/trancoso-espalhamento-preventivo-de-sal-gema-para-evitar-gelo-na-via-publica\/#primaryimage\"},\"thumbnailUrl\":\"https:\/\/portaltela.pt\/s.01k8rhncp4jt1\/2026\/01\/unnamed-file-732.jpg\",\"datePublished\":\"2026-01-04T20:24:00+00:00\",\"author\":{\"@id\":\"https:\/\/portaltela.pt\/#\/schema\/person\/c4278d4a6028830caff9ee44b42d32ed\"},\"breadcrumb\":{\"@id\":\"https:\/\/portaltela.pt\/noticias\/2026\/01\/04\/trancoso-espalhamento-preventivo-de-sal-gema-para-evitar-gelo-na-via-publica\/#breadcrumb\"},\"inLanguage\":\"pt-PT\",\"potentialAction\":[{\"@type\":\"ReadAction\",\"target\":[\"https:\/\/portaltela.pt\/noticias\/2026\/01\/04\/trancoso-espalhamento-preventivo-de-sal-gema-para-evitar-gelo-na-via-publica\/\"]}]},{\"@type\":\"ImageObject\",\"inLanguage\":\"pt-PT\",\"@id\":\"https:\/\/portaltela.pt\/noticias\/2026\/01\/04\/trancoso-espalhamento-preventivo-de-sal-gema-para-evitar-gelo-na-via-publica\/#primaryimage\",\"url\":\"https:\/\/portaltela.pt\/s.01k8rhncp4jt1\/2026\/01\/unnamed-file-732.jpg\",\"contentUrl\":\"https:\/\/portaltela.pt\/s.01k8rhncp4jt1\/2026\/01\/unnamed-file-732.jpg\",\"width\":796,\"height\":448,\"caption\":\"TRANCOSO:\ud835\udde5\ud835\uddf6\ud835\ude00\ud835\uddf0\ud835\uddfc \ud835\uddf1\ud835\uddf2 \ud835\uddf4\ud835\uddf2\ud835\uddf9\ud835\uddfc \u2013 \ud835\uddf2\ud835\ude00\ud835\uddfd\ud835\uddee\ud835\uddf9\ud835\uddf5\ud835\uddee\ud835\uddfa\ud835\uddf2\ud835\uddfb\ud835\ude01\ud835\uddfc \ud835\uddfd\ud835\uddff\ud835\uddf2\ud835\ude03\ud835\uddf2\ud835\uddfb\ud835\ude01\ud835\uddf6\ud835\ude03\ud835\uddfc \ud835\uddf1\ud835\uddf2 \ud835\ude00\ud835\uddee\ud835\uddf9-\ud835\uddf4\ud835\uddf2\ud835\uddfa\ud835\uddee \ud835\uddfb\ud835\uddee \ud835\ude03\ud835\uddf6\ud835\uddee \ud835\uddfd\u00fa\ud835\uddef\ud835\uddf9\ud835\uddf6\ud835\uddf0\ud835\uddee\"},{\"@type\":\"BreadcrumbList\",\"@id\":\"https:\/\/portaltela.pt\/noticias\/2026\/01\/04\/trancoso-espalhamento-preventivo-de-sal-gema-para-evitar-gelo-na-via-publica\/#breadcrumb\",\"itemListElement\":[{\"@type\":\"ListItem\",\"position\":1,\"name\":\"In\u00edcio\",\"item\":\"https:\/\/portaltela.pt\/\"},{\"@type\":\"ListItem\",\"position\":2,\"name\":\"Trancoso: Espalhamento preventivo de sal-gema para evitar gelo na via p\u00fablica\"}]},{\"@type\":\"WebSite\",\"@id\":\"https:\/\/portaltela.pt\/#website\",\"url\":\"https:\/\/portaltela.pt\/\",\"name\":\"Portal Tela Portugal\",\"description\":\"\",\"potentialAction\":[{\"@type\":\"SearchAction\",\"target\":{\"@type\":\"EntryPoint\",\"urlTemplate\":\"https:\/\/portaltela.pt\/?s={search_term_string}\"},\"query-input\":{\"@type\":\"PropertyValueSpecification\",\"valueRequired\":true,\"valueName\":\"search_term_string\"}}],\"inLanguage\":\"pt-PT\"},{\"@type\":\"Person\",\"@id\":\"https:\/\/portaltela.pt\/#\/schema\/person\/c4278d4a6028830caff9ee44b42d32ed\",\"name\":\"Telinha\",\"image\":{\"@type\":\"ImageObject\",\"inLanguage\":\"pt-PT\",\"@id\":\"https:\/\/portaltela.pt\/s.01k8rhncp4jt1\/2025\/11\/talking-bot-125x125.png\",\"url\":\"https:\/\/portaltela.pt\/s.01k8rhncp4jt1\/2025\/11\/talking-bot-125x125.png\",\"contentUrl\":\"https:\/\/portaltela.pt\/s.01k8rhncp4jt1\/2025\/11\/talking-bot-125x125.png\",\"caption\":\"Telinha\"},\"sameAs\":[\"https:\/\/portaltela.pt\/\"],\"url\":\"https:\/\/portaltela.pt\/por\/367410592786\/\"}]}<\/script>\n<!-- \/ Yoast SEO plugin. -->","yoast_head_json":{"title":"Trancoso: Espalhamento preventivo de sal-gema para evitar gelo na via p\u00fablica - Portal Tela Portugal","robots":{"index":"index","follow":"follow","max-snippet":"max-snippet:-1","max-image-preview":"max-image-preview:large","max-video-preview":"max-video-preview:-1"},"og_locale":"pt_PT","og_type":"article","og_title":"Trancoso: Espalhamento preventivo de sal-gema para evitar gelo na via p\u00fablica - Portal Tela Portugal","og_description":"O aviso de descida acentuada de temperaturas a partir desta noite aumenta o risco de gelo nas vias, especialmente nas que d\u00e3o acesso a escolas. O servi\u00e7o municipal de Prote\u00e7\u00e3o Civil procedeu ao espalhamento preventivo de sal-gema em ruas de maior risco, visando vias de acesso a estabelecimentos escolares, centro de sa\u00fade e outros pontos perigosos. As escolas v\u00e3o retomar a atividade letiva amanh\u00e3, o que eleva a preocupa\u00e7\u00e3o com acessos e seguran\u00e7a rodovi\u00e1ria. Foi solicitado aos automobilistas e pe\u00f5es que mantenham a m\u00e1xima precau\u00e7\u00e3o na circula\u00e7\u00e3o, dada a possibilidade de forma\u00e7\u00e3o de gelo.","og_url":"https:\/\/portaltela.pt\/noticias\/2026\/01\/04\/trancoso-espalhamento-preventivo-de-sal-gema-para-evitar-gelo-na-via-publica\/","og_site_name":"Portal Tela Portugal","article_published_time":"2026-01-04T20:24:00+00:00","author":"Telinha","twitter_card":"summary_large_image","twitter_misc":{"Escrito por":"Telinha","Tempo estimado de leitura":"1 minuto"},"schema":{"@context":"https:\/\/schema.org","@graph":[{"@type":"Article","@id":"https:\/\/portaltela.pt\/noticias\/2026\/01\/04\/trancoso-espalhamento-preventivo-de-sal-gema-para-evitar-gelo-na-via-publica\/#article","isPartOf":{"@id":"https:\/\/portaltela.pt\/noticias\/2026\/01\/04\/trancoso-espalhamento-preventivo-de-sal-gema-para-evitar-gelo-na-via-publica\/"},"author":{"name":"Telinha","@id":"https:\/\/portaltela.pt\/#\/schema\/person\/c4278d4a6028830caff9ee44b42d32ed"},"headline":"Trancoso: Espalhamento preventivo de sal-gema para evitar gelo na via p\u00fablica","datePublished":"2026-01-04T20:24:00+00:00","mainEntityOfPage":{"@id":"https:\/\/portaltela.pt\/noticias\/2026\/01\/04\/trancoso-espalhamento-preventivo-de-sal-gema-para-evitar-gelo-na-via-publica\/"},"wordCount":223,"image":{"@id":"https:\/\/portaltela.pt\/noticias\/2026\/01\/04\/trancoso-espalhamento-preventivo-de-sal-gema-para-evitar-gelo-na-via-publica\/#primaryimage"},"thumbnailUrl":"https:\/\/portaltela.pt\/s.01k8rhncp4jt1\/2026\/01\/unnamed-file-732.jpg","keywords":["emerg\u00eancias","estradas","prote\u00e7\u00e3o civil","prote\u00e7\u00e3o p\u00fablica","seguran\u00e7a p\u00fablica","tr\u00e2nsito"],"articleSection":["Not\u00edcias"],"inLanguage":"pt-PT"},{"@type":"WebPage","@id":"https:\/\/portaltela.pt\/noticias\/2026\/01\/04\/trancoso-espalhamento-preventivo-de-sal-gema-para-evitar-gelo-na-via-publica\/","url":"https:\/\/portaltela.pt\/noticias\/2026\/01\/04\/trancoso-espalhamento-preventivo-de-sal-gema-para-evitar-gelo-na-via-publica\/","name":"Trancoso: Espalhamento preventivo de sal-gema para evitar gelo na via p\u00fablica - Portal Tela Portugal","isPartOf":{"@id":"https:\/\/portaltela.pt\/#website"},"primaryImageOfPage":{"@id":"https:\/\/portaltela.pt\/noticias\/2026\/01\/04\/trancoso-espalhamento-preventivo-de-sal-gema-para-evitar-gelo-na-via-publica\/#primaryimage"},"image":{"@id":"https:\/\/portaltela.pt\/noticias\/2026\/01\/04\/trancoso-espalhamento-preventivo-de-sal-gema-para-evitar-gelo-na-via-publica\/#primaryimage"},"thumbnailUrl":"https:\/\/portaltela.pt\/s.01k8rhncp4jt1\/2026\/01\/unnamed-file-732.jpg","datePublished":"2026-01-04T20:24:00+00:00","author":{"@id":"https:\/\/portaltela.pt\/#\/schema\/person\/c4278d4a6028830caff9ee44b42d32ed"},"breadcrumb":{"@id":"https:\/\/portaltela.pt\/noticias\/2026\/01\/04\/trancoso-espalhamento-preventivo-de-sal-gema-para-evitar-gelo-na-via-publica\/#breadcrumb"},"inLanguage":"pt-PT","potentialAction":[{"@type":"ReadAction","target":["https:\/\/portaltela.pt\/noticias\/2026\/01\/04\/trancoso-espalhamento-preventivo-de-sal-gema-para-evitar-gelo-na-via-publica\/"]}]},{"@type":"ImageObject","inLanguage":"pt-PT","@id":"https:\/\/portaltela.pt\/noticias\/2026\/01\/04\/trancoso-espalhamento-preventivo-de-sal-gema-para-evitar-gelo-na-via-publica\/#primaryimage","url":"https:\/\/portaltela.pt\/s.01k8rhncp4jt1\/2026\/01\/unnamed-file-732.jpg","contentUrl":"https:\/\/portaltela.pt\/s.01k8rhncp4jt1\/2026\/01\/unnamed-file-732.jpg","width":796,"height":448,"caption":"TRANCOSO:\ud835\udde5\ud835\uddf6\ud835\ude00\ud835\uddf0\ud835\uddfc \ud835\uddf1\ud835\uddf2 \ud835\uddf4\ud835\uddf2\ud835\uddf9\ud835\uddfc \u2013 \ud835\uddf2\ud835\ude00\ud835\uddfd\ud835\uddee\ud835\uddf9\ud835\uddf5\ud835\uddee\ud835\uddfa\ud835\uddf2\ud835\uddfb\ud835\ude01\ud835\uddfc \ud835\uddfd\ud835\uddff\ud835\uddf2\ud835\ude03\ud835\uddf2\ud835\uddfb\ud835\ude01\ud835\uddf6\ud835\ude03\ud835\uddfc \ud835\uddf1\ud835\uddf2 \ud835\ude00\ud835\uddee\ud835\uddf9-\ud835\uddf4\ud835\uddf2\ud835\uddfa\ud835\uddee \ud835\uddfb\ud835\uddee \ud835\ude03\ud835\uddf6\ud835\uddee \ud835\uddfd\u00fa\ud835\uddef\ud835\uddf9\ud835\uddf6\ud835\uddf0\ud835\uddee"},{"@type":"BreadcrumbList","@id":"https:\/\/portaltela.pt\/noticias\/2026\/01\/04\/trancoso-espalhamento-preventivo-de-sal-gema-para-evitar-gelo-na-via-publica\/#breadcrumb","itemListElement":[{"@type":"ListItem","position":1,"name":"In\u00edcio","item":"https:\/\/portaltela.pt\/"},{"@type":"ListItem","position":2,"name":"Trancoso: Espalhamento preventivo de sal-gema para evitar gelo na via p\u00fablica"}]},{"@type":"WebSite","@id":"https:\/\/portaltela.pt\/#website","url":"https:\/\/portaltela.pt\/","name":"Portal Tela Portugal","description":"","potentialAction":[{"@type":"SearchAction","target":{"@type":"EntryPoint","urlTemplate":"https:\/\/portaltela.pt\/?s={search_term_string}"},"query-input":{"@type":"PropertyValueSpecification","valueRequired":true,"valueName":"search_term_string"}}],"inLanguage":"pt-PT"},{"@type":"Person","@id":"https:\/\/portaltela.pt\/#\/schema\/person\/c4278d4a6028830caff9ee44b42d32ed","name":"Telinha","image":{"@type":"ImageObject","inLanguage":"pt-PT","@id":"https:\/\/portaltela.pt\/s.01k8rhncp4jt1\/2025\/11\/talking-bot-125x125.png","url":"https:\/\/portaltela.pt\/s.01k8rhncp4jt1\/2025\/11\/talking-bot-125x125.png","contentUrl":"https:\/\/portaltela.pt\/s.01k8rhncp4jt1\/2025\/11\/talking-bot-125x125.png","caption":"Telinha"},"sameAs":["https:\/\/portaltela.pt\/"],"url":"https:\/\/portaltela.pt\/por\/367410592786\/"}]}},"_links":{"self":[{"href":"https:\/\/portaltela.pt\/api\/wp\/v2\/posts\/117081","targetHints":{"allow":["GET"]}}],"collection":[{"href":"https:\/\/portaltela.pt\/api\/wp\/v2\/posts"}],"about":[{"href":"https:\/\/portaltela.pt\/api\/wp\/v2\/types\/post"}],"author":[{"embeddable":true,"href":"https:\/\/portaltela.pt\/api\/wp\/v2\/users\/2"}],"replies":[{"embeddable":true,"href":"https:\/\/portaltela.pt\/api\/wp\/v2\/comments?post=117081"}],"version-history":[{"count":0,"href":"https:\/\/portaltela.pt\/api\/wp\/v2\/posts\/117081\/revisions"}],"wp:featuredmedia":[{"embeddable":true,"href":"https:\/\/portaltela.pt\/api\/wp\/v2\/media\/117084"}],"wp:attachment":[{"href":"https:\/\/portaltela.pt\/api\/wp\/v2\/media?parent=117081"}],"wp:term":[{"taxonomy":"category","embeddable":true,"href":"https:\/\/portaltela.pt\/api\/wp\/v2\/categories?post=117081"},{"taxonomy":"post_tag","embeddable":true,"href":"https:\/\/portaltela.pt\/api\/wp\/v2\/tags?post=117081"}],"curies":[{"name":"wp","href":"https:\/\/api.w.org\/{rel}","templated":true}]}}