{"id":116954,"date":"2026-01-04T16:37:00","date_gmt":"2026-01-04T19:37:00","guid":{"rendered":"https:\/\/portaltela.pt\/noticias\/2026\/01\/04\/filho-de-scholes-acusa-amorim-compara-o-a-mourinho-por-indemnizacao\/"},"modified":"2026-01-04T16:37:00","modified_gmt":"2026-01-04T19:37:00","slug":"filho-de-scholes-acusa-amorim-compara-o-a-mourinho-por-indemnizacao","status":"publish","type":"post","link":"https:\/\/portaltela.pt\/desporto\/futebol\/2026\/01\/04\/filho-de-scholes-acusa-amorim-compara-o-a-mourinho-por-indemnizacao\/","title":{"rendered":"Filho de Scholes acusa Amorim, compara-o a Mourinho por indemniza\u00e7\u00e3o"},"content":{"rendered":"<p>Arron Scholes atacou Ruben Amorim nas redes sociais, dirigindo insultos diretos ao treinador do Manchester United e comparando-o a Jos\u00e9 Mourinho. O coment\u00e1rio surge ap\u00f3s o clube ter empatado em Leeds, alimentando cr\u00edticas internas.<\/p>\n<p>O Manchester United igualou 1-1 em casa do Leeds United, resultado que o deixou na 6.\u00aa posi\u00e7\u00e3o da Premier League. O jogo ocorreu neste domingo, num contexto de insatisfa\u00e7\u00e3o com o desempenho recente da equipa.<\/p>\n<h3>Press\u00e3o interna no Manchester United<\/h3>\n<p>Segundo o The Telegraph, Rabos de press\u00e3o dentro do clube envolvem o diretor para o futebol Jason Wilcox que tem exigido mudan\u00e7as no sistema t\u00e1tico. Ruben Amorim \u00e9 apontado como destinat\u00e1rio de propostas para alterar a linha defensiva.<\/p>\n<p>A publica\u00e7\u00e3o indica ainda que Amorim pretende obter apoio da dire\u00e7\u00e3o para definir o futuro da equipa, caso esse apoio n\u00e3o se mantenha. O t\u00e9cnico portugu\u00eas tem sido alvo de debates sobre a estrat\u00e9gia, em meio a cr\u00edticas internas.<\/p>\n","protected":false},"excerpt":{"rendered":"<ul>\n<li>Arron Scholes, filho de Paul Scholes, escreveu insultos diretos a Ruben Amorim nas redes sociais, incluindo cr\u00edticas duras sobre a gest\u00e3o do treinador e compara\u00e7\u00f5es com Mourinho.<\/li>\n<li>O Manchester United empatou 1-1 com o Leeds United em casa, mantendo-se na sexta posi\u00e7\u00e3o da Premier League.<\/li>\n<li>O The Telegraph indica que h\u00e1 press\u00e3o de Jason Wilcox para alterar o sistema t\u00e1tico, defendendo uma linha de quatro defesas em vez dos tr\u00eas habituais.<\/li>\n<li>Amorim ter\u00e1 dito que pretende apoio da dire\u00e7\u00e3o para decidir o futuro, caso esse apoio j\u00e1 n\u00e3o exista.<\/li>\n<li>A not\u00edcia refor\u00e7a tens\u00f5es entre o t\u00e9cnico portugu\u00eas e a administra\u00e7\u00e3o do United, com mensagens p\u00fablicas de desagrado associadas ao epis\u00f3dio nas redes sociais.<\/li>\n<\/ul>\n","protected":false},"author":2,"featured_media":116955,"comment_status":"closed","ping_status":"closed","sticky":false,"template":"","format":"standard","meta":{"footnotes":""},"categories":[21,24],"tags":[32,1021,242,2138],"class_list":["post-116954","post","type-post","status-publish","format-standard","has-post-thumbnail","hentry","category-desporto","category-futebol","tag-futebol","tag-futebolistas","tag-jogadores","tag-jose-mourinho"],"yoast_head":"<!-- This site is optimized with the Yoast SEO plugin v27.2 - https:\/\/yoast.com\/product\/yoast-seo-wordpress\/ -->\n<title>Filho de Scholes acusa Amorim, compara-o a Mourinho por indemniza\u00e7\u00e3o - Portal Tela Portugal<\/title>\n<meta name=\"robots\" content=\"index, follow, max-snippet:-1, max-image-preview:large, max-video-preview:-1\" \/>\n<meta property=\"og:locale\" content=\"pt_PT\" \/>\n<meta property=\"og:type\" content=\"article\" \/>\n<meta property=\"og:title\" content=\"Filho de Scholes acusa Amorim, compara-o a Mourinho por indemniza\u00e7\u00e3o - Portal Tela Portugal\" \/>\n<meta property=\"og:description\" content=\"Arron Scholes, filho de Paul Scholes, escreveu insultos diretos a Ruben Amorim nas redes sociais, incluindo cr\u00edticas duras sobre a gest\u00e3o do treinador e compara\u00e7\u00f5es com Mourinho. O Manchester United empatou 1-1 com o Leeds United em casa, mantendo-se na sexta posi\u00e7\u00e3o da Premier League. O The Telegraph indica que h\u00e1 press\u00e3o de Jason Wilcox para alterar o sistema t\u00e1tico, defendendo uma linha de quatro defesas em vez dos tr\u00eas habituais. Amorim ter\u00e1 dito que pretende apoio da dire\u00e7\u00e3o para decidir o futuro, caso esse apoio j\u00e1 n\u00e3o exista. A not\u00edcia refor\u00e7a tens\u00f5es entre o t\u00e9cnico portugu\u00eas e a administra\u00e7\u00e3o do United, com mensagens p\u00fablicas de desagrado associadas ao epis\u00f3dio nas redes sociais.\" \/>\n<meta property=\"og:url\" content=\"https:\/\/portaltela.pt\/noticias\/2026\/01\/04\/filho-de-scholes-acusa-amorim-compara-o-a-mourinho-por-indemnizacao\/\" \/>\n<meta property=\"og:site_name\" content=\"Portal Tela Portugal\" \/>\n<meta property=\"article:published_time\" content=\"2026-01-04T19:37:00+00:00\" \/>\n<meta name=\"author\" content=\"Telinha\" \/>\n<meta name=\"twitter:card\" content=\"summary_large_image\" \/>\n<meta name=\"twitter:label1\" content=\"Escrito por\" \/>\n\t<meta name=\"twitter:data1\" content=\"Telinha\" \/>\n\t<meta name=\"twitter:label2\" content=\"Tempo estimado de leitura\" \/>\n\t<meta name=\"twitter:data2\" content=\"1 minuto\" \/>\n<script type=\"application\/ld+json\" class=\"yoast-schema-graph\">{\"@context\":\"https:\/\/schema.org\",\"@graph\":[{\"@type\":\"Article\",\"@id\":\"https:\/\/portaltela.pt\/noticias\/2026\/01\/04\/filho-de-scholes-acusa-amorim-compara-o-a-mourinho-por-indemnizacao\/#article\",\"isPartOf\":{\"@id\":\"https:\/\/portaltela.pt\/noticias\/2026\/01\/04\/filho-de-scholes-acusa-amorim-compara-o-a-mourinho-por-indemnizacao\/\"},\"author\":{\"name\":\"Telinha\",\"@id\":\"https:\/\/portaltela.pt\/#\/schema\/person\/c4278d4a6028830caff9ee44b42d32ed\"},\"headline\":\"Filho de Scholes acusa Amorim, compara-o a Mourinho por indemniza\u00e7\u00e3o\",\"datePublished\":\"2026-01-04T19:37:00+00:00\",\"mainEntityOfPage\":{\"@id\":\"https:\/\/portaltela.pt\/noticias\/2026\/01\/04\/filho-de-scholes-acusa-amorim-compara-o-a-mourinho-por-indemnizacao\/\"},\"wordCount\":177,\"image\":{\"@id\":\"https:\/\/portaltela.pt\/noticias\/2026\/01\/04\/filho-de-scholes-acusa-amorim-compara-o-a-mourinho-por-indemnizacao\/#primaryimage\"},\"thumbnailUrl\":\"https:\/\/portaltela.pt\/s.01k8rhncp4jt1\/2026\/01\/img_920x518uu2025-12-21-10-35-20-2410569.jpg\",\"keywords\":[\"futebol\",\"futebolistas\",\"jogadores\",\"Jos\u00e9 Mourinho\"],\"articleSection\":[\"Desporto\",\"Futebol\"],\"inLanguage\":\"pt-PT\"},{\"@type\":\"WebPage\",\"@id\":\"https:\/\/portaltela.pt\/noticias\/2026\/01\/04\/filho-de-scholes-acusa-amorim-compara-o-a-mourinho-por-indemnizacao\/\",\"url\":\"https:\/\/portaltela.pt\/noticias\/2026\/01\/04\/filho-de-scholes-acusa-amorim-compara-o-a-mourinho-por-indemnizacao\/\",\"name\":\"Filho de Scholes acusa Amorim, compara-o a Mourinho por indemniza\u00e7\u00e3o - Portal Tela Portugal\",\"isPartOf\":{\"@id\":\"https:\/\/portaltela.pt\/#website\"},\"primaryImageOfPage\":{\"@id\":\"https:\/\/portaltela.pt\/noticias\/2026\/01\/04\/filho-de-scholes-acusa-amorim-compara-o-a-mourinho-por-indemnizacao\/#primaryimage\"},\"image\":{\"@id\":\"https:\/\/portaltela.pt\/noticias\/2026\/01\/04\/filho-de-scholes-acusa-amorim-compara-o-a-mourinho-por-indemnizacao\/#primaryimage\"},\"thumbnailUrl\":\"https:\/\/portaltela.pt\/s.01k8rhncp4jt1\/2026\/01\/img_920x518uu2025-12-21-10-35-20-2410569.jpg\",\"datePublished\":\"2026-01-04T19:37:00+00:00\",\"author\":{\"@id\":\"https:\/\/portaltela.pt\/#\/schema\/person\/c4278d4a6028830caff9ee44b42d32ed\"},\"breadcrumb\":{\"@id\":\"https:\/\/portaltela.pt\/noticias\/2026\/01\/04\/filho-de-scholes-acusa-amorim-compara-o-a-mourinho-por-indemnizacao\/#breadcrumb\"},\"inLanguage\":\"pt-PT\",\"potentialAction\":[{\"@type\":\"ReadAction\",\"target\":[\"https:\/\/portaltela.pt\/noticias\/2026\/01\/04\/filho-de-scholes-acusa-amorim-compara-o-a-mourinho-por-indemnizacao\/\"]}]},{\"@type\":\"ImageObject\",\"inLanguage\":\"pt-PT\",\"@id\":\"https:\/\/portaltela.pt\/noticias\/2026\/01\/04\/filho-de-scholes-acusa-amorim-compara-o-a-mourinho-por-indemnizacao\/#primaryimage\",\"url\":\"https:\/\/portaltela.pt\/s.01k8rhncp4jt1\/2026\/01\/img_920x518uu2025-12-21-10-35-20-2410569.jpg\",\"contentUrl\":\"https:\/\/portaltela.pt\/s.01k8rhncp4jt1\/2026\/01\/img_920x518uu2025-12-21-10-35-20-2410569.jpg\",\"width\":796,\"height\":448,\"caption\":\"Ruben Amorim\"},{\"@type\":\"BreadcrumbList\",\"@id\":\"https:\/\/portaltela.pt\/noticias\/2026\/01\/04\/filho-de-scholes-acusa-amorim-compara-o-a-mourinho-por-indemnizacao\/#breadcrumb\",\"itemListElement\":[{\"@type\":\"ListItem\",\"position\":1,\"name\":\"In\u00edcio\",\"item\":\"https:\/\/portaltela.pt\/\"},{\"@type\":\"ListItem\",\"position\":2,\"name\":\"Filho de Scholes acusa Amorim, compara-o a Mourinho por indemniza\u00e7\u00e3o\"}]},{\"@type\":\"WebSite\",\"@id\":\"https:\/\/portaltela.pt\/#website\",\"url\":\"https:\/\/portaltela.pt\/\",\"name\":\"Portal Tela Portugal\",\"description\":\"\",\"potentialAction\":[{\"@type\":\"SearchAction\",\"target\":{\"@type\":\"EntryPoint\",\"urlTemplate\":\"https:\/\/portaltela.pt\/?s={search_term_string}\"},\"query-input\":{\"@type\":\"PropertyValueSpecification\",\"valueRequired\":true,\"valueName\":\"search_term_string\"}}],\"inLanguage\":\"pt-PT\"},{\"@type\":\"Person\",\"@id\":\"https:\/\/portaltela.pt\/#\/schema\/person\/c4278d4a6028830caff9ee44b42d32ed\",\"name\":\"Telinha\",\"image\":{\"@type\":\"ImageObject\",\"inLanguage\":\"pt-PT\",\"@id\":\"https:\/\/portaltela.pt\/s.01k8rhncp4jt1\/2025\/11\/talking-bot-125x125.png\",\"url\":\"https:\/\/portaltela.pt\/s.01k8rhncp4jt1\/2025\/11\/talking-bot-125x125.png\",\"contentUrl\":\"https:\/\/portaltela.pt\/s.01k8rhncp4jt1\/2025\/11\/talking-bot-125x125.png\",\"caption\":\"Telinha\"},\"sameAs\":[\"https:\/\/portaltela.pt\/\"],\"url\":\"https:\/\/portaltela.pt\/por\/367410592786\/\"}]}<\/script>\n<!-- \/ Yoast SEO plugin. -->","yoast_head_json":{"title":"Filho de Scholes acusa Amorim, compara-o a Mourinho por indemniza\u00e7\u00e3o - Portal Tela Portugal","robots":{"index":"index","follow":"follow","max-snippet":"max-snippet:-1","max-image-preview":"max-image-preview:large","max-video-preview":"max-video-preview:-1"},"og_locale":"pt_PT","og_type":"article","og_title":"Filho de Scholes acusa Amorim, compara-o a Mourinho por indemniza\u00e7\u00e3o - Portal Tela Portugal","og_description":"Arron Scholes, filho de Paul Scholes, escreveu insultos diretos a Ruben Amorim nas redes sociais, incluindo cr\u00edticas duras sobre a gest\u00e3o do treinador e compara\u00e7\u00f5es com Mourinho. O Manchester United empatou 1-1 com o Leeds United em casa, mantendo-se na sexta posi\u00e7\u00e3o da Premier League. O The Telegraph indica que h\u00e1 press\u00e3o de Jason Wilcox para alterar o sistema t\u00e1tico, defendendo uma linha de quatro defesas em vez dos tr\u00eas habituais. Amorim ter\u00e1 dito que pretende apoio da dire\u00e7\u00e3o para decidir o futuro, caso esse apoio j\u00e1 n\u00e3o exista. A not\u00edcia refor\u00e7a tens\u00f5es entre o t\u00e9cnico portugu\u00eas e a administra\u00e7\u00e3o do United, com mensagens p\u00fablicas de desagrado associadas ao epis\u00f3dio nas redes sociais.","og_url":"https:\/\/portaltela.pt\/noticias\/2026\/01\/04\/filho-de-scholes-acusa-amorim-compara-o-a-mourinho-por-indemnizacao\/","og_site_name":"Portal Tela Portugal","article_published_time":"2026-01-04T19:37:00+00:00","author":"Telinha","twitter_card":"summary_large_image","twitter_misc":{"Escrito por":"Telinha","Tempo estimado de leitura":"1 minuto"},"schema":{"@context":"https:\/\/schema.org","@graph":[{"@type":"Article","@id":"https:\/\/portaltela.pt\/noticias\/2026\/01\/04\/filho-de-scholes-acusa-amorim-compara-o-a-mourinho-por-indemnizacao\/#article","isPartOf":{"@id":"https:\/\/portaltela.pt\/noticias\/2026\/01\/04\/filho-de-scholes-acusa-amorim-compara-o-a-mourinho-por-indemnizacao\/"},"author":{"name":"Telinha","@id":"https:\/\/portaltela.pt\/#\/schema\/person\/c4278d4a6028830caff9ee44b42d32ed"},"headline":"Filho de Scholes acusa Amorim, compara-o a Mourinho por indemniza\u00e7\u00e3o","datePublished":"2026-01-04T19:37:00+00:00","mainEntityOfPage":{"@id":"https:\/\/portaltela.pt\/noticias\/2026\/01\/04\/filho-de-scholes-acusa-amorim-compara-o-a-mourinho-por-indemnizacao\/"},"wordCount":177,"image":{"@id":"https:\/\/portaltela.pt\/noticias\/2026\/01\/04\/filho-de-scholes-acusa-amorim-compara-o-a-mourinho-por-indemnizacao\/#primaryimage"},"thumbnailUrl":"https:\/\/portaltela.pt\/s.01k8rhncp4jt1\/2026\/01\/img_920x518uu2025-12-21-10-35-20-2410569.jpg","keywords":["futebol","futebolistas","jogadores","Jos\u00e9 Mourinho"],"articleSection":["Desporto","Futebol"],"inLanguage":"pt-PT"},{"@type":"WebPage","@id":"https:\/\/portaltela.pt\/noticias\/2026\/01\/04\/filho-de-scholes-acusa-amorim-compara-o-a-mourinho-por-indemnizacao\/","url":"https:\/\/portaltela.pt\/noticias\/2026\/01\/04\/filho-de-scholes-acusa-amorim-compara-o-a-mourinho-por-indemnizacao\/","name":"Filho de Scholes acusa Amorim, compara-o a Mourinho por indemniza\u00e7\u00e3o - Portal Tela Portugal","isPartOf":{"@id":"https:\/\/portaltela.pt\/#website"},"primaryImageOfPage":{"@id":"https:\/\/portaltela.pt\/noticias\/2026\/01\/04\/filho-de-scholes-acusa-amorim-compara-o-a-mourinho-por-indemnizacao\/#primaryimage"},"image":{"@id":"https:\/\/portaltela.pt\/noticias\/2026\/01\/04\/filho-de-scholes-acusa-amorim-compara-o-a-mourinho-por-indemnizacao\/#primaryimage"},"thumbnailUrl":"https:\/\/portaltela.pt\/s.01k8rhncp4jt1\/2026\/01\/img_920x518uu2025-12-21-10-35-20-2410569.jpg","datePublished":"2026-01-04T19:37:00+00:00","author":{"@id":"https:\/\/portaltela.pt\/#\/schema\/person\/c4278d4a6028830caff9ee44b42d32ed"},"breadcrumb":{"@id":"https:\/\/portaltela.pt\/noticias\/2026\/01\/04\/filho-de-scholes-acusa-amorim-compara-o-a-mourinho-por-indemnizacao\/#breadcrumb"},"inLanguage":"pt-PT","potentialAction":[{"@type":"ReadAction","target":["https:\/\/portaltela.pt\/noticias\/2026\/01\/04\/filho-de-scholes-acusa-amorim-compara-o-a-mourinho-por-indemnizacao\/"]}]},{"@type":"ImageObject","inLanguage":"pt-PT","@id":"https:\/\/portaltela.pt\/noticias\/2026\/01\/04\/filho-de-scholes-acusa-amorim-compara-o-a-mourinho-por-indemnizacao\/#primaryimage","url":"https:\/\/portaltela.pt\/s.01k8rhncp4jt1\/2026\/01\/img_920x518uu2025-12-21-10-35-20-2410569.jpg","contentUrl":"https:\/\/portaltela.pt\/s.01k8rhncp4jt1\/2026\/01\/img_920x518uu2025-12-21-10-35-20-2410569.jpg","width":796,"height":448,"caption":"Ruben Amorim"},{"@type":"BreadcrumbList","@id":"https:\/\/portaltela.pt\/noticias\/2026\/01\/04\/filho-de-scholes-acusa-amorim-compara-o-a-mourinho-por-indemnizacao\/#breadcrumb","itemListElement":[{"@type":"ListItem","position":1,"name":"In\u00edcio","item":"https:\/\/portaltela.pt\/"},{"@type":"ListItem","position":2,"name":"Filho de Scholes acusa Amorim, compara-o a Mourinho por indemniza\u00e7\u00e3o"}]},{"@type":"WebSite","@id":"https:\/\/portaltela.pt\/#website","url":"https:\/\/portaltela.pt\/","name":"Portal Tela Portugal","description":"","potentialAction":[{"@type":"SearchAction","target":{"@type":"EntryPoint","urlTemplate":"https:\/\/portaltela.pt\/?s={search_term_string}"},"query-input":{"@type":"PropertyValueSpecification","valueRequired":true,"valueName":"search_term_string"}}],"inLanguage":"pt-PT"},{"@type":"Person","@id":"https:\/\/portaltela.pt\/#\/schema\/person\/c4278d4a6028830caff9ee44b42d32ed","name":"Telinha","image":{"@type":"ImageObject","inLanguage":"pt-PT","@id":"https:\/\/portaltela.pt\/s.01k8rhncp4jt1\/2025\/11\/talking-bot-125x125.png","url":"https:\/\/portaltela.pt\/s.01k8rhncp4jt1\/2025\/11\/talking-bot-125x125.png","contentUrl":"https:\/\/portaltela.pt\/s.01k8rhncp4jt1\/2025\/11\/talking-bot-125x125.png","caption":"Telinha"},"sameAs":["https:\/\/portaltela.pt\/"],"url":"https:\/\/portaltela.pt\/por\/367410592786\/"}]}},"_links":{"self":[{"href":"https:\/\/portaltela.pt\/api\/wp\/v2\/posts\/116954","targetHints":{"allow":["GET"]}}],"collection":[{"href":"https:\/\/portaltela.pt\/api\/wp\/v2\/posts"}],"about":[{"href":"https:\/\/portaltela.pt\/api\/wp\/v2\/types\/post"}],"author":[{"embeddable":true,"href":"https:\/\/portaltela.pt\/api\/wp\/v2\/users\/2"}],"replies":[{"embeddable":true,"href":"https:\/\/portaltela.pt\/api\/wp\/v2\/comments?post=116954"}],"version-history":[{"count":0,"href":"https:\/\/portaltela.pt\/api\/wp\/v2\/posts\/116954\/revisions"}],"wp:featuredmedia":[{"embeddable":true,"href":"https:\/\/portaltela.pt\/api\/wp\/v2\/media\/116955"}],"wp:attachment":[{"href":"https:\/\/portaltela.pt\/api\/wp\/v2\/media?parent=116954"}],"wp:term":[{"taxonomy":"category","embeddable":true,"href":"https:\/\/portaltela.pt\/api\/wp\/v2\/categories?post=116954"},{"taxonomy":"post_tag","embeddable":true,"href":"https:\/\/portaltela.pt\/api\/wp\/v2\/tags?post=116954"}],"curies":[{"name":"wp","href":"https:\/\/api.w.org\/{rel}","templated":true}]}}