{"id":116732,"date":"2026-01-03T21:00:00","date_gmt":"2026-01-04T00:00:00","guid":{"rendered":"https:\/\/portaltela.pt\/noticias\/2026\/01\/03\/andre-ventura-avanca-para-a-segunda-volta-e-posiciona-se-como-centro-do-regime\/"},"modified":"2026-01-03T21:00:00","modified_gmt":"2026-01-04T00:00:00","slug":"andre-ventura-avanca-para-a-segunda-volta-e-posiciona-se-como-centro-do-regime","status":"publish","type":"post","link":"https:\/\/portaltela.pt\/noticias\/politica\/2026\/01\/03\/andre-ventura-avanca-para-a-segunda-volta-e-posiciona-se-como-centro-do-regime\/","title":{"rendered":"Andr\u00e9 Ventura avan\u00e7a para a segunda volta e posiciona-se como centro do regime"},"content":{"rendered":"<p>Andr\u00e9 Ventura encara as presidenciais num quadro de grande fragmenta\u00e7\u00e3o da oposi\u00e7\u00e3o e com forte foco na fidelidade dos votos do Chega. A an\u00e1lise aponta para dois cen\u00e1rios centrais: passar \u00e0 segunda volta (m\u00ednimo ol\u00edmpico) ou vencer de vez a primeira volta, algo improv\u00e1vel face aos n\u00edveis de rejei\u00e7\u00e3o. Nas sondagens, Ventura mostra consist\u00eancia junto do seu eleitorado, ainda que n\u00e3o se espere vit\u00f3ria direta.<\/p>\n<p>Entre as candidaturas da direita, Marques Mendes aproxima-se de Ventura no objetivo de liderar a primeira volta. As apostas centram-se na capacidade de atrair o eleitorado moderado, mantendo o apoio da AD e do Governo. A leitura atual sugere que Mendes pode chegar \u00e0 segunda volta, dependendo da evolu\u00e7\u00e3o de Gouveia e Melo.<\/p>\n<p>O socialista Ant\u00f3nio Jos\u00e9 Seguro parte com a ambi\u00e7\u00e3o de fazer melhor do que em elei\u00e7\u00f5es anteriores, mantendo o objetivo de chegar \u00e0 segunda volta. O retrato atual aponta para uma posi\u00e7\u00e3o de reserva, com o PS a medir for\u00e7as com outros partidos de esquerda num cen\u00e1rio competitivo e fragmentado.<\/p>\n<p>Gouveia e Melo, apesar de ter iniciado com grande momentum, viu a aud\u00e1cia diminuir face \u00e0s sondagens mais recentes. O objetivo m\u00ednimo continua a passar pela passagem \u00e0 segunda volta. Uma vit\u00f3ria directa pode depender da performance nos debates e de consolidar apoios pol\u00edticos amplos.<\/p>\n<p>Jo\u00e3o Cotrim de Figueiredo tenta consolidar a posi\u00e7\u00e3o da Iniciativa Liberal entre os quatro ou cinco grandes candidatos. O foco \u00e9 ampliar a vota\u00e7\u00e3o da IL para al\u00e9m do resultado de 2022 e manter a lideran\u00e7a entre o voto jovem, sem descurar a possibilidade de passar \u00e0 segunda volta.<\/p>\n<p>Catarina Martins luta pela sobreviv\u00eancia do Bloco de Esquerda em termos de reconhecimento p\u00fablico. A meta \u00e9 manter-se acima de rivais \u00e0 esquerda e, se poss\u00edvel, melhorar o desempenho em rela\u00e7\u00e3o \u00e0s europeias de 2024. Um resultado modesto pode ser visto como aceit\u00e1vel para o Bloco.<\/p>\n<p>Ant\u00f3nio Filipe, do PCP, procura refor\u00e7ar a resist\u00eancia da esquerda em Bel\u00e9m. O objetivo m\u00ednimo passa por superar rivais pr\u00f3ximos, enquanto a lideran\u00e7a do partido persiste na ideia de manter influ\u00eancia na disputa, ainda que seja um desafio frente a nomes mais medi\u00e1ticos.<\/p>\n<p>Jorge Pinto, do Livre, surge como marca emergente \u00e0 esquerda e tenta confirmar que a candidatura pode alterar o equil\u00edbrio atual. O desafio \u00e9 manter posi\u00e7\u00e3o entre os rivais mais consistentes e alcan\u00e7ar o m\u00ednimo ol\u00edmpico de liderar a esquerda \u00e0 esquerda de Seguro.<\/p>\n<p>O conjunto reflecte um panorama de grande volatilidade, com cen\u00e1rios vari\u00e1veis para cada candidato. A atual leitura das sondagens sugere vit\u00f3ria prov\u00e1vel de Ventura apenas na segunda volta, mas existem possibilidades de altera\u00e7\u00f5es r\u00e1pidas conforme o ritmo das campanhas. Sources de refer\u00eancia permanecem as publica\u00e7\u00f5es de opini\u00e3o e as executivas de cada candidatura.<\/p>\n","protected":false},"excerpt":{"rendered":"<ul>\n<li>Andr\u00e9 Ventura procura passar \u00e0 segunda volta das presidenciais, mantendo fidelidade de eleitores e com sondagens que o colocam pr\u00f3ximo dos quase 23% das legislativas anteriores.<\/li>\n<li>Lu\u00eds Marques Mendes aparece com cerca de 20,18% nas sondagens, concorrendo ao primeiro lugar, mas corre o risco de ficar em segundo na primeira volta devido \u00e0 fragmenta\u00e7\u00e3o.<\/li>\n<li>Henrique Gouveia e Melo enfrenta queda de apoio nas sondagens; o m\u00ednimo ol\u00edmpico \u00e9 passar \u00e0 segunda volta e, se poss\u00edvel, vencer a primeira volta.<\/li>\n<li>Jo\u00e3o Cotrim de Figueiredo quer entrar no top quatro e j\u00e1 lidera o voto jovem, trabalhando para passar \u00e0 segunda volta e manter influ\u00eancia da Iniciativa Liberal.<\/li>\n<li>Catarina Martins pretende relan\u00e7ar o Bloco de Esquerda e conquistar a lideran\u00e7a da esquerda acima de Seguro, com objetivo de melhorar a vota\u00e7\u00e3o face \u00e0s europeias de 2024.<\/li>\n<\/ul>\n","protected":false},"author":2,"featured_media":116733,"comment_status":"closed","ping_status":"closed","sticky":false,"template":"","format":"standard","meta":{"footnotes":""},"categories":[1,5],"tags":[2142,68,1482,2373,1732,2144],"class_list":["post-116732","post","type-post","status-publish","format-standard","has-post-thumbnail","hentry","category-noticias","category-politica","tag-chega","tag-eleicoes","tag-iniciativa-liberal","tag-livre","tag-partidos","tag-ps"],"yoast_head":"<!-- This site is optimized with the Yoast SEO plugin v27.2 - https:\/\/yoast.com\/product\/yoast-seo-wordpress\/ -->\n<title>Andr\u00e9 Ventura avan\u00e7a para a segunda volta e posiciona-se como centro do regime - Portal Tela Portugal<\/title>\n<meta name=\"robots\" content=\"index, follow, max-snippet:-1, max-image-preview:large, max-video-preview:-1\" \/>\n<meta property=\"og:locale\" content=\"pt_PT\" \/>\n<meta property=\"og:type\" content=\"article\" \/>\n<meta property=\"og:title\" content=\"Andr\u00e9 Ventura avan\u00e7a para a segunda volta e posiciona-se como centro do regime - Portal Tela Portugal\" \/>\n<meta property=\"og:description\" content=\"Andr\u00e9 Ventura procura passar \u00e0 segunda volta das presidenciais, mantendo fidelidade de eleitores e com sondagens que o colocam pr\u00f3ximo dos quase 23% das legislativas anteriores. Lu\u00eds Marques Mendes aparece com cerca de 20,18% nas sondagens, concorrendo ao primeiro lugar, mas corre o risco de ficar em segundo na primeira volta devido \u00e0 fragmenta\u00e7\u00e3o. Henrique Gouveia e Melo enfrenta queda de apoio nas sondagens; o m\u00ednimo ol\u00edmpico \u00e9 passar \u00e0 segunda volta e, se poss\u00edvel, vencer a primeira volta. Jo\u00e3o Cotrim de Figueiredo quer entrar no top quatro e j\u00e1 lidera o voto jovem, trabalhando para passar \u00e0 segunda volta e manter influ\u00eancia da Iniciativa Liberal. Catarina Martins pretende relan\u00e7ar o Bloco de Esquerda e conquistar a lideran\u00e7a da esquerda acima de Seguro, com objetivo de melhorar a vota\u00e7\u00e3o face \u00e0s europeias de 2024.\" \/>\n<meta property=\"og:url\" content=\"https:\/\/portaltela.pt\/noticias\/2026\/01\/03\/andre-ventura-avanca-para-a-segunda-volta-e-posiciona-se-como-centro-do-regime\/\" \/>\n<meta property=\"og:site_name\" content=\"Portal Tela Portugal\" \/>\n<meta property=\"article:published_time\" content=\"2026-01-04T00:00:00+00:00\" \/>\n<meta name=\"author\" content=\"Telinha\" \/>\n<meta name=\"twitter:card\" content=\"summary_large_image\" \/>\n<meta name=\"twitter:label1\" content=\"Escrito por\" \/>\n\t<meta name=\"twitter:data1\" content=\"Telinha\" \/>\n\t<meta name=\"twitter:label2\" content=\"Tempo estimado de leitura\" \/>\n\t<meta name=\"twitter:data2\" content=\"2 minutos\" \/>\n<script type=\"application\/ld+json\" class=\"yoast-schema-graph\">{\"@context\":\"https:\/\/schema.org\",\"@graph\":[{\"@type\":\"Article\",\"@id\":\"https:\/\/portaltela.pt\/noticias\/2026\/01\/03\/andre-ventura-avanca-para-a-segunda-volta-e-posiciona-se-como-centro-do-regime\/#article\",\"isPartOf\":{\"@id\":\"https:\/\/portaltela.pt\/noticias\/2026\/01\/03\/andre-ventura-avanca-para-a-segunda-volta-e-posiciona-se-como-centro-do-regime\/\"},\"author\":{\"name\":\"Telinha\",\"@id\":\"https:\/\/portaltela.pt\/#\/schema\/person\/c4278d4a6028830caff9ee44b42d32ed\"},\"headline\":\"Andr\u00e9 Ventura avan\u00e7a para a segunda volta e posiciona-se como centro do regime\",\"datePublished\":\"2026-01-04T00:00:00+00:00\",\"mainEntityOfPage\":{\"@id\":\"https:\/\/portaltela.pt\/noticias\/2026\/01\/03\/andre-ventura-avanca-para-a-segunda-volta-e-posiciona-se-como-centro-do-regime\/\"},\"wordCount\":505,\"image\":{\"@id\":\"https:\/\/portaltela.pt\/noticias\/2026\/01\/03\/andre-ventura-avanca-para-a-segunda-volta-e-posiciona-se-como-centro-do-regime\/#primaryimage\"},\"thumbnailUrl\":\"https:\/\/portaltela.pt\/s.01k8rhncp4jt1\/2026\/01\/dventura-debate-radios-presidenciais-50-scaled-1.jpg\",\"keywords\":[\"CHEGA\",\"elei\u00e7\u00f5es\",\"Iniciativa Liberal\",\"Livre\",\"partidos\",\"PS\"],\"articleSection\":[\"Not\u00edcias\",\"Pol\u00edtica\"],\"inLanguage\":\"pt-PT\"},{\"@type\":\"WebPage\",\"@id\":\"https:\/\/portaltela.pt\/noticias\/2026\/01\/03\/andre-ventura-avanca-para-a-segunda-volta-e-posiciona-se-como-centro-do-regime\/\",\"url\":\"https:\/\/portaltela.pt\/noticias\/2026\/01\/03\/andre-ventura-avanca-para-a-segunda-volta-e-posiciona-se-como-centro-do-regime\/\",\"name\":\"Andr\u00e9 Ventura avan\u00e7a para a segunda volta e posiciona-se como centro do regime - Portal Tela Portugal\",\"isPartOf\":{\"@id\":\"https:\/\/portaltela.pt\/#website\"},\"primaryImageOfPage\":{\"@id\":\"https:\/\/portaltela.pt\/noticias\/2026\/01\/03\/andre-ventura-avanca-para-a-segunda-volta-e-posiciona-se-como-centro-do-regime\/#primaryimage\"},\"image\":{\"@id\":\"https:\/\/portaltela.pt\/noticias\/2026\/01\/03\/andre-ventura-avanca-para-a-segunda-volta-e-posiciona-se-como-centro-do-regime\/#primaryimage\"},\"thumbnailUrl\":\"https:\/\/portaltela.pt\/s.01k8rhncp4jt1\/2026\/01\/dventura-debate-radios-presidenciais-50-scaled-1.jpg\",\"datePublished\":\"2026-01-04T00:00:00+00:00\",\"author\":{\"@id\":\"https:\/\/portaltela.pt\/#\/schema\/person\/c4278d4a6028830caff9ee44b42d32ed\"},\"breadcrumb\":{\"@id\":\"https:\/\/portaltela.pt\/noticias\/2026\/01\/03\/andre-ventura-avanca-para-a-segunda-volta-e-posiciona-se-como-centro-do-regime\/#breadcrumb\"},\"inLanguage\":\"pt-PT\",\"potentialAction\":[{\"@type\":\"ReadAction\",\"target\":[\"https:\/\/portaltela.pt\/noticias\/2026\/01\/03\/andre-ventura-avanca-para-a-segunda-volta-e-posiciona-se-como-centro-do-regime\/\"]}]},{\"@type\":\"ImageObject\",\"inLanguage\":\"pt-PT\",\"@id\":\"https:\/\/portaltela.pt\/noticias\/2026\/01\/03\/andre-ventura-avanca-para-a-segunda-volta-e-posiciona-se-como-centro-do-regime\/#primaryimage\",\"url\":\"https:\/\/portaltela.pt\/s.01k8rhncp4jt1\/2026\/01\/dventura-debate-radios-presidenciais-50-scaled-1.jpg\",\"contentUrl\":\"https:\/\/portaltela.pt\/s.01k8rhncp4jt1\/2026\/01\/dventura-debate-radios-presidenciais-50-scaled-1.jpg\",\"width\":796,\"height\":448,\"caption\":\"Photo\"},{\"@type\":\"BreadcrumbList\",\"@id\":\"https:\/\/portaltela.pt\/noticias\/2026\/01\/03\/andre-ventura-avanca-para-a-segunda-volta-e-posiciona-se-como-centro-do-regime\/#breadcrumb\",\"itemListElement\":[{\"@type\":\"ListItem\",\"position\":1,\"name\":\"In\u00edcio\",\"item\":\"https:\/\/portaltela.pt\/\"},{\"@type\":\"ListItem\",\"position\":2,\"name\":\"Andr\u00e9 Ventura avan\u00e7a para a segunda volta e posiciona-se como centro do regime\"}]},{\"@type\":\"WebSite\",\"@id\":\"https:\/\/portaltela.pt\/#website\",\"url\":\"https:\/\/portaltela.pt\/\",\"name\":\"Portal Tela Portugal\",\"description\":\"\",\"potentialAction\":[{\"@type\":\"SearchAction\",\"target\":{\"@type\":\"EntryPoint\",\"urlTemplate\":\"https:\/\/portaltela.pt\/?s={search_term_string}\"},\"query-input\":{\"@type\":\"PropertyValueSpecification\",\"valueRequired\":true,\"valueName\":\"search_term_string\"}}],\"inLanguage\":\"pt-PT\"},{\"@type\":\"Person\",\"@id\":\"https:\/\/portaltela.pt\/#\/schema\/person\/c4278d4a6028830caff9ee44b42d32ed\",\"name\":\"Telinha\",\"image\":{\"@type\":\"ImageObject\",\"inLanguage\":\"pt-PT\",\"@id\":\"https:\/\/portaltela.pt\/s.01k8rhncp4jt1\/2025\/11\/talking-bot-125x125.png\",\"url\":\"https:\/\/portaltela.pt\/s.01k8rhncp4jt1\/2025\/11\/talking-bot-125x125.png\",\"contentUrl\":\"https:\/\/portaltela.pt\/s.01k8rhncp4jt1\/2025\/11\/talking-bot-125x125.png\",\"caption\":\"Telinha\"},\"sameAs\":[\"https:\/\/portaltela.pt\/\"],\"url\":\"https:\/\/portaltela.pt\/por\/367410592786\/\"}]}<\/script>\n<!-- \/ Yoast SEO plugin. -->","yoast_head_json":{"title":"Andr\u00e9 Ventura avan\u00e7a para a segunda volta e posiciona-se como centro do regime - Portal Tela Portugal","robots":{"index":"index","follow":"follow","max-snippet":"max-snippet:-1","max-image-preview":"max-image-preview:large","max-video-preview":"max-video-preview:-1"},"og_locale":"pt_PT","og_type":"article","og_title":"Andr\u00e9 Ventura avan\u00e7a para a segunda volta e posiciona-se como centro do regime - Portal Tela Portugal","og_description":"Andr\u00e9 Ventura procura passar \u00e0 segunda volta das presidenciais, mantendo fidelidade de eleitores e com sondagens que o colocam pr\u00f3ximo dos quase 23% das legislativas anteriores. Lu\u00eds Marques Mendes aparece com cerca de 20,18% nas sondagens, concorrendo ao primeiro lugar, mas corre o risco de ficar em segundo na primeira volta devido \u00e0 fragmenta\u00e7\u00e3o. Henrique Gouveia e Melo enfrenta queda de apoio nas sondagens; o m\u00ednimo ol\u00edmpico \u00e9 passar \u00e0 segunda volta e, se poss\u00edvel, vencer a primeira volta. Jo\u00e3o Cotrim de Figueiredo quer entrar no top quatro e j\u00e1 lidera o voto jovem, trabalhando para passar \u00e0 segunda volta e manter influ\u00eancia da Iniciativa Liberal. Catarina Martins pretende relan\u00e7ar o Bloco de Esquerda e conquistar a lideran\u00e7a da esquerda acima de Seguro, com objetivo de melhorar a vota\u00e7\u00e3o face \u00e0s europeias de 2024.","og_url":"https:\/\/portaltela.pt\/noticias\/2026\/01\/03\/andre-ventura-avanca-para-a-segunda-volta-e-posiciona-se-como-centro-do-regime\/","og_site_name":"Portal Tela Portugal","article_published_time":"2026-01-04T00:00:00+00:00","author":"Telinha","twitter_card":"summary_large_image","twitter_misc":{"Escrito por":"Telinha","Tempo estimado de leitura":"2 minutos"},"schema":{"@context":"https:\/\/schema.org","@graph":[{"@type":"Article","@id":"https:\/\/portaltela.pt\/noticias\/2026\/01\/03\/andre-ventura-avanca-para-a-segunda-volta-e-posiciona-se-como-centro-do-regime\/#article","isPartOf":{"@id":"https:\/\/portaltela.pt\/noticias\/2026\/01\/03\/andre-ventura-avanca-para-a-segunda-volta-e-posiciona-se-como-centro-do-regime\/"},"author":{"name":"Telinha","@id":"https:\/\/portaltela.pt\/#\/schema\/person\/c4278d4a6028830caff9ee44b42d32ed"},"headline":"Andr\u00e9 Ventura avan\u00e7a para a segunda volta e posiciona-se como centro do regime","datePublished":"2026-01-04T00:00:00+00:00","mainEntityOfPage":{"@id":"https:\/\/portaltela.pt\/noticias\/2026\/01\/03\/andre-ventura-avanca-para-a-segunda-volta-e-posiciona-se-como-centro-do-regime\/"},"wordCount":505,"image":{"@id":"https:\/\/portaltela.pt\/noticias\/2026\/01\/03\/andre-ventura-avanca-para-a-segunda-volta-e-posiciona-se-como-centro-do-regime\/#primaryimage"},"thumbnailUrl":"https:\/\/portaltela.pt\/s.01k8rhncp4jt1\/2026\/01\/dventura-debate-radios-presidenciais-50-scaled-1.jpg","keywords":["CHEGA","elei\u00e7\u00f5es","Iniciativa Liberal","Livre","partidos","PS"],"articleSection":["Not\u00edcias","Pol\u00edtica"],"inLanguage":"pt-PT"},{"@type":"WebPage","@id":"https:\/\/portaltela.pt\/noticias\/2026\/01\/03\/andre-ventura-avanca-para-a-segunda-volta-e-posiciona-se-como-centro-do-regime\/","url":"https:\/\/portaltela.pt\/noticias\/2026\/01\/03\/andre-ventura-avanca-para-a-segunda-volta-e-posiciona-se-como-centro-do-regime\/","name":"Andr\u00e9 Ventura avan\u00e7a para a segunda volta e posiciona-se como centro do regime - Portal Tela Portugal","isPartOf":{"@id":"https:\/\/portaltela.pt\/#website"},"primaryImageOfPage":{"@id":"https:\/\/portaltela.pt\/noticias\/2026\/01\/03\/andre-ventura-avanca-para-a-segunda-volta-e-posiciona-se-como-centro-do-regime\/#primaryimage"},"image":{"@id":"https:\/\/portaltela.pt\/noticias\/2026\/01\/03\/andre-ventura-avanca-para-a-segunda-volta-e-posiciona-se-como-centro-do-regime\/#primaryimage"},"thumbnailUrl":"https:\/\/portaltela.pt\/s.01k8rhncp4jt1\/2026\/01\/dventura-debate-radios-presidenciais-50-scaled-1.jpg","datePublished":"2026-01-04T00:00:00+00:00","author":{"@id":"https:\/\/portaltela.pt\/#\/schema\/person\/c4278d4a6028830caff9ee44b42d32ed"},"breadcrumb":{"@id":"https:\/\/portaltela.pt\/noticias\/2026\/01\/03\/andre-ventura-avanca-para-a-segunda-volta-e-posiciona-se-como-centro-do-regime\/#breadcrumb"},"inLanguage":"pt-PT","potentialAction":[{"@type":"ReadAction","target":["https:\/\/portaltela.pt\/noticias\/2026\/01\/03\/andre-ventura-avanca-para-a-segunda-volta-e-posiciona-se-como-centro-do-regime\/"]}]},{"@type":"ImageObject","inLanguage":"pt-PT","@id":"https:\/\/portaltela.pt\/noticias\/2026\/01\/03\/andre-ventura-avanca-para-a-segunda-volta-e-posiciona-se-como-centro-do-regime\/#primaryimage","url":"https:\/\/portaltela.pt\/s.01k8rhncp4jt1\/2026\/01\/dventura-debate-radios-presidenciais-50-scaled-1.jpg","contentUrl":"https:\/\/portaltela.pt\/s.01k8rhncp4jt1\/2026\/01\/dventura-debate-radios-presidenciais-50-scaled-1.jpg","width":796,"height":448,"caption":"Photo"},{"@type":"BreadcrumbList","@id":"https:\/\/portaltela.pt\/noticias\/2026\/01\/03\/andre-ventura-avanca-para-a-segunda-volta-e-posiciona-se-como-centro-do-regime\/#breadcrumb","itemListElement":[{"@type":"ListItem","position":1,"name":"In\u00edcio","item":"https:\/\/portaltela.pt\/"},{"@type":"ListItem","position":2,"name":"Andr\u00e9 Ventura avan\u00e7a para a segunda volta e posiciona-se como centro do regime"}]},{"@type":"WebSite","@id":"https:\/\/portaltela.pt\/#website","url":"https:\/\/portaltela.pt\/","name":"Portal Tela Portugal","description":"","potentialAction":[{"@type":"SearchAction","target":{"@type":"EntryPoint","urlTemplate":"https:\/\/portaltela.pt\/?s={search_term_string}"},"query-input":{"@type":"PropertyValueSpecification","valueRequired":true,"valueName":"search_term_string"}}],"inLanguage":"pt-PT"},{"@type":"Person","@id":"https:\/\/portaltela.pt\/#\/schema\/person\/c4278d4a6028830caff9ee44b42d32ed","name":"Telinha","image":{"@type":"ImageObject","inLanguage":"pt-PT","@id":"https:\/\/portaltela.pt\/s.01k8rhncp4jt1\/2025\/11\/talking-bot-125x125.png","url":"https:\/\/portaltela.pt\/s.01k8rhncp4jt1\/2025\/11\/talking-bot-125x125.png","contentUrl":"https:\/\/portaltela.pt\/s.01k8rhncp4jt1\/2025\/11\/talking-bot-125x125.png","caption":"Telinha"},"sameAs":["https:\/\/portaltela.pt\/"],"url":"https:\/\/portaltela.pt\/por\/367410592786\/"}]}},"_links":{"self":[{"href":"https:\/\/portaltela.pt\/api\/wp\/v2\/posts\/116732","targetHints":{"allow":["GET"]}}],"collection":[{"href":"https:\/\/portaltela.pt\/api\/wp\/v2\/posts"}],"about":[{"href":"https:\/\/portaltela.pt\/api\/wp\/v2\/types\/post"}],"author":[{"embeddable":true,"href":"https:\/\/portaltela.pt\/api\/wp\/v2\/users\/2"}],"replies":[{"embeddable":true,"href":"https:\/\/portaltela.pt\/api\/wp\/v2\/comments?post=116732"}],"version-history":[{"count":0,"href":"https:\/\/portaltela.pt\/api\/wp\/v2\/posts\/116732\/revisions"}],"wp:featuredmedia":[{"embeddable":true,"href":"https:\/\/portaltela.pt\/api\/wp\/v2\/media\/116733"}],"wp:attachment":[{"href":"https:\/\/portaltela.pt\/api\/wp\/v2\/media?parent=116732"}],"wp:term":[{"taxonomy":"category","embeddable":true,"href":"https:\/\/portaltela.pt\/api\/wp\/v2\/categories?post=116732"},{"taxonomy":"post_tag","embeddable":true,"href":"https:\/\/portaltela.pt\/api\/wp\/v2\/tags?post=116732"}],"curies":[{"name":"wp","href":"https:\/\/api.w.org\/{rel}","templated":true}]}}