{"id":116312,"date":"2026-01-04T08:45:46","date_gmt":"2026-01-04T11:45:46","guid":{"rendered":"https:\/\/portaltela.pt\/noticias\/2026\/01\/04\/operacao-a-dois-tumores-cerebrais-adiada-pela-quarta-vez\/"},"modified":"2026-01-04T08:45:46","modified_gmt":"2026-01-04T11:45:46","slug":"operacao-a-dois-tumores-cerebrais-adiada-pela-quarta-vez","status":"publish","type":"post","link":"https:\/\/portaltela.pt\/noticias\/2026\/01\/04\/operacao-a-dois-tumores-cerebrais-adiada-pela-quarta-vez\/","title":{"rendered":"Opera\u00e7\u00e3o a dois tumores cerebrais adiada pela quarta vez"},"content":{"rendered":"<p>Ocidente: a opera\u00e7\u00e3o para remover dois tumores na cabe\u00e7a foi adiada pela quarta vez, segundo informa\u00e7\u00f5es do hospital Egas Moniz.<\/p>\n<p>A decis\u00e3o de posterga\u00e7\u00e3o decorre da necessidade de uma avalia\u00e7\u00e3o mais aprofundada do risco de complica\u00e7\u00f5es associadas \u00e0 anestesia.<\/p>\n<p>A equipa m\u00e9dica do hospital avaliou recentemente os fatores de risco do procedimento, incluindo potenciais intervenientes de anestesia.<\/p>\n<p>A decis\u00e3o de adiar visa assegurar que o paciente possa enfrentar a cirurgia com o menor risco poss\u00edvel.<\/p>\n<p>N\u00e3o foram divulgados novos detalhes sobre o estado cl\u00ednico do paciente nem sobre a data prevista de realiza\u00e7\u00e3o da interven\u00e7\u00e3o.<\/p>\n<p>A fonte das informa\u00e7\u00f5es \u00e9 o jornal CM Jornal, que reporta a decis\u00e3o com base numa avalia\u00e7\u00e3o cl\u00ednica interna.<\/p>\n<p>O hospital Egas Moniz n\u00e3o confirmou entretanto outros elementos do caso.<\/p>\n<p>O objetivo \u00e9 assegurar que a cirurgia seja executada com seguran\u00e7a, ap\u00f3s a conclus\u00e3o da avalia\u00e7\u00e3o de risco de anestesia.<\/p>\n<p>At\u00e9 ao momento, n\u00e3o foram anunciadas novas informa\u00e7\u00f5es oficiais sobre prazos ou pr\u00f3ximos passos.<\/p>\n<p>A not\u00edcia destaca que a prioridade \u00e9 a preven\u00e7\u00e3o de complica\u00e7\u00f5es graves durante o procedimento.<\/p>\n","protected":false},"excerpt":{"rendered":"<ul>\n<li>A opera\u00e7\u00e3o para remover dois tumores na cabe\u00e7a foi adiada quatro vezes.<\/li>\n<li>O hospital Egas Moniz afirma que \u00e9 necess\u00e1ria uma avalia\u00e7\u00e3o mais aprofundada ao risco de complica\u00e7\u00e3o associada \u00e0 anestesia.<\/li>\n<li>A decis\u00e3o de adiar resulta da necessidade de clarificar potenciais perigos e preparar melhor a interven\u00e7\u00e3o.<\/li>\n<\/ul>\n","protected":false},"author":2,"featured_media":116316,"comment_status":"closed","ping_status":"closed","sticky":false,"template":"","format":"standard","meta":{"footnotes":""},"categories":[1],"tags":[2218,633,1928,172],"class_list":["post-116312","post","type-post","status-publish","format-standard","has-post-thumbnail","hentry","category-noticias","tag-cirurgia-geral","tag-hospital","tag-ocidente","tag-saude"],"yoast_head":"<!-- This site is optimized with the Yoast SEO plugin v27.2 - https:\/\/yoast.com\/product\/yoast-seo-wordpress\/ -->\n<title>Opera\u00e7\u00e3o a dois tumores cerebrais adiada pela quarta vez - Portal Tela Portugal<\/title>\n<meta name=\"robots\" content=\"index, follow, max-snippet:-1, max-image-preview:large, max-video-preview:-1\" \/>\n<meta property=\"og:locale\" content=\"pt_PT\" \/>\n<meta property=\"og:type\" content=\"article\" \/>\n<meta property=\"og:title\" content=\"Opera\u00e7\u00e3o a dois tumores cerebrais adiada pela quarta vez - Portal Tela Portugal\" \/>\n<meta property=\"og:description\" content=\"A opera\u00e7\u00e3o para remover dois tumores na cabe\u00e7a foi adiada quatro vezes. O hospital Egas Moniz afirma que \u00e9 necess\u00e1ria uma avalia\u00e7\u00e3o mais aprofundada ao risco de complica\u00e7\u00e3o associada \u00e0 anestesia. A decis\u00e3o de adiar resulta da necessidade de clarificar potenciais perigos e preparar melhor a interven\u00e7\u00e3o.\" \/>\n<meta property=\"og:url\" content=\"https:\/\/portaltela.pt\/noticias\/2026\/01\/04\/operacao-a-dois-tumores-cerebrais-adiada-pela-quarta-vez\/\" \/>\n<meta property=\"og:site_name\" content=\"Portal Tela Portugal\" \/>\n<meta property=\"article:published_time\" content=\"2026-01-04T11:45:46+00:00\" \/>\n<meta name=\"author\" content=\"Telinha\" \/>\n<meta name=\"twitter:card\" content=\"summary_large_image\" \/>\n<meta name=\"twitter:label1\" content=\"Escrito por\" \/>\n\t<meta name=\"twitter:data1\" content=\"Telinha\" \/>\n\t<meta name=\"twitter:label2\" content=\"Tempo estimado de leitura\" \/>\n\t<meta name=\"twitter:data2\" content=\"1 minuto\" \/>\n<script type=\"application\/ld+json\" class=\"yoast-schema-graph\">{\"@context\":\"https:\/\/schema.org\",\"@graph\":[{\"@type\":\"Article\",\"@id\":\"https:\/\/portaltela.pt\/noticias\/2026\/01\/04\/operacao-a-dois-tumores-cerebrais-adiada-pela-quarta-vez\/#article\",\"isPartOf\":{\"@id\":\"https:\/\/portaltela.pt\/noticias\/2026\/01\/04\/operacao-a-dois-tumores-cerebrais-adiada-pela-quarta-vez\/\"},\"author\":{\"name\":\"Telinha\",\"@id\":\"https:\/\/portaltela.pt\/#\/schema\/person\/c4278d4a6028830caff9ee44b42d32ed\"},\"headline\":\"Opera\u00e7\u00e3o a dois tumores cerebrais adiada pela quarta vez\",\"datePublished\":\"2026-01-04T11:45:46+00:00\",\"mainEntityOfPage\":{\"@id\":\"https:\/\/portaltela.pt\/noticias\/2026\/01\/04\/operacao-a-dois-tumores-cerebrais-adiada-pela-quarta-vez\/\"},\"wordCount\":209,\"image\":{\"@id\":\"https:\/\/portaltela.pt\/noticias\/2026\/01\/04\/operacao-a-dois-tumores-cerebrais-adiada-pela-quarta-vez\/#primaryimage\"},\"thumbnailUrl\":\"https:\/\/portaltela.pt\/s.01k8rhncp4jt1\/2026\/01\/img_1280x722uu2019-07-03-15-03-08-866075.jpg\",\"keywords\":[\"Cirurgia Geral\",\"hospital\",\"ocidente\",\"sa\u00fade\"],\"articleSection\":[\"Not\u00edcias\"],\"inLanguage\":\"pt-PT\"},{\"@type\":\"WebPage\",\"@id\":\"https:\/\/portaltela.pt\/noticias\/2026\/01\/04\/operacao-a-dois-tumores-cerebrais-adiada-pela-quarta-vez\/\",\"url\":\"https:\/\/portaltela.pt\/noticias\/2026\/01\/04\/operacao-a-dois-tumores-cerebrais-adiada-pela-quarta-vez\/\",\"name\":\"Opera\u00e7\u00e3o a dois tumores cerebrais adiada pela quarta vez - Portal Tela Portugal\",\"isPartOf\":{\"@id\":\"https:\/\/portaltela.pt\/#website\"},\"primaryImageOfPage\":{\"@id\":\"https:\/\/portaltela.pt\/noticias\/2026\/01\/04\/operacao-a-dois-tumores-cerebrais-adiada-pela-quarta-vez\/#primaryimage\"},\"image\":{\"@id\":\"https:\/\/portaltela.pt\/noticias\/2026\/01\/04\/operacao-a-dois-tumores-cerebrais-adiada-pela-quarta-vez\/#primaryimage\"},\"thumbnailUrl\":\"https:\/\/portaltela.pt\/s.01k8rhncp4jt1\/2026\/01\/img_1280x722uu2019-07-03-15-03-08-866075.jpg\",\"datePublished\":\"2026-01-04T11:45:46+00:00\",\"author\":{\"@id\":\"https:\/\/portaltela.pt\/#\/schema\/person\/c4278d4a6028830caff9ee44b42d32ed\"},\"breadcrumb\":{\"@id\":\"https:\/\/portaltela.pt\/noticias\/2026\/01\/04\/operacao-a-dois-tumores-cerebrais-adiada-pela-quarta-vez\/#breadcrumb\"},\"inLanguage\":\"pt-PT\",\"potentialAction\":[{\"@type\":\"ReadAction\",\"target\":[\"https:\/\/portaltela.pt\/noticias\/2026\/01\/04\/operacao-a-dois-tumores-cerebrais-adiada-pela-quarta-vez\/\"]}]},{\"@type\":\"ImageObject\",\"inLanguage\":\"pt-PT\",\"@id\":\"https:\/\/portaltela.pt\/noticias\/2026\/01\/04\/operacao-a-dois-tumores-cerebrais-adiada-pela-quarta-vez\/#primaryimage\",\"url\":\"https:\/\/portaltela.pt\/s.01k8rhncp4jt1\/2026\/01\/img_1280x722uu2019-07-03-15-03-08-866075.jpg\",\"contentUrl\":\"https:\/\/portaltela.pt\/s.01k8rhncp4jt1\/2026\/01\/img_1280x722uu2019-07-03-15-03-08-866075.jpg\",\"width\":796,\"height\":448,\"caption\":\"Opera\u00e7\u00e3o a dois tumores na cabe\u00e7a adiada quatro vezes\"},{\"@type\":\"BreadcrumbList\",\"@id\":\"https:\/\/portaltela.pt\/noticias\/2026\/01\/04\/operacao-a-dois-tumores-cerebrais-adiada-pela-quarta-vez\/#breadcrumb\",\"itemListElement\":[{\"@type\":\"ListItem\",\"position\":1,\"name\":\"In\u00edcio\",\"item\":\"https:\/\/portaltela.pt\/\"},{\"@type\":\"ListItem\",\"position\":2,\"name\":\"Opera\u00e7\u00e3o a dois tumores cerebrais adiada pela quarta vez\"}]},{\"@type\":\"WebSite\",\"@id\":\"https:\/\/portaltela.pt\/#website\",\"url\":\"https:\/\/portaltela.pt\/\",\"name\":\"Portal Tela Portugal\",\"description\":\"\",\"potentialAction\":[{\"@type\":\"SearchAction\",\"target\":{\"@type\":\"EntryPoint\",\"urlTemplate\":\"https:\/\/portaltela.pt\/?s={search_term_string}\"},\"query-input\":{\"@type\":\"PropertyValueSpecification\",\"valueRequired\":true,\"valueName\":\"search_term_string\"}}],\"inLanguage\":\"pt-PT\"},{\"@type\":\"Person\",\"@id\":\"https:\/\/portaltela.pt\/#\/schema\/person\/c4278d4a6028830caff9ee44b42d32ed\",\"name\":\"Telinha\",\"image\":{\"@type\":\"ImageObject\",\"inLanguage\":\"pt-PT\",\"@id\":\"https:\/\/portaltela.pt\/s.01k8rhncp4jt1\/2025\/11\/talking-bot-125x125.png\",\"url\":\"https:\/\/portaltela.pt\/s.01k8rhncp4jt1\/2025\/11\/talking-bot-125x125.png\",\"contentUrl\":\"https:\/\/portaltela.pt\/s.01k8rhncp4jt1\/2025\/11\/talking-bot-125x125.png\",\"caption\":\"Telinha\"},\"sameAs\":[\"https:\/\/portaltela.pt\/\"],\"url\":\"https:\/\/portaltela.pt\/por\/367410592786\/\"}]}<\/script>\n<!-- \/ Yoast SEO plugin. -->","yoast_head_json":{"title":"Opera\u00e7\u00e3o a dois tumores cerebrais adiada pela quarta vez - Portal Tela Portugal","robots":{"index":"index","follow":"follow","max-snippet":"max-snippet:-1","max-image-preview":"max-image-preview:large","max-video-preview":"max-video-preview:-1"},"og_locale":"pt_PT","og_type":"article","og_title":"Opera\u00e7\u00e3o a dois tumores cerebrais adiada pela quarta vez - Portal Tela Portugal","og_description":"A opera\u00e7\u00e3o para remover dois tumores na cabe\u00e7a foi adiada quatro vezes. O hospital Egas Moniz afirma que \u00e9 necess\u00e1ria uma avalia\u00e7\u00e3o mais aprofundada ao risco de complica\u00e7\u00e3o associada \u00e0 anestesia. A decis\u00e3o de adiar resulta da necessidade de clarificar potenciais perigos e preparar melhor a interven\u00e7\u00e3o.","og_url":"https:\/\/portaltela.pt\/noticias\/2026\/01\/04\/operacao-a-dois-tumores-cerebrais-adiada-pela-quarta-vez\/","og_site_name":"Portal Tela Portugal","article_published_time":"2026-01-04T11:45:46+00:00","author":"Telinha","twitter_card":"summary_large_image","twitter_misc":{"Escrito por":"Telinha","Tempo estimado de leitura":"1 minuto"},"schema":{"@context":"https:\/\/schema.org","@graph":[{"@type":"Article","@id":"https:\/\/portaltela.pt\/noticias\/2026\/01\/04\/operacao-a-dois-tumores-cerebrais-adiada-pela-quarta-vez\/#article","isPartOf":{"@id":"https:\/\/portaltela.pt\/noticias\/2026\/01\/04\/operacao-a-dois-tumores-cerebrais-adiada-pela-quarta-vez\/"},"author":{"name":"Telinha","@id":"https:\/\/portaltela.pt\/#\/schema\/person\/c4278d4a6028830caff9ee44b42d32ed"},"headline":"Opera\u00e7\u00e3o a dois tumores cerebrais adiada pela quarta vez","datePublished":"2026-01-04T11:45:46+00:00","mainEntityOfPage":{"@id":"https:\/\/portaltela.pt\/noticias\/2026\/01\/04\/operacao-a-dois-tumores-cerebrais-adiada-pela-quarta-vez\/"},"wordCount":209,"image":{"@id":"https:\/\/portaltela.pt\/noticias\/2026\/01\/04\/operacao-a-dois-tumores-cerebrais-adiada-pela-quarta-vez\/#primaryimage"},"thumbnailUrl":"https:\/\/portaltela.pt\/s.01k8rhncp4jt1\/2026\/01\/img_1280x722uu2019-07-03-15-03-08-866075.jpg","keywords":["Cirurgia Geral","hospital","ocidente","sa\u00fade"],"articleSection":["Not\u00edcias"],"inLanguage":"pt-PT"},{"@type":"WebPage","@id":"https:\/\/portaltela.pt\/noticias\/2026\/01\/04\/operacao-a-dois-tumores-cerebrais-adiada-pela-quarta-vez\/","url":"https:\/\/portaltela.pt\/noticias\/2026\/01\/04\/operacao-a-dois-tumores-cerebrais-adiada-pela-quarta-vez\/","name":"Opera\u00e7\u00e3o a dois tumores cerebrais adiada pela quarta vez - Portal Tela Portugal","isPartOf":{"@id":"https:\/\/portaltela.pt\/#website"},"primaryImageOfPage":{"@id":"https:\/\/portaltela.pt\/noticias\/2026\/01\/04\/operacao-a-dois-tumores-cerebrais-adiada-pela-quarta-vez\/#primaryimage"},"image":{"@id":"https:\/\/portaltela.pt\/noticias\/2026\/01\/04\/operacao-a-dois-tumores-cerebrais-adiada-pela-quarta-vez\/#primaryimage"},"thumbnailUrl":"https:\/\/portaltela.pt\/s.01k8rhncp4jt1\/2026\/01\/img_1280x722uu2019-07-03-15-03-08-866075.jpg","datePublished":"2026-01-04T11:45:46+00:00","author":{"@id":"https:\/\/portaltela.pt\/#\/schema\/person\/c4278d4a6028830caff9ee44b42d32ed"},"breadcrumb":{"@id":"https:\/\/portaltela.pt\/noticias\/2026\/01\/04\/operacao-a-dois-tumores-cerebrais-adiada-pela-quarta-vez\/#breadcrumb"},"inLanguage":"pt-PT","potentialAction":[{"@type":"ReadAction","target":["https:\/\/portaltela.pt\/noticias\/2026\/01\/04\/operacao-a-dois-tumores-cerebrais-adiada-pela-quarta-vez\/"]}]},{"@type":"ImageObject","inLanguage":"pt-PT","@id":"https:\/\/portaltela.pt\/noticias\/2026\/01\/04\/operacao-a-dois-tumores-cerebrais-adiada-pela-quarta-vez\/#primaryimage","url":"https:\/\/portaltela.pt\/s.01k8rhncp4jt1\/2026\/01\/img_1280x722uu2019-07-03-15-03-08-866075.jpg","contentUrl":"https:\/\/portaltela.pt\/s.01k8rhncp4jt1\/2026\/01\/img_1280x722uu2019-07-03-15-03-08-866075.jpg","width":796,"height":448,"caption":"Opera\u00e7\u00e3o a dois tumores na cabe\u00e7a adiada quatro vezes"},{"@type":"BreadcrumbList","@id":"https:\/\/portaltela.pt\/noticias\/2026\/01\/04\/operacao-a-dois-tumores-cerebrais-adiada-pela-quarta-vez\/#breadcrumb","itemListElement":[{"@type":"ListItem","position":1,"name":"In\u00edcio","item":"https:\/\/portaltela.pt\/"},{"@type":"ListItem","position":2,"name":"Opera\u00e7\u00e3o a dois tumores cerebrais adiada pela quarta vez"}]},{"@type":"WebSite","@id":"https:\/\/portaltela.pt\/#website","url":"https:\/\/portaltela.pt\/","name":"Portal Tela Portugal","description":"","potentialAction":[{"@type":"SearchAction","target":{"@type":"EntryPoint","urlTemplate":"https:\/\/portaltela.pt\/?s={search_term_string}"},"query-input":{"@type":"PropertyValueSpecification","valueRequired":true,"valueName":"search_term_string"}}],"inLanguage":"pt-PT"},{"@type":"Person","@id":"https:\/\/portaltela.pt\/#\/schema\/person\/c4278d4a6028830caff9ee44b42d32ed","name":"Telinha","image":{"@type":"ImageObject","inLanguage":"pt-PT","@id":"https:\/\/portaltela.pt\/s.01k8rhncp4jt1\/2025\/11\/talking-bot-125x125.png","url":"https:\/\/portaltela.pt\/s.01k8rhncp4jt1\/2025\/11\/talking-bot-125x125.png","contentUrl":"https:\/\/portaltela.pt\/s.01k8rhncp4jt1\/2025\/11\/talking-bot-125x125.png","caption":"Telinha"},"sameAs":["https:\/\/portaltela.pt\/"],"url":"https:\/\/portaltela.pt\/por\/367410592786\/"}]}},"_links":{"self":[{"href":"https:\/\/portaltela.pt\/api\/wp\/v2\/posts\/116312","targetHints":{"allow":["GET"]}}],"collection":[{"href":"https:\/\/portaltela.pt\/api\/wp\/v2\/posts"}],"about":[{"href":"https:\/\/portaltela.pt\/api\/wp\/v2\/types\/post"}],"author":[{"embeddable":true,"href":"https:\/\/portaltela.pt\/api\/wp\/v2\/users\/2"}],"replies":[{"embeddable":true,"href":"https:\/\/portaltela.pt\/api\/wp\/v2\/comments?post=116312"}],"version-history":[{"count":0,"href":"https:\/\/portaltela.pt\/api\/wp\/v2\/posts\/116312\/revisions"}],"wp:featuredmedia":[{"embeddable":true,"href":"https:\/\/portaltela.pt\/api\/wp\/v2\/media\/116316"}],"wp:attachment":[{"href":"https:\/\/portaltela.pt\/api\/wp\/v2\/media?parent=116312"}],"wp:term":[{"taxonomy":"category","embeddable":true,"href":"https:\/\/portaltela.pt\/api\/wp\/v2\/categories?post=116312"},{"taxonomy":"post_tag","embeddable":true,"href":"https:\/\/portaltela.pt\/api\/wp\/v2\/tags?post=116312"}],"curies":[{"name":"wp","href":"https:\/\/api.w.org\/{rel}","templated":true}]}}