{"id":116120,"date":"2026-01-04T05:59:00","date_gmt":"2026-01-04T08:59:00","guid":{"rendered":"https:\/\/portaltela.pt\/noticias\/2026\/01\/04\/regista-1-265-casos-de-gripe-na-semana-do-natal-e-mortalidade-em-idosos\/"},"modified":"2026-01-04T05:59:00","modified_gmt":"2026-01-04T08:59:00","slug":"regista-1-265-casos-de-gripe-na-semana-do-natal-e-mortalidade-em-idosos","status":"publish","type":"post","link":"https:\/\/portaltela.pt\/noticias\/2026\/01\/04\/regista-1-265-casos-de-gripe-na-semana-do-natal-e-mortalidade-em-idosos\/","title":{"rendered":"Regista 1.265 casos de gripe na semana do Natal e mortalidade em idosos"},"content":{"rendered":"<p>O Instituto Nacional de Sa\u00fade Doutor Ricardo Jorge (INSA) informou que a avalia\u00e7\u00e3o da semana de 22 a 28 de dezembro aponta uma tend\u00eancia est\u00e1vel da SARI, apesar de a mortalidade ter ficado acima do previsto em Portugal. Os grupos mais afetados s\u00e3o crian\u00e7as at\u00e9 4 anos e pessoas com 65 ou mais.<\/p>\n<p>Nesta semana, foram registados 27 casos de SARI na Unidade Local de Sa\u00fade que fornece dados para a vigil\u00e2ncia, com uma taxa de 7,9 por 100.000 habitantes. Al\u00e9m disso, 16 casos de gripe foram reportados por 13 Unidades de Cuidados Intensivos, com um caso de influenza A(H3) e 15 n\u00e3o subtipados.<\/p>\n<h3>Casos de gripe e evolu\u00e7\u00e3o na UCI<\/h3>\n<p>A gripe representou 14,8% dos casos reportados nas UCI, um aumento face \u00e0 semana anterior (7,5%). Entre os doentes, 65+ predominou, com maior presen\u00e7a de comorbidades. Destas, 16 tinham doen\u00e7a cr\u00f3nica e 13 n\u00e3o estavam vacinadas contra a gripe sazonal.<\/p>\n<h3>Panorama de 2025\/2026 e mortalidade<\/h3>\n<p>Na \u00e9poca 2025\/2026, entre os dados de in\u00edcio da \u00e9poca, foram notificadas 51.993 infe\u00e7\u00f5es respirat\u00f3rias e 9.620 casos de gripe. Foram identificados outros agentes respirat\u00f3rios em 3.893 casos; RSV e Rinovirus\/Enterovirus foram os mais comuns.<\/p>\n<h3>Mortabilidade regional e faixas et\u00e1rias<\/h3>\n<p>A mortalidade por todas as causas esteve acima do esperado, com excesso nos registos das regi\u00f5es Norte, Centro, Alentejo e Lisboa e Vale do Tejo. Os dados destacam tamb\u00e9m maior impacto nos maiores de 65 anos.<\/p>\n<h3>Dados sobre RSV e crian\u00e7as<\/h3>\n<p>Desde a semana 40\/2024, foram registados 67 internamentos por RSV em crian\u00e7as com menos de 24 meses. Entre os casos, 16,4% tinham at\u00e9 3 meses, 16,7% eram prematuros e 6% precisaram de cuidados intensivos ou ventila\u00e7\u00e3o.<\/p>\n","protected":false},"excerpt":{"rendered":"<ul>\n<li>O Instituto Nacional de Sa\u00fade Ricardo Jorge (INSA) reporta que a taxa de infe\u00e7\u00e3o respirat\u00f3ria aguda grave (SARI) permaneceu est\u00e1vel na semana de 22 a 28 de dezembro, com mortalidade acima do previsto, especialmente entre 0\u20134 anos e 65+.<\/li>\n<li>Nesta semana registaram-se 27 casos de SARI numa Unidade Local de Sa\u00fade (ULS), com taxa de 7,9 por 100.000 habitantes; foram reportados 16 casos de gripe por 13 Unidades de Cuidados Intensivos (UCI): influenza A(H3) em 1 caso e A n\u00e3o subtipado em 15.<\/li>\n<li>A gripe representou 14,8% das admiss\u00f5es em UCI, aumentando face \u00e0 semana anterior (7,5%); 13 dos 16 pacientes com gripe tinham comorbidades e n\u00e3o estavam vacinados.<\/li>\n<li>Na \u00e9poca 2025\/2026, h\u00e1 51.993 infe\u00e7\u00f5es respirat\u00f3rias notificadas, com 9.620 casos de gripe; na semana foram detetados 360 outros agentes respirat\u00f3rios, com o v\u00edrus respirat\u00f3rio sincicial (RSV) e Rinov\u00edrus\/Enterov\u00edrus entre os mais comuns.<\/li>\n<li>A mortalidade acima do esperado persiste, com excessos nas regi\u00f5es Norte, Centro, Alentejo e Lisboa e Vale do Tejo, e entre pessoas com 65 ou mais anos; desde o in\u00edcio da \u00e9poca, RSV tem impacto relevante em crian\u00e7as at\u00e9 24 meses.<\/li>\n<\/ul>\n","protected":false},"author":2,"featured_media":116121,"comment_status":"closed","ping_status":"closed","sticky":false,"template":"","format":"standard","meta":{"footnotes":""},"categories":[1],"tags":[883,1905,2342,981,1014,271],"class_list":["post-116120","post","type-post","status-publish","format-standard","has-post-thumbnail","hentry","category-noticias","tag-alentejo","tag-gripe","tag-infeccao-respiratoria-aguda","tag-lisboa","tag-portugal","tag-saude-publica"],"yoast_head":"<!-- This site is optimized with the Yoast SEO plugin v27.2 - https:\/\/yoast.com\/product\/yoast-seo-wordpress\/ -->\n<title>Regista 1.265 casos de gripe na semana do Natal e mortalidade em idosos - Portal Tela Portugal<\/title>\n<meta name=\"robots\" content=\"index, follow, max-snippet:-1, max-image-preview:large, max-video-preview:-1\" \/>\n<meta property=\"og:locale\" content=\"pt_PT\" \/>\n<meta property=\"og:type\" content=\"article\" \/>\n<meta property=\"og:title\" content=\"Regista 1.265 casos de gripe na semana do Natal e mortalidade em idosos - Portal Tela Portugal\" \/>\n<meta property=\"og:description\" content=\"O Instituto Nacional de Sa\u00fade Ricardo Jorge (INSA) reporta que a taxa de infe\u00e7\u00e3o respirat\u00f3ria aguda grave (SARI) permaneceu est\u00e1vel na semana de 22 a 28 de dezembro, com mortalidade acima do previsto, especialmente entre 0\u20134 anos e 65+. Nesta semana registaram-se 27 casos de SARI numa Unidade Local de Sa\u00fade (ULS), com taxa de 7,9 por 100.000 habitantes; foram reportados 16 casos de gripe por 13 Unidades de Cuidados Intensivos (UCI): influenza A(H3) em 1 caso e A n\u00e3o subtipado em 15. A gripe representou 14,8% das admiss\u00f5es em UCI, aumentando face \u00e0 semana anterior (7,5%); 13 dos 16 pacientes com gripe tinham comorbidades e n\u00e3o estavam vacinados. Na \u00e9poca 2025\/2026, h\u00e1 51.993 infe\u00e7\u00f5es respirat\u00f3rias notificadas, com 9.620 casos de gripe; na semana foram detetados 360 outros agentes respirat\u00f3rios, com o v\u00edrus respirat\u00f3rio sincicial (RSV) e Rinov\u00edrus\/Enterov\u00edrus entre os mais comuns. A mortalidade acima do esperado persiste, com excessos nas regi\u00f5es Norte, Centro, Alentejo e Lisboa e Vale do Tejo, e entre pessoas com 65 ou mais anos; desde o in\u00edcio da \u00e9poca, RSV tem impacto relevante em crian\u00e7as at\u00e9 24 meses.\" \/>\n<meta property=\"og:url\" content=\"https:\/\/portaltela.pt\/noticias\/2026\/01\/04\/regista-1-265-casos-de-gripe-na-semana-do-natal-e-mortalidade-em-idosos\/\" \/>\n<meta property=\"og:site_name\" content=\"Portal Tela Portugal\" \/>\n<meta property=\"article:published_time\" content=\"2026-01-04T08:59:00+00:00\" \/>\n<meta name=\"author\" content=\"Telinha\" \/>\n<meta name=\"twitter:card\" content=\"summary_large_image\" \/>\n<meta name=\"twitter:label1\" content=\"Escrito por\" \/>\n\t<meta name=\"twitter:data1\" content=\"Telinha\" \/>\n\t<meta name=\"twitter:label2\" content=\"Tempo estimado de leitura\" \/>\n\t<meta name=\"twitter:data2\" content=\"1 minuto\" \/>\n<script type=\"application\/ld+json\" class=\"yoast-schema-graph\">{\"@context\":\"https:\/\/schema.org\",\"@graph\":[{\"@type\":\"Article\",\"@id\":\"https:\/\/portaltela.pt\/noticias\/2026\/01\/04\/regista-1-265-casos-de-gripe-na-semana-do-natal-e-mortalidade-em-idosos\/#article\",\"isPartOf\":{\"@id\":\"https:\/\/portaltela.pt\/noticias\/2026\/01\/04\/regista-1-265-casos-de-gripe-na-semana-do-natal-e-mortalidade-em-idosos\/\"},\"author\":{\"name\":\"Telinha\",\"@id\":\"https:\/\/portaltela.pt\/#\/schema\/person\/c4278d4a6028830caff9ee44b42d32ed\"},\"headline\":\"Regista 1.265 casos de gripe na semana do Natal e mortalidade em idosos\",\"datePublished\":\"2026-01-04T08:59:00+00:00\",\"mainEntityOfPage\":{\"@id\":\"https:\/\/portaltela.pt\/noticias\/2026\/01\/04\/regista-1-265-casos-de-gripe-na-semana-do-natal-e-mortalidade-em-idosos\/\"},\"wordCount\":283,\"image\":{\"@id\":\"https:\/\/portaltela.pt\/noticias\/2026\/01\/04\/regista-1-265-casos-de-gripe-na-semana-do-natal-e-mortalidade-em-idosos\/#primaryimage\"},\"thumbnailUrl\":\"https:\/\/portaltela.pt\/s.01k8rhncp4jt1\/2026\/01\/Doente_Mascara_Gripe.jpg\",\"keywords\":[\"Alentejo\",\"gripe\",\"infec\u00e7\u00e3o respirat\u00f3ria aguda\",\"Lisboa\",\"Portugal\",\"sa\u00fade p\u00fablica\"],\"articleSection\":[\"Not\u00edcias\"],\"inLanguage\":\"pt-PT\"},{\"@type\":\"WebPage\",\"@id\":\"https:\/\/portaltela.pt\/noticias\/2026\/01\/04\/regista-1-265-casos-de-gripe-na-semana-do-natal-e-mortalidade-em-idosos\/\",\"url\":\"https:\/\/portaltela.pt\/noticias\/2026\/01\/04\/regista-1-265-casos-de-gripe-na-semana-do-natal-e-mortalidade-em-idosos\/\",\"name\":\"Regista 1.265 casos de gripe na semana do Natal e mortalidade em idosos - Portal Tela Portugal\",\"isPartOf\":{\"@id\":\"https:\/\/portaltela.pt\/#website\"},\"primaryImageOfPage\":{\"@id\":\"https:\/\/portaltela.pt\/noticias\/2026\/01\/04\/regista-1-265-casos-de-gripe-na-semana-do-natal-e-mortalidade-em-idosos\/#primaryimage\"},\"image\":{\"@id\":\"https:\/\/portaltela.pt\/noticias\/2026\/01\/04\/regista-1-265-casos-de-gripe-na-semana-do-natal-e-mortalidade-em-idosos\/#primaryimage\"},\"thumbnailUrl\":\"https:\/\/portaltela.pt\/s.01k8rhncp4jt1\/2026\/01\/Doente_Mascara_Gripe.jpg\",\"datePublished\":\"2026-01-04T08:59:00+00:00\",\"author\":{\"@id\":\"https:\/\/portaltela.pt\/#\/schema\/person\/c4278d4a6028830caff9ee44b42d32ed\"},\"breadcrumb\":{\"@id\":\"https:\/\/portaltela.pt\/noticias\/2026\/01\/04\/regista-1-265-casos-de-gripe-na-semana-do-natal-e-mortalidade-em-idosos\/#breadcrumb\"},\"inLanguage\":\"pt-PT\",\"potentialAction\":[{\"@type\":\"ReadAction\",\"target\":[\"https:\/\/portaltela.pt\/noticias\/2026\/01\/04\/regista-1-265-casos-de-gripe-na-semana-do-natal-e-mortalidade-em-idosos\/\"]}]},{\"@type\":\"ImageObject\",\"inLanguage\":\"pt-PT\",\"@id\":\"https:\/\/portaltela.pt\/noticias\/2026\/01\/04\/regista-1-265-casos-de-gripe-na-semana-do-natal-e-mortalidade-em-idosos\/#primaryimage\",\"url\":\"https:\/\/portaltela.pt\/s.01k8rhncp4jt1\/2026\/01\/Doente_Mascara_Gripe.jpg\",\"contentUrl\":\"https:\/\/portaltela.pt\/s.01k8rhncp4jt1\/2026\/01\/Doente_Mascara_Gripe.jpg\",\"width\":796,\"height\":448,\"caption\":\"ULS Lez\u00edria recomenda uso de m\u00e1scara nas suas unidades de sa\u00fade\"},{\"@type\":\"BreadcrumbList\",\"@id\":\"https:\/\/portaltela.pt\/noticias\/2026\/01\/04\/regista-1-265-casos-de-gripe-na-semana-do-natal-e-mortalidade-em-idosos\/#breadcrumb\",\"itemListElement\":[{\"@type\":\"ListItem\",\"position\":1,\"name\":\"In\u00edcio\",\"item\":\"https:\/\/portaltela.pt\/\"},{\"@type\":\"ListItem\",\"position\":2,\"name\":\"Regista 1.265 casos de gripe na semana do Natal e mortalidade em idosos\"}]},{\"@type\":\"WebSite\",\"@id\":\"https:\/\/portaltela.pt\/#website\",\"url\":\"https:\/\/portaltela.pt\/\",\"name\":\"Portal Tela Portugal\",\"description\":\"\",\"potentialAction\":[{\"@type\":\"SearchAction\",\"target\":{\"@type\":\"EntryPoint\",\"urlTemplate\":\"https:\/\/portaltela.pt\/?s={search_term_string}\"},\"query-input\":{\"@type\":\"PropertyValueSpecification\",\"valueRequired\":true,\"valueName\":\"search_term_string\"}}],\"inLanguage\":\"pt-PT\"},{\"@type\":\"Person\",\"@id\":\"https:\/\/portaltela.pt\/#\/schema\/person\/c4278d4a6028830caff9ee44b42d32ed\",\"name\":\"Telinha\",\"image\":{\"@type\":\"ImageObject\",\"inLanguage\":\"pt-PT\",\"@id\":\"https:\/\/portaltela.pt\/s.01k8rhncp4jt1\/2025\/11\/talking-bot-125x125.png\",\"url\":\"https:\/\/portaltela.pt\/s.01k8rhncp4jt1\/2025\/11\/talking-bot-125x125.png\",\"contentUrl\":\"https:\/\/portaltela.pt\/s.01k8rhncp4jt1\/2025\/11\/talking-bot-125x125.png\",\"caption\":\"Telinha\"},\"sameAs\":[\"https:\/\/portaltela.pt\/\"],\"url\":\"https:\/\/portaltela.pt\/por\/367410592786\/\"}]}<\/script>\n<!-- \/ Yoast SEO plugin. -->","yoast_head_json":{"title":"Regista 1.265 casos de gripe na semana do Natal e mortalidade em idosos - Portal Tela Portugal","robots":{"index":"index","follow":"follow","max-snippet":"max-snippet:-1","max-image-preview":"max-image-preview:large","max-video-preview":"max-video-preview:-1"},"og_locale":"pt_PT","og_type":"article","og_title":"Regista 1.265 casos de gripe na semana do Natal e mortalidade em idosos - Portal Tela Portugal","og_description":"O Instituto Nacional de Sa\u00fade Ricardo Jorge (INSA) reporta que a taxa de infe\u00e7\u00e3o respirat\u00f3ria aguda grave (SARI) permaneceu est\u00e1vel na semana de 22 a 28 de dezembro, com mortalidade acima do previsto, especialmente entre 0\u20134 anos e 65+. Nesta semana registaram-se 27 casos de SARI numa Unidade Local de Sa\u00fade (ULS), com taxa de 7,9 por 100.000 habitantes; foram reportados 16 casos de gripe por 13 Unidades de Cuidados Intensivos (UCI): influenza A(H3) em 1 caso e A n\u00e3o subtipado em 15. A gripe representou 14,8% das admiss\u00f5es em UCI, aumentando face \u00e0 semana anterior (7,5%); 13 dos 16 pacientes com gripe tinham comorbidades e n\u00e3o estavam vacinados. Na \u00e9poca 2025\/2026, h\u00e1 51.993 infe\u00e7\u00f5es respirat\u00f3rias notificadas, com 9.620 casos de gripe; na semana foram detetados 360 outros agentes respirat\u00f3rios, com o v\u00edrus respirat\u00f3rio sincicial (RSV) e Rinov\u00edrus\/Enterov\u00edrus entre os mais comuns. A mortalidade acima do esperado persiste, com excessos nas regi\u00f5es Norte, Centro, Alentejo e Lisboa e Vale do Tejo, e entre pessoas com 65 ou mais anos; desde o in\u00edcio da \u00e9poca, RSV tem impacto relevante em crian\u00e7as at\u00e9 24 meses.","og_url":"https:\/\/portaltela.pt\/noticias\/2026\/01\/04\/regista-1-265-casos-de-gripe-na-semana-do-natal-e-mortalidade-em-idosos\/","og_site_name":"Portal Tela Portugal","article_published_time":"2026-01-04T08:59:00+00:00","author":"Telinha","twitter_card":"summary_large_image","twitter_misc":{"Escrito por":"Telinha","Tempo estimado de leitura":"1 minuto"},"schema":{"@context":"https:\/\/schema.org","@graph":[{"@type":"Article","@id":"https:\/\/portaltela.pt\/noticias\/2026\/01\/04\/regista-1-265-casos-de-gripe-na-semana-do-natal-e-mortalidade-em-idosos\/#article","isPartOf":{"@id":"https:\/\/portaltela.pt\/noticias\/2026\/01\/04\/regista-1-265-casos-de-gripe-na-semana-do-natal-e-mortalidade-em-idosos\/"},"author":{"name":"Telinha","@id":"https:\/\/portaltela.pt\/#\/schema\/person\/c4278d4a6028830caff9ee44b42d32ed"},"headline":"Regista 1.265 casos de gripe na semana do Natal e mortalidade em idosos","datePublished":"2026-01-04T08:59:00+00:00","mainEntityOfPage":{"@id":"https:\/\/portaltela.pt\/noticias\/2026\/01\/04\/regista-1-265-casos-de-gripe-na-semana-do-natal-e-mortalidade-em-idosos\/"},"wordCount":283,"image":{"@id":"https:\/\/portaltela.pt\/noticias\/2026\/01\/04\/regista-1-265-casos-de-gripe-na-semana-do-natal-e-mortalidade-em-idosos\/#primaryimage"},"thumbnailUrl":"https:\/\/portaltela.pt\/s.01k8rhncp4jt1\/2026\/01\/Doente_Mascara_Gripe.jpg","keywords":["Alentejo","gripe","infec\u00e7\u00e3o respirat\u00f3ria aguda","Lisboa","Portugal","sa\u00fade p\u00fablica"],"articleSection":["Not\u00edcias"],"inLanguage":"pt-PT"},{"@type":"WebPage","@id":"https:\/\/portaltela.pt\/noticias\/2026\/01\/04\/regista-1-265-casos-de-gripe-na-semana-do-natal-e-mortalidade-em-idosos\/","url":"https:\/\/portaltela.pt\/noticias\/2026\/01\/04\/regista-1-265-casos-de-gripe-na-semana-do-natal-e-mortalidade-em-idosos\/","name":"Regista 1.265 casos de gripe na semana do Natal e mortalidade em idosos - Portal Tela Portugal","isPartOf":{"@id":"https:\/\/portaltela.pt\/#website"},"primaryImageOfPage":{"@id":"https:\/\/portaltela.pt\/noticias\/2026\/01\/04\/regista-1-265-casos-de-gripe-na-semana-do-natal-e-mortalidade-em-idosos\/#primaryimage"},"image":{"@id":"https:\/\/portaltela.pt\/noticias\/2026\/01\/04\/regista-1-265-casos-de-gripe-na-semana-do-natal-e-mortalidade-em-idosos\/#primaryimage"},"thumbnailUrl":"https:\/\/portaltela.pt\/s.01k8rhncp4jt1\/2026\/01\/Doente_Mascara_Gripe.jpg","datePublished":"2026-01-04T08:59:00+00:00","author":{"@id":"https:\/\/portaltela.pt\/#\/schema\/person\/c4278d4a6028830caff9ee44b42d32ed"},"breadcrumb":{"@id":"https:\/\/portaltela.pt\/noticias\/2026\/01\/04\/regista-1-265-casos-de-gripe-na-semana-do-natal-e-mortalidade-em-idosos\/#breadcrumb"},"inLanguage":"pt-PT","potentialAction":[{"@type":"ReadAction","target":["https:\/\/portaltela.pt\/noticias\/2026\/01\/04\/regista-1-265-casos-de-gripe-na-semana-do-natal-e-mortalidade-em-idosos\/"]}]},{"@type":"ImageObject","inLanguage":"pt-PT","@id":"https:\/\/portaltela.pt\/noticias\/2026\/01\/04\/regista-1-265-casos-de-gripe-na-semana-do-natal-e-mortalidade-em-idosos\/#primaryimage","url":"https:\/\/portaltela.pt\/s.01k8rhncp4jt1\/2026\/01\/Doente_Mascara_Gripe.jpg","contentUrl":"https:\/\/portaltela.pt\/s.01k8rhncp4jt1\/2026\/01\/Doente_Mascara_Gripe.jpg","width":796,"height":448,"caption":"ULS Lez\u00edria recomenda uso de m\u00e1scara nas suas unidades de sa\u00fade"},{"@type":"BreadcrumbList","@id":"https:\/\/portaltela.pt\/noticias\/2026\/01\/04\/regista-1-265-casos-de-gripe-na-semana-do-natal-e-mortalidade-em-idosos\/#breadcrumb","itemListElement":[{"@type":"ListItem","position":1,"name":"In\u00edcio","item":"https:\/\/portaltela.pt\/"},{"@type":"ListItem","position":2,"name":"Regista 1.265 casos de gripe na semana do Natal e mortalidade em idosos"}]},{"@type":"WebSite","@id":"https:\/\/portaltela.pt\/#website","url":"https:\/\/portaltela.pt\/","name":"Portal Tela Portugal","description":"","potentialAction":[{"@type":"SearchAction","target":{"@type":"EntryPoint","urlTemplate":"https:\/\/portaltela.pt\/?s={search_term_string}"},"query-input":{"@type":"PropertyValueSpecification","valueRequired":true,"valueName":"search_term_string"}}],"inLanguage":"pt-PT"},{"@type":"Person","@id":"https:\/\/portaltela.pt\/#\/schema\/person\/c4278d4a6028830caff9ee44b42d32ed","name":"Telinha","image":{"@type":"ImageObject","inLanguage":"pt-PT","@id":"https:\/\/portaltela.pt\/s.01k8rhncp4jt1\/2025\/11\/talking-bot-125x125.png","url":"https:\/\/portaltela.pt\/s.01k8rhncp4jt1\/2025\/11\/talking-bot-125x125.png","contentUrl":"https:\/\/portaltela.pt\/s.01k8rhncp4jt1\/2025\/11\/talking-bot-125x125.png","caption":"Telinha"},"sameAs":["https:\/\/portaltela.pt\/"],"url":"https:\/\/portaltela.pt\/por\/367410592786\/"}]}},"_links":{"self":[{"href":"https:\/\/portaltela.pt\/api\/wp\/v2\/posts\/116120","targetHints":{"allow":["GET"]}}],"collection":[{"href":"https:\/\/portaltela.pt\/api\/wp\/v2\/posts"}],"about":[{"href":"https:\/\/portaltela.pt\/api\/wp\/v2\/types\/post"}],"author":[{"embeddable":true,"href":"https:\/\/portaltela.pt\/api\/wp\/v2\/users\/2"}],"replies":[{"embeddable":true,"href":"https:\/\/portaltela.pt\/api\/wp\/v2\/comments?post=116120"}],"version-history":[{"count":0,"href":"https:\/\/portaltela.pt\/api\/wp\/v2\/posts\/116120\/revisions"}],"wp:featuredmedia":[{"embeddable":true,"href":"https:\/\/portaltela.pt\/api\/wp\/v2\/media\/116121"}],"wp:attachment":[{"href":"https:\/\/portaltela.pt\/api\/wp\/v2\/media?parent=116120"}],"wp:term":[{"taxonomy":"category","embeddable":true,"href":"https:\/\/portaltela.pt\/api\/wp\/v2\/categories?post=116120"},{"taxonomy":"post_tag","embeddable":true,"href":"https:\/\/portaltela.pt\/api\/wp\/v2\/tags?post=116120"}],"curies":[{"name":"wp","href":"https:\/\/api.w.org\/{rel}","templated":true}]}}