{"id":115193,"date":"2026-01-03T14:17:30","date_gmt":"2026-01-03T17:17:30","guid":{"rendered":"https:\/\/portaltela.pt\/noticias\/2026\/01\/03\/viver-com-o-cancer-diariamente-e-ousar-sonhar\/"},"modified":"2026-01-03T14:17:30","modified_gmt":"2026-01-03T17:17:30","slug":"viver-com-o-cancer-diariamente-e-ousar-sonhar","status":"publish","type":"post","link":"https:\/\/portaltela.pt\/noticias\/2026\/01\/03\/viver-com-o-cancer-diariamente-e-ousar-sonhar\/","title":{"rendered":"Viver com o c\u00e2ncer diariamente e ousar sonhar"},"content":{"rendered":"<p>Tr\u00eas pacientes diagnosticados com cancro h\u00e1 mais de uma d\u00e9cada mant\u00eam atividades di\u00e1rias como estudo, trabalho e gest\u00e3o de vida pessoal. Superaram progn\u00f3sticos desalentadores, recorreram a tratamentos extensos e ensaios cl\u00ednicos, mantendo o foco no futuro.<\/p>\n<p>Paula Magalh\u00e3es, 59 anos, integrou um grupo de estudo da gen\u00e9tica durante cerca de quatro anos e participou num ensaio cl\u00ednico mundial de sete anos. Hoje est\u00e1 est\u00e1vel ap\u00f3s v\u00e1rios tratamentos, incluindo uma mastectomia e quimioterapia.<\/p>\n<p>Manuel Santos, 67 anos, recebeu quimioterapia oral desde 2019 e gerencia um espa\u00e7o desportivo municipal. Mant\u00e9m visitas regulares ao IPO do Porto para tratamento e encontra tranquilidade na horta terap\u00eautica.<\/p>\n<p>In\u00eas Carvalho, 36 anos, finalizou o tratamento em 2015 e retomou os estudos. Concluiu a licenciatura, fez uma p\u00f3s-gradua\u00e7\u00e3o ligada ao turismo rural e investiga novas l\u00ednguas, procurando manter a vida acad\u00e9mica e profissional.<\/p>\n<h3>Paula Magalh\u00e3es<\/h3>\n<p>Ao longo de f\u00e9rias, Paula descobriu dois n\u00f3dulos no peito e seguiu para cirurgia no IPO do Porto ap\u00f3s a bi\u00f3psia no Hospital T\u00e2mega e Sousa. A recupera\u00e7\u00e3o incluiu a mastectomia e quimioterapia.<\/p>\n<p>A propriet\u00e1ria de restaurante descreve ter enfrentado a doen\u00e7a com foco na fam\u00edlia, especialmente nos tr\u00eas filhos. A gest\u00e3o de compromissos profissionais acompanhou o tratamento.<\/p>\n<p>Participou num estudo gen\u00e9tico com cerca de quatro anos de acompanhamento. Surgiram n\u00f3dulos adicionais, mas o tratamento foi bem-sucedido, mantendo-se estabilizada.<\/p>\n<p>O envolvimento num ensaio cl\u00ednico mundial de sete anos levou Paula a ser a \u00fanica participante a terminar o protocolo. Segundo a sua experi\u00eancia, o medicamento revelou-se eficaz e a condi\u00e7\u00e3o estabilizou.<\/p>\n<h3>Manuel Santos<\/h3>\n<p>Aos 56 anos, Manuel abriu o IPO do Porto com queixas no osso il\u00edaco e recebeu diagn\u00f3stico de cancro \u00f3sseo e pulmonar. O diagn\u00f3stico de tumor inoper\u00e1vel foi um choque inicial.<\/p>\n<p>Recuperou for\u00e7as com apoio psicol\u00f3gico e come\u00e7ou a quimioterapia oral apenas em 2019, subsequente \u00e0 quimioterapia intravenosa inicial. Hoje descreve melhoria significativa no seu estado.<\/p>\n<p>Mant\u00e9m atividades de gest\u00e3o de um espa\u00e7o desportivo da C\u00e2mara Municipal de S\u00e3o Jo\u00e3o da Pesqueira, deslocando-se com regularidade ao IPO do Porto para tratamento.<\/p>\n<p>A sua rotina inclui terapia na horta entre a fruta e a horta, pr\u00e1tica que ajuda a suportar a doen\u00e7a enquanto continua a trabalhar.<\/p>\n<h3>In\u00eas Carvalho<\/h3>\n<p>In\u00eas soube, h\u00e1 13 anos, que tinha linfoma de Hodgkin, detectado no fim da licenciatura. O diagn\u00f3stico contrariou a probabilidade de recupera\u00e7\u00e3o do primeiro regime terap\u00eautico.<\/p>\n<p>Seguiram-se tr\u00eas anos de tratamentos com recidivas r\u00e1pidas, incluindo um autotransplante. Mesmo com contratempos, continuou os estudos, concluindo a licenciatura e uma p\u00f3s-gradua\u00e7\u00e3o em turismo rural.<\/p>\n<p>O regresso aos estudos manteve-se mesmo diante de limita\u00e7\u00f5es profissionais, com aulas presenciais e remotas adaptadas \u00e0 condi\u00e7\u00e3o de sa\u00fade. Ao longo do processo recebeu apoio institucional.<\/p>\n<p>No dia 9 de janeiro de 2015 terminou o tratamento no IPO do Porto, marcando uma nova fase de vida com foco acad\u00e9mico e profissional.<\/p>\n","protected":false},"excerpt":{"rendered":"<ul>\n<li>Paula Magalh\u00e3es, 59 anos, teve cancro da mama h\u00e1 cerca de vinte e tr\u00eas anos, fez mastectomia e quimioterapia no IPO do Porto e, hoje, est\u00e1 est\u00e1vel ap\u00f3s um grupo de estudo g\u00e9nico e um ensaio cl\u00ednico mundial de sete anos.<\/li>\n<li>Manuel Santos, 67 anos, recebeu quimioterapia intravenosa h\u00e1 v\u00e1rios anos e, desde 2019, quimioterapia oral; gere um espa\u00e7o desportivo municipal e faz terapia na horta, viajando com frequ\u00eancia ao IPO do Porto para tratamento.<\/li>\n<li>In\u00eas Carvalho, 36 anos, diagnosticada com linfoma de Hodgkin h\u00e1 treze anos, concluiu a licenciatura durante o tratamento e, mais tarde, realizou uma p\u00f3s-gradua\u00e7\u00e3o em turismo rural; voltou a estudar depois de interrup\u00e7\u00f5es e aprendeu v\u00e1rias l\u00ednguas.<\/li>\n<li>Paula integrou um grupo de estudo da gen\u00e9tica durante quase quatro anos e participou num ensaio cl\u00ednico mundial para cem mulheres, mantendo-se firme at\u00e9 ao fim.<\/li>\n<li>Os tr\u00eas pacientes continuam a estudar, trabalhar ou manter atividades de vida quotidiana, enfrentando o cancro com tratamentos prolongados e apoio psicol\u00f3gico, mantendo-se acompanhados pelo IPO do Porto.<\/li>\n<\/ul>\n","protected":false},"author":2,"featured_media":115195,"comment_status":"closed","ping_status":"closed","sticky":false,"template":"","format":"standard","meta":{"footnotes":""},"categories":[1],"tags":[1874,215,982,924,172,140],"class_list":["post-115193","post","type-post","status-publish","format-standard","has-post-thumbnail","hentry","category-noticias","tag-cancer","tag-investigacao","tag-porto","tag-quimioterapia","tag-saude","tag-tratamentos"],"yoast_head":"<!-- This site is optimized with the Yoast SEO plugin v27.2 - https:\/\/yoast.com\/product\/yoast-seo-wordpress\/ -->\n<title>Viver com o c\u00e2ncer diariamente e ousar sonhar - Portal Tela Portugal<\/title>\n<meta name=\"robots\" content=\"index, follow, max-snippet:-1, max-image-preview:large, max-video-preview:-1\" \/>\n<meta property=\"og:locale\" content=\"pt_PT\" \/>\n<meta property=\"og:type\" content=\"article\" \/>\n<meta property=\"og:title\" content=\"Viver com o c\u00e2ncer diariamente e ousar sonhar - Portal Tela Portugal\" \/>\n<meta property=\"og:description\" content=\"Paula Magalh\u00e3es, 59 anos, teve cancro da mama h\u00e1 cerca de vinte e tr\u00eas anos, fez mastectomia e quimioterapia no IPO do Porto e, hoje, est\u00e1 est\u00e1vel ap\u00f3s um grupo de estudo g\u00e9nico e um ensaio cl\u00ednico mundial de sete anos. Manuel Santos, 67 anos, recebeu quimioterapia intravenosa h\u00e1 v\u00e1rios anos e, desde 2019, quimioterapia oral; gere um espa\u00e7o desportivo municipal e faz terapia na horta, viajando com frequ\u00eancia ao IPO do Porto para tratamento. In\u00eas Carvalho, 36 anos, diagnosticada com linfoma de Hodgkin h\u00e1 treze anos, concluiu a licenciatura durante o tratamento e, mais tarde, realizou uma p\u00f3s-gradua\u00e7\u00e3o em turismo rural; voltou a estudar depois de interrup\u00e7\u00f5es e aprendeu v\u00e1rias l\u00ednguas. Paula integrou um grupo de estudo da gen\u00e9tica durante quase quatro anos e participou num ensaio cl\u00ednico mundial para cem mulheres, mantendo-se firme at\u00e9 ao fim. Os tr\u00eas pacientes continuam a estudar, trabalhar ou manter atividades de vida quotidiana, enfrentando o cancro com tratamentos prolongados e apoio psicol\u00f3gico, mantendo-se acompanhados pelo IPO do Porto.\" \/>\n<meta property=\"og:url\" content=\"https:\/\/portaltela.pt\/noticias\/2026\/01\/03\/viver-com-o-cancer-diariamente-e-ousar-sonhar\/\" \/>\n<meta property=\"og:site_name\" content=\"Portal Tela Portugal\" \/>\n<meta property=\"article:published_time\" content=\"2026-01-03T17:17:30+00:00\" \/>\n<meta name=\"author\" content=\"Telinha\" \/>\n<meta name=\"twitter:card\" content=\"summary_large_image\" \/>\n<meta name=\"twitter:label1\" content=\"Escrito por\" \/>\n\t<meta name=\"twitter:data1\" content=\"Telinha\" \/>\n\t<meta name=\"twitter:label2\" content=\"Tempo estimado de leitura\" \/>\n\t<meta name=\"twitter:data2\" content=\"3 minutos\" \/>\n<script type=\"application\/ld+json\" class=\"yoast-schema-graph\">{\"@context\":\"https:\/\/schema.org\",\"@graph\":[{\"@type\":\"Article\",\"@id\":\"https:\/\/portaltela.pt\/noticias\/2026\/01\/03\/viver-com-o-cancer-diariamente-e-ousar-sonhar\/#article\",\"isPartOf\":{\"@id\":\"https:\/\/portaltela.pt\/noticias\/2026\/01\/03\/viver-com-o-cancer-diariamente-e-ousar-sonhar\/\"},\"author\":{\"name\":\"Telinha\",\"@id\":\"https:\/\/portaltela.pt\/#\/schema\/person\/c4278d4a6028830caff9ee44b42d32ed\"},\"headline\":\"Viver com o c\u00e2ncer diariamente e ousar sonhar\",\"datePublished\":\"2026-01-03T17:17:30+00:00\",\"mainEntityOfPage\":{\"@id\":\"https:\/\/portaltela.pt\/noticias\/2026\/01\/03\/viver-com-o-cancer-diariamente-e-ousar-sonhar\/\"},\"wordCount\":525,\"image\":{\"@id\":\"https:\/\/portaltela.pt\/noticias\/2026\/01\/03\/viver-com-o-cancer-diariamente-e-ousar-sonhar\/#primaryimage\"},\"thumbnailUrl\":\"https:\/\/portaltela.pt\/s.01k8rhncp4jt1\/2026\/01\/unnamed-file-603.jpg\",\"keywords\":[\"C\u00e2ncer\",\"investiga\u00e7\u00e3o\",\"Porto\",\"quimioterapia\",\"sa\u00fade\",\"tratamentos\"],\"articleSection\":[\"Not\u00edcias\"],\"inLanguage\":\"pt-PT\"},{\"@type\":\"WebPage\",\"@id\":\"https:\/\/portaltela.pt\/noticias\/2026\/01\/03\/viver-com-o-cancer-diariamente-e-ousar-sonhar\/\",\"url\":\"https:\/\/portaltela.pt\/noticias\/2026\/01\/03\/viver-com-o-cancer-diariamente-e-ousar-sonhar\/\",\"name\":\"Viver com o c\u00e2ncer diariamente e ousar sonhar - Portal Tela Portugal\",\"isPartOf\":{\"@id\":\"https:\/\/portaltela.pt\/#website\"},\"primaryImageOfPage\":{\"@id\":\"https:\/\/portaltela.pt\/noticias\/2026\/01\/03\/viver-com-o-cancer-diariamente-e-ousar-sonhar\/#primaryimage\"},\"image\":{\"@id\":\"https:\/\/portaltela.pt\/noticias\/2026\/01\/03\/viver-com-o-cancer-diariamente-e-ousar-sonhar\/#primaryimage\"},\"thumbnailUrl\":\"https:\/\/portaltela.pt\/s.01k8rhncp4jt1\/2026\/01\/unnamed-file-603.jpg\",\"datePublished\":\"2026-01-03T17:17:30+00:00\",\"author\":{\"@id\":\"https:\/\/portaltela.pt\/#\/schema\/person\/c4278d4a6028830caff9ee44b42d32ed\"},\"breadcrumb\":{\"@id\":\"https:\/\/portaltela.pt\/noticias\/2026\/01\/03\/viver-com-o-cancer-diariamente-e-ousar-sonhar\/#breadcrumb\"},\"inLanguage\":\"pt-PT\",\"potentialAction\":[{\"@type\":\"ReadAction\",\"target\":[\"https:\/\/portaltela.pt\/noticias\/2026\/01\/03\/viver-com-o-cancer-diariamente-e-ousar-sonhar\/\"]}]},{\"@type\":\"ImageObject\",\"inLanguage\":\"pt-PT\",\"@id\":\"https:\/\/portaltela.pt\/noticias\/2026\/01\/03\/viver-com-o-cancer-diariamente-e-ousar-sonhar\/#primaryimage\",\"url\":\"https:\/\/portaltela.pt\/s.01k8rhncp4jt1\/2026\/01\/unnamed-file-603.jpg\",\"contentUrl\":\"https:\/\/portaltela.pt\/s.01k8rhncp4jt1\/2026\/01\/unnamed-file-603.jpg\",\"width\":796,\"height\":448,\"caption\":\"Viver com o cancro todos os dias e ousar continuar a sonhar\"},{\"@type\":\"BreadcrumbList\",\"@id\":\"https:\/\/portaltela.pt\/noticias\/2026\/01\/03\/viver-com-o-cancer-diariamente-e-ousar-sonhar\/#breadcrumb\",\"itemListElement\":[{\"@type\":\"ListItem\",\"position\":1,\"name\":\"In\u00edcio\",\"item\":\"https:\/\/portaltela.pt\/\"},{\"@type\":\"ListItem\",\"position\":2,\"name\":\"Viver com o c\u00e2ncer diariamente e ousar sonhar\"}]},{\"@type\":\"WebSite\",\"@id\":\"https:\/\/portaltela.pt\/#website\",\"url\":\"https:\/\/portaltela.pt\/\",\"name\":\"Portal Tela Portugal\",\"description\":\"\",\"potentialAction\":[{\"@type\":\"SearchAction\",\"target\":{\"@type\":\"EntryPoint\",\"urlTemplate\":\"https:\/\/portaltela.pt\/?s={search_term_string}\"},\"query-input\":{\"@type\":\"PropertyValueSpecification\",\"valueRequired\":true,\"valueName\":\"search_term_string\"}}],\"inLanguage\":\"pt-PT\"},{\"@type\":\"Person\",\"@id\":\"https:\/\/portaltela.pt\/#\/schema\/person\/c4278d4a6028830caff9ee44b42d32ed\",\"name\":\"Telinha\",\"image\":{\"@type\":\"ImageObject\",\"inLanguage\":\"pt-PT\",\"@id\":\"https:\/\/portaltela.pt\/s.01k8rhncp4jt1\/2025\/11\/talking-bot-125x125.png\",\"url\":\"https:\/\/portaltela.pt\/s.01k8rhncp4jt1\/2025\/11\/talking-bot-125x125.png\",\"contentUrl\":\"https:\/\/portaltela.pt\/s.01k8rhncp4jt1\/2025\/11\/talking-bot-125x125.png\",\"caption\":\"Telinha\"},\"sameAs\":[\"https:\/\/portaltela.pt\/\"],\"url\":\"https:\/\/portaltela.pt\/por\/367410592786\/\"}]}<\/script>\n<!-- \/ Yoast SEO plugin. -->","yoast_head_json":{"title":"Viver com o c\u00e2ncer diariamente e ousar sonhar - Portal Tela Portugal","robots":{"index":"index","follow":"follow","max-snippet":"max-snippet:-1","max-image-preview":"max-image-preview:large","max-video-preview":"max-video-preview:-1"},"og_locale":"pt_PT","og_type":"article","og_title":"Viver com o c\u00e2ncer diariamente e ousar sonhar - Portal Tela Portugal","og_description":"Paula Magalh\u00e3es, 59 anos, teve cancro da mama h\u00e1 cerca de vinte e tr\u00eas anos, fez mastectomia e quimioterapia no IPO do Porto e, hoje, est\u00e1 est\u00e1vel ap\u00f3s um grupo de estudo g\u00e9nico e um ensaio cl\u00ednico mundial de sete anos. Manuel Santos, 67 anos, recebeu quimioterapia intravenosa h\u00e1 v\u00e1rios anos e, desde 2019, quimioterapia oral; gere um espa\u00e7o desportivo municipal e faz terapia na horta, viajando com frequ\u00eancia ao IPO do Porto para tratamento. In\u00eas Carvalho, 36 anos, diagnosticada com linfoma de Hodgkin h\u00e1 treze anos, concluiu a licenciatura durante o tratamento e, mais tarde, realizou uma p\u00f3s-gradua\u00e7\u00e3o em turismo rural; voltou a estudar depois de interrup\u00e7\u00f5es e aprendeu v\u00e1rias l\u00ednguas. Paula integrou um grupo de estudo da gen\u00e9tica durante quase quatro anos e participou num ensaio cl\u00ednico mundial para cem mulheres, mantendo-se firme at\u00e9 ao fim. Os tr\u00eas pacientes continuam a estudar, trabalhar ou manter atividades de vida quotidiana, enfrentando o cancro com tratamentos prolongados e apoio psicol\u00f3gico, mantendo-se acompanhados pelo IPO do Porto.","og_url":"https:\/\/portaltela.pt\/noticias\/2026\/01\/03\/viver-com-o-cancer-diariamente-e-ousar-sonhar\/","og_site_name":"Portal Tela Portugal","article_published_time":"2026-01-03T17:17:30+00:00","author":"Telinha","twitter_card":"summary_large_image","twitter_misc":{"Escrito por":"Telinha","Tempo estimado de leitura":"3 minutos"},"schema":{"@context":"https:\/\/schema.org","@graph":[{"@type":"Article","@id":"https:\/\/portaltela.pt\/noticias\/2026\/01\/03\/viver-com-o-cancer-diariamente-e-ousar-sonhar\/#article","isPartOf":{"@id":"https:\/\/portaltela.pt\/noticias\/2026\/01\/03\/viver-com-o-cancer-diariamente-e-ousar-sonhar\/"},"author":{"name":"Telinha","@id":"https:\/\/portaltela.pt\/#\/schema\/person\/c4278d4a6028830caff9ee44b42d32ed"},"headline":"Viver com o c\u00e2ncer diariamente e ousar sonhar","datePublished":"2026-01-03T17:17:30+00:00","mainEntityOfPage":{"@id":"https:\/\/portaltela.pt\/noticias\/2026\/01\/03\/viver-com-o-cancer-diariamente-e-ousar-sonhar\/"},"wordCount":525,"image":{"@id":"https:\/\/portaltela.pt\/noticias\/2026\/01\/03\/viver-com-o-cancer-diariamente-e-ousar-sonhar\/#primaryimage"},"thumbnailUrl":"https:\/\/portaltela.pt\/s.01k8rhncp4jt1\/2026\/01\/unnamed-file-603.jpg","keywords":["C\u00e2ncer","investiga\u00e7\u00e3o","Porto","quimioterapia","sa\u00fade","tratamentos"],"articleSection":["Not\u00edcias"],"inLanguage":"pt-PT"},{"@type":"WebPage","@id":"https:\/\/portaltela.pt\/noticias\/2026\/01\/03\/viver-com-o-cancer-diariamente-e-ousar-sonhar\/","url":"https:\/\/portaltela.pt\/noticias\/2026\/01\/03\/viver-com-o-cancer-diariamente-e-ousar-sonhar\/","name":"Viver com o c\u00e2ncer diariamente e ousar sonhar - Portal Tela Portugal","isPartOf":{"@id":"https:\/\/portaltela.pt\/#website"},"primaryImageOfPage":{"@id":"https:\/\/portaltela.pt\/noticias\/2026\/01\/03\/viver-com-o-cancer-diariamente-e-ousar-sonhar\/#primaryimage"},"image":{"@id":"https:\/\/portaltela.pt\/noticias\/2026\/01\/03\/viver-com-o-cancer-diariamente-e-ousar-sonhar\/#primaryimage"},"thumbnailUrl":"https:\/\/portaltela.pt\/s.01k8rhncp4jt1\/2026\/01\/unnamed-file-603.jpg","datePublished":"2026-01-03T17:17:30+00:00","author":{"@id":"https:\/\/portaltela.pt\/#\/schema\/person\/c4278d4a6028830caff9ee44b42d32ed"},"breadcrumb":{"@id":"https:\/\/portaltela.pt\/noticias\/2026\/01\/03\/viver-com-o-cancer-diariamente-e-ousar-sonhar\/#breadcrumb"},"inLanguage":"pt-PT","potentialAction":[{"@type":"ReadAction","target":["https:\/\/portaltela.pt\/noticias\/2026\/01\/03\/viver-com-o-cancer-diariamente-e-ousar-sonhar\/"]}]},{"@type":"ImageObject","inLanguage":"pt-PT","@id":"https:\/\/portaltela.pt\/noticias\/2026\/01\/03\/viver-com-o-cancer-diariamente-e-ousar-sonhar\/#primaryimage","url":"https:\/\/portaltela.pt\/s.01k8rhncp4jt1\/2026\/01\/unnamed-file-603.jpg","contentUrl":"https:\/\/portaltela.pt\/s.01k8rhncp4jt1\/2026\/01\/unnamed-file-603.jpg","width":796,"height":448,"caption":"Viver com o cancro todos os dias e ousar continuar a sonhar"},{"@type":"BreadcrumbList","@id":"https:\/\/portaltela.pt\/noticias\/2026\/01\/03\/viver-com-o-cancer-diariamente-e-ousar-sonhar\/#breadcrumb","itemListElement":[{"@type":"ListItem","position":1,"name":"In\u00edcio","item":"https:\/\/portaltela.pt\/"},{"@type":"ListItem","position":2,"name":"Viver com o c\u00e2ncer diariamente e ousar sonhar"}]},{"@type":"WebSite","@id":"https:\/\/portaltela.pt\/#website","url":"https:\/\/portaltela.pt\/","name":"Portal Tela Portugal","description":"","potentialAction":[{"@type":"SearchAction","target":{"@type":"EntryPoint","urlTemplate":"https:\/\/portaltela.pt\/?s={search_term_string}"},"query-input":{"@type":"PropertyValueSpecification","valueRequired":true,"valueName":"search_term_string"}}],"inLanguage":"pt-PT"},{"@type":"Person","@id":"https:\/\/portaltela.pt\/#\/schema\/person\/c4278d4a6028830caff9ee44b42d32ed","name":"Telinha","image":{"@type":"ImageObject","inLanguage":"pt-PT","@id":"https:\/\/portaltela.pt\/s.01k8rhncp4jt1\/2025\/11\/talking-bot-125x125.png","url":"https:\/\/portaltela.pt\/s.01k8rhncp4jt1\/2025\/11\/talking-bot-125x125.png","contentUrl":"https:\/\/portaltela.pt\/s.01k8rhncp4jt1\/2025\/11\/talking-bot-125x125.png","caption":"Telinha"},"sameAs":["https:\/\/portaltela.pt\/"],"url":"https:\/\/portaltela.pt\/por\/367410592786\/"}]}},"_links":{"self":[{"href":"https:\/\/portaltela.pt\/api\/wp\/v2\/posts\/115193","targetHints":{"allow":["GET"]}}],"collection":[{"href":"https:\/\/portaltela.pt\/api\/wp\/v2\/posts"}],"about":[{"href":"https:\/\/portaltela.pt\/api\/wp\/v2\/types\/post"}],"author":[{"embeddable":true,"href":"https:\/\/portaltela.pt\/api\/wp\/v2\/users\/2"}],"replies":[{"embeddable":true,"href":"https:\/\/portaltela.pt\/api\/wp\/v2\/comments?post=115193"}],"version-history":[{"count":0,"href":"https:\/\/portaltela.pt\/api\/wp\/v2\/posts\/115193\/revisions"}],"wp:featuredmedia":[{"embeddable":true,"href":"https:\/\/portaltela.pt\/api\/wp\/v2\/media\/115195"}],"wp:attachment":[{"href":"https:\/\/portaltela.pt\/api\/wp\/v2\/media?parent=115193"}],"wp:term":[{"taxonomy":"category","embeddable":true,"href":"https:\/\/portaltela.pt\/api\/wp\/v2\/categories?post=115193"},{"taxonomy":"post_tag","embeddable":true,"href":"https:\/\/portaltela.pt\/api\/wp\/v2\/tags?post=115193"}],"curies":[{"name":"wp","href":"https:\/\/api.w.org\/{rel}","templated":true}]}}