{"id":115164,"date":"2026-01-03T14:17:00","date_gmt":"2026-01-03T17:17:00","guid":{"rendered":"https:\/\/portaltela.pt\/noticias\/2026\/01\/03\/viver-com-cancro-todos-os-dias-e-manter-a-esperanca-de-sonhar\/"},"modified":"2026-01-03T14:17:00","modified_gmt":"2026-01-03T17:17:00","slug":"viver-com-cancro-todos-os-dias-e-manter-a-esperanca-de-sonhar","status":"publish","type":"post","link":"https:\/\/portaltela.pt\/noticias\/2026\/01\/03\/viver-com-cancro-todos-os-dias-e-manter-a-esperanca-de-sonhar\/","title":{"rendered":"Viver com cancro todos os dias e manter a esperan\u00e7a de sonhar"},"content":{"rendered":"<p>Paula Magalh\u00e3es, 59 anos, In\u00eas Carvalho, 36, e Manuel Santos, 67, convivem com o cancro h\u00e1 mais de uma d\u00e9cada. Mant\u00eam atividades e empregos, sem permitir que a doen\u00e7a dite o seu futuro.<\/p>\n<p>Durante as f\u00e9rias de h\u00e1 23 anos, Paula descobriu dois n\u00f3dulos no peito. Seguiu para o IPO do Porto, onde fez a mastectomia e iniciou quimioterapia, ap\u00f3s ter ficado em tens\u00e3o com o diagn\u00f3stico. O hospital de refer\u00eancia foi o IPO, em Porto.<\/p>\n<p>Paula revelou que, apesar de uma incapacidade de 80%, manteve o trabalho. Na altura do diagn\u00f3stico, tinha tr\u00eas filhos com idades pequenas. Precavida, organizou as finan\u00e7as familiares e planeou as necessidades do inverno para os meninos.<\/p>\n<p>Apercebeu-se de que o m\u00e9dico e a fam\u00edlia eram o que a motivavam. Ao olhar para as crian\u00e7as, decidiu manter-se firme para enfrentar os tratamentos, incluindo avalia\u00e7\u00f5es no IPO e sess\u00f5es de radioterapia. O humor ajudou a lidar com os epis\u00f3dios.<\/p>\n<p>Cinco anos depois, Paula ingressou num grupo de estudo gen\u00e9tico, participando por quatro anos e realizando v\u00e1rios exames. Surgiram dois n\u00f3dulos na pleura e houve novas avalia\u00e7\u00f5es ao longo do caminho.<\/p>\n<p>Entrou num ensaio cl\u00ednico mundial de sete anos, destinado a 100 mulheres. Foi a \u00fanica a permanecer at\u00e9 ao fim e descreve o medicamento como um sucesso, com as duas situa\u00e7\u00f5es hoje est\u00e1veis.<\/p>\n<p>Para Paula, o momento-chave foi aceitar a doen\u00e7a e manter-se firme, sem abdicar dos planos para o futuro.<\/p>\n<p>Manuel Santos entrou no IPO h\u00e1 11 anos com queixas no osso il\u00edaco e recebeu diagn\u00f3stico de dois cancros: osso e pulm\u00e3o. Na altura, com 56 anos, jogava futebol de lazer.<\/p>\n<p>Na Cl\u00ednica do Pulm\u00e3o, ficou a saber que o cancro era inoper\u00e1vel, o que gerou grande desorienta\u00e7\u00e3o. Procurou manter a gest\u00e3o de um espa\u00e7o desportivo municipal e come\u00e7ou a quimioterapia, com in\u00edcio de quimioterapia oral em 2019.<\/p>\n<p>O apoio psicol\u00f3gico recebido no IPO ajuda-o a lidar com a doen\u00e7a. Os primeiros anos foram dif\u00edceis, com per\u00edodos de quimioterapia pela veia, seguidos por tratamentos orais.<\/p>\n<p>Manuel mant\u00e9m a disciplina de continuar a trabalhar e, quando poss\u00edvel, desloca-se ao IPO do Porto para tratamentos, percorrendo 156 quil\u00f3metros entre a sua vila e o hospital. A horta funciona como terapia complementar.<\/p>\n<p>In\u00eas Carvalho ficou a saber h\u00e1 13 anos que tinha linfoma de Hodgkin, detectado durante a conclus\u00e3o da licenciatura. O diagn\u00f3stico surgiu quando apenas uma fra\u00e7\u00e3o de doentes respondeu bem \u00e0 primeira abordagem terap\u00eautica.<\/p>\n<p>Entre tratamentos e recidivas r\u00e1pidas, In\u00eas concluiu a licenciatura com uma autoriza\u00e7\u00e3o especial, embora tenha sido avisada de que n\u00e3o poderia trabalhar em microbiologia. Evoluiu para uma p\u00f3s-gradua\u00e7\u00e3o em Turismo rural e aprendeu outras l\u00ednguas.<\/p>\n<p>Sete meses ap\u00f3s um autotransplante que deveria consolidar a cura, surgiram novas d\u00favidas sobre a efic\u00e1cia do tratamento. A irm\u00e3 de In\u00eas n\u00e3o p\u00f4de ser dadora, e mais tarde um dador compat\u00edvel recusou a d\u00e1diva.<\/p>\n<p>Entre 2013 e 2014, In\u00eas viveu em casa, enfrentando perdas pessoais, mas retornou aos estudos com maior cautela, recorrendo ao ensino remoto quando necess\u00e1rio. Em 9 de janeiro de 2015, concluiu o tratamento no IPO do Porto.<\/p>\n","protected":false},"excerpt":{"rendered":"<ul>\n<li>Paula Magalh\u00e3es, de 59 anos, In\u00eas Carvalho, de 36, e Manuel Santos, de 67, convivem h\u00e1 mais de uma d\u00e9cada com cancro, mantendo atividades e empregos.<\/li>\n<li>Paula revelou dois n\u00f3dulos no peito durante f\u00e9rias h\u00e1 23 anos, foi encaminhada para o IPO do Porto, fez mastectomia e quimioterapia; integrou grupo de estudo de gen\u00e9tica e participou num ensaio cl\u00ednico de sete anos, hoje com doen\u00e7a estabilizada.<\/li>\n<li>Manuel foi diagnosticado com cancros no osso il\u00edaco e no pulm\u00e3o, diagn\u00f3stico considerado inoper\u00e1vel; passou por quimioterapia intravenosa e, desde 2019, quimioterapia oral; continua a gerir um espa\u00e7o desportivo e faz visitas frequentes ao IPO, encontrando apoio na horta.<\/li>\n<li>In\u00eas descobriu o linfoma de Hodgkin h\u00e1 13 anos; enfrentou recidivas r\u00e1pidas e um autotransplante; acabou a licenciatura, fez p\u00f3s-gradua\u00e7\u00e3o em turismo rural e manteve-se a estudar, mesmo com limita\u00e7\u00f5es profissionais.<\/li>\n<li>O texto n\u00e3o identifica novidades recentes, apresentando trajet\u00f3rias de vida e estrat\u00e9gias de lidar com a doen\u00e7a ao longo dos anos.<\/li>\n<\/ul>\n","protected":false},"author":2,"featured_media":115165,"comment_status":"closed","ping_status":"closed","sticky":false,"template":"","format":"standard","meta":{"footnotes":""},"categories":[1],"tags":[1874,64,633,982,924,172],"class_list":["post-115164","post","type-post","status-publish","format-standard","has-post-thumbnail","hentry","category-noticias","tag-cancer","tag-familia","tag-hospital","tag-porto","tag-quimioterapia","tag-saude"],"yoast_head":"<!-- This site is optimized with the Yoast SEO plugin v27.2 - https:\/\/yoast.com\/product\/yoast-seo-wordpress\/ -->\n<title>Viver com cancro todos os dias e manter a esperan\u00e7a de sonhar - Portal Tela Portugal<\/title>\n<meta name=\"robots\" content=\"index, follow, max-snippet:-1, max-image-preview:large, max-video-preview:-1\" \/>\n<meta property=\"og:locale\" content=\"pt_PT\" \/>\n<meta property=\"og:type\" content=\"article\" \/>\n<meta property=\"og:title\" content=\"Viver com cancro todos os dias e manter a esperan\u00e7a de sonhar - Portal Tela Portugal\" \/>\n<meta property=\"og:description\" content=\"Paula Magalh\u00e3es, de 59 anos, In\u00eas Carvalho, de 36, e Manuel Santos, de 67, convivem h\u00e1 mais de uma d\u00e9cada com cancro, mantendo atividades e empregos. Paula revelou dois n\u00f3dulos no peito durante f\u00e9rias h\u00e1 23 anos, foi encaminhada para o IPO do Porto, fez mastectomia e quimioterapia; integrou grupo de estudo de gen\u00e9tica e participou num ensaio cl\u00ednico de sete anos, hoje com doen\u00e7a estabilizada. Manuel foi diagnosticado com cancros no osso il\u00edaco e no pulm\u00e3o, diagn\u00f3stico considerado inoper\u00e1vel; passou por quimioterapia intravenosa e, desde 2019, quimioterapia oral; continua a gerir um espa\u00e7o desportivo e faz visitas frequentes ao IPO, encontrando apoio na horta. In\u00eas descobriu o linfoma de Hodgkin h\u00e1 13 anos; enfrentou recidivas r\u00e1pidas e um autotransplante; acabou a licenciatura, fez p\u00f3s-gradua\u00e7\u00e3o em turismo rural e manteve-se a estudar, mesmo com limita\u00e7\u00f5es profissionais. O texto n\u00e3o identifica novidades recentes, apresentando trajet\u00f3rias de vida e estrat\u00e9gias de lidar com a doen\u00e7a ao longo dos anos.\" \/>\n<meta property=\"og:url\" content=\"https:\/\/portaltela.pt\/noticias\/2026\/01\/03\/viver-com-cancro-todos-os-dias-e-manter-a-esperanca-de-sonhar\/\" \/>\n<meta property=\"og:site_name\" content=\"Portal Tela Portugal\" \/>\n<meta property=\"article:published_time\" content=\"2026-01-03T17:17:00+00:00\" \/>\n<meta name=\"author\" content=\"Telinha\" \/>\n<meta name=\"twitter:card\" content=\"summary_large_image\" \/>\n<meta name=\"twitter:label1\" content=\"Escrito por\" \/>\n\t<meta name=\"twitter:data1\" content=\"Telinha\" \/>\n\t<meta name=\"twitter:label2\" content=\"Tempo estimado de leitura\" \/>\n\t<meta name=\"twitter:data2\" content=\"3 minutos\" \/>\n<script type=\"application\/ld+json\" class=\"yoast-schema-graph\">{\"@context\":\"https:\/\/schema.org\",\"@graph\":[{\"@type\":\"Article\",\"@id\":\"https:\/\/portaltela.pt\/noticias\/2026\/01\/03\/viver-com-cancro-todos-os-dias-e-manter-a-esperanca-de-sonhar\/#article\",\"isPartOf\":{\"@id\":\"https:\/\/portaltela.pt\/noticias\/2026\/01\/03\/viver-com-cancro-todos-os-dias-e-manter-a-esperanca-de-sonhar\/\"},\"author\":{\"name\":\"Telinha\",\"@id\":\"https:\/\/portaltela.pt\/#\/schema\/person\/c4278d4a6028830caff9ee44b42d32ed\"},\"headline\":\"Viver com cancro todos os dias e manter a esperan\u00e7a de sonhar\",\"datePublished\":\"2026-01-03T17:17:00+00:00\",\"mainEntityOfPage\":{\"@id\":\"https:\/\/portaltela.pt\/noticias\/2026\/01\/03\/viver-com-cancro-todos-os-dias-e-manter-a-esperanca-de-sonhar\/\"},\"wordCount\":570,\"image\":{\"@id\":\"https:\/\/portaltela.pt\/noticias\/2026\/01\/03\/viver-com-cancro-todos-os-dias-e-manter-a-esperanca-de-sonhar\/#primaryimage\"},\"thumbnailUrl\":\"https:\/\/portaltela.pt\/s.01k8rhncp4jt1\/2026\/01\/25471840.jpg\",\"keywords\":[\"C\u00e2ncer\",\"fam\u00edlia\",\"hospital\",\"Porto\",\"quimioterapia\",\"sa\u00fade\"],\"articleSection\":[\"Not\u00edcias\"],\"inLanguage\":\"pt-PT\"},{\"@type\":\"WebPage\",\"@id\":\"https:\/\/portaltela.pt\/noticias\/2026\/01\/03\/viver-com-cancro-todos-os-dias-e-manter-a-esperanca-de-sonhar\/\",\"url\":\"https:\/\/portaltela.pt\/noticias\/2026\/01\/03\/viver-com-cancro-todos-os-dias-e-manter-a-esperanca-de-sonhar\/\",\"name\":\"Viver com cancro todos os dias e manter a esperan\u00e7a de sonhar - Portal Tela Portugal\",\"isPartOf\":{\"@id\":\"https:\/\/portaltela.pt\/#website\"},\"primaryImageOfPage\":{\"@id\":\"https:\/\/portaltela.pt\/noticias\/2026\/01\/03\/viver-com-cancro-todos-os-dias-e-manter-a-esperanca-de-sonhar\/#primaryimage\"},\"image\":{\"@id\":\"https:\/\/portaltela.pt\/noticias\/2026\/01\/03\/viver-com-cancro-todos-os-dias-e-manter-a-esperanca-de-sonhar\/#primaryimage\"},\"thumbnailUrl\":\"https:\/\/portaltela.pt\/s.01k8rhncp4jt1\/2026\/01\/25471840.jpg\",\"datePublished\":\"2026-01-03T17:17:00+00:00\",\"author\":{\"@id\":\"https:\/\/portaltela.pt\/#\/schema\/person\/c4278d4a6028830caff9ee44b42d32ed\"},\"breadcrumb\":{\"@id\":\"https:\/\/portaltela.pt\/noticias\/2026\/01\/03\/viver-com-cancro-todos-os-dias-e-manter-a-esperanca-de-sonhar\/#breadcrumb\"},\"inLanguage\":\"pt-PT\",\"potentialAction\":[{\"@type\":\"ReadAction\",\"target\":[\"https:\/\/portaltela.pt\/noticias\/2026\/01\/03\/viver-com-cancro-todos-os-dias-e-manter-a-esperanca-de-sonhar\/\"]}]},{\"@type\":\"ImageObject\",\"inLanguage\":\"pt-PT\",\"@id\":\"https:\/\/portaltela.pt\/noticias\/2026\/01\/03\/viver-com-cancro-todos-os-dias-e-manter-a-esperanca-de-sonhar\/#primaryimage\",\"url\":\"https:\/\/portaltela.pt\/s.01k8rhncp4jt1\/2026\/01\/25471840.jpg\",\"contentUrl\":\"https:\/\/portaltela.pt\/s.01k8rhncp4jt1\/2026\/01\/25471840.jpg\",\"width\":796,\"height\":448,\"caption\":\"Instituto Portugu\u00eas de Oncologia (IPO) no Porto\"},{\"@type\":\"BreadcrumbList\",\"@id\":\"https:\/\/portaltela.pt\/noticias\/2026\/01\/03\/viver-com-cancro-todos-os-dias-e-manter-a-esperanca-de-sonhar\/#breadcrumb\",\"itemListElement\":[{\"@type\":\"ListItem\",\"position\":1,\"name\":\"In\u00edcio\",\"item\":\"https:\/\/portaltela.pt\/\"},{\"@type\":\"ListItem\",\"position\":2,\"name\":\"Viver com cancro todos os dias e manter a esperan\u00e7a de sonhar\"}]},{\"@type\":\"WebSite\",\"@id\":\"https:\/\/portaltela.pt\/#website\",\"url\":\"https:\/\/portaltela.pt\/\",\"name\":\"Portal Tela Portugal\",\"description\":\"\",\"potentialAction\":[{\"@type\":\"SearchAction\",\"target\":{\"@type\":\"EntryPoint\",\"urlTemplate\":\"https:\/\/portaltela.pt\/?s={search_term_string}\"},\"query-input\":{\"@type\":\"PropertyValueSpecification\",\"valueRequired\":true,\"valueName\":\"search_term_string\"}}],\"inLanguage\":\"pt-PT\"},{\"@type\":\"Person\",\"@id\":\"https:\/\/portaltela.pt\/#\/schema\/person\/c4278d4a6028830caff9ee44b42d32ed\",\"name\":\"Telinha\",\"image\":{\"@type\":\"ImageObject\",\"inLanguage\":\"pt-PT\",\"@id\":\"https:\/\/portaltela.pt\/s.01k8rhncp4jt1\/2025\/11\/talking-bot-125x125.png\",\"url\":\"https:\/\/portaltela.pt\/s.01k8rhncp4jt1\/2025\/11\/talking-bot-125x125.png\",\"contentUrl\":\"https:\/\/portaltela.pt\/s.01k8rhncp4jt1\/2025\/11\/talking-bot-125x125.png\",\"caption\":\"Telinha\"},\"sameAs\":[\"https:\/\/portaltela.pt\/\"],\"url\":\"https:\/\/portaltela.pt\/por\/367410592786\/\"}]}<\/script>\n<!-- \/ Yoast SEO plugin. -->","yoast_head_json":{"title":"Viver com cancro todos os dias e manter a esperan\u00e7a de sonhar - Portal Tela Portugal","robots":{"index":"index","follow":"follow","max-snippet":"max-snippet:-1","max-image-preview":"max-image-preview:large","max-video-preview":"max-video-preview:-1"},"og_locale":"pt_PT","og_type":"article","og_title":"Viver com cancro todos os dias e manter a esperan\u00e7a de sonhar - Portal Tela Portugal","og_description":"Paula Magalh\u00e3es, de 59 anos, In\u00eas Carvalho, de 36, e Manuel Santos, de 67, convivem h\u00e1 mais de uma d\u00e9cada com cancro, mantendo atividades e empregos. Paula revelou dois n\u00f3dulos no peito durante f\u00e9rias h\u00e1 23 anos, foi encaminhada para o IPO do Porto, fez mastectomia e quimioterapia; integrou grupo de estudo de gen\u00e9tica e participou num ensaio cl\u00ednico de sete anos, hoje com doen\u00e7a estabilizada. Manuel foi diagnosticado com cancros no osso il\u00edaco e no pulm\u00e3o, diagn\u00f3stico considerado inoper\u00e1vel; passou por quimioterapia intravenosa e, desde 2019, quimioterapia oral; continua a gerir um espa\u00e7o desportivo e faz visitas frequentes ao IPO, encontrando apoio na horta. In\u00eas descobriu o linfoma de Hodgkin h\u00e1 13 anos; enfrentou recidivas r\u00e1pidas e um autotransplante; acabou a licenciatura, fez p\u00f3s-gradua\u00e7\u00e3o em turismo rural e manteve-se a estudar, mesmo com limita\u00e7\u00f5es profissionais. O texto n\u00e3o identifica novidades recentes, apresentando trajet\u00f3rias de vida e estrat\u00e9gias de lidar com a doen\u00e7a ao longo dos anos.","og_url":"https:\/\/portaltela.pt\/noticias\/2026\/01\/03\/viver-com-cancro-todos-os-dias-e-manter-a-esperanca-de-sonhar\/","og_site_name":"Portal Tela Portugal","article_published_time":"2026-01-03T17:17:00+00:00","author":"Telinha","twitter_card":"summary_large_image","twitter_misc":{"Escrito por":"Telinha","Tempo estimado de leitura":"3 minutos"},"schema":{"@context":"https:\/\/schema.org","@graph":[{"@type":"Article","@id":"https:\/\/portaltela.pt\/noticias\/2026\/01\/03\/viver-com-cancro-todos-os-dias-e-manter-a-esperanca-de-sonhar\/#article","isPartOf":{"@id":"https:\/\/portaltela.pt\/noticias\/2026\/01\/03\/viver-com-cancro-todos-os-dias-e-manter-a-esperanca-de-sonhar\/"},"author":{"name":"Telinha","@id":"https:\/\/portaltela.pt\/#\/schema\/person\/c4278d4a6028830caff9ee44b42d32ed"},"headline":"Viver com cancro todos os dias e manter a esperan\u00e7a de sonhar","datePublished":"2026-01-03T17:17:00+00:00","mainEntityOfPage":{"@id":"https:\/\/portaltela.pt\/noticias\/2026\/01\/03\/viver-com-cancro-todos-os-dias-e-manter-a-esperanca-de-sonhar\/"},"wordCount":570,"image":{"@id":"https:\/\/portaltela.pt\/noticias\/2026\/01\/03\/viver-com-cancro-todos-os-dias-e-manter-a-esperanca-de-sonhar\/#primaryimage"},"thumbnailUrl":"https:\/\/portaltela.pt\/s.01k8rhncp4jt1\/2026\/01\/25471840.jpg","keywords":["C\u00e2ncer","fam\u00edlia","hospital","Porto","quimioterapia","sa\u00fade"],"articleSection":["Not\u00edcias"],"inLanguage":"pt-PT"},{"@type":"WebPage","@id":"https:\/\/portaltela.pt\/noticias\/2026\/01\/03\/viver-com-cancro-todos-os-dias-e-manter-a-esperanca-de-sonhar\/","url":"https:\/\/portaltela.pt\/noticias\/2026\/01\/03\/viver-com-cancro-todos-os-dias-e-manter-a-esperanca-de-sonhar\/","name":"Viver com cancro todos os dias e manter a esperan\u00e7a de sonhar - Portal Tela Portugal","isPartOf":{"@id":"https:\/\/portaltela.pt\/#website"},"primaryImageOfPage":{"@id":"https:\/\/portaltela.pt\/noticias\/2026\/01\/03\/viver-com-cancro-todos-os-dias-e-manter-a-esperanca-de-sonhar\/#primaryimage"},"image":{"@id":"https:\/\/portaltela.pt\/noticias\/2026\/01\/03\/viver-com-cancro-todos-os-dias-e-manter-a-esperanca-de-sonhar\/#primaryimage"},"thumbnailUrl":"https:\/\/portaltela.pt\/s.01k8rhncp4jt1\/2026\/01\/25471840.jpg","datePublished":"2026-01-03T17:17:00+00:00","author":{"@id":"https:\/\/portaltela.pt\/#\/schema\/person\/c4278d4a6028830caff9ee44b42d32ed"},"breadcrumb":{"@id":"https:\/\/portaltela.pt\/noticias\/2026\/01\/03\/viver-com-cancro-todos-os-dias-e-manter-a-esperanca-de-sonhar\/#breadcrumb"},"inLanguage":"pt-PT","potentialAction":[{"@type":"ReadAction","target":["https:\/\/portaltela.pt\/noticias\/2026\/01\/03\/viver-com-cancro-todos-os-dias-e-manter-a-esperanca-de-sonhar\/"]}]},{"@type":"ImageObject","inLanguage":"pt-PT","@id":"https:\/\/portaltela.pt\/noticias\/2026\/01\/03\/viver-com-cancro-todos-os-dias-e-manter-a-esperanca-de-sonhar\/#primaryimage","url":"https:\/\/portaltela.pt\/s.01k8rhncp4jt1\/2026\/01\/25471840.jpg","contentUrl":"https:\/\/portaltela.pt\/s.01k8rhncp4jt1\/2026\/01\/25471840.jpg","width":796,"height":448,"caption":"Instituto Portugu\u00eas de Oncologia (IPO) no Porto"},{"@type":"BreadcrumbList","@id":"https:\/\/portaltela.pt\/noticias\/2026\/01\/03\/viver-com-cancro-todos-os-dias-e-manter-a-esperanca-de-sonhar\/#breadcrumb","itemListElement":[{"@type":"ListItem","position":1,"name":"In\u00edcio","item":"https:\/\/portaltela.pt\/"},{"@type":"ListItem","position":2,"name":"Viver com cancro todos os dias e manter a esperan\u00e7a de sonhar"}]},{"@type":"WebSite","@id":"https:\/\/portaltela.pt\/#website","url":"https:\/\/portaltela.pt\/","name":"Portal Tela Portugal","description":"","potentialAction":[{"@type":"SearchAction","target":{"@type":"EntryPoint","urlTemplate":"https:\/\/portaltela.pt\/?s={search_term_string}"},"query-input":{"@type":"PropertyValueSpecification","valueRequired":true,"valueName":"search_term_string"}}],"inLanguage":"pt-PT"},{"@type":"Person","@id":"https:\/\/portaltela.pt\/#\/schema\/person\/c4278d4a6028830caff9ee44b42d32ed","name":"Telinha","image":{"@type":"ImageObject","inLanguage":"pt-PT","@id":"https:\/\/portaltela.pt\/s.01k8rhncp4jt1\/2025\/11\/talking-bot-125x125.png","url":"https:\/\/portaltela.pt\/s.01k8rhncp4jt1\/2025\/11\/talking-bot-125x125.png","contentUrl":"https:\/\/portaltela.pt\/s.01k8rhncp4jt1\/2025\/11\/talking-bot-125x125.png","caption":"Telinha"},"sameAs":["https:\/\/portaltela.pt\/"],"url":"https:\/\/portaltela.pt\/por\/367410592786\/"}]}},"_links":{"self":[{"href":"https:\/\/portaltela.pt\/api\/wp\/v2\/posts\/115164","targetHints":{"allow":["GET"]}}],"collection":[{"href":"https:\/\/portaltela.pt\/api\/wp\/v2\/posts"}],"about":[{"href":"https:\/\/portaltela.pt\/api\/wp\/v2\/types\/post"}],"author":[{"embeddable":true,"href":"https:\/\/portaltela.pt\/api\/wp\/v2\/users\/2"}],"replies":[{"embeddable":true,"href":"https:\/\/portaltela.pt\/api\/wp\/v2\/comments?post=115164"}],"version-history":[{"count":0,"href":"https:\/\/portaltela.pt\/api\/wp\/v2\/posts\/115164\/revisions"}],"wp:featuredmedia":[{"embeddable":true,"href":"https:\/\/portaltela.pt\/api\/wp\/v2\/media\/115165"}],"wp:attachment":[{"href":"https:\/\/portaltela.pt\/api\/wp\/v2\/media?parent=115164"}],"wp:term":[{"taxonomy":"category","embeddable":true,"href":"https:\/\/portaltela.pt\/api\/wp\/v2\/categories?post=115164"},{"taxonomy":"post_tag","embeddable":true,"href":"https:\/\/portaltela.pt\/api\/wp\/v2\/tags?post=115164"}],"curies":[{"name":"wp","href":"https:\/\/api.w.org\/{rel}","templated":true}]}}