{"id":115033,"date":"2026-01-03T13:07:00","date_gmt":"2026-01-03T16:07:00","guid":{"rendered":"https:\/\/portaltela.pt\/noticias\/2026\/01\/03\/portugal-regista-1-265-casos-de-gripe-na-semana-do-natal\/"},"modified":"2026-01-03T13:07:00","modified_gmt":"2026-01-03T16:07:00","slug":"portugal-regista-1-265-casos-de-gripe-na-semana-do-natal","status":"publish","type":"post","link":"https:\/\/portaltela.pt\/noticias\/2026\/01\/03\/portugal-regista-1-265-casos-de-gripe-na-semana-do-natal\/","title":{"rendered":"Portugal regista 1.265 casos de gripe na semana do Natal"},"content":{"rendered":"<p>Portugal registou 1.265 casos de gripe na semana do Natal, elevando para 9.620 o total de infe\u00e7\u00f5es desde o in\u00edcio da \u00e9poca. O excesso de mortalidade por todas as causas afetou sobretudo maiores de 65 anos, segundo dados do INSA.<\/p>\n<p>O boletim de vigil\u00e2ncia revela que a taxa de infe\u00e7\u00e3o respirat\u00f3ria aguda grave (SARI) manteve-se est\u00e1vel na semana de 22 a 28 de dezembro. Ainda assim, persiste de forma mais acentuada em crian\u00e7as at\u00e9 aos 4 anos e em pessoas com 65 ou mais anos.<\/p>\n<h3>Dados por internamentos e vigil\u00e2ncia<\/h3>\n<p>Foram admitidos na ULS 27 casos de SARI no per\u00edodo, com uma taxa de 7,9 por 100.000 habitantes. A mesma janela registou 16 casos de gripe reportados por 13 Unidades de Cuidados Intensivos (UCI). O v\u00edrus influenza A(H3) foi identificado num caso; A n\u00e3o subtipado, em 15 casos.<\/p>\n<h3>Perfil dos casos de gripe na UCI<\/h3>\n<p>Aproximadamente 14,8% da gripe acompanhou-se de interna\u00e7\u00e3o em UCI, tendo aumentado face \u00e0 semana anterior (7,5%). Do total de doentes com gripe, sete tinham 65 ou mais anos, cinco tinham entre 55 e 64, tr\u00eas entre 45 e 54 e um entre 18 e 24.<\/p>\n<h3>Vacina\u00e7\u00e3o e comorbidades<\/h3>\n<p>Entre os casos, 16 tinham doen\u00e7a cr\u00f3nica subjacente e todos tinham recomenda\u00e7\u00e3o para vacina\u00e7\u00e3o contra a gripe sazonal. No entanto, 13 n\u00e3o estavam vacinados.<\/p>\n<h3>Contexto da \u00e9poca 2025\/2026<\/h3>\n<p>Na \u00e9poca 2025\/2026, iniciada na semana 40\/2025, os laborat\u00f3rios notificaram 51.993 casos de infe\u00e7\u00e3o respirat\u00f3ria, com 9.620 casos de gripe identificados. Desde o in\u00edcio da \u00e9poca, foram detectados outros agentes respirat\u00f3rios em 3.893 casos, com RSV e Rinovirus\/Enterovirus a serem os mais frequentes na semana analisada.<\/p>\n<h3>Mortalidade e RSV em crian\u00e7as<\/h3>\n<p>A mortalidade por todas as causas esteve acima do esperado em Portugal durante a semana do Natal, com excessos nas regi\u00f5es Norte, Centro, Alentejo e Lisboa e Vale do Tejo, e entre indiv\u00edduos com mais de 65 anos. Desde a semana 40\/2024, foram reportados 67 internamentos por RSV em crian\u00e7as com menos de 24 meses; 16,4% tinham at\u00e9 tr\u00eas meses, 16,7% eram prematuros e 6% necessitaram de cuidados intensivos ou ventila\u00e7\u00e3o.<\/p>\n","protected":false},"excerpt":{"rendered":"<ul>\n<li>Portugal registou 1.265 casos de gripe na semana do Natal, totalizando 9.620 desde o in\u00edcio da \u00e9poca.<\/li>\n<li>A mortalidade por todas as causas esteve acima do esperado nas regi\u00f5es Norte, Centro, Alentejo e Lisboa e Vale do Tejo, principalmente nos maiores de 65 anos.<\/li>\n<li>A incid\u00eancia de infe\u00e7\u00f5es respirat\u00f3rias agudas graves (SARI) manteve-se est\u00e1vel entre 22 e 28 de dezembro, com maior impacto nos menores de quatro anos e nos 65 ou mais.<\/li>\n<li>Foram registados 27 casos de SARI na Unidade Local de Sa\u00fade com dados de vigil\u00e2ncia, correspondentes a 7,9 por 100.000 habitantes; 16 casos de gripe foram reportados por 13 Unidades de Cuidados Intensivos, com 14,8% da gripe em UCI.<\/li>\n<li>O v\u00edrus influenza A(H3) foi detetado em um caso e A n\u00e3o subtipo em 15; RSV e Rinovirus\/Enterovirus foram os agentes respirat\u00f3rios mais frequentes identificados, com 67 internamentos por RSV em menores de 24 meses desde o in\u00edcio da \u00e9poca.<\/li>\n<\/ul>\n","protected":false},"author":2,"featured_media":115036,"comment_status":"closed","ping_status":"closed","sticky":false,"template":"","format":"standard","meta":{"footnotes":""},"categories":[1],"tags":[1905,2342,1014,172,271],"class_list":["post-115033","post","type-post","status-publish","format-standard","has-post-thumbnail","hentry","category-noticias","tag-gripe","tag-infeccao-respiratoria-aguda","tag-portugal","tag-saude","tag-saude-publica"],"yoast_head":"<!-- This site is optimized with the Yoast SEO plugin v27.2 - https:\/\/yoast.com\/product\/yoast-seo-wordpress\/ -->\n<title>Portugal regista 1.265 casos de gripe na semana do Natal - Portal Tela Portugal<\/title>\n<meta name=\"robots\" content=\"index, follow, max-snippet:-1, max-image-preview:large, max-video-preview:-1\" \/>\n<meta property=\"og:locale\" content=\"pt_PT\" \/>\n<meta property=\"og:type\" content=\"article\" \/>\n<meta property=\"og:title\" content=\"Portugal regista 1.265 casos de gripe na semana do Natal - Portal Tela Portugal\" \/>\n<meta property=\"og:description\" content=\"Portugal registou 1.265 casos de gripe na semana do Natal, totalizando 9.620 desde o in\u00edcio da \u00e9poca. A mortalidade por todas as causas esteve acima do esperado nas regi\u00f5es Norte, Centro, Alentejo e Lisboa e Vale do Tejo, principalmente nos maiores de 65 anos. A incid\u00eancia de infe\u00e7\u00f5es respirat\u00f3rias agudas graves (SARI) manteve-se est\u00e1vel entre 22 e 28 de dezembro, com maior impacto nos menores de quatro anos e nos 65 ou mais. Foram registados 27 casos de SARI na Unidade Local de Sa\u00fade com dados de vigil\u00e2ncia, correspondentes a 7,9 por 100.000 habitantes; 16 casos de gripe foram reportados por 13 Unidades de Cuidados Intensivos, com 14,8% da gripe em UCI. O v\u00edrus influenza A(H3) foi detetado em um caso e A n\u00e3o subtipo em 15; RSV e Rinovirus\/Enterovirus foram os agentes respirat\u00f3rios mais frequentes identificados, com 67 internamentos por RSV em menores de 24 meses desde o in\u00edcio da \u00e9poca.\" \/>\n<meta property=\"og:url\" content=\"https:\/\/portaltela.pt\/noticias\/2026\/01\/03\/portugal-regista-1-265-casos-de-gripe-na-semana-do-natal\/\" \/>\n<meta property=\"og:site_name\" content=\"Portal Tela Portugal\" \/>\n<meta property=\"article:published_time\" content=\"2026-01-03T16:07:00+00:00\" \/>\n<meta name=\"author\" content=\"Telinha\" \/>\n<meta name=\"twitter:card\" content=\"summary_large_image\" \/>\n<meta name=\"twitter:label1\" content=\"Escrito por\" \/>\n\t<meta name=\"twitter:data1\" content=\"Telinha\" \/>\n\t<meta name=\"twitter:label2\" content=\"Tempo estimado de leitura\" \/>\n\t<meta name=\"twitter:data2\" content=\"2 minutos\" \/>\n<script type=\"application\/ld+json\" class=\"yoast-schema-graph\">{\"@context\":\"https:\/\/schema.org\",\"@graph\":[{\"@type\":\"Article\",\"@id\":\"https:\/\/portaltela.pt\/noticias\/2026\/01\/03\/portugal-regista-1-265-casos-de-gripe-na-semana-do-natal\/#article\",\"isPartOf\":{\"@id\":\"https:\/\/portaltela.pt\/noticias\/2026\/01\/03\/portugal-regista-1-265-casos-de-gripe-na-semana-do-natal\/\"},\"author\":{\"name\":\"Telinha\",\"@id\":\"https:\/\/portaltela.pt\/#\/schema\/person\/c4278d4a6028830caff9ee44b42d32ed\"},\"headline\":\"Portugal regista 1.265 casos de gripe na semana do Natal\",\"datePublished\":\"2026-01-03T16:07:00+00:00\",\"mainEntityOfPage\":{\"@id\":\"https:\/\/portaltela.pt\/noticias\/2026\/01\/03\/portugal-regista-1-265-casos-de-gripe-na-semana-do-natal\/\"},\"wordCount\":346,\"image\":{\"@id\":\"https:\/\/portaltela.pt\/noticias\/2026\/01\/03\/portugal-regista-1-265-casos-de-gripe-na-semana-do-natal\/#primaryimage\"},\"thumbnailUrl\":\"https:\/\/portaltela.pt\/s.01k8rhncp4jt1\/2026\/01\/35180773.jpg\",\"keywords\":[\"gripe\",\"infec\u00e7\u00e3o respirat\u00f3ria aguda\",\"Portugal\",\"sa\u00fade\",\"sa\u00fade p\u00fablica\"],\"articleSection\":[\"Not\u00edcias\"],\"inLanguage\":\"pt-PT\"},{\"@type\":\"WebPage\",\"@id\":\"https:\/\/portaltela.pt\/noticias\/2026\/01\/03\/portugal-regista-1-265-casos-de-gripe-na-semana-do-natal\/\",\"url\":\"https:\/\/portaltela.pt\/noticias\/2026\/01\/03\/portugal-regista-1-265-casos-de-gripe-na-semana-do-natal\/\",\"name\":\"Portugal regista 1.265 casos de gripe na semana do Natal - Portal Tela Portugal\",\"isPartOf\":{\"@id\":\"https:\/\/portaltela.pt\/#website\"},\"primaryImageOfPage\":{\"@id\":\"https:\/\/portaltela.pt\/noticias\/2026\/01\/03\/portugal-regista-1-265-casos-de-gripe-na-semana-do-natal\/#primaryimage\"},\"image\":{\"@id\":\"https:\/\/portaltela.pt\/noticias\/2026\/01\/03\/portugal-regista-1-265-casos-de-gripe-na-semana-do-natal\/#primaryimage\"},\"thumbnailUrl\":\"https:\/\/portaltela.pt\/s.01k8rhncp4jt1\/2026\/01\/35180773.jpg\",\"datePublished\":\"2026-01-03T16:07:00+00:00\",\"author\":{\"@id\":\"https:\/\/portaltela.pt\/#\/schema\/person\/c4278d4a6028830caff9ee44b42d32ed\"},\"breadcrumb\":{\"@id\":\"https:\/\/portaltela.pt\/noticias\/2026\/01\/03\/portugal-regista-1-265-casos-de-gripe-na-semana-do-natal\/#breadcrumb\"},\"inLanguage\":\"pt-PT\",\"potentialAction\":[{\"@type\":\"ReadAction\",\"target\":[\"https:\/\/portaltela.pt\/noticias\/2026\/01\/03\/portugal-regista-1-265-casos-de-gripe-na-semana-do-natal\/\"]}]},{\"@type\":\"ImageObject\",\"inLanguage\":\"pt-PT\",\"@id\":\"https:\/\/portaltela.pt\/noticias\/2026\/01\/03\/portugal-regista-1-265-casos-de-gripe-na-semana-do-natal\/#primaryimage\",\"url\":\"https:\/\/portaltela.pt\/s.01k8rhncp4jt1\/2026\/01\/35180773.jpg\",\"contentUrl\":\"https:\/\/portaltela.pt\/s.01k8rhncp4jt1\/2026\/01\/35180773.jpg\",\"width\":796,\"height\":448,\"caption\":\"Instituto Nacional de Sa\u00fade Doutor Ricardo Jorge, Lisboa, 07 de janeiro de 2022. ANT\u00d3NIO COTRIM\/LUSA\"},{\"@type\":\"BreadcrumbList\",\"@id\":\"https:\/\/portaltela.pt\/noticias\/2026\/01\/03\/portugal-regista-1-265-casos-de-gripe-na-semana-do-natal\/#breadcrumb\",\"itemListElement\":[{\"@type\":\"ListItem\",\"position\":1,\"name\":\"In\u00edcio\",\"item\":\"https:\/\/portaltela.pt\/\"},{\"@type\":\"ListItem\",\"position\":2,\"name\":\"Portugal regista 1.265 casos de gripe na semana do Natal\"}]},{\"@type\":\"WebSite\",\"@id\":\"https:\/\/portaltela.pt\/#website\",\"url\":\"https:\/\/portaltela.pt\/\",\"name\":\"Portal Tela Portugal\",\"description\":\"\",\"potentialAction\":[{\"@type\":\"SearchAction\",\"target\":{\"@type\":\"EntryPoint\",\"urlTemplate\":\"https:\/\/portaltela.pt\/?s={search_term_string}\"},\"query-input\":{\"@type\":\"PropertyValueSpecification\",\"valueRequired\":true,\"valueName\":\"search_term_string\"}}],\"inLanguage\":\"pt-PT\"},{\"@type\":\"Person\",\"@id\":\"https:\/\/portaltela.pt\/#\/schema\/person\/c4278d4a6028830caff9ee44b42d32ed\",\"name\":\"Telinha\",\"image\":{\"@type\":\"ImageObject\",\"inLanguage\":\"pt-PT\",\"@id\":\"https:\/\/portaltela.pt\/s.01k8rhncp4jt1\/2025\/11\/talking-bot-125x125.png\",\"url\":\"https:\/\/portaltela.pt\/s.01k8rhncp4jt1\/2025\/11\/talking-bot-125x125.png\",\"contentUrl\":\"https:\/\/portaltela.pt\/s.01k8rhncp4jt1\/2025\/11\/talking-bot-125x125.png\",\"caption\":\"Telinha\"},\"sameAs\":[\"https:\/\/portaltela.pt\/\"],\"url\":\"https:\/\/portaltela.pt\/por\/367410592786\/\"}]}<\/script>\n<!-- \/ Yoast SEO plugin. -->","yoast_head_json":{"title":"Portugal regista 1.265 casos de gripe na semana do Natal - Portal Tela Portugal","robots":{"index":"index","follow":"follow","max-snippet":"max-snippet:-1","max-image-preview":"max-image-preview:large","max-video-preview":"max-video-preview:-1"},"og_locale":"pt_PT","og_type":"article","og_title":"Portugal regista 1.265 casos de gripe na semana do Natal - Portal Tela Portugal","og_description":"Portugal registou 1.265 casos de gripe na semana do Natal, totalizando 9.620 desde o in\u00edcio da \u00e9poca. A mortalidade por todas as causas esteve acima do esperado nas regi\u00f5es Norte, Centro, Alentejo e Lisboa e Vale do Tejo, principalmente nos maiores de 65 anos. A incid\u00eancia de infe\u00e7\u00f5es respirat\u00f3rias agudas graves (SARI) manteve-se est\u00e1vel entre 22 e 28 de dezembro, com maior impacto nos menores de quatro anos e nos 65 ou mais. Foram registados 27 casos de SARI na Unidade Local de Sa\u00fade com dados de vigil\u00e2ncia, correspondentes a 7,9 por 100.000 habitantes; 16 casos de gripe foram reportados por 13 Unidades de Cuidados Intensivos, com 14,8% da gripe em UCI. O v\u00edrus influenza A(H3) foi detetado em um caso e A n\u00e3o subtipo em 15; RSV e Rinovirus\/Enterovirus foram os agentes respirat\u00f3rios mais frequentes identificados, com 67 internamentos por RSV em menores de 24 meses desde o in\u00edcio da \u00e9poca.","og_url":"https:\/\/portaltela.pt\/noticias\/2026\/01\/03\/portugal-regista-1-265-casos-de-gripe-na-semana-do-natal\/","og_site_name":"Portal Tela Portugal","article_published_time":"2026-01-03T16:07:00+00:00","author":"Telinha","twitter_card":"summary_large_image","twitter_misc":{"Escrito por":"Telinha","Tempo estimado de leitura":"2 minutos"},"schema":{"@context":"https:\/\/schema.org","@graph":[{"@type":"Article","@id":"https:\/\/portaltela.pt\/noticias\/2026\/01\/03\/portugal-regista-1-265-casos-de-gripe-na-semana-do-natal\/#article","isPartOf":{"@id":"https:\/\/portaltela.pt\/noticias\/2026\/01\/03\/portugal-regista-1-265-casos-de-gripe-na-semana-do-natal\/"},"author":{"name":"Telinha","@id":"https:\/\/portaltela.pt\/#\/schema\/person\/c4278d4a6028830caff9ee44b42d32ed"},"headline":"Portugal regista 1.265 casos de gripe na semana do Natal","datePublished":"2026-01-03T16:07:00+00:00","mainEntityOfPage":{"@id":"https:\/\/portaltela.pt\/noticias\/2026\/01\/03\/portugal-regista-1-265-casos-de-gripe-na-semana-do-natal\/"},"wordCount":346,"image":{"@id":"https:\/\/portaltela.pt\/noticias\/2026\/01\/03\/portugal-regista-1-265-casos-de-gripe-na-semana-do-natal\/#primaryimage"},"thumbnailUrl":"https:\/\/portaltela.pt\/s.01k8rhncp4jt1\/2026\/01\/35180773.jpg","keywords":["gripe","infec\u00e7\u00e3o respirat\u00f3ria aguda","Portugal","sa\u00fade","sa\u00fade p\u00fablica"],"articleSection":["Not\u00edcias"],"inLanguage":"pt-PT"},{"@type":"WebPage","@id":"https:\/\/portaltela.pt\/noticias\/2026\/01\/03\/portugal-regista-1-265-casos-de-gripe-na-semana-do-natal\/","url":"https:\/\/portaltela.pt\/noticias\/2026\/01\/03\/portugal-regista-1-265-casos-de-gripe-na-semana-do-natal\/","name":"Portugal regista 1.265 casos de gripe na semana do Natal - Portal Tela Portugal","isPartOf":{"@id":"https:\/\/portaltela.pt\/#website"},"primaryImageOfPage":{"@id":"https:\/\/portaltela.pt\/noticias\/2026\/01\/03\/portugal-regista-1-265-casos-de-gripe-na-semana-do-natal\/#primaryimage"},"image":{"@id":"https:\/\/portaltela.pt\/noticias\/2026\/01\/03\/portugal-regista-1-265-casos-de-gripe-na-semana-do-natal\/#primaryimage"},"thumbnailUrl":"https:\/\/portaltela.pt\/s.01k8rhncp4jt1\/2026\/01\/35180773.jpg","datePublished":"2026-01-03T16:07:00+00:00","author":{"@id":"https:\/\/portaltela.pt\/#\/schema\/person\/c4278d4a6028830caff9ee44b42d32ed"},"breadcrumb":{"@id":"https:\/\/portaltela.pt\/noticias\/2026\/01\/03\/portugal-regista-1-265-casos-de-gripe-na-semana-do-natal\/#breadcrumb"},"inLanguage":"pt-PT","potentialAction":[{"@type":"ReadAction","target":["https:\/\/portaltela.pt\/noticias\/2026\/01\/03\/portugal-regista-1-265-casos-de-gripe-na-semana-do-natal\/"]}]},{"@type":"ImageObject","inLanguage":"pt-PT","@id":"https:\/\/portaltela.pt\/noticias\/2026\/01\/03\/portugal-regista-1-265-casos-de-gripe-na-semana-do-natal\/#primaryimage","url":"https:\/\/portaltela.pt\/s.01k8rhncp4jt1\/2026\/01\/35180773.jpg","contentUrl":"https:\/\/portaltela.pt\/s.01k8rhncp4jt1\/2026\/01\/35180773.jpg","width":796,"height":448,"caption":"Instituto Nacional de Sa\u00fade Doutor Ricardo Jorge, Lisboa, 07 de janeiro de 2022. ANT\u00d3NIO COTRIM\/LUSA"},{"@type":"BreadcrumbList","@id":"https:\/\/portaltela.pt\/noticias\/2026\/01\/03\/portugal-regista-1-265-casos-de-gripe-na-semana-do-natal\/#breadcrumb","itemListElement":[{"@type":"ListItem","position":1,"name":"In\u00edcio","item":"https:\/\/portaltela.pt\/"},{"@type":"ListItem","position":2,"name":"Portugal regista 1.265 casos de gripe na semana do Natal"}]},{"@type":"WebSite","@id":"https:\/\/portaltela.pt\/#website","url":"https:\/\/portaltela.pt\/","name":"Portal Tela Portugal","description":"","potentialAction":[{"@type":"SearchAction","target":{"@type":"EntryPoint","urlTemplate":"https:\/\/portaltela.pt\/?s={search_term_string}"},"query-input":{"@type":"PropertyValueSpecification","valueRequired":true,"valueName":"search_term_string"}}],"inLanguage":"pt-PT"},{"@type":"Person","@id":"https:\/\/portaltela.pt\/#\/schema\/person\/c4278d4a6028830caff9ee44b42d32ed","name":"Telinha","image":{"@type":"ImageObject","inLanguage":"pt-PT","@id":"https:\/\/portaltela.pt\/s.01k8rhncp4jt1\/2025\/11\/talking-bot-125x125.png","url":"https:\/\/portaltela.pt\/s.01k8rhncp4jt1\/2025\/11\/talking-bot-125x125.png","contentUrl":"https:\/\/portaltela.pt\/s.01k8rhncp4jt1\/2025\/11\/talking-bot-125x125.png","caption":"Telinha"},"sameAs":["https:\/\/portaltela.pt\/"],"url":"https:\/\/portaltela.pt\/por\/367410592786\/"}]}},"_links":{"self":[{"href":"https:\/\/portaltela.pt\/api\/wp\/v2\/posts\/115033","targetHints":{"allow":["GET"]}}],"collection":[{"href":"https:\/\/portaltela.pt\/api\/wp\/v2\/posts"}],"about":[{"href":"https:\/\/portaltela.pt\/api\/wp\/v2\/types\/post"}],"author":[{"embeddable":true,"href":"https:\/\/portaltela.pt\/api\/wp\/v2\/users\/2"}],"replies":[{"embeddable":true,"href":"https:\/\/portaltela.pt\/api\/wp\/v2\/comments?post=115033"}],"version-history":[{"count":0,"href":"https:\/\/portaltela.pt\/api\/wp\/v2\/posts\/115033\/revisions"}],"wp:featuredmedia":[{"embeddable":true,"href":"https:\/\/portaltela.pt\/api\/wp\/v2\/media\/115036"}],"wp:attachment":[{"href":"https:\/\/portaltela.pt\/api\/wp\/v2\/media?parent=115033"}],"wp:term":[{"taxonomy":"category","embeddable":true,"href":"https:\/\/portaltela.pt\/api\/wp\/v2\/categories?post=115033"},{"taxonomy":"post_tag","embeddable":true,"href":"https:\/\/portaltela.pt\/api\/wp\/v2\/tags?post=115033"}],"curies":[{"name":"wp","href":"https:\/\/api.w.org\/{rel}","templated":true}]}}