{"id":114978,"date":"2026-01-03T07:05:00","date_gmt":"2026-01-03T10:05:00","guid":{"rendered":"https:\/\/portaltela.pt\/noticias\/2026\/01\/03\/transferroom-liga-luis-pinto-fabregas-e-crespo-ao-treinador-do-v-guimaraes\/"},"modified":"2026-01-03T07:05:00","modified_gmt":"2026-01-03T10:05:00","slug":"transferroom-liga-luis-pinto-fabregas-e-crespo-ao-treinador-do-v-guimaraes","status":"publish","type":"post","link":"https:\/\/portaltela.pt\/desporto\/futebol\/2026\/01\/03\/transferroom-liga-luis-pinto-fabregas-e-crespo-ao-treinador-do-v-guimaraes\/","title":{"rendered":"TransferRoom liga Lu\u00eds Pinto, F\u00e0bregas e Crespo ao treinador do V. Guimar\u00e3es"},"content":{"rendered":"<p>Lu\u00eds Pinto, treinador do V. Guimar\u00e3es, integrou o top 10 de treinadores em ascens\u00e3o na an\u00e1lise do TransferRoom de 2025. A evolu\u00e7\u00e3o da m\u00e9trica ocorreu entre janeiro de 2025 e janeiro de 2026, passando de 70,6 para 79,6 pontos. Pinto ocorre na primeira \u00e9poca \u00e0 frente da equipa vimaranense.<\/p>\n<p>No ranking, liderado por Cesc F\u00e0bregas e Hern\u00e1n Crespo, Pinto \u00e9 o \u00fanico portugu\u00eas entre os dez primeiros. O t\u00e9cnico de 36 anos soma 21 jogos ao leme do Vila, com 10 vit\u00f3rias, 4 empates e 7 derrotas.<\/p>\n<p>Pinto j\u00e1 havia passado por Tondela, Fafe e Lusit\u00e2nia Lourosa, antes de chegar a Guimar\u00e3es. A carreira inclui passagem por v\u00e1rios clubes portugueses, com foco na promo\u00e7\u00e3o de talentos e progresso t\u00e9cnico.<\/p>\n<h3>Ranking e metodologia do TransferRoom<\/h3>\n<p>A plataforma de transfer\u00eancias utiliza 100 crit\u00e9rios para compor o top 10 de treinadores em ascens\u00e3o. O ranking atual reflete a percep\u00e7\u00e3o de valoriza\u00e7\u00e3o de t\u00e9cnicos com forte potencial de mercado.<\/p>\n<p>Segundo o relat\u00f3rio, Cesc F\u00e0bregas lidera o grupo, seguido por Hern\u00e1n Crespo. Lu\u00eds Pinto ocupa a posi\u00e7\u00e3o entre os melhores, destacando-se pela progress\u00e3o registada em 12 meses.<\/p>\n","protected":false},"excerpt":{"rendered":"<ul>\n<li>O TransferRoom criou o ranking de treinadores em ascens\u00e3o de 2025, com Cesc F\u00e0bregas no topo e Hern\u00e1n Crespo em segundo; Lu\u00eds Pinto \u00e9 o \u00fanico treinador portugu\u00eas entre os dez primeiros.<\/li>\n<li>De janeiro de 2025 a janeiro de 2026, o ranking de Lu\u00eds Pinto subiu de 70,6 para 79,6 pontos.<\/li>\n<li>Lu\u00eds Pinto, de 36 anos, est\u00e1 a cumprir a primeira \u00e9poca no V. Guimar\u00e3es, somando 21 jogos, com 10 vit\u00f3rias, 4 empates e 7 derrotas.<\/li>\n<li>O t\u00e9cnico j\u00e1 passou por Tondela, Fafe e Lusit\u00e2nia Lourosa, entre outros, antes de chegar a Guimar\u00e3es.<\/li>\n<\/ul>\n","protected":false},"author":2,"featured_media":114979,"comment_status":"closed","ping_status":"closed","sticky":false,"template":"","format":"standard","meta":{"footnotes":""},"categories":[21,24],"tags":[2339,152,32,1145,2340,2050],"class_list":["post-114978","post","type-post","status-publish","format-standard","has-post-thumbnail","hentry","category-desporto","category-futebol","tag-cesc-fabregas","tag-desporto","tag-futebol","tag-guimaraes","tag-hernan-crespo","tag-transferencias"],"yoast_head":"<!-- This site is optimized with the Yoast SEO plugin v27.2 - https:\/\/yoast.com\/product\/yoast-seo-wordpress\/ -->\n<title>TransferRoom liga Lu\u00eds Pinto, F\u00e0bregas e Crespo ao treinador do V. Guimar\u00e3es - Portal Tela Portugal<\/title>\n<meta name=\"robots\" content=\"index, follow, max-snippet:-1, max-image-preview:large, max-video-preview:-1\" \/>\n<meta property=\"og:locale\" content=\"pt_PT\" \/>\n<meta property=\"og:type\" content=\"article\" \/>\n<meta property=\"og:title\" content=\"TransferRoom liga Lu\u00eds Pinto, F\u00e0bregas e Crespo ao treinador do V. Guimar\u00e3es - Portal Tela Portugal\" \/>\n<meta property=\"og:description\" content=\"O TransferRoom criou o ranking de treinadores em ascens\u00e3o de 2025, com Cesc F\u00e0bregas no topo e Hern\u00e1n Crespo em segundo; Lu\u00eds Pinto \u00e9 o \u00fanico treinador portugu\u00eas entre os dez primeiros. De janeiro de 2025 a janeiro de 2026, o ranking de Lu\u00eds Pinto subiu de 70,6 para 79,6 pontos. Lu\u00eds Pinto, de 36 anos, est\u00e1 a cumprir a primeira \u00e9poca no V. Guimar\u00e3es, somando 21 jogos, com 10 vit\u00f3rias, 4 empates e 7 derrotas. O t\u00e9cnico j\u00e1 passou por Tondela, Fafe e Lusit\u00e2nia Lourosa, entre outros, antes de chegar a Guimar\u00e3es.\" \/>\n<meta property=\"og:url\" content=\"https:\/\/portaltela.pt\/noticias\/2026\/01\/03\/transferroom-liga-luis-pinto-fabregas-e-crespo-ao-treinador-do-v-guimaraes\/\" \/>\n<meta property=\"og:site_name\" content=\"Portal Tela Portugal\" \/>\n<meta property=\"article:published_time\" content=\"2026-01-03T10:05:00+00:00\" \/>\n<meta name=\"author\" content=\"Telinha\" \/>\n<meta name=\"twitter:card\" content=\"summary_large_image\" \/>\n<meta name=\"twitter:label1\" content=\"Escrito por\" \/>\n\t<meta name=\"twitter:data1\" content=\"Telinha\" \/>\n\t<meta name=\"twitter:label2\" content=\"Tempo estimado de leitura\" \/>\n\t<meta name=\"twitter:data2\" content=\"1 minuto\" \/>\n<script type=\"application\/ld+json\" class=\"yoast-schema-graph\">{\"@context\":\"https:\/\/schema.org\",\"@graph\":[{\"@type\":\"Article\",\"@id\":\"https:\/\/portaltela.pt\/noticias\/2026\/01\/03\/transferroom-liga-luis-pinto-fabregas-e-crespo-ao-treinador-do-v-guimaraes\/#article\",\"isPartOf\":{\"@id\":\"https:\/\/portaltela.pt\/noticias\/2026\/01\/03\/transferroom-liga-luis-pinto-fabregas-e-crespo-ao-treinador-do-v-guimaraes\/\"},\"author\":{\"name\":\"Telinha\",\"@id\":\"https:\/\/portaltela.pt\/#\/schema\/person\/c4278d4a6028830caff9ee44b42d32ed\"},\"headline\":\"TransferRoom liga Lu\u00eds Pinto, F\u00e0bregas e Crespo ao treinador do V. Guimar\u00e3es\",\"datePublished\":\"2026-01-03T10:05:00+00:00\",\"mainEntityOfPage\":{\"@id\":\"https:\/\/portaltela.pt\/noticias\/2026\/01\/03\/transferroom-liga-luis-pinto-fabregas-e-crespo-ao-treinador-do-v-guimaraes\/\"},\"wordCount\":209,\"image\":{\"@id\":\"https:\/\/portaltela.pt\/noticias\/2026\/01\/03\/transferroom-liga-luis-pinto-fabregas-e-crespo-ao-treinador-do-v-guimaraes\/#primaryimage\"},\"thumbnailUrl\":\"https:\/\/portaltela.pt\/s.01k8rhncp4jt1\/2026\/01\/img_920x518uu2025-12-08-23-27-30-2407991-2.jpg\",\"keywords\":[\"Cesc F\u00e0bregas\",\"desporto\",\"futebol\",\"Guimar\u00e3es\",\"Hern\u00e1n Crespo\",\"transfer\u00eancias\"],\"articleSection\":[\"Desporto\",\"Futebol\"],\"inLanguage\":\"pt-PT\"},{\"@type\":\"WebPage\",\"@id\":\"https:\/\/portaltela.pt\/noticias\/2026\/01\/03\/transferroom-liga-luis-pinto-fabregas-e-crespo-ao-treinador-do-v-guimaraes\/\",\"url\":\"https:\/\/portaltela.pt\/noticias\/2026\/01\/03\/transferroom-liga-luis-pinto-fabregas-e-crespo-ao-treinador-do-v-guimaraes\/\",\"name\":\"TransferRoom liga Lu\u00eds Pinto, F\u00e0bregas e Crespo ao treinador do V. Guimar\u00e3es - Portal Tela Portugal\",\"isPartOf\":{\"@id\":\"https:\/\/portaltela.pt\/#website\"},\"primaryImageOfPage\":{\"@id\":\"https:\/\/portaltela.pt\/noticias\/2026\/01\/03\/transferroom-liga-luis-pinto-fabregas-e-crespo-ao-treinador-do-v-guimaraes\/#primaryimage\"},\"image\":{\"@id\":\"https:\/\/portaltela.pt\/noticias\/2026\/01\/03\/transferroom-liga-luis-pinto-fabregas-e-crespo-ao-treinador-do-v-guimaraes\/#primaryimage\"},\"thumbnailUrl\":\"https:\/\/portaltela.pt\/s.01k8rhncp4jt1\/2026\/01\/img_920x518uu2025-12-08-23-27-30-2407991-2.jpg\",\"datePublished\":\"2026-01-03T10:05:00+00:00\",\"author\":{\"@id\":\"https:\/\/portaltela.pt\/#\/schema\/person\/c4278d4a6028830caff9ee44b42d32ed\"},\"breadcrumb\":{\"@id\":\"https:\/\/portaltela.pt\/noticias\/2026\/01\/03\/transferroom-liga-luis-pinto-fabregas-e-crespo-ao-treinador-do-v-guimaraes\/#breadcrumb\"},\"inLanguage\":\"pt-PT\",\"potentialAction\":[{\"@type\":\"ReadAction\",\"target\":[\"https:\/\/portaltela.pt\/noticias\/2026\/01\/03\/transferroom-liga-luis-pinto-fabregas-e-crespo-ao-treinador-do-v-guimaraes\/\"]}]},{\"@type\":\"ImageObject\",\"inLanguage\":\"pt-PT\",\"@id\":\"https:\/\/portaltela.pt\/noticias\/2026\/01\/03\/transferroom-liga-luis-pinto-fabregas-e-crespo-ao-treinador-do-v-guimaraes\/#primaryimage\",\"url\":\"https:\/\/portaltela.pt\/s.01k8rhncp4jt1\/2026\/01\/img_920x518uu2025-12-08-23-27-30-2407991-2.jpg\",\"contentUrl\":\"https:\/\/portaltela.pt\/s.01k8rhncp4jt1\/2026\/01\/img_920x518uu2025-12-08-23-27-30-2407991-2.jpg\",\"width\":796,\"height\":448,\"caption\":\"Lu\u00eds Pinto, treinador do V. Guimar\u00e3es\"},{\"@type\":\"BreadcrumbList\",\"@id\":\"https:\/\/portaltela.pt\/noticias\/2026\/01\/03\/transferroom-liga-luis-pinto-fabregas-e-crespo-ao-treinador-do-v-guimaraes\/#breadcrumb\",\"itemListElement\":[{\"@type\":\"ListItem\",\"position\":1,\"name\":\"In\u00edcio\",\"item\":\"https:\/\/portaltela.pt\/\"},{\"@type\":\"ListItem\",\"position\":2,\"name\":\"TransferRoom liga Lu\u00eds Pinto, F\u00e0bregas e Crespo ao treinador do V. Guimar\u00e3es\"}]},{\"@type\":\"WebSite\",\"@id\":\"https:\/\/portaltela.pt\/#website\",\"url\":\"https:\/\/portaltela.pt\/\",\"name\":\"Portal Tela Portugal\",\"description\":\"\",\"potentialAction\":[{\"@type\":\"SearchAction\",\"target\":{\"@type\":\"EntryPoint\",\"urlTemplate\":\"https:\/\/portaltela.pt\/?s={search_term_string}\"},\"query-input\":{\"@type\":\"PropertyValueSpecification\",\"valueRequired\":true,\"valueName\":\"search_term_string\"}}],\"inLanguage\":\"pt-PT\"},{\"@type\":\"Person\",\"@id\":\"https:\/\/portaltela.pt\/#\/schema\/person\/c4278d4a6028830caff9ee44b42d32ed\",\"name\":\"Telinha\",\"image\":{\"@type\":\"ImageObject\",\"inLanguage\":\"pt-PT\",\"@id\":\"https:\/\/portaltela.pt\/s.01k8rhncp4jt1\/2025\/11\/talking-bot-125x125.png\",\"url\":\"https:\/\/portaltela.pt\/s.01k8rhncp4jt1\/2025\/11\/talking-bot-125x125.png\",\"contentUrl\":\"https:\/\/portaltela.pt\/s.01k8rhncp4jt1\/2025\/11\/talking-bot-125x125.png\",\"caption\":\"Telinha\"},\"sameAs\":[\"https:\/\/portaltela.pt\/\"],\"url\":\"https:\/\/portaltela.pt\/por\/367410592786\/\"}]}<\/script>\n<!-- \/ Yoast SEO plugin. -->","yoast_head_json":{"title":"TransferRoom liga Lu\u00eds Pinto, F\u00e0bregas e Crespo ao treinador do V. Guimar\u00e3es - Portal Tela Portugal","robots":{"index":"index","follow":"follow","max-snippet":"max-snippet:-1","max-image-preview":"max-image-preview:large","max-video-preview":"max-video-preview:-1"},"og_locale":"pt_PT","og_type":"article","og_title":"TransferRoom liga Lu\u00eds Pinto, F\u00e0bregas e Crespo ao treinador do V. Guimar\u00e3es - Portal Tela Portugal","og_description":"O TransferRoom criou o ranking de treinadores em ascens\u00e3o de 2025, com Cesc F\u00e0bregas no topo e Hern\u00e1n Crespo em segundo; Lu\u00eds Pinto \u00e9 o \u00fanico treinador portugu\u00eas entre os dez primeiros. De janeiro de 2025 a janeiro de 2026, o ranking de Lu\u00eds Pinto subiu de 70,6 para 79,6 pontos. Lu\u00eds Pinto, de 36 anos, est\u00e1 a cumprir a primeira \u00e9poca no V. Guimar\u00e3es, somando 21 jogos, com 10 vit\u00f3rias, 4 empates e 7 derrotas. O t\u00e9cnico j\u00e1 passou por Tondela, Fafe e Lusit\u00e2nia Lourosa, entre outros, antes de chegar a Guimar\u00e3es.","og_url":"https:\/\/portaltela.pt\/noticias\/2026\/01\/03\/transferroom-liga-luis-pinto-fabregas-e-crespo-ao-treinador-do-v-guimaraes\/","og_site_name":"Portal Tela Portugal","article_published_time":"2026-01-03T10:05:00+00:00","author":"Telinha","twitter_card":"summary_large_image","twitter_misc":{"Escrito por":"Telinha","Tempo estimado de leitura":"1 minuto"},"schema":{"@context":"https:\/\/schema.org","@graph":[{"@type":"Article","@id":"https:\/\/portaltela.pt\/noticias\/2026\/01\/03\/transferroom-liga-luis-pinto-fabregas-e-crespo-ao-treinador-do-v-guimaraes\/#article","isPartOf":{"@id":"https:\/\/portaltela.pt\/noticias\/2026\/01\/03\/transferroom-liga-luis-pinto-fabregas-e-crespo-ao-treinador-do-v-guimaraes\/"},"author":{"name":"Telinha","@id":"https:\/\/portaltela.pt\/#\/schema\/person\/c4278d4a6028830caff9ee44b42d32ed"},"headline":"TransferRoom liga Lu\u00eds Pinto, F\u00e0bregas e Crespo ao treinador do V. Guimar\u00e3es","datePublished":"2026-01-03T10:05:00+00:00","mainEntityOfPage":{"@id":"https:\/\/portaltela.pt\/noticias\/2026\/01\/03\/transferroom-liga-luis-pinto-fabregas-e-crespo-ao-treinador-do-v-guimaraes\/"},"wordCount":209,"image":{"@id":"https:\/\/portaltela.pt\/noticias\/2026\/01\/03\/transferroom-liga-luis-pinto-fabregas-e-crespo-ao-treinador-do-v-guimaraes\/#primaryimage"},"thumbnailUrl":"https:\/\/portaltela.pt\/s.01k8rhncp4jt1\/2026\/01\/img_920x518uu2025-12-08-23-27-30-2407991-2.jpg","keywords":["Cesc F\u00e0bregas","desporto","futebol","Guimar\u00e3es","Hern\u00e1n Crespo","transfer\u00eancias"],"articleSection":["Desporto","Futebol"],"inLanguage":"pt-PT"},{"@type":"WebPage","@id":"https:\/\/portaltela.pt\/noticias\/2026\/01\/03\/transferroom-liga-luis-pinto-fabregas-e-crespo-ao-treinador-do-v-guimaraes\/","url":"https:\/\/portaltela.pt\/noticias\/2026\/01\/03\/transferroom-liga-luis-pinto-fabregas-e-crespo-ao-treinador-do-v-guimaraes\/","name":"TransferRoom liga Lu\u00eds Pinto, F\u00e0bregas e Crespo ao treinador do V. Guimar\u00e3es - Portal Tela Portugal","isPartOf":{"@id":"https:\/\/portaltela.pt\/#website"},"primaryImageOfPage":{"@id":"https:\/\/portaltela.pt\/noticias\/2026\/01\/03\/transferroom-liga-luis-pinto-fabregas-e-crespo-ao-treinador-do-v-guimaraes\/#primaryimage"},"image":{"@id":"https:\/\/portaltela.pt\/noticias\/2026\/01\/03\/transferroom-liga-luis-pinto-fabregas-e-crespo-ao-treinador-do-v-guimaraes\/#primaryimage"},"thumbnailUrl":"https:\/\/portaltela.pt\/s.01k8rhncp4jt1\/2026\/01\/img_920x518uu2025-12-08-23-27-30-2407991-2.jpg","datePublished":"2026-01-03T10:05:00+00:00","author":{"@id":"https:\/\/portaltela.pt\/#\/schema\/person\/c4278d4a6028830caff9ee44b42d32ed"},"breadcrumb":{"@id":"https:\/\/portaltela.pt\/noticias\/2026\/01\/03\/transferroom-liga-luis-pinto-fabregas-e-crespo-ao-treinador-do-v-guimaraes\/#breadcrumb"},"inLanguage":"pt-PT","potentialAction":[{"@type":"ReadAction","target":["https:\/\/portaltela.pt\/noticias\/2026\/01\/03\/transferroom-liga-luis-pinto-fabregas-e-crespo-ao-treinador-do-v-guimaraes\/"]}]},{"@type":"ImageObject","inLanguage":"pt-PT","@id":"https:\/\/portaltela.pt\/noticias\/2026\/01\/03\/transferroom-liga-luis-pinto-fabregas-e-crespo-ao-treinador-do-v-guimaraes\/#primaryimage","url":"https:\/\/portaltela.pt\/s.01k8rhncp4jt1\/2026\/01\/img_920x518uu2025-12-08-23-27-30-2407991-2.jpg","contentUrl":"https:\/\/portaltela.pt\/s.01k8rhncp4jt1\/2026\/01\/img_920x518uu2025-12-08-23-27-30-2407991-2.jpg","width":796,"height":448,"caption":"Lu\u00eds Pinto, treinador do V. Guimar\u00e3es"},{"@type":"BreadcrumbList","@id":"https:\/\/portaltela.pt\/noticias\/2026\/01\/03\/transferroom-liga-luis-pinto-fabregas-e-crespo-ao-treinador-do-v-guimaraes\/#breadcrumb","itemListElement":[{"@type":"ListItem","position":1,"name":"In\u00edcio","item":"https:\/\/portaltela.pt\/"},{"@type":"ListItem","position":2,"name":"TransferRoom liga Lu\u00eds Pinto, F\u00e0bregas e Crespo ao treinador do V. Guimar\u00e3es"}]},{"@type":"WebSite","@id":"https:\/\/portaltela.pt\/#website","url":"https:\/\/portaltela.pt\/","name":"Portal Tela Portugal","description":"","potentialAction":[{"@type":"SearchAction","target":{"@type":"EntryPoint","urlTemplate":"https:\/\/portaltela.pt\/?s={search_term_string}"},"query-input":{"@type":"PropertyValueSpecification","valueRequired":true,"valueName":"search_term_string"}}],"inLanguage":"pt-PT"},{"@type":"Person","@id":"https:\/\/portaltela.pt\/#\/schema\/person\/c4278d4a6028830caff9ee44b42d32ed","name":"Telinha","image":{"@type":"ImageObject","inLanguage":"pt-PT","@id":"https:\/\/portaltela.pt\/s.01k8rhncp4jt1\/2025\/11\/talking-bot-125x125.png","url":"https:\/\/portaltela.pt\/s.01k8rhncp4jt1\/2025\/11\/talking-bot-125x125.png","contentUrl":"https:\/\/portaltela.pt\/s.01k8rhncp4jt1\/2025\/11\/talking-bot-125x125.png","caption":"Telinha"},"sameAs":["https:\/\/portaltela.pt\/"],"url":"https:\/\/portaltela.pt\/por\/367410592786\/"}]}},"_links":{"self":[{"href":"https:\/\/portaltela.pt\/api\/wp\/v2\/posts\/114978","targetHints":{"allow":["GET"]}}],"collection":[{"href":"https:\/\/portaltela.pt\/api\/wp\/v2\/posts"}],"about":[{"href":"https:\/\/portaltela.pt\/api\/wp\/v2\/types\/post"}],"author":[{"embeddable":true,"href":"https:\/\/portaltela.pt\/api\/wp\/v2\/users\/2"}],"replies":[{"embeddable":true,"href":"https:\/\/portaltela.pt\/api\/wp\/v2\/comments?post=114978"}],"version-history":[{"count":0,"href":"https:\/\/portaltela.pt\/api\/wp\/v2\/posts\/114978\/revisions"}],"wp:featuredmedia":[{"embeddable":true,"href":"https:\/\/portaltela.pt\/api\/wp\/v2\/media\/114979"}],"wp:attachment":[{"href":"https:\/\/portaltela.pt\/api\/wp\/v2\/media?parent=114978"}],"wp:term":[{"taxonomy":"category","embeddable":true,"href":"https:\/\/portaltela.pt\/api\/wp\/v2\/categories?post=114978"},{"taxonomy":"post_tag","embeddable":true,"href":"https:\/\/portaltela.pt\/api\/wp\/v2\/tags?post=114978"}],"curies":[{"name":"wp","href":"https:\/\/api.w.org\/{rel}","templated":true}]}}