{"id":114892,"date":"2026-01-03T11:36:00","date_gmt":"2026-01-03T14:36:00","guid":{"rendered":"https:\/\/portaltela.pt\/noticias\/2026\/01\/03\/exibicionista-detido-por-importunar-mulher-e-filho-em-centro-comercial\/"},"modified":"2026-01-03T11:36:00","modified_gmt":"2026-01-03T14:36:00","slug":"exibicionista-detido-por-importunar-mulher-e-filho-em-centro-comercial","status":"publish","type":"post","link":"https:\/\/portaltela.pt\/noticias\/2026\/01\/03\/exibicionista-detido-por-importunar-mulher-e-filho-em-centro-comercial\/","title":{"rendered":"Exibicionista detido por importunar mulher e filho em centro comercial"},"content":{"rendered":"<p>Um homem de 58 anos foi detido em flagrante pela PSP por importuna\u00e7\u00e3o sexual, na zona de restaura\u00e7\u00e3o de um centro comercial nas Caldas da Rainha. O epis\u00f3dio ocorreu \u00e0 tarde, no dia 22 de dezembro, perante uma m\u00e3e e o filho de nove anos.<\/p>\n<p>Segundo a PSP, a interven\u00e7\u00e3o ocorreu com rapidez durante uma patrulha de proximidade, que identificou a conduta exibicionista. O suspeito foi imediatamente detido e encaminhado \u00e0s instala\u00e7\u00f5es da PSP.<\/p>\n<p>A v\u00edtima n\u00e3o sofreu les\u00f5es reveladas publicamente, e o homem j\u00e1 tinha antecedentes pelo crime de viol\u00eancia dom\u00e9stica. A audi\u00eancia de julgamento sum\u00e1rio foi agendada para o dia seguinte, mas foi adiada a pedido da defesa.<\/p>\n<h3>Detalhes adicionais<\/h3>\n<p>O Comando Distrital de Leiria da PSP refor\u00e7ou o compromisso com a preven\u00e7\u00e3o de crimes contra a liberdade e autodetermina\u00e7\u00e3o sexual, especialmente quando envolvem menores. Apelou \u00e0 den\u00fancia imediata de situa\u00e7\u00f5es semelhantes para melhorar a coopera\u00e7\u00e3o comunit\u00e1ria na seguran\u00e7a p\u00fablica.<\/p>\n","protected":false},"excerpt":{"rendered":"<ul>\n<li>Um homem de 58 anos foi detido em flagrante pela PSP por importuna\u00e7\u00e3o sexual na zona de restaura\u00e7\u00e3o de um centro comercial nas Caldas da Rainha, na tarde de 22 de dezembro, perante uma m\u00e3e e o filho de nove anos.<\/li>\n<li>A deten\u00e7\u00e3o ocorreu durante patrulhamento de proximidade da PSP, que prendeu o suspeito no local e o encaminhou \u00e0s instala\u00e7\u00f5es da pol\u00edcia.<\/li>\n<li>Verificou-se que o homem j\u00e1 tinha antecedentes pelo crime de viol\u00eancia dom\u00e9stica.<\/li>\n<li>Foi presente \u00e0 autoridade judici\u00e1ria no dia seguinte; a audi\u00eancia de julgamento sum\u00e1rio foi adiada a pedido da defesa.<\/li>\n<li>O Comando Distrital de Leiria da PSP refor\u00e7ou o compromisso na preven\u00e7\u00e3o de crimes contra liberdade e autodetermina\u00e7\u00e3o sexual e pediu a den\u00fancia de situa\u00e7\u00f5es semelhantes.<\/li>\n<\/ul>\n","protected":false},"author":2,"featured_media":114893,"comment_status":"closed","ping_status":"closed","sticky":false,"template":"","format":"standard","meta":{"footnotes":""},"categories":[],"tags":[1455,1672,147,2091,1381,250],"class_list":["post-114892","post","type-post","status-publish","format-standard","has-post-thumbnail","hentry","tag-abuso-de-menor-dependente","tag-caldas-da-rainha","tag-crime","tag-importunacao-sexual-de-menor-dependente-ou-em-situacao-vulneravel","tag-psp","tag-seguranca-publica"],"yoast_head":"<!-- This site is optimized with the Yoast SEO plugin v27.2 - https:\/\/yoast.com\/product\/yoast-seo-wordpress\/ -->\n<title>Exibicionista detido por importunar mulher e filho em centro comercial - Portal Tela Portugal<\/title>\n<meta name=\"robots\" content=\"index, follow, max-snippet:-1, max-image-preview:large, max-video-preview:-1\" \/>\n<meta property=\"og:locale\" content=\"pt_PT\" \/>\n<meta property=\"og:type\" content=\"article\" \/>\n<meta property=\"og:title\" content=\"Exibicionista detido por importunar mulher e filho em centro comercial - Portal Tela Portugal\" \/>\n<meta property=\"og:description\" content=\"Um homem de 58 anos foi detido em flagrante pela PSP por importuna\u00e7\u00e3o sexual na zona de restaura\u00e7\u00e3o de um centro comercial nas Caldas da Rainha, na tarde de 22 de dezembro, perante uma m\u00e3e e o filho de nove anos. A deten\u00e7\u00e3o ocorreu durante patrulhamento de proximidade da PSP, que prendeu o suspeito no local e o encaminhou \u00e0s instala\u00e7\u00f5es da pol\u00edcia. Verificou-se que o homem j\u00e1 tinha antecedentes pelo crime de viol\u00eancia dom\u00e9stica. Foi presente \u00e0 autoridade judici\u00e1ria no dia seguinte; a audi\u00eancia de julgamento sum\u00e1rio foi adiada a pedido da defesa. O Comando Distrital de Leiria da PSP refor\u00e7ou o compromisso na preven\u00e7\u00e3o de crimes contra liberdade e autodetermina\u00e7\u00e3o sexual e pediu a den\u00fancia de situa\u00e7\u00f5es semelhantes.\" \/>\n<meta property=\"og:url\" content=\"https:\/\/portaltela.pt\/noticias\/2026\/01\/03\/exibicionista-detido-por-importunar-mulher-e-filho-em-centro-comercial\/\" \/>\n<meta property=\"og:site_name\" content=\"Portal Tela Portugal\" \/>\n<meta property=\"article:published_time\" content=\"2026-01-03T14:36:00+00:00\" \/>\n<meta name=\"author\" content=\"Telinha\" \/>\n<meta name=\"twitter:card\" content=\"summary_large_image\" \/>\n<meta name=\"twitter:label1\" content=\"Escrito por\" \/>\n\t<meta name=\"twitter:data1\" content=\"Telinha\" \/>\n\t<meta name=\"twitter:label2\" content=\"Tempo estimado de leitura\" \/>\n\t<meta name=\"twitter:data2\" content=\"1 minuto\" \/>\n<script type=\"application\/ld+json\" class=\"yoast-schema-graph\">{\"@context\":\"https:\/\/schema.org\",\"@graph\":[{\"@type\":\"Article\",\"@id\":\"https:\/\/portaltela.pt\/noticias\/2026\/01\/03\/exibicionista-detido-por-importunar-mulher-e-filho-em-centro-comercial\/#article\",\"isPartOf\":{\"@id\":\"https:\/\/portaltela.pt\/noticias\/2026\/01\/03\/exibicionista-detido-por-importunar-mulher-e-filho-em-centro-comercial\/\"},\"author\":{\"name\":\"Telinha\",\"@id\":\"https:\/\/portaltela.pt\/#\/schema\/person\/c4278d4a6028830caff9ee44b42d32ed\"},\"headline\":\"Exibicionista detido por importunar mulher e filho em centro comercial\",\"datePublished\":\"2026-01-03T14:36:00+00:00\",\"mainEntityOfPage\":{\"@id\":\"https:\/\/portaltela.pt\/noticias\/2026\/01\/03\/exibicionista-detido-por-importunar-mulher-e-filho-em-centro-comercial\/\"},\"wordCount\":180,\"image\":{\"@id\":\"https:\/\/portaltela.pt\/noticias\/2026\/01\/03\/exibicionista-detido-por-importunar-mulher-e-filho-em-centro-comercial\/#primaryimage\"},\"thumbnailUrl\":\"https:\/\/portaltela.pt\/s.01k8rhncp4jt1\/2026\/01\/image-127.jpg\",\"keywords\":[\"abuso de menor dependente\",\"Caldas da Rainha\",\"crime\",\"importuna\u00e7\u00e3o sexual de menor dependente ou em situa\u00e7\u00e3o vulner\u00e1vel\",\"PSP\",\"seguran\u00e7a p\u00fablica\"],\"inLanguage\":\"pt-PT\"},{\"@type\":\"WebPage\",\"@id\":\"https:\/\/portaltela.pt\/noticias\/2026\/01\/03\/exibicionista-detido-por-importunar-mulher-e-filho-em-centro-comercial\/\",\"url\":\"https:\/\/portaltela.pt\/noticias\/2026\/01\/03\/exibicionista-detido-por-importunar-mulher-e-filho-em-centro-comercial\/\",\"name\":\"Exibicionista detido por importunar mulher e filho em centro comercial - Portal Tela Portugal\",\"isPartOf\":{\"@id\":\"https:\/\/portaltela.pt\/#website\"},\"primaryImageOfPage\":{\"@id\":\"https:\/\/portaltela.pt\/noticias\/2026\/01\/03\/exibicionista-detido-por-importunar-mulher-e-filho-em-centro-comercial\/#primaryimage\"},\"image\":{\"@id\":\"https:\/\/portaltela.pt\/noticias\/2026\/01\/03\/exibicionista-detido-por-importunar-mulher-e-filho-em-centro-comercial\/#primaryimage\"},\"thumbnailUrl\":\"https:\/\/portaltela.pt\/s.01k8rhncp4jt1\/2026\/01\/image-127.jpg\",\"datePublished\":\"2026-01-03T14:36:00+00:00\",\"author\":{\"@id\":\"https:\/\/portaltela.pt\/#\/schema\/person\/c4278d4a6028830caff9ee44b42d32ed\"},\"breadcrumb\":{\"@id\":\"https:\/\/portaltela.pt\/noticias\/2026\/01\/03\/exibicionista-detido-por-importunar-mulher-e-filho-em-centro-comercial\/#breadcrumb\"},\"inLanguage\":\"pt-PT\",\"potentialAction\":[{\"@type\":\"ReadAction\",\"target\":[\"https:\/\/portaltela.pt\/noticias\/2026\/01\/03\/exibicionista-detido-por-importunar-mulher-e-filho-em-centro-comercial\/\"]}]},{\"@type\":\"ImageObject\",\"inLanguage\":\"pt-PT\",\"@id\":\"https:\/\/portaltela.pt\/noticias\/2026\/01\/03\/exibicionista-detido-por-importunar-mulher-e-filho-em-centro-comercial\/#primaryimage\",\"url\":\"https:\/\/portaltela.pt\/s.01k8rhncp4jt1\/2026\/01\/image-127.jpg\",\"contentUrl\":\"https:\/\/portaltela.pt\/s.01k8rhncp4jt1\/2026\/01\/image-127.jpg\",\"width\":796,\"height\":448,\"caption\":\"Policia deteve exibicionista em zona de restaura\u00e7\u00e3o de centro comercial nas Caldas da Rainha\"},{\"@type\":\"BreadcrumbList\",\"@id\":\"https:\/\/portaltela.pt\/noticias\/2026\/01\/03\/exibicionista-detido-por-importunar-mulher-e-filho-em-centro-comercial\/#breadcrumb\",\"itemListElement\":[{\"@type\":\"ListItem\",\"position\":1,\"name\":\"In\u00edcio\",\"item\":\"https:\/\/portaltela.pt\/\"},{\"@type\":\"ListItem\",\"position\":2,\"name\":\"Exibicionista detido por importunar mulher e filho em centro comercial\"}]},{\"@type\":\"WebSite\",\"@id\":\"https:\/\/portaltela.pt\/#website\",\"url\":\"https:\/\/portaltela.pt\/\",\"name\":\"Portal Tela Portugal\",\"description\":\"\",\"potentialAction\":[{\"@type\":\"SearchAction\",\"target\":{\"@type\":\"EntryPoint\",\"urlTemplate\":\"https:\/\/portaltela.pt\/?s={search_term_string}\"},\"query-input\":{\"@type\":\"PropertyValueSpecification\",\"valueRequired\":true,\"valueName\":\"search_term_string\"}}],\"inLanguage\":\"pt-PT\"},{\"@type\":\"Person\",\"@id\":\"https:\/\/portaltela.pt\/#\/schema\/person\/c4278d4a6028830caff9ee44b42d32ed\",\"name\":\"Telinha\",\"image\":{\"@type\":\"ImageObject\",\"inLanguage\":\"pt-PT\",\"@id\":\"https:\/\/portaltela.pt\/s.01k8rhncp4jt1\/2025\/11\/talking-bot-125x125.png\",\"url\":\"https:\/\/portaltela.pt\/s.01k8rhncp4jt1\/2025\/11\/talking-bot-125x125.png\",\"contentUrl\":\"https:\/\/portaltela.pt\/s.01k8rhncp4jt1\/2025\/11\/talking-bot-125x125.png\",\"caption\":\"Telinha\"},\"sameAs\":[\"https:\/\/portaltela.pt\/\"],\"url\":\"https:\/\/portaltela.pt\/por\/367410592786\/\"}]}<\/script>\n<!-- \/ Yoast SEO plugin. -->","yoast_head_json":{"title":"Exibicionista detido por importunar mulher e filho em centro comercial - Portal Tela Portugal","robots":{"index":"index","follow":"follow","max-snippet":"max-snippet:-1","max-image-preview":"max-image-preview:large","max-video-preview":"max-video-preview:-1"},"og_locale":"pt_PT","og_type":"article","og_title":"Exibicionista detido por importunar mulher e filho em centro comercial - Portal Tela Portugal","og_description":"Um homem de 58 anos foi detido em flagrante pela PSP por importuna\u00e7\u00e3o sexual na zona de restaura\u00e7\u00e3o de um centro comercial nas Caldas da Rainha, na tarde de 22 de dezembro, perante uma m\u00e3e e o filho de nove anos. A deten\u00e7\u00e3o ocorreu durante patrulhamento de proximidade da PSP, que prendeu o suspeito no local e o encaminhou \u00e0s instala\u00e7\u00f5es da pol\u00edcia. Verificou-se que o homem j\u00e1 tinha antecedentes pelo crime de viol\u00eancia dom\u00e9stica. Foi presente \u00e0 autoridade judici\u00e1ria no dia seguinte; a audi\u00eancia de julgamento sum\u00e1rio foi adiada a pedido da defesa. O Comando Distrital de Leiria da PSP refor\u00e7ou o compromisso na preven\u00e7\u00e3o de crimes contra liberdade e autodetermina\u00e7\u00e3o sexual e pediu a den\u00fancia de situa\u00e7\u00f5es semelhantes.","og_url":"https:\/\/portaltela.pt\/noticias\/2026\/01\/03\/exibicionista-detido-por-importunar-mulher-e-filho-em-centro-comercial\/","og_site_name":"Portal Tela Portugal","article_published_time":"2026-01-03T14:36:00+00:00","author":"Telinha","twitter_card":"summary_large_image","twitter_misc":{"Escrito por":"Telinha","Tempo estimado de leitura":"1 minuto"},"schema":{"@context":"https:\/\/schema.org","@graph":[{"@type":"Article","@id":"https:\/\/portaltela.pt\/noticias\/2026\/01\/03\/exibicionista-detido-por-importunar-mulher-e-filho-em-centro-comercial\/#article","isPartOf":{"@id":"https:\/\/portaltela.pt\/noticias\/2026\/01\/03\/exibicionista-detido-por-importunar-mulher-e-filho-em-centro-comercial\/"},"author":{"name":"Telinha","@id":"https:\/\/portaltela.pt\/#\/schema\/person\/c4278d4a6028830caff9ee44b42d32ed"},"headline":"Exibicionista detido por importunar mulher e filho em centro comercial","datePublished":"2026-01-03T14:36:00+00:00","mainEntityOfPage":{"@id":"https:\/\/portaltela.pt\/noticias\/2026\/01\/03\/exibicionista-detido-por-importunar-mulher-e-filho-em-centro-comercial\/"},"wordCount":180,"image":{"@id":"https:\/\/portaltela.pt\/noticias\/2026\/01\/03\/exibicionista-detido-por-importunar-mulher-e-filho-em-centro-comercial\/#primaryimage"},"thumbnailUrl":"https:\/\/portaltela.pt\/s.01k8rhncp4jt1\/2026\/01\/image-127.jpg","keywords":["abuso de menor dependente","Caldas da Rainha","crime","importuna\u00e7\u00e3o sexual de menor dependente ou em situa\u00e7\u00e3o vulner\u00e1vel","PSP","seguran\u00e7a p\u00fablica"],"inLanguage":"pt-PT"},{"@type":"WebPage","@id":"https:\/\/portaltela.pt\/noticias\/2026\/01\/03\/exibicionista-detido-por-importunar-mulher-e-filho-em-centro-comercial\/","url":"https:\/\/portaltela.pt\/noticias\/2026\/01\/03\/exibicionista-detido-por-importunar-mulher-e-filho-em-centro-comercial\/","name":"Exibicionista detido por importunar mulher e filho em centro comercial - Portal Tela Portugal","isPartOf":{"@id":"https:\/\/portaltela.pt\/#website"},"primaryImageOfPage":{"@id":"https:\/\/portaltela.pt\/noticias\/2026\/01\/03\/exibicionista-detido-por-importunar-mulher-e-filho-em-centro-comercial\/#primaryimage"},"image":{"@id":"https:\/\/portaltela.pt\/noticias\/2026\/01\/03\/exibicionista-detido-por-importunar-mulher-e-filho-em-centro-comercial\/#primaryimage"},"thumbnailUrl":"https:\/\/portaltela.pt\/s.01k8rhncp4jt1\/2026\/01\/image-127.jpg","datePublished":"2026-01-03T14:36:00+00:00","author":{"@id":"https:\/\/portaltela.pt\/#\/schema\/person\/c4278d4a6028830caff9ee44b42d32ed"},"breadcrumb":{"@id":"https:\/\/portaltela.pt\/noticias\/2026\/01\/03\/exibicionista-detido-por-importunar-mulher-e-filho-em-centro-comercial\/#breadcrumb"},"inLanguage":"pt-PT","potentialAction":[{"@type":"ReadAction","target":["https:\/\/portaltela.pt\/noticias\/2026\/01\/03\/exibicionista-detido-por-importunar-mulher-e-filho-em-centro-comercial\/"]}]},{"@type":"ImageObject","inLanguage":"pt-PT","@id":"https:\/\/portaltela.pt\/noticias\/2026\/01\/03\/exibicionista-detido-por-importunar-mulher-e-filho-em-centro-comercial\/#primaryimage","url":"https:\/\/portaltela.pt\/s.01k8rhncp4jt1\/2026\/01\/image-127.jpg","contentUrl":"https:\/\/portaltela.pt\/s.01k8rhncp4jt1\/2026\/01\/image-127.jpg","width":796,"height":448,"caption":"Policia deteve exibicionista em zona de restaura\u00e7\u00e3o de centro comercial nas Caldas da Rainha"},{"@type":"BreadcrumbList","@id":"https:\/\/portaltela.pt\/noticias\/2026\/01\/03\/exibicionista-detido-por-importunar-mulher-e-filho-em-centro-comercial\/#breadcrumb","itemListElement":[{"@type":"ListItem","position":1,"name":"In\u00edcio","item":"https:\/\/portaltela.pt\/"},{"@type":"ListItem","position":2,"name":"Exibicionista detido por importunar mulher e filho em centro comercial"}]},{"@type":"WebSite","@id":"https:\/\/portaltela.pt\/#website","url":"https:\/\/portaltela.pt\/","name":"Portal Tela Portugal","description":"","potentialAction":[{"@type":"SearchAction","target":{"@type":"EntryPoint","urlTemplate":"https:\/\/portaltela.pt\/?s={search_term_string}"},"query-input":{"@type":"PropertyValueSpecification","valueRequired":true,"valueName":"search_term_string"}}],"inLanguage":"pt-PT"},{"@type":"Person","@id":"https:\/\/portaltela.pt\/#\/schema\/person\/c4278d4a6028830caff9ee44b42d32ed","name":"Telinha","image":{"@type":"ImageObject","inLanguage":"pt-PT","@id":"https:\/\/portaltela.pt\/s.01k8rhncp4jt1\/2025\/11\/talking-bot-125x125.png","url":"https:\/\/portaltela.pt\/s.01k8rhncp4jt1\/2025\/11\/talking-bot-125x125.png","contentUrl":"https:\/\/portaltela.pt\/s.01k8rhncp4jt1\/2025\/11\/talking-bot-125x125.png","caption":"Telinha"},"sameAs":["https:\/\/portaltela.pt\/"],"url":"https:\/\/portaltela.pt\/por\/367410592786\/"}]}},"_links":{"self":[{"href":"https:\/\/portaltela.pt\/api\/wp\/v2\/posts\/114892","targetHints":{"allow":["GET"]}}],"collection":[{"href":"https:\/\/portaltela.pt\/api\/wp\/v2\/posts"}],"about":[{"href":"https:\/\/portaltela.pt\/api\/wp\/v2\/types\/post"}],"author":[{"embeddable":true,"href":"https:\/\/portaltela.pt\/api\/wp\/v2\/users\/2"}],"replies":[{"embeddable":true,"href":"https:\/\/portaltela.pt\/api\/wp\/v2\/comments?post=114892"}],"version-history":[{"count":0,"href":"https:\/\/portaltela.pt\/api\/wp\/v2\/posts\/114892\/revisions"}],"wp:featuredmedia":[{"embeddable":true,"href":"https:\/\/portaltela.pt\/api\/wp\/v2\/media\/114893"}],"wp:attachment":[{"href":"https:\/\/portaltela.pt\/api\/wp\/v2\/media?parent=114892"}],"wp:term":[{"taxonomy":"category","embeddable":true,"href":"https:\/\/portaltela.pt\/api\/wp\/v2\/categories?post=114892"},{"taxonomy":"post_tag","embeddable":true,"href":"https:\/\/portaltela.pt\/api\/wp\/v2\/tags?post=114892"}],"curies":[{"name":"wp","href":"https:\/\/api.w.org\/{rel}","templated":true}]}}