{"id":114602,"date":"2026-01-03T08:10:00","date_gmt":"2026-01-03T11:10:00","guid":{"rendered":"https:\/\/portaltela.pt\/noticias\/2026\/01\/03\/quatro-mortos-em-acidentes-elevam-para-13-as-vitimas-na-operacao-da-gnr\/"},"modified":"2026-01-03T08:10:00","modified_gmt":"2026-01-03T11:10:00","slug":"quatro-mortos-em-acidentes-elevam-para-13-as-vitimas-na-operacao-da-gnr","status":"publish","type":"post","link":"https:\/\/portaltela.pt\/noticias\/2026\/01\/03\/quatro-mortos-em-acidentes-elevam-para-13-as-vitimas-na-operacao-da-gnr\/","title":{"rendered":"Quatro mortos em acidentes elevam para 13 as v\u00edtimas na opera\u00e7\u00e3o da GNR"},"content":{"rendered":"<p>A Opera\u00e7\u00e3o &#8220;Natal e Ano Novo 2025\/2026&#8221; da GNR registou quatro mortes na sexta-feira, elevando o total para 13 \u00f3bitos desde o seu in\u00edcio a 27 de dezembro. O alvo \u00e9 preven\u00e7\u00e3o de infra\u00e7\u00f5es como condu\u00e7\u00e3o sob efeito de \u00e1lcool, velocidade excessiva e uso indevido do telem\u00f3vel, al\u00e9m de inspe\u00e7\u00f5es e seguros obrigat\u00f3rios. O balan\u00e7o \u00e9 provis\u00f3rio.<\/p>\n<p>Entre 27 de dezembro e 2 de janeiro, foram registados 1.237 acidentes, com 13 mortos, 31 feridos graves e 329 feridos leves. Os sinistros ocorreram em Espinho (A41, Aveiro), Aba\u00e7\u00e3o S\u00e3o Tom\u00e9 (Guimar\u00e3es), Loul\u00e9 (EN 396, Faro) e Ossela (Oliveira de Azem\u00e9is, Aveiro). Tr\u00eas mortes resultaram de atropelamentos.<\/p>\n<p>A terceira fase da opera\u00e7\u00e3o j\u00e1 fiscalizou 63.904 condutores, com 806 em excesso de \u00e1lcool e 359 detidos com taxa \u2265 1,2 g\/l. Al\u00e9m disso, foram detidas 126 pessoas por condu\u00e7\u00e3o sem habilita\u00e7\u00e3o v\u00e1lida. Contabilizam-se 8.026 contraordena\u00e7\u00f5es rodovi\u00e1rias, incluiu-se 1.260 por velocidade, 447 por \u00e1lcool e 182 por uso indevido do telem\u00f3vel.<\/p>\n<h3>Desdobramentos operacionais<\/h3>\n<p>No conjunto, destaca-se ainda a fiscaliza\u00e7\u00e3o de 1.200 casos de falta de inspe\u00e7\u00e3o obrigat\u00f3ria e 342 por falta de seguro de responsabilidade civil. A GNR mant\u00e9m a prioridade na fiscaliza\u00e7\u00e3o de \u00e1lcool, velocidade, telem\u00f3vel, cinto\/cadeirinha, inspe\u00e7\u00e3o e seguro, bem como manobras de ultrapassagem e ced\u00eancia de passagem.<\/p>\n<p>A opera\u00e7\u00e3o decorre at\u00e9 ao pr\u00f3ximo domingo, mantendo o foco em a\u00e7\u00f5es preventivas e na redu\u00e7\u00e3o de acidentes. As autoridades pretendem continuar a monitorizar condutores, pe\u00f5es e condi\u00e7\u00f5es das vias para reduzir riscos durante o per\u00edodo festivo.<\/p>\n","protected":false},"excerpt":{"rendered":"<ul>\n<li>Quatro mortes em acidentes na sexta-feira elevam o total da opera\u00e7\u00e3o para 13 \u00f3bitos desde 27 de dezembro at\u00e9 2 de janeiro.<\/li>\n<li>Os acidentes totalizaram 1.237, com 31 feridos graves e 329 feridos leves, ocorridos em Espinho (A41), Aba\u00e7\u00e3o S\u00e3o Tom\u00e9 (Guimar\u00e3es), Loul\u00e9 (EN 396) e Ossela (Oliveira de Azem\u00e9is).<\/li>\n<li>Tr\u00eas mortes foram atropelamentos (duas em Aba\u00e7\u00e3o S\u00e3o Tom\u00e9 e Ossela) e uma em despiste, segundo a GNR.<\/li>\n<li>Na terceira fase da opera\u00e7\u00e3o, j\u00e1 foram fiscalizados 63.904 condutores; 806 tinham excesso de \u00e1lcool, sendo 359 detidos com taxa \u2265 1,2 g\/l; 126 pessoas foram detidas por condu\u00e7\u00e3o sem habilita\u00e7\u00e3o.<\/li>\n<li>Foram registadas 8.026 contraordena\u00e7\u00f5es rodovi\u00e1rias, destacando-se 1.260 por velocidade, 447 por \u00e1lcool, 206 por cinto\/cadeirinha e 182 por uso indevido do telem\u00f3vel; a opera\u00e7\u00e3o prolonga-se at\u00e9 domingo com foco em seguran\u00e7a rodovi\u00e1ria.<\/li>\n<\/ul>\n","protected":false},"author":2,"featured_media":114603,"comment_status":"closed","ping_status":"closed","sticky":false,"template":"","format":"standard","meta":{"footnotes":""},"categories":[1],"tags":[1932,2074,1664,1692,1271,1952],"class_list":["post-114602","post","type-post","status-publish","format-standard","has-post-thumbnail","hentry","category-noticias","tag-acidentes-de-viacao","tag-conducao-sob-o-efeito-de-alcool","tag-contraordenacoes-rodoviarias","tag-fiscalizacao-de-transito","tag-uso-indevido-do-telemovel","tag-velocidade-excessiva"],"yoast_head":"<!-- This site is optimized with the Yoast SEO plugin v27.2 - https:\/\/yoast.com\/product\/yoast-seo-wordpress\/ -->\n<title>Quatro mortos em acidentes elevam para 13 as v\u00edtimas na opera\u00e7\u00e3o da GNR - Portal Tela Portugal<\/title>\n<meta name=\"robots\" content=\"index, follow, max-snippet:-1, max-image-preview:large, max-video-preview:-1\" \/>\n<meta property=\"og:locale\" content=\"pt_PT\" \/>\n<meta property=\"og:type\" content=\"article\" \/>\n<meta property=\"og:title\" content=\"Quatro mortos em acidentes elevam para 13 as v\u00edtimas na opera\u00e7\u00e3o da GNR - Portal Tela Portugal\" \/>\n<meta property=\"og:description\" content=\"Quatro mortes em acidentes na sexta-feira elevam o total da opera\u00e7\u00e3o para 13 \u00f3bitos desde 27 de dezembro at\u00e9 2 de janeiro. Os acidentes totalizaram 1.237, com 31 feridos graves e 329 feridos leves, ocorridos em Espinho (A41), Aba\u00e7\u00e3o S\u00e3o Tom\u00e9 (Guimar\u00e3es), Loul\u00e9 (EN 396) e Ossela (Oliveira de Azem\u00e9is). Tr\u00eas mortes foram atropelamentos (duas em Aba\u00e7\u00e3o S\u00e3o Tom\u00e9 e Ossela) e uma em despiste, segundo a GNR. Na terceira fase da opera\u00e7\u00e3o, j\u00e1 foram fiscalizados 63.904 condutores; 806 tinham excesso de \u00e1lcool, sendo 359 detidos com taxa \u2265 1,2 g\/l; 126 pessoas foram detidas por condu\u00e7\u00e3o sem habilita\u00e7\u00e3o. Foram registadas 8.026 contraordena\u00e7\u00f5es rodovi\u00e1rias, destacando-se 1.260 por velocidade, 447 por \u00e1lcool, 206 por cinto\/cadeirinha e 182 por uso indevido do telem\u00f3vel; a opera\u00e7\u00e3o prolonga-se at\u00e9 domingo com foco em seguran\u00e7a rodovi\u00e1ria.\" \/>\n<meta property=\"og:url\" content=\"https:\/\/portaltela.pt\/noticias\/2026\/01\/03\/quatro-mortos-em-acidentes-elevam-para-13-as-vitimas-na-operacao-da-gnr\/\" \/>\n<meta property=\"og:site_name\" content=\"Portal Tela Portugal\" \/>\n<meta property=\"article:published_time\" content=\"2026-01-03T11:10:00+00:00\" \/>\n<meta name=\"author\" content=\"Telinha\" \/>\n<meta name=\"twitter:card\" content=\"summary_large_image\" \/>\n<meta name=\"twitter:label1\" content=\"Escrito por\" \/>\n\t<meta name=\"twitter:data1\" content=\"Telinha\" \/>\n\t<meta name=\"twitter:label2\" content=\"Tempo estimado de leitura\" \/>\n\t<meta name=\"twitter:data2\" content=\"1 minuto\" \/>\n<script type=\"application\/ld+json\" class=\"yoast-schema-graph\">{\"@context\":\"https:\/\/schema.org\",\"@graph\":[{\"@type\":\"Article\",\"@id\":\"https:\/\/portaltela.pt\/noticias\/2026\/01\/03\/quatro-mortos-em-acidentes-elevam-para-13-as-vitimas-na-operacao-da-gnr\/#article\",\"isPartOf\":{\"@id\":\"https:\/\/portaltela.pt\/noticias\/2026\/01\/03\/quatro-mortos-em-acidentes-elevam-para-13-as-vitimas-na-operacao-da-gnr\/\"},\"author\":{\"name\":\"Telinha\",\"@id\":\"https:\/\/portaltela.pt\/#\/schema\/person\/c4278d4a6028830caff9ee44b42d32ed\"},\"headline\":\"Quatro mortos em acidentes elevam para 13 as v\u00edtimas na opera\u00e7\u00e3o da GNR\",\"datePublished\":\"2026-01-03T11:10:00+00:00\",\"mainEntityOfPage\":{\"@id\":\"https:\/\/portaltela.pt\/noticias\/2026\/01\/03\/quatro-mortos-em-acidentes-elevam-para-13-as-vitimas-na-operacao-da-gnr\/\"},\"wordCount\":274,\"image\":{\"@id\":\"https:\/\/portaltela.pt\/noticias\/2026\/01\/03\/quatro-mortos-em-acidentes-elevam-para-13-as-vitimas-na-operacao-da-gnr\/#primaryimage\"},\"thumbnailUrl\":\"https:\/\/portaltela.pt\/s.01k8rhncp4jt1\/2026\/01\/acidente_de_carro_shutterstock_118980742_lJsIf98_wyqR75N.jpg\",\"keywords\":[\"acidentes de via\u00e7\u00e3o\",\"condu\u00e7\u00e3o sob o efeito de \u00e1lcool\",\"contraordena\u00e7\u00f5es rodovi\u00e1rias\",\"fiscaliza\u00e7\u00e3o de tr\u00e2nsito\",\"uso indevido do telem\u00f3vel\",\"velocidade excessiva\"],\"articleSection\":[\"Not\u00edcias\"],\"inLanguage\":\"pt-PT\"},{\"@type\":\"WebPage\",\"@id\":\"https:\/\/portaltela.pt\/noticias\/2026\/01\/03\/quatro-mortos-em-acidentes-elevam-para-13-as-vitimas-na-operacao-da-gnr\/\",\"url\":\"https:\/\/portaltela.pt\/noticias\/2026\/01\/03\/quatro-mortos-em-acidentes-elevam-para-13-as-vitimas-na-operacao-da-gnr\/\",\"name\":\"Quatro mortos em acidentes elevam para 13 as v\u00edtimas na opera\u00e7\u00e3o da GNR - Portal Tela Portugal\",\"isPartOf\":{\"@id\":\"https:\/\/portaltela.pt\/#website\"},\"primaryImageOfPage\":{\"@id\":\"https:\/\/portaltela.pt\/noticias\/2026\/01\/03\/quatro-mortos-em-acidentes-elevam-para-13-as-vitimas-na-operacao-da-gnr\/#primaryimage\"},\"image\":{\"@id\":\"https:\/\/portaltela.pt\/noticias\/2026\/01\/03\/quatro-mortos-em-acidentes-elevam-para-13-as-vitimas-na-operacao-da-gnr\/#primaryimage\"},\"thumbnailUrl\":\"https:\/\/portaltela.pt\/s.01k8rhncp4jt1\/2026\/01\/acidente_de_carro_shutterstock_118980742_lJsIf98_wyqR75N.jpg\",\"datePublished\":\"2026-01-03T11:10:00+00:00\",\"author\":{\"@id\":\"https:\/\/portaltela.pt\/#\/schema\/person\/c4278d4a6028830caff9ee44b42d32ed\"},\"breadcrumb\":{\"@id\":\"https:\/\/portaltela.pt\/noticias\/2026\/01\/03\/quatro-mortos-em-acidentes-elevam-para-13-as-vitimas-na-operacao-da-gnr\/#breadcrumb\"},\"inLanguage\":\"pt-PT\",\"potentialAction\":[{\"@type\":\"ReadAction\",\"target\":[\"https:\/\/portaltela.pt\/noticias\/2026\/01\/03\/quatro-mortos-em-acidentes-elevam-para-13-as-vitimas-na-operacao-da-gnr\/\"]}]},{\"@type\":\"ImageObject\",\"inLanguage\":\"pt-PT\",\"@id\":\"https:\/\/portaltela.pt\/noticias\/2026\/01\/03\/quatro-mortos-em-acidentes-elevam-para-13-as-vitimas-na-operacao-da-gnr\/#primaryimage\",\"url\":\"https:\/\/portaltela.pt\/s.01k8rhncp4jt1\/2026\/01\/acidente_de_carro_shutterstock_118980742_lJsIf98_wyqR75N.jpg\",\"contentUrl\":\"https:\/\/portaltela.pt\/s.01k8rhncp4jt1\/2026\/01\/acidente_de_carro_shutterstock_118980742_lJsIf98_wyqR75N.jpg\",\"width\":796,\"height\":448,\"caption\":\"Quatro mortos em acidentes na 6.\u00aa feira elevam para 13 total de v\u00edtimas na opera\u00e7\u00e3o da GNR\"},{\"@type\":\"BreadcrumbList\",\"@id\":\"https:\/\/portaltela.pt\/noticias\/2026\/01\/03\/quatro-mortos-em-acidentes-elevam-para-13-as-vitimas-na-operacao-da-gnr\/#breadcrumb\",\"itemListElement\":[{\"@type\":\"ListItem\",\"position\":1,\"name\":\"In\u00edcio\",\"item\":\"https:\/\/portaltela.pt\/\"},{\"@type\":\"ListItem\",\"position\":2,\"name\":\"Quatro mortos em acidentes elevam para 13 as v\u00edtimas na opera\u00e7\u00e3o da GNR\"}]},{\"@type\":\"WebSite\",\"@id\":\"https:\/\/portaltela.pt\/#website\",\"url\":\"https:\/\/portaltela.pt\/\",\"name\":\"Portal Tela Portugal\",\"description\":\"\",\"potentialAction\":[{\"@type\":\"SearchAction\",\"target\":{\"@type\":\"EntryPoint\",\"urlTemplate\":\"https:\/\/portaltela.pt\/?s={search_term_string}\"},\"query-input\":{\"@type\":\"PropertyValueSpecification\",\"valueRequired\":true,\"valueName\":\"search_term_string\"}}],\"inLanguage\":\"pt-PT\"},{\"@type\":\"Person\",\"@id\":\"https:\/\/portaltela.pt\/#\/schema\/person\/c4278d4a6028830caff9ee44b42d32ed\",\"name\":\"Telinha\",\"image\":{\"@type\":\"ImageObject\",\"inLanguage\":\"pt-PT\",\"@id\":\"https:\/\/portaltela.pt\/s.01k8rhncp4jt1\/2025\/11\/talking-bot-125x125.png\",\"url\":\"https:\/\/portaltela.pt\/s.01k8rhncp4jt1\/2025\/11\/talking-bot-125x125.png\",\"contentUrl\":\"https:\/\/portaltela.pt\/s.01k8rhncp4jt1\/2025\/11\/talking-bot-125x125.png\",\"caption\":\"Telinha\"},\"sameAs\":[\"https:\/\/portaltela.pt\/\"],\"url\":\"https:\/\/portaltela.pt\/por\/367410592786\/\"}]}<\/script>\n<!-- \/ Yoast SEO plugin. -->","yoast_head_json":{"title":"Quatro mortos em acidentes elevam para 13 as v\u00edtimas na opera\u00e7\u00e3o da GNR - Portal Tela Portugal","robots":{"index":"index","follow":"follow","max-snippet":"max-snippet:-1","max-image-preview":"max-image-preview:large","max-video-preview":"max-video-preview:-1"},"og_locale":"pt_PT","og_type":"article","og_title":"Quatro mortos em acidentes elevam para 13 as v\u00edtimas na opera\u00e7\u00e3o da GNR - Portal Tela Portugal","og_description":"Quatro mortes em acidentes na sexta-feira elevam o total da opera\u00e7\u00e3o para 13 \u00f3bitos desde 27 de dezembro at\u00e9 2 de janeiro. Os acidentes totalizaram 1.237, com 31 feridos graves e 329 feridos leves, ocorridos em Espinho (A41), Aba\u00e7\u00e3o S\u00e3o Tom\u00e9 (Guimar\u00e3es), Loul\u00e9 (EN 396) e Ossela (Oliveira de Azem\u00e9is). Tr\u00eas mortes foram atropelamentos (duas em Aba\u00e7\u00e3o S\u00e3o Tom\u00e9 e Ossela) e uma em despiste, segundo a GNR. Na terceira fase da opera\u00e7\u00e3o, j\u00e1 foram fiscalizados 63.904 condutores; 806 tinham excesso de \u00e1lcool, sendo 359 detidos com taxa \u2265 1,2 g\/l; 126 pessoas foram detidas por condu\u00e7\u00e3o sem habilita\u00e7\u00e3o. Foram registadas 8.026 contraordena\u00e7\u00f5es rodovi\u00e1rias, destacando-se 1.260 por velocidade, 447 por \u00e1lcool, 206 por cinto\/cadeirinha e 182 por uso indevido do telem\u00f3vel; a opera\u00e7\u00e3o prolonga-se at\u00e9 domingo com foco em seguran\u00e7a rodovi\u00e1ria.","og_url":"https:\/\/portaltela.pt\/noticias\/2026\/01\/03\/quatro-mortos-em-acidentes-elevam-para-13-as-vitimas-na-operacao-da-gnr\/","og_site_name":"Portal Tela Portugal","article_published_time":"2026-01-03T11:10:00+00:00","author":"Telinha","twitter_card":"summary_large_image","twitter_misc":{"Escrito por":"Telinha","Tempo estimado de leitura":"1 minuto"},"schema":{"@context":"https:\/\/schema.org","@graph":[{"@type":"Article","@id":"https:\/\/portaltela.pt\/noticias\/2026\/01\/03\/quatro-mortos-em-acidentes-elevam-para-13-as-vitimas-na-operacao-da-gnr\/#article","isPartOf":{"@id":"https:\/\/portaltela.pt\/noticias\/2026\/01\/03\/quatro-mortos-em-acidentes-elevam-para-13-as-vitimas-na-operacao-da-gnr\/"},"author":{"name":"Telinha","@id":"https:\/\/portaltela.pt\/#\/schema\/person\/c4278d4a6028830caff9ee44b42d32ed"},"headline":"Quatro mortos em acidentes elevam para 13 as v\u00edtimas na opera\u00e7\u00e3o da GNR","datePublished":"2026-01-03T11:10:00+00:00","mainEntityOfPage":{"@id":"https:\/\/portaltela.pt\/noticias\/2026\/01\/03\/quatro-mortos-em-acidentes-elevam-para-13-as-vitimas-na-operacao-da-gnr\/"},"wordCount":274,"image":{"@id":"https:\/\/portaltela.pt\/noticias\/2026\/01\/03\/quatro-mortos-em-acidentes-elevam-para-13-as-vitimas-na-operacao-da-gnr\/#primaryimage"},"thumbnailUrl":"https:\/\/portaltela.pt\/s.01k8rhncp4jt1\/2026\/01\/acidente_de_carro_shutterstock_118980742_lJsIf98_wyqR75N.jpg","keywords":["acidentes de via\u00e7\u00e3o","condu\u00e7\u00e3o sob o efeito de \u00e1lcool","contraordena\u00e7\u00f5es rodovi\u00e1rias","fiscaliza\u00e7\u00e3o de tr\u00e2nsito","uso indevido do telem\u00f3vel","velocidade excessiva"],"articleSection":["Not\u00edcias"],"inLanguage":"pt-PT"},{"@type":"WebPage","@id":"https:\/\/portaltela.pt\/noticias\/2026\/01\/03\/quatro-mortos-em-acidentes-elevam-para-13-as-vitimas-na-operacao-da-gnr\/","url":"https:\/\/portaltela.pt\/noticias\/2026\/01\/03\/quatro-mortos-em-acidentes-elevam-para-13-as-vitimas-na-operacao-da-gnr\/","name":"Quatro mortos em acidentes elevam para 13 as v\u00edtimas na opera\u00e7\u00e3o da GNR - Portal Tela Portugal","isPartOf":{"@id":"https:\/\/portaltela.pt\/#website"},"primaryImageOfPage":{"@id":"https:\/\/portaltela.pt\/noticias\/2026\/01\/03\/quatro-mortos-em-acidentes-elevam-para-13-as-vitimas-na-operacao-da-gnr\/#primaryimage"},"image":{"@id":"https:\/\/portaltela.pt\/noticias\/2026\/01\/03\/quatro-mortos-em-acidentes-elevam-para-13-as-vitimas-na-operacao-da-gnr\/#primaryimage"},"thumbnailUrl":"https:\/\/portaltela.pt\/s.01k8rhncp4jt1\/2026\/01\/acidente_de_carro_shutterstock_118980742_lJsIf98_wyqR75N.jpg","datePublished":"2026-01-03T11:10:00+00:00","author":{"@id":"https:\/\/portaltela.pt\/#\/schema\/person\/c4278d4a6028830caff9ee44b42d32ed"},"breadcrumb":{"@id":"https:\/\/portaltela.pt\/noticias\/2026\/01\/03\/quatro-mortos-em-acidentes-elevam-para-13-as-vitimas-na-operacao-da-gnr\/#breadcrumb"},"inLanguage":"pt-PT","potentialAction":[{"@type":"ReadAction","target":["https:\/\/portaltela.pt\/noticias\/2026\/01\/03\/quatro-mortos-em-acidentes-elevam-para-13-as-vitimas-na-operacao-da-gnr\/"]}]},{"@type":"ImageObject","inLanguage":"pt-PT","@id":"https:\/\/portaltela.pt\/noticias\/2026\/01\/03\/quatro-mortos-em-acidentes-elevam-para-13-as-vitimas-na-operacao-da-gnr\/#primaryimage","url":"https:\/\/portaltela.pt\/s.01k8rhncp4jt1\/2026\/01\/acidente_de_carro_shutterstock_118980742_lJsIf98_wyqR75N.jpg","contentUrl":"https:\/\/portaltela.pt\/s.01k8rhncp4jt1\/2026\/01\/acidente_de_carro_shutterstock_118980742_lJsIf98_wyqR75N.jpg","width":796,"height":448,"caption":"Quatro mortos em acidentes na 6.\u00aa feira elevam para 13 total de v\u00edtimas na opera\u00e7\u00e3o da GNR"},{"@type":"BreadcrumbList","@id":"https:\/\/portaltela.pt\/noticias\/2026\/01\/03\/quatro-mortos-em-acidentes-elevam-para-13-as-vitimas-na-operacao-da-gnr\/#breadcrumb","itemListElement":[{"@type":"ListItem","position":1,"name":"In\u00edcio","item":"https:\/\/portaltela.pt\/"},{"@type":"ListItem","position":2,"name":"Quatro mortos em acidentes elevam para 13 as v\u00edtimas na opera\u00e7\u00e3o da GNR"}]},{"@type":"WebSite","@id":"https:\/\/portaltela.pt\/#website","url":"https:\/\/portaltela.pt\/","name":"Portal Tela Portugal","description":"","potentialAction":[{"@type":"SearchAction","target":{"@type":"EntryPoint","urlTemplate":"https:\/\/portaltela.pt\/?s={search_term_string}"},"query-input":{"@type":"PropertyValueSpecification","valueRequired":true,"valueName":"search_term_string"}}],"inLanguage":"pt-PT"},{"@type":"Person","@id":"https:\/\/portaltela.pt\/#\/schema\/person\/c4278d4a6028830caff9ee44b42d32ed","name":"Telinha","image":{"@type":"ImageObject","inLanguage":"pt-PT","@id":"https:\/\/portaltela.pt\/s.01k8rhncp4jt1\/2025\/11\/talking-bot-125x125.png","url":"https:\/\/portaltela.pt\/s.01k8rhncp4jt1\/2025\/11\/talking-bot-125x125.png","contentUrl":"https:\/\/portaltela.pt\/s.01k8rhncp4jt1\/2025\/11\/talking-bot-125x125.png","caption":"Telinha"},"sameAs":["https:\/\/portaltela.pt\/"],"url":"https:\/\/portaltela.pt\/por\/367410592786\/"}]}},"_links":{"self":[{"href":"https:\/\/portaltela.pt\/api\/wp\/v2\/posts\/114602","targetHints":{"allow":["GET"]}}],"collection":[{"href":"https:\/\/portaltela.pt\/api\/wp\/v2\/posts"}],"about":[{"href":"https:\/\/portaltela.pt\/api\/wp\/v2\/types\/post"}],"author":[{"embeddable":true,"href":"https:\/\/portaltela.pt\/api\/wp\/v2\/users\/2"}],"replies":[{"embeddable":true,"href":"https:\/\/portaltela.pt\/api\/wp\/v2\/comments?post=114602"}],"version-history":[{"count":0,"href":"https:\/\/portaltela.pt\/api\/wp\/v2\/posts\/114602\/revisions"}],"wp:featuredmedia":[{"embeddable":true,"href":"https:\/\/portaltela.pt\/api\/wp\/v2\/media\/114603"}],"wp:attachment":[{"href":"https:\/\/portaltela.pt\/api\/wp\/v2\/media?parent=114602"}],"wp:term":[{"taxonomy":"category","embeddable":true,"href":"https:\/\/portaltela.pt\/api\/wp\/v2\/categories?post=114602"},{"taxonomy":"post_tag","embeddable":true,"href":"https:\/\/portaltela.pt\/api\/wp\/v2\/tags?post=114602"}],"curies":[{"name":"wp","href":"https:\/\/api.w.org\/{rel}","templated":true}]}}