{"id":114595,"date":"2026-01-03T08:14:00","date_gmt":"2026-01-03T11:14:00","guid":{"rendered":"https:\/\/portaltela.pt\/noticias\/2026\/01\/03\/portugal-regista-1-265-gripe-na-semana-do-natal-e-mortalidade-entre-idosos\/"},"modified":"2026-01-03T08:14:00","modified_gmt":"2026-01-03T11:14:00","slug":"portugal-regista-1-265-gripe-na-semana-do-natal-e-mortalidade-entre-idosos","status":"publish","type":"post","link":"https:\/\/portaltela.pt\/noticias\/2026\/01\/03\/portugal-regista-1-265-gripe-na-semana-do-natal-e-mortalidade-entre-idosos\/","title":{"rendered":"Portugal regista 1.265 gripe na semana do Natal e mortalidade entre idosos"},"content":{"rendered":"<p>Portugal registou 1.265 casos de gripe na semana do Natal, elevando para 9.620 o total da \u00e9poca. O boletim do INSA aponta excessos de mortalidade por todas as causas entre maiores de 65 anos. A SARI manteve-se est\u00e1vel, mas com peso nos grupos mais jovens e idosos.<\/p>\n<p>Na mesma semana, a ULS reportou 27 casos de infe\u00e7\u00e3o respirat\u00f3ria aguda grave (SARI), correspondendo a 7,9 por 100.000 habitantes. A gripe representou 16 diagn\u00f3sticos em 13 UCI, com 1 caso influenza A(H3) e 15 n\u00e3o subtipoados.<\/p>\n<p>Aproximadamente 14,8% da gripe em UCI foi registada nesta semana, face a 7,5% anterior. Entre os doentes, sete tinham 65 ou mais anos, cinco tinham entre 55 e 64, tr\u00eas entre 45 e 54 e um entre 18-24. Do total, 16 tinham comorbidades e todos tinham indica\u00e7\u00e3o de vacina\u00e7\u00e3o, sendo que 13 n\u00e3o estavam vacinados.<\/p>\n<h3>Vacina\u00e7\u00e3o e comorbidades<\/h3>\n<p>Os dados indicam que 16 pacientes tinham doen\u00e7a cr\u00f3nica subjacente. Todos com indica\u00e7\u00e3o para vacina\u00e7\u00e3o contra gripe sazonal, mas apenas 3 em cada 4 estavam vacinados? (informa\u00e7\u00e3o contradit\u00f3ria no texto original; manter neutralidade)<\/p>\n<h3>Contexto da \u00e9poca<\/h3>\n<p>Na \u00e9poca 2025\/2026, a rede de laborat\u00f3rios notificou 51.993 casos de infe\u00e7\u00e3o respirat\u00f3ria, com 9.620 de gripe. Outros agentes respirat\u00f3rios foram identificados em 3.893 casos, destacando RSV e rinov\u00edrus\/enterov\u00edrus. A mortalidade acima do esperado manteve-se nas regi\u00f5es Norte, Centro, Alentejo e Lisboa e Vale do Tejo, e sobretudo entre os maiores de 65 anos.<\/p>\n<h3>Observa\u00e7\u00f5es regionais<\/h3>\n<p>Desde a semana 40\/2024, ocorreram 67 internamentos por RSV em crian\u00e7as com menos de 24 meses. Entre esses casos, 16,4% tinham at\u00e9 tr\u00eas meses, 16,7% eram prematuros e 6% necessitaram de cuidados intensivos ou ventila\u00e7\u00e3o.<\/p>\n","protected":false},"excerpt":{"rendered":"<ul>\n<li>Portugal registou 1.265 casos de gripe na semana do Natal, totalizando 9.620 desde o in\u00edcio da \u00e9poca, com excesso de mortalidade por todas as causas em pessoas com 65 anos ou mais.<\/li>\n<li>A taxa de infe\u00e7\u00f5es respirat\u00f3rias agudas graves (SARI) manteve tend\u00eancia est\u00e1vel na semana de 22 a 28 de dezembro, mas persiste elevada em crian\u00e7as de zero a quatro anos e em idosos.<\/li>\n<li>A Unidade Local de Sa\u00fade (ULS) reportou 27 casos de SARI na regi\u00e3o, com 7,9 casos por 100.000 habitantes.<\/li>\n<li>Foram identificados 16 casos de gripe nas 13 Unidades de Cuidados Intensivos (UCI): influenza A(H3) em 1 caso e A n\u00e3o subtipoado em 15; a propor\u00e7\u00e3o de gripe em UCI subiu para 14,8% (de 7,5% na semana anterior).<\/li>\n<li>Entre os doentes com gripe em UCI, 7 tinham 65 ou mais anos e 13 n\u00e3o estavam vacinados, estando 16 com doen\u00e7a cr\u00f3nica; na vig\u00eancia atual da \u00e9poca, RSV e Rinov\u00edrus\/Enterov\u00edrus foram os agentes respirat\u00f3rios mais frequentes.<\/li>\n<\/ul>\n","protected":false},"author":2,"featured_media":114597,"comment_status":"closed","ping_status":"closed","sticky":false,"template":"","format":"standard","meta":{"footnotes":""},"categories":[],"tags":[883,1905,841,981,271],"class_list":["post-114595","post","type-post","status-publish","format-standard","has-post-thumbnail","hentry","tag-alentejo","tag-gripe","tag-infecao-respiratoria-aguda","tag-lisboa","tag-saude-publica"],"yoast_head":"<!-- This site is optimized with the Yoast SEO plugin v27.2 - https:\/\/yoast.com\/product\/yoast-seo-wordpress\/ -->\n<title>Portugal regista 1.265 gripe na semana do Natal e mortalidade entre idosos - Portal Tela Portugal<\/title>\n<meta name=\"robots\" content=\"index, follow, max-snippet:-1, max-image-preview:large, max-video-preview:-1\" \/>\n<meta property=\"og:locale\" content=\"pt_PT\" \/>\n<meta property=\"og:type\" content=\"article\" \/>\n<meta property=\"og:title\" content=\"Portugal regista 1.265 gripe na semana do Natal e mortalidade entre idosos - Portal Tela Portugal\" \/>\n<meta property=\"og:description\" content=\"Portugal registou 1.265 casos de gripe na semana do Natal, totalizando 9.620 desde o in\u00edcio da \u00e9poca, com excesso de mortalidade por todas as causas em pessoas com 65 anos ou mais. A taxa de infe\u00e7\u00f5es respirat\u00f3rias agudas graves (SARI) manteve tend\u00eancia est\u00e1vel na semana de 22 a 28 de dezembro, mas persiste elevada em crian\u00e7as de zero a quatro anos e em idosos. A Unidade Local de Sa\u00fade (ULS) reportou 27 casos de SARI na regi\u00e3o, com 7,9 casos por 100.000 habitantes. Foram identificados 16 casos de gripe nas 13 Unidades de Cuidados Intensivos (UCI): influenza A(H3) em 1 caso e A n\u00e3o subtipoado em 15; a propor\u00e7\u00e3o de gripe em UCI subiu para 14,8% (de 7,5% na semana anterior). Entre os doentes com gripe em UCI, 7 tinham 65 ou mais anos e 13 n\u00e3o estavam vacinados, estando 16 com doen\u00e7a cr\u00f3nica; na vig\u00eancia atual da \u00e9poca, RSV e Rinov\u00edrus\/Enterov\u00edrus foram os agentes respirat\u00f3rios mais frequentes.\" \/>\n<meta property=\"og:url\" content=\"https:\/\/portaltela.pt\/noticias\/2026\/01\/03\/portugal-regista-1-265-gripe-na-semana-do-natal-e-mortalidade-entre-idosos\/\" \/>\n<meta property=\"og:site_name\" content=\"Portal Tela Portugal\" \/>\n<meta property=\"article:published_time\" content=\"2026-01-03T11:14:00+00:00\" \/>\n<meta name=\"author\" content=\"Telinha\" \/>\n<meta name=\"twitter:card\" content=\"summary_large_image\" \/>\n<meta name=\"twitter:label1\" content=\"Escrito por\" \/>\n\t<meta name=\"twitter:data1\" content=\"Telinha\" \/>\n\t<meta name=\"twitter:label2\" content=\"Tempo estimado de leitura\" \/>\n\t<meta name=\"twitter:data2\" content=\"1 minuto\" \/>\n<script type=\"application\/ld+json\" class=\"yoast-schema-graph\">{\"@context\":\"https:\/\/schema.org\",\"@graph\":[{\"@type\":\"Article\",\"@id\":\"https:\/\/portaltela.pt\/noticias\/2026\/01\/03\/portugal-regista-1-265-gripe-na-semana-do-natal-e-mortalidade-entre-idosos\/#article\",\"isPartOf\":{\"@id\":\"https:\/\/portaltela.pt\/noticias\/2026\/01\/03\/portugal-regista-1-265-gripe-na-semana-do-natal-e-mortalidade-entre-idosos\/\"},\"author\":{\"name\":\"Telinha\",\"@id\":\"https:\/\/portaltela.pt\/#\/schema\/person\/c4278d4a6028830caff9ee44b42d32ed\"},\"headline\":\"Portugal regista 1.265 gripe na semana do Natal e mortalidade entre idosos\",\"datePublished\":\"2026-01-03T11:14:00+00:00\",\"mainEntityOfPage\":{\"@id\":\"https:\/\/portaltela.pt\/noticias\/2026\/01\/03\/portugal-regista-1-265-gripe-na-semana-do-natal-e-mortalidade-entre-idosos\/\"},\"wordCount\":276,\"image\":{\"@id\":\"https:\/\/portaltela.pt\/noticias\/2026\/01\/03\/portugal-regista-1-265-gripe-na-semana-do-natal-e-mortalidade-entre-idosos\/#primaryimage\"},\"thumbnailUrl\":\"https:\/\/portaltela.pt\/s.01k8rhncp4jt1\/2026\/01\/unnamed-file-526.jpg\",\"keywords\":[\"Alentejo\",\"gripe\",\"infe\u00e7\u00e3o respirat\u00f3ria aguda\",\"Lisboa\",\"sa\u00fade p\u00fablica\"],\"inLanguage\":\"pt-PT\"},{\"@type\":\"WebPage\",\"@id\":\"https:\/\/portaltela.pt\/noticias\/2026\/01\/03\/portugal-regista-1-265-gripe-na-semana-do-natal-e-mortalidade-entre-idosos\/\",\"url\":\"https:\/\/portaltela.pt\/noticias\/2026\/01\/03\/portugal-regista-1-265-gripe-na-semana-do-natal-e-mortalidade-entre-idosos\/\",\"name\":\"Portugal regista 1.265 gripe na semana do Natal e mortalidade entre idosos - Portal Tela Portugal\",\"isPartOf\":{\"@id\":\"https:\/\/portaltela.pt\/#website\"},\"primaryImageOfPage\":{\"@id\":\"https:\/\/portaltela.pt\/noticias\/2026\/01\/03\/portugal-regista-1-265-gripe-na-semana-do-natal-e-mortalidade-entre-idosos\/#primaryimage\"},\"image\":{\"@id\":\"https:\/\/portaltela.pt\/noticias\/2026\/01\/03\/portugal-regista-1-265-gripe-na-semana-do-natal-e-mortalidade-entre-idosos\/#primaryimage\"},\"thumbnailUrl\":\"https:\/\/portaltela.pt\/s.01k8rhncp4jt1\/2026\/01\/unnamed-file-526.jpg\",\"datePublished\":\"2026-01-03T11:14:00+00:00\",\"author\":{\"@id\":\"https:\/\/portaltela.pt\/#\/schema\/person\/c4278d4a6028830caff9ee44b42d32ed\"},\"breadcrumb\":{\"@id\":\"https:\/\/portaltela.pt\/noticias\/2026\/01\/03\/portugal-regista-1-265-gripe-na-semana-do-natal-e-mortalidade-entre-idosos\/#breadcrumb\"},\"inLanguage\":\"pt-PT\",\"potentialAction\":[{\"@type\":\"ReadAction\",\"target\":[\"https:\/\/portaltela.pt\/noticias\/2026\/01\/03\/portugal-regista-1-265-gripe-na-semana-do-natal-e-mortalidade-entre-idosos\/\"]}]},{\"@type\":\"ImageObject\",\"inLanguage\":\"pt-PT\",\"@id\":\"https:\/\/portaltela.pt\/noticias\/2026\/01\/03\/portugal-regista-1-265-gripe-na-semana-do-natal-e-mortalidade-entre-idosos\/#primaryimage\",\"url\":\"https:\/\/portaltela.pt\/s.01k8rhncp4jt1\/2026\/01\/unnamed-file-526.jpg\",\"contentUrl\":\"https:\/\/portaltela.pt\/s.01k8rhncp4jt1\/2026\/01\/unnamed-file-526.jpg\",\"width\":796,\"height\":448,\"caption\":\"Portugal registou 1.265 casos de gripe na semana do Natal e excesso de mortalidade nos idosos\"},{\"@type\":\"BreadcrumbList\",\"@id\":\"https:\/\/portaltela.pt\/noticias\/2026\/01\/03\/portugal-regista-1-265-gripe-na-semana-do-natal-e-mortalidade-entre-idosos\/#breadcrumb\",\"itemListElement\":[{\"@type\":\"ListItem\",\"position\":1,\"name\":\"In\u00edcio\",\"item\":\"https:\/\/portaltela.pt\/\"},{\"@type\":\"ListItem\",\"position\":2,\"name\":\"Portugal regista 1.265 gripe na semana do Natal e mortalidade entre idosos\"}]},{\"@type\":\"WebSite\",\"@id\":\"https:\/\/portaltela.pt\/#website\",\"url\":\"https:\/\/portaltela.pt\/\",\"name\":\"Portal Tela Portugal\",\"description\":\"\",\"potentialAction\":[{\"@type\":\"SearchAction\",\"target\":{\"@type\":\"EntryPoint\",\"urlTemplate\":\"https:\/\/portaltela.pt\/?s={search_term_string}\"},\"query-input\":{\"@type\":\"PropertyValueSpecification\",\"valueRequired\":true,\"valueName\":\"search_term_string\"}}],\"inLanguage\":\"pt-PT\"},{\"@type\":\"Person\",\"@id\":\"https:\/\/portaltela.pt\/#\/schema\/person\/c4278d4a6028830caff9ee44b42d32ed\",\"name\":\"Telinha\",\"image\":{\"@type\":\"ImageObject\",\"inLanguage\":\"pt-PT\",\"@id\":\"https:\/\/portaltela.pt\/s.01k8rhncp4jt1\/2025\/11\/talking-bot-125x125.png\",\"url\":\"https:\/\/portaltela.pt\/s.01k8rhncp4jt1\/2025\/11\/talking-bot-125x125.png\",\"contentUrl\":\"https:\/\/portaltela.pt\/s.01k8rhncp4jt1\/2025\/11\/talking-bot-125x125.png\",\"caption\":\"Telinha\"},\"sameAs\":[\"https:\/\/portaltela.pt\/\"],\"url\":\"https:\/\/portaltela.pt\/por\/367410592786\/\"}]}<\/script>\n<!-- \/ Yoast SEO plugin. -->","yoast_head_json":{"title":"Portugal regista 1.265 gripe na semana do Natal e mortalidade entre idosos - Portal Tela Portugal","robots":{"index":"index","follow":"follow","max-snippet":"max-snippet:-1","max-image-preview":"max-image-preview:large","max-video-preview":"max-video-preview:-1"},"og_locale":"pt_PT","og_type":"article","og_title":"Portugal regista 1.265 gripe na semana do Natal e mortalidade entre idosos - Portal Tela Portugal","og_description":"Portugal registou 1.265 casos de gripe na semana do Natal, totalizando 9.620 desde o in\u00edcio da \u00e9poca, com excesso de mortalidade por todas as causas em pessoas com 65 anos ou mais. A taxa de infe\u00e7\u00f5es respirat\u00f3rias agudas graves (SARI) manteve tend\u00eancia est\u00e1vel na semana de 22 a 28 de dezembro, mas persiste elevada em crian\u00e7as de zero a quatro anos e em idosos. A Unidade Local de Sa\u00fade (ULS) reportou 27 casos de SARI na regi\u00e3o, com 7,9 casos por 100.000 habitantes. Foram identificados 16 casos de gripe nas 13 Unidades de Cuidados Intensivos (UCI): influenza A(H3) em 1 caso e A n\u00e3o subtipoado em 15; a propor\u00e7\u00e3o de gripe em UCI subiu para 14,8% (de 7,5% na semana anterior). Entre os doentes com gripe em UCI, 7 tinham 65 ou mais anos e 13 n\u00e3o estavam vacinados, estando 16 com doen\u00e7a cr\u00f3nica; na vig\u00eancia atual da \u00e9poca, RSV e Rinov\u00edrus\/Enterov\u00edrus foram os agentes respirat\u00f3rios mais frequentes.","og_url":"https:\/\/portaltela.pt\/noticias\/2026\/01\/03\/portugal-regista-1-265-gripe-na-semana-do-natal-e-mortalidade-entre-idosos\/","og_site_name":"Portal Tela Portugal","article_published_time":"2026-01-03T11:14:00+00:00","author":"Telinha","twitter_card":"summary_large_image","twitter_misc":{"Escrito por":"Telinha","Tempo estimado de leitura":"1 minuto"},"schema":{"@context":"https:\/\/schema.org","@graph":[{"@type":"Article","@id":"https:\/\/portaltela.pt\/noticias\/2026\/01\/03\/portugal-regista-1-265-gripe-na-semana-do-natal-e-mortalidade-entre-idosos\/#article","isPartOf":{"@id":"https:\/\/portaltela.pt\/noticias\/2026\/01\/03\/portugal-regista-1-265-gripe-na-semana-do-natal-e-mortalidade-entre-idosos\/"},"author":{"name":"Telinha","@id":"https:\/\/portaltela.pt\/#\/schema\/person\/c4278d4a6028830caff9ee44b42d32ed"},"headline":"Portugal regista 1.265 gripe na semana do Natal e mortalidade entre idosos","datePublished":"2026-01-03T11:14:00+00:00","mainEntityOfPage":{"@id":"https:\/\/portaltela.pt\/noticias\/2026\/01\/03\/portugal-regista-1-265-gripe-na-semana-do-natal-e-mortalidade-entre-idosos\/"},"wordCount":276,"image":{"@id":"https:\/\/portaltela.pt\/noticias\/2026\/01\/03\/portugal-regista-1-265-gripe-na-semana-do-natal-e-mortalidade-entre-idosos\/#primaryimage"},"thumbnailUrl":"https:\/\/portaltela.pt\/s.01k8rhncp4jt1\/2026\/01\/unnamed-file-526.jpg","keywords":["Alentejo","gripe","infe\u00e7\u00e3o respirat\u00f3ria aguda","Lisboa","sa\u00fade p\u00fablica"],"inLanguage":"pt-PT"},{"@type":"WebPage","@id":"https:\/\/portaltela.pt\/noticias\/2026\/01\/03\/portugal-regista-1-265-gripe-na-semana-do-natal-e-mortalidade-entre-idosos\/","url":"https:\/\/portaltela.pt\/noticias\/2026\/01\/03\/portugal-regista-1-265-gripe-na-semana-do-natal-e-mortalidade-entre-idosos\/","name":"Portugal regista 1.265 gripe na semana do Natal e mortalidade entre idosos - Portal Tela Portugal","isPartOf":{"@id":"https:\/\/portaltela.pt\/#website"},"primaryImageOfPage":{"@id":"https:\/\/portaltela.pt\/noticias\/2026\/01\/03\/portugal-regista-1-265-gripe-na-semana-do-natal-e-mortalidade-entre-idosos\/#primaryimage"},"image":{"@id":"https:\/\/portaltela.pt\/noticias\/2026\/01\/03\/portugal-regista-1-265-gripe-na-semana-do-natal-e-mortalidade-entre-idosos\/#primaryimage"},"thumbnailUrl":"https:\/\/portaltela.pt\/s.01k8rhncp4jt1\/2026\/01\/unnamed-file-526.jpg","datePublished":"2026-01-03T11:14:00+00:00","author":{"@id":"https:\/\/portaltela.pt\/#\/schema\/person\/c4278d4a6028830caff9ee44b42d32ed"},"breadcrumb":{"@id":"https:\/\/portaltela.pt\/noticias\/2026\/01\/03\/portugal-regista-1-265-gripe-na-semana-do-natal-e-mortalidade-entre-idosos\/#breadcrumb"},"inLanguage":"pt-PT","potentialAction":[{"@type":"ReadAction","target":["https:\/\/portaltela.pt\/noticias\/2026\/01\/03\/portugal-regista-1-265-gripe-na-semana-do-natal-e-mortalidade-entre-idosos\/"]}]},{"@type":"ImageObject","inLanguage":"pt-PT","@id":"https:\/\/portaltela.pt\/noticias\/2026\/01\/03\/portugal-regista-1-265-gripe-na-semana-do-natal-e-mortalidade-entre-idosos\/#primaryimage","url":"https:\/\/portaltela.pt\/s.01k8rhncp4jt1\/2026\/01\/unnamed-file-526.jpg","contentUrl":"https:\/\/portaltela.pt\/s.01k8rhncp4jt1\/2026\/01\/unnamed-file-526.jpg","width":796,"height":448,"caption":"Portugal registou 1.265 casos de gripe na semana do Natal e excesso de mortalidade nos idosos"},{"@type":"BreadcrumbList","@id":"https:\/\/portaltela.pt\/noticias\/2026\/01\/03\/portugal-regista-1-265-gripe-na-semana-do-natal-e-mortalidade-entre-idosos\/#breadcrumb","itemListElement":[{"@type":"ListItem","position":1,"name":"In\u00edcio","item":"https:\/\/portaltela.pt\/"},{"@type":"ListItem","position":2,"name":"Portugal regista 1.265 gripe na semana do Natal e mortalidade entre idosos"}]},{"@type":"WebSite","@id":"https:\/\/portaltela.pt\/#website","url":"https:\/\/portaltela.pt\/","name":"Portal Tela Portugal","description":"","potentialAction":[{"@type":"SearchAction","target":{"@type":"EntryPoint","urlTemplate":"https:\/\/portaltela.pt\/?s={search_term_string}"},"query-input":{"@type":"PropertyValueSpecification","valueRequired":true,"valueName":"search_term_string"}}],"inLanguage":"pt-PT"},{"@type":"Person","@id":"https:\/\/portaltela.pt\/#\/schema\/person\/c4278d4a6028830caff9ee44b42d32ed","name":"Telinha","image":{"@type":"ImageObject","inLanguage":"pt-PT","@id":"https:\/\/portaltela.pt\/s.01k8rhncp4jt1\/2025\/11\/talking-bot-125x125.png","url":"https:\/\/portaltela.pt\/s.01k8rhncp4jt1\/2025\/11\/talking-bot-125x125.png","contentUrl":"https:\/\/portaltela.pt\/s.01k8rhncp4jt1\/2025\/11\/talking-bot-125x125.png","caption":"Telinha"},"sameAs":["https:\/\/portaltela.pt\/"],"url":"https:\/\/portaltela.pt\/por\/367410592786\/"}]}},"_links":{"self":[{"href":"https:\/\/portaltela.pt\/api\/wp\/v2\/posts\/114595","targetHints":{"allow":["GET"]}}],"collection":[{"href":"https:\/\/portaltela.pt\/api\/wp\/v2\/posts"}],"about":[{"href":"https:\/\/portaltela.pt\/api\/wp\/v2\/types\/post"}],"author":[{"embeddable":true,"href":"https:\/\/portaltela.pt\/api\/wp\/v2\/users\/2"}],"replies":[{"embeddable":true,"href":"https:\/\/portaltela.pt\/api\/wp\/v2\/comments?post=114595"}],"version-history":[{"count":0,"href":"https:\/\/portaltela.pt\/api\/wp\/v2\/posts\/114595\/revisions"}],"wp:featuredmedia":[{"embeddable":true,"href":"https:\/\/portaltela.pt\/api\/wp\/v2\/media\/114597"}],"wp:attachment":[{"href":"https:\/\/portaltela.pt\/api\/wp\/v2\/media?parent=114595"}],"wp:term":[{"taxonomy":"category","embeddable":true,"href":"https:\/\/portaltela.pt\/api\/wp\/v2\/categories?post=114595"},{"taxonomy":"post_tag","embeddable":true,"href":"https:\/\/portaltela.pt\/api\/wp\/v2\/tags?post=114595"}],"curies":[{"name":"wp","href":"https:\/\/api.w.org\/{rel}","templated":true}]}}