{"id":114515,"date":"2026-01-03T07:49:33","date_gmt":"2026-01-03T10:49:33","guid":{"rendered":"https:\/\/portaltela.pt\/noticias\/2026\/01\/03\/portugal-regista-1-265-casos-de-gripe-na-semana-de-natal-e-mortalidade-em-idosos\/"},"modified":"2026-01-03T07:49:33","modified_gmt":"2026-01-03T10:49:33","slug":"portugal-regista-1-265-casos-de-gripe-na-semana-de-natal-e-mortalidade-em-idosos","status":"publish","type":"post","link":"https:\/\/portaltela.pt\/noticias\/2026\/01\/03\/portugal-regista-1-265-casos-de-gripe-na-semana-de-natal-e-mortalidade-em-idosos\/","title":{"rendered":"Portugal regista 1.265 casos de gripe na semana de Natal e mortalidade em idosos"},"content":{"rendered":"<p>Portugal registou 1.265 casos de gripe na semana do Natal, elevando o total da \u00e9poca para 9.620 infe\u00e7\u00f5es. O excesso de mortalidade por todas as causas ocorreu entre os maiores de 65 anos, indica o INSA.<\/p>\n<p>O boletim do INSA indica ainda que a taxa de infe\u00e7\u00f5es respirat\u00f3rias agudas graves (SARI) manteve-se est\u00e1vel entre 22 e 28 de dezembro, com crescimento relativo nos grupos de 0-4 anos e 65 ou mais.<\/p>\n<p>Na ULS que enviou dados, ocorreram 27 casos de SARI, correspondendo a uma taxa de 7,9 por 100.000 habitantes. Quinze casos com gripe n\u00e3o foram identificados com subtipo claro, e um foi influenza A(H3).<\/p>\n<h3>Gripe na rede hospitalar e circula\u00e7\u00e3o de v\u00edrus<\/h3>\n<p>Quarenta por cento dos pacientes com gripe em UCI tinham 65 anos ou mais; outros estavam entre 55 e 64, 45 a 54 e 18-24 anos. Dentre os casos com doen\u00e7a cr\u00f3nica, 16 tinham hist\u00f3rico relevante e 13 n\u00e3o estavam vacinados.<\/p>\n<p>Na \u00e9poca 2025\/2026, desde a semana 40\/2025, foram notificados 51.993 casos de infe\u00e7\u00e3o respirat\u00f3ria, com 9.620 casos de gripe. Outros agentes respirat\u00f3rios foram identificados em 3.893 situa\u00e7\u00f5es.<\/p>\n<p>Durante a semana analisada, outros agentes respirat\u00f3rios aparecem em 360 casos, destacando-se RSV e Rinovirus\/Enterovirus. O RSV tem maior presen\u00e7a em crian\u00e7as, com parte dos casos associada a internamentos.<\/p>\n<h3>Mortalidade e demais apontamentos<\/h3>\n<p>O boletim aponta excesso de mortalidade por todas as causas nas regi\u00f5es Norte, Centro, Alentejo e Lisboa e Vale do Tejo, principalmente entre pessoas com mais de 65 anos. Este \u00e9 o segundo per\u00edodo com valores acima do esperado nesta \u00e9poca.<\/p>\n<p>Desde a semana 40\/2024, foram reportados 67 internamentos por RSV em crian\u00e7as com menos de 24 meses. Entre os casos, 16,4% tinham at\u00e9 tr\u00eas meses, 16,7% eram prematuros e 6% necessitaram de cuidados intensivos.<\/p>\n","protected":false},"excerpt":{"rendered":"<ul>\n<li>Portugal registou 1.265 casos de gripe na semana do Natal, elevando para 9.620 o total da \u00e9poca, com excesso de mortalidade por todas as causas nos maiores de 65 anos.<\/li>\n<li>A taxa de infe\u00e7\u00f5es respirat\u00f3rias agudas graves (SARI) manteve-se est\u00e1vel na semana de 22 a 28 de dezembro, permanecendo mais elevada nos grupos de zero a quatro anos e de 65 ou mais.<\/li>\n<li>Na unidade de sa\u00fade que reportou dados, houve 27 casos de SARI, equivalentes a uma taxa de 7,9 por 100.000 habitantes.<\/li>\n<li>Foram registrados 16 casos de gripe em 13 unidades de cuidados intensivos; um caso foi influenza A(H3) e 15 n\u00e3o subtipoados.<\/li>\n<li>Entre os doentes com gripe, 16 tinham doen\u00e7a cr\u00f3nica; todos tinham recomenda\u00e7\u00e3o de vacina\u00e7\u00e3o, sendo que 13 n\u00e3o estavam vacinados.<\/li>\n<\/ul>\n","protected":false},"author":2,"featured_media":114516,"comment_status":"closed","ping_status":"closed","sticky":false,"template":"","format":"standard","meta":{"footnotes":""},"categories":[1],"tags":[1905,841,40,1014,271],"class_list":["post-114515","post","type-post","status-publish","format-standard","has-post-thumbnail","hentry","category-noticias","tag-gripe","tag-infecao-respiratoria-aguda","tag-pessoas","tag-portugal","tag-saude-publica"],"yoast_head":"<!-- This site is optimized with the Yoast SEO plugin v27.2 - https:\/\/yoast.com\/product\/yoast-seo-wordpress\/ -->\n<title>Portugal regista 1.265 casos de gripe na semana de Natal e mortalidade em idosos - Portal Tela Portugal<\/title>\n<meta name=\"robots\" content=\"index, follow, max-snippet:-1, max-image-preview:large, max-video-preview:-1\" \/>\n<meta property=\"og:locale\" content=\"pt_PT\" \/>\n<meta property=\"og:type\" content=\"article\" \/>\n<meta property=\"og:title\" content=\"Portugal regista 1.265 casos de gripe na semana de Natal e mortalidade em idosos - Portal Tela Portugal\" \/>\n<meta property=\"og:description\" content=\"Portugal registou 1.265 casos de gripe na semana do Natal, elevando para 9.620 o total da \u00e9poca, com excesso de mortalidade por todas as causas nos maiores de 65 anos. A taxa de infe\u00e7\u00f5es respirat\u00f3rias agudas graves (SARI) manteve-se est\u00e1vel na semana de 22 a 28 de dezembro, permanecendo mais elevada nos grupos de zero a quatro anos e de 65 ou mais. Na unidade de sa\u00fade que reportou dados, houve 27 casos de SARI, equivalentes a uma taxa de 7,9 por 100.000 habitantes. Foram registrados 16 casos de gripe em 13 unidades de cuidados intensivos; um caso foi influenza A(H3) e 15 n\u00e3o subtipoados. Entre os doentes com gripe, 16 tinham doen\u00e7a cr\u00f3nica; todos tinham recomenda\u00e7\u00e3o de vacina\u00e7\u00e3o, sendo que 13 n\u00e3o estavam vacinados.\" \/>\n<meta property=\"og:url\" content=\"https:\/\/portaltela.pt\/noticias\/2026\/01\/03\/portugal-regista-1-265-casos-de-gripe-na-semana-de-natal-e-mortalidade-em-idosos\/\" \/>\n<meta property=\"og:site_name\" content=\"Portal Tela Portugal\" \/>\n<meta property=\"article:published_time\" content=\"2026-01-03T10:49:33+00:00\" \/>\n<meta name=\"author\" content=\"Telinha\" \/>\n<meta name=\"twitter:card\" content=\"summary_large_image\" \/>\n<meta name=\"twitter:label1\" content=\"Escrito por\" \/>\n\t<meta name=\"twitter:data1\" content=\"Telinha\" \/>\n\t<meta name=\"twitter:label2\" content=\"Tempo estimado de leitura\" \/>\n\t<meta name=\"twitter:data2\" content=\"1 minuto\" \/>\n<script type=\"application\/ld+json\" class=\"yoast-schema-graph\">{\"@context\":\"https:\/\/schema.org\",\"@graph\":[{\"@type\":\"Article\",\"@id\":\"https:\/\/portaltela.pt\/noticias\/2026\/01\/03\/portugal-regista-1-265-casos-de-gripe-na-semana-de-natal-e-mortalidade-em-idosos\/#article\",\"isPartOf\":{\"@id\":\"https:\/\/portaltela.pt\/noticias\/2026\/01\/03\/portugal-regista-1-265-casos-de-gripe-na-semana-de-natal-e-mortalidade-em-idosos\/\"},\"author\":{\"name\":\"Telinha\",\"@id\":\"https:\/\/portaltela.pt\/#\/schema\/person\/c4278d4a6028830caff9ee44b42d32ed\"},\"headline\":\"Portugal regista 1.265 casos de gripe na semana de Natal e mortalidade em idosos\",\"datePublished\":\"2026-01-03T10:49:33+00:00\",\"mainEntityOfPage\":{\"@id\":\"https:\/\/portaltela.pt\/noticias\/2026\/01\/03\/portugal-regista-1-265-casos-de-gripe-na-semana-de-natal-e-mortalidade-em-idosos\/\"},\"wordCount\":296,\"image\":{\"@id\":\"https:\/\/portaltela.pt\/noticias\/2026\/01\/03\/portugal-regista-1-265-casos-de-gripe-na-semana-de-natal-e-mortalidade-em-idosos\/#primaryimage\"},\"thumbnailUrl\":\"https:\/\/portaltela.pt\/s.01k8rhncp4jt1\/2026\/01\/img_1500x1000uu2023-07-10-18-11-42-1391343.jpg\",\"keywords\":[\"gripe\",\"infe\u00e7\u00e3o respirat\u00f3ria aguda\",\"pessoas\",\"Portugal\",\"sa\u00fade p\u00fablica\"],\"articleSection\":[\"Not\u00edcias\"],\"inLanguage\":\"pt-PT\"},{\"@type\":\"WebPage\",\"@id\":\"https:\/\/portaltela.pt\/noticias\/2026\/01\/03\/portugal-regista-1-265-casos-de-gripe-na-semana-de-natal-e-mortalidade-em-idosos\/\",\"url\":\"https:\/\/portaltela.pt\/noticias\/2026\/01\/03\/portugal-regista-1-265-casos-de-gripe-na-semana-de-natal-e-mortalidade-em-idosos\/\",\"name\":\"Portugal regista 1.265 casos de gripe na semana de Natal e mortalidade em idosos - Portal Tela Portugal\",\"isPartOf\":{\"@id\":\"https:\/\/portaltela.pt\/#website\"},\"primaryImageOfPage\":{\"@id\":\"https:\/\/portaltela.pt\/noticias\/2026\/01\/03\/portugal-regista-1-265-casos-de-gripe-na-semana-de-natal-e-mortalidade-em-idosos\/#primaryimage\"},\"image\":{\"@id\":\"https:\/\/portaltela.pt\/noticias\/2026\/01\/03\/portugal-regista-1-265-casos-de-gripe-na-semana-de-natal-e-mortalidade-em-idosos\/#primaryimage\"},\"thumbnailUrl\":\"https:\/\/portaltela.pt\/s.01k8rhncp4jt1\/2026\/01\/img_1500x1000uu2023-07-10-18-11-42-1391343.jpg\",\"datePublished\":\"2026-01-03T10:49:33+00:00\",\"author\":{\"@id\":\"https:\/\/portaltela.pt\/#\/schema\/person\/c4278d4a6028830caff9ee44b42d32ed\"},\"breadcrumb\":{\"@id\":\"https:\/\/portaltela.pt\/noticias\/2026\/01\/03\/portugal-regista-1-265-casos-de-gripe-na-semana-de-natal-e-mortalidade-em-idosos\/#breadcrumb\"},\"inLanguage\":\"pt-PT\",\"potentialAction\":[{\"@type\":\"ReadAction\",\"target\":[\"https:\/\/portaltela.pt\/noticias\/2026\/01\/03\/portugal-regista-1-265-casos-de-gripe-na-semana-de-natal-e-mortalidade-em-idosos\/\"]}]},{\"@type\":\"ImageObject\",\"inLanguage\":\"pt-PT\",\"@id\":\"https:\/\/portaltela.pt\/noticias\/2026\/01\/03\/portugal-regista-1-265-casos-de-gripe-na-semana-de-natal-e-mortalidade-em-idosos\/#primaryimage\",\"url\":\"https:\/\/portaltela.pt\/s.01k8rhncp4jt1\/2026\/01\/img_1500x1000uu2023-07-10-18-11-42-1391343.jpg\",\"contentUrl\":\"https:\/\/portaltela.pt\/s.01k8rhncp4jt1\/2026\/01\/img_1500x1000uu2023-07-10-18-11-42-1391343.jpg\",\"width\":796,\"height\":448,\"caption\":\"Hospital\"},{\"@type\":\"BreadcrumbList\",\"@id\":\"https:\/\/portaltela.pt\/noticias\/2026\/01\/03\/portugal-regista-1-265-casos-de-gripe-na-semana-de-natal-e-mortalidade-em-idosos\/#breadcrumb\",\"itemListElement\":[{\"@type\":\"ListItem\",\"position\":1,\"name\":\"In\u00edcio\",\"item\":\"https:\/\/portaltela.pt\/\"},{\"@type\":\"ListItem\",\"position\":2,\"name\":\"Portugal regista 1.265 casos de gripe na semana de Natal e mortalidade em idosos\"}]},{\"@type\":\"WebSite\",\"@id\":\"https:\/\/portaltela.pt\/#website\",\"url\":\"https:\/\/portaltela.pt\/\",\"name\":\"Portal Tela Portugal\",\"description\":\"\",\"potentialAction\":[{\"@type\":\"SearchAction\",\"target\":{\"@type\":\"EntryPoint\",\"urlTemplate\":\"https:\/\/portaltela.pt\/?s={search_term_string}\"},\"query-input\":{\"@type\":\"PropertyValueSpecification\",\"valueRequired\":true,\"valueName\":\"search_term_string\"}}],\"inLanguage\":\"pt-PT\"},{\"@type\":\"Person\",\"@id\":\"https:\/\/portaltela.pt\/#\/schema\/person\/c4278d4a6028830caff9ee44b42d32ed\",\"name\":\"Telinha\",\"image\":{\"@type\":\"ImageObject\",\"inLanguage\":\"pt-PT\",\"@id\":\"https:\/\/portaltela.pt\/s.01k8rhncp4jt1\/2025\/11\/talking-bot-125x125.png\",\"url\":\"https:\/\/portaltela.pt\/s.01k8rhncp4jt1\/2025\/11\/talking-bot-125x125.png\",\"contentUrl\":\"https:\/\/portaltela.pt\/s.01k8rhncp4jt1\/2025\/11\/talking-bot-125x125.png\",\"caption\":\"Telinha\"},\"sameAs\":[\"https:\/\/portaltela.pt\/\"],\"url\":\"https:\/\/portaltela.pt\/por\/367410592786\/\"}]}<\/script>\n<!-- \/ Yoast SEO plugin. -->","yoast_head_json":{"title":"Portugal regista 1.265 casos de gripe na semana de Natal e mortalidade em idosos - Portal Tela Portugal","robots":{"index":"index","follow":"follow","max-snippet":"max-snippet:-1","max-image-preview":"max-image-preview:large","max-video-preview":"max-video-preview:-1"},"og_locale":"pt_PT","og_type":"article","og_title":"Portugal regista 1.265 casos de gripe na semana de Natal e mortalidade em idosos - Portal Tela Portugal","og_description":"Portugal registou 1.265 casos de gripe na semana do Natal, elevando para 9.620 o total da \u00e9poca, com excesso de mortalidade por todas as causas nos maiores de 65 anos. A taxa de infe\u00e7\u00f5es respirat\u00f3rias agudas graves (SARI) manteve-se est\u00e1vel na semana de 22 a 28 de dezembro, permanecendo mais elevada nos grupos de zero a quatro anos e de 65 ou mais. Na unidade de sa\u00fade que reportou dados, houve 27 casos de SARI, equivalentes a uma taxa de 7,9 por 100.000 habitantes. Foram registrados 16 casos de gripe em 13 unidades de cuidados intensivos; um caso foi influenza A(H3) e 15 n\u00e3o subtipoados. Entre os doentes com gripe, 16 tinham doen\u00e7a cr\u00f3nica; todos tinham recomenda\u00e7\u00e3o de vacina\u00e7\u00e3o, sendo que 13 n\u00e3o estavam vacinados.","og_url":"https:\/\/portaltela.pt\/noticias\/2026\/01\/03\/portugal-regista-1-265-casos-de-gripe-na-semana-de-natal-e-mortalidade-em-idosos\/","og_site_name":"Portal Tela Portugal","article_published_time":"2026-01-03T10:49:33+00:00","author":"Telinha","twitter_card":"summary_large_image","twitter_misc":{"Escrito por":"Telinha","Tempo estimado de leitura":"1 minuto"},"schema":{"@context":"https:\/\/schema.org","@graph":[{"@type":"Article","@id":"https:\/\/portaltela.pt\/noticias\/2026\/01\/03\/portugal-regista-1-265-casos-de-gripe-na-semana-de-natal-e-mortalidade-em-idosos\/#article","isPartOf":{"@id":"https:\/\/portaltela.pt\/noticias\/2026\/01\/03\/portugal-regista-1-265-casos-de-gripe-na-semana-de-natal-e-mortalidade-em-idosos\/"},"author":{"name":"Telinha","@id":"https:\/\/portaltela.pt\/#\/schema\/person\/c4278d4a6028830caff9ee44b42d32ed"},"headline":"Portugal regista 1.265 casos de gripe na semana de Natal e mortalidade em idosos","datePublished":"2026-01-03T10:49:33+00:00","mainEntityOfPage":{"@id":"https:\/\/portaltela.pt\/noticias\/2026\/01\/03\/portugal-regista-1-265-casos-de-gripe-na-semana-de-natal-e-mortalidade-em-idosos\/"},"wordCount":296,"image":{"@id":"https:\/\/portaltela.pt\/noticias\/2026\/01\/03\/portugal-regista-1-265-casos-de-gripe-na-semana-de-natal-e-mortalidade-em-idosos\/#primaryimage"},"thumbnailUrl":"https:\/\/portaltela.pt\/s.01k8rhncp4jt1\/2026\/01\/img_1500x1000uu2023-07-10-18-11-42-1391343.jpg","keywords":["gripe","infe\u00e7\u00e3o respirat\u00f3ria aguda","pessoas","Portugal","sa\u00fade p\u00fablica"],"articleSection":["Not\u00edcias"],"inLanguage":"pt-PT"},{"@type":"WebPage","@id":"https:\/\/portaltela.pt\/noticias\/2026\/01\/03\/portugal-regista-1-265-casos-de-gripe-na-semana-de-natal-e-mortalidade-em-idosos\/","url":"https:\/\/portaltela.pt\/noticias\/2026\/01\/03\/portugal-regista-1-265-casos-de-gripe-na-semana-de-natal-e-mortalidade-em-idosos\/","name":"Portugal regista 1.265 casos de gripe na semana de Natal e mortalidade em idosos - Portal Tela Portugal","isPartOf":{"@id":"https:\/\/portaltela.pt\/#website"},"primaryImageOfPage":{"@id":"https:\/\/portaltela.pt\/noticias\/2026\/01\/03\/portugal-regista-1-265-casos-de-gripe-na-semana-de-natal-e-mortalidade-em-idosos\/#primaryimage"},"image":{"@id":"https:\/\/portaltela.pt\/noticias\/2026\/01\/03\/portugal-regista-1-265-casos-de-gripe-na-semana-de-natal-e-mortalidade-em-idosos\/#primaryimage"},"thumbnailUrl":"https:\/\/portaltela.pt\/s.01k8rhncp4jt1\/2026\/01\/img_1500x1000uu2023-07-10-18-11-42-1391343.jpg","datePublished":"2026-01-03T10:49:33+00:00","author":{"@id":"https:\/\/portaltela.pt\/#\/schema\/person\/c4278d4a6028830caff9ee44b42d32ed"},"breadcrumb":{"@id":"https:\/\/portaltela.pt\/noticias\/2026\/01\/03\/portugal-regista-1-265-casos-de-gripe-na-semana-de-natal-e-mortalidade-em-idosos\/#breadcrumb"},"inLanguage":"pt-PT","potentialAction":[{"@type":"ReadAction","target":["https:\/\/portaltela.pt\/noticias\/2026\/01\/03\/portugal-regista-1-265-casos-de-gripe-na-semana-de-natal-e-mortalidade-em-idosos\/"]}]},{"@type":"ImageObject","inLanguage":"pt-PT","@id":"https:\/\/portaltela.pt\/noticias\/2026\/01\/03\/portugal-regista-1-265-casos-de-gripe-na-semana-de-natal-e-mortalidade-em-idosos\/#primaryimage","url":"https:\/\/portaltela.pt\/s.01k8rhncp4jt1\/2026\/01\/img_1500x1000uu2023-07-10-18-11-42-1391343.jpg","contentUrl":"https:\/\/portaltela.pt\/s.01k8rhncp4jt1\/2026\/01\/img_1500x1000uu2023-07-10-18-11-42-1391343.jpg","width":796,"height":448,"caption":"Hospital"},{"@type":"BreadcrumbList","@id":"https:\/\/portaltela.pt\/noticias\/2026\/01\/03\/portugal-regista-1-265-casos-de-gripe-na-semana-de-natal-e-mortalidade-em-idosos\/#breadcrumb","itemListElement":[{"@type":"ListItem","position":1,"name":"In\u00edcio","item":"https:\/\/portaltela.pt\/"},{"@type":"ListItem","position":2,"name":"Portugal regista 1.265 casos de gripe na semana de Natal e mortalidade em idosos"}]},{"@type":"WebSite","@id":"https:\/\/portaltela.pt\/#website","url":"https:\/\/portaltela.pt\/","name":"Portal Tela Portugal","description":"","potentialAction":[{"@type":"SearchAction","target":{"@type":"EntryPoint","urlTemplate":"https:\/\/portaltela.pt\/?s={search_term_string}"},"query-input":{"@type":"PropertyValueSpecification","valueRequired":true,"valueName":"search_term_string"}}],"inLanguage":"pt-PT"},{"@type":"Person","@id":"https:\/\/portaltela.pt\/#\/schema\/person\/c4278d4a6028830caff9ee44b42d32ed","name":"Telinha","image":{"@type":"ImageObject","inLanguage":"pt-PT","@id":"https:\/\/portaltela.pt\/s.01k8rhncp4jt1\/2025\/11\/talking-bot-125x125.png","url":"https:\/\/portaltela.pt\/s.01k8rhncp4jt1\/2025\/11\/talking-bot-125x125.png","contentUrl":"https:\/\/portaltela.pt\/s.01k8rhncp4jt1\/2025\/11\/talking-bot-125x125.png","caption":"Telinha"},"sameAs":["https:\/\/portaltela.pt\/"],"url":"https:\/\/portaltela.pt\/por\/367410592786\/"}]}},"_links":{"self":[{"href":"https:\/\/portaltela.pt\/api\/wp\/v2\/posts\/114515","targetHints":{"allow":["GET"]}}],"collection":[{"href":"https:\/\/portaltela.pt\/api\/wp\/v2\/posts"}],"about":[{"href":"https:\/\/portaltela.pt\/api\/wp\/v2\/types\/post"}],"author":[{"embeddable":true,"href":"https:\/\/portaltela.pt\/api\/wp\/v2\/users\/2"}],"replies":[{"embeddable":true,"href":"https:\/\/portaltela.pt\/api\/wp\/v2\/comments?post=114515"}],"version-history":[{"count":0,"href":"https:\/\/portaltela.pt\/api\/wp\/v2\/posts\/114515\/revisions"}],"wp:featuredmedia":[{"embeddable":true,"href":"https:\/\/portaltela.pt\/api\/wp\/v2\/media\/114516"}],"wp:attachment":[{"href":"https:\/\/portaltela.pt\/api\/wp\/v2\/media?parent=114515"}],"wp:term":[{"taxonomy":"category","embeddable":true,"href":"https:\/\/portaltela.pt\/api\/wp\/v2\/categories?post=114515"},{"taxonomy":"post_tag","embeddable":true,"href":"https:\/\/portaltela.pt\/api\/wp\/v2\/tags?post=114515"}],"curies":[{"name":"wp","href":"https:\/\/api.w.org\/{rel}","templated":true}]}}