{"id":114386,"date":"2026-01-03T06:17:36","date_gmt":"2026-01-03T09:17:36","guid":{"rendered":"https:\/\/portaltela.pt\/noticias\/2026\/01\/03\/portugal-regista-mais-de-1-200-casos-de-gripe-na-semana-do-natal\/"},"modified":"2026-01-03T06:17:36","modified_gmt":"2026-01-03T09:17:36","slug":"portugal-regista-mais-de-1-200-casos-de-gripe-na-semana-do-natal","status":"publish","type":"post","link":"https:\/\/portaltela.pt\/noticias\/2026\/01\/03\/portugal-regista-mais-de-1-200-casos-de-gripe-na-semana-do-natal\/","title":{"rendered":"Portugal regista mais de 1.200 casos de gripe na semana do Natal"},"content":{"rendered":"<p>Portugal regista 1.265 novos casos de gripe na semana do Natal, elevando o total de infe\u00e7\u00f5es desde o in\u00edcio da \u00e9poca 2025\/2026 para 9.620, de acordo com o INSA. O boletim de vigil\u00e2ncia epid\u00e9mica tamb\u00e9m aponta excesso de mortalidade por todas as causas entre maiores de 65 anos.<\/p>\n<p>A taxa de SARI manteve-se est\u00e1vel entre 22 e 28 de dezembro, mas permanece mais elevada em crian\u00e7as at\u00e9 aos 4 anos e em idosos com 65 ou mais. Foram contabilizados 27 casos de SARI, numa taxa de 7,9 por 100 mil habitantes.<\/p>\n<p>No mesmo per\u00edodo, registaram-se 16 casos de gripe internados em UCI, incluindo 1 influenza A(H3) e 15 influenza A n\u00e3o subtipada. A propor\u00e7\u00e3o de gripe nas UCI subiu para 14,8%, face aos 7,5% da semana anterior.<\/p>\n<h3>Casos noutras vias e perfis<\/h3>\n<p>Entre os internados com gripe, sete tinham 65 ou mais anos, cinco tinham entre 55 e 64, tr\u00eas entre 45 e 54 e um entre 18 e 24 anos. 16 tinham doen\u00e7a cr\u00f3nica; 13 n\u00e3o estavam vacinados.<\/p>\n<p>Desde o in\u00edcio da \u00e9poca, os laborat\u00f3rios notificaram 51.993 casos de infe\u00e7\u00e3o respirat\u00f3ria. Foram identificados 9.620 de gripe e 3.893 de outros v\u00edrus respirat\u00f3rios, incluindo RSV e Rinov\u00edrus\/Enterov\u00edrus. Na semana do Natal foram reportados 360 casos de outros v\u00edrus respirat\u00f3rios.<\/p>\n<p>O boletim real\u00e7a ainda que a mortalidade por todas as causas esteve acima do esperado na semana do Natal, com maiores acumula\u00e7\u00f5es nos setores Norte, Centro, Alentejo e Lisboa e Vale do Tejo, sobretudo entre os maiores de 65 anos.<\/p>\n<h3>RSV em crian\u00e7as e outras observa\u00e7\u00f5es<\/h3>\n<p>Entre crian\u00e7as com menos de 24 meses, j\u00e1 ocorreram 67 internamentos por RSV desde o in\u00edcio da \u00e9poca. Desses, 16,4% tinham at\u00e9 3 meses, 16,7% eram prematuros e 6% necessitaram de cuidados intensivos ou ventila\u00e7\u00e3o.<\/p>\n","protected":false},"excerpt":{"rendered":"<ul>\n<li>Portugal registou 1.265 novos casos de gripe na semana do Natal, totalizando 9.620 infe\u00e7\u00f5es desde o in\u00edcio da \u00e9poca 2025\/2026 (semana 40\/2025).<\/li>\n<li>Foram reportados 27 casos de SARI na semana, com 16 casos de gripe internados em UCI (1 influenza A(H3) e 15 n\u00e3o subtipada).<\/li>\n<li>Houve 360 casos de outros v\u00edrus respirat\u00f3rios nessa semana.<\/li>\n<li>A mortalidade por todas as causas esteve acima do esperado na semana do Natal, com excessos acima de 65 anos e em v\u00e1rias regi\u00f5es (Norte, Centro, Alentejo, Lisboa e Vale do Tejo).<\/li>\n<li>Entre internados por RSV em crian\u00e7as com menos de 24 meses, 16,4% tinham at\u00e9 3 meses, 16,7% eram prematuros e 6% necessitaram de cuidados intensivos ou ventila\u00e7\u00e3o.<\/li>\n<\/ul>\n","protected":false},"author":2,"featured_media":114387,"comment_status":"closed","ping_status":"closed","sticky":false,"template":"","format":"standard","meta":{"footnotes":""},"categories":[1],"tags":[61,1905,841,1014,271],"class_list":["post-114386","post","type-post","status-publish","format-standard","has-post-thumbnail","hentry","category-noticias","tag-doencas","tag-gripe","tag-infecao-respiratoria-aguda","tag-portugal","tag-saude-publica"],"yoast_head":"<!-- This site is optimized with the Yoast SEO plugin v27.2 - https:\/\/yoast.com\/product\/yoast-seo-wordpress\/ -->\n<title>Portugal regista mais de 1.200 casos de gripe na semana do Natal - Portal Tela Portugal<\/title>\n<meta name=\"robots\" content=\"index, follow, max-snippet:-1, max-image-preview:large, max-video-preview:-1\" \/>\n<meta property=\"og:locale\" content=\"pt_PT\" \/>\n<meta property=\"og:type\" content=\"article\" \/>\n<meta property=\"og:title\" content=\"Portugal regista mais de 1.200 casos de gripe na semana do Natal - Portal Tela Portugal\" \/>\n<meta property=\"og:description\" content=\"Portugal registou 1.265 novos casos de gripe na semana do Natal, totalizando 9.620 infe\u00e7\u00f5es desde o in\u00edcio da \u00e9poca 2025\/2026 (semana 40\/2025). Foram reportados 27 casos de SARI na semana, com 16 casos de gripe internados em UCI (1 influenza A(H3) e 15 n\u00e3o subtipada). Houve 360 casos de outros v\u00edrus respirat\u00f3rios nessa semana. A mortalidade por todas as causas esteve acima do esperado na semana do Natal, com excessos acima de 65 anos e em v\u00e1rias regi\u00f5es (Norte, Centro, Alentejo, Lisboa e Vale do Tejo). Entre internados por RSV em crian\u00e7as com menos de 24 meses, 16,4% tinham at\u00e9 3 meses, 16,7% eram prematuros e 6% necessitaram de cuidados intensivos ou ventila\u00e7\u00e3o.\" \/>\n<meta property=\"og:url\" content=\"https:\/\/portaltela.pt\/noticias\/2026\/01\/03\/portugal-regista-mais-de-1-200-casos-de-gripe-na-semana-do-natal\/\" \/>\n<meta property=\"og:site_name\" content=\"Portal Tela Portugal\" \/>\n<meta property=\"article:published_time\" content=\"2026-01-03T09:17:36+00:00\" \/>\n<meta name=\"author\" content=\"Telinha\" \/>\n<meta name=\"twitter:card\" content=\"summary_large_image\" \/>\n<meta name=\"twitter:label1\" content=\"Escrito por\" \/>\n\t<meta name=\"twitter:data1\" content=\"Telinha\" \/>\n\t<meta name=\"twitter:label2\" content=\"Tempo estimado de leitura\" \/>\n\t<meta name=\"twitter:data2\" content=\"1 minuto\" \/>\n<script type=\"application\/ld+json\" class=\"yoast-schema-graph\">{\"@context\":\"https:\/\/schema.org\",\"@graph\":[{\"@type\":\"Article\",\"@id\":\"https:\/\/portaltela.pt\/noticias\/2026\/01\/03\/portugal-regista-mais-de-1-200-casos-de-gripe-na-semana-do-natal\/#article\",\"isPartOf\":{\"@id\":\"https:\/\/portaltela.pt\/noticias\/2026\/01\/03\/portugal-regista-mais-de-1-200-casos-de-gripe-na-semana-do-natal\/\"},\"author\":{\"name\":\"Telinha\",\"@id\":\"https:\/\/portaltela.pt\/#\/schema\/person\/c4278d4a6028830caff9ee44b42d32ed\"},\"headline\":\"Portugal regista mais de 1.200 casos de gripe na semana do Natal\",\"datePublished\":\"2026-01-03T09:17:36+00:00\",\"mainEntityOfPage\":{\"@id\":\"https:\/\/portaltela.pt\/noticias\/2026\/01\/03\/portugal-regista-mais-de-1-200-casos-de-gripe-na-semana-do-natal\/\"},\"wordCount\":298,\"image\":{\"@id\":\"https:\/\/portaltela.pt\/noticias\/2026\/01\/03\/portugal-regista-mais-de-1-200-casos-de-gripe-na-semana-do-natal\/#primaryimage\"},\"thumbnailUrl\":\"https:\/\/portaltela.pt\/s.01k8rhncp4jt1\/2026\/01\/unnamed-file-496.jpg\",\"keywords\":[\"doen\u00e7as\",\"gripe\",\"infe\u00e7\u00e3o respirat\u00f3ria aguda\",\"Portugal\",\"sa\u00fade p\u00fablica\"],\"articleSection\":[\"Not\u00edcias\"],\"inLanguage\":\"pt-PT\"},{\"@type\":\"WebPage\",\"@id\":\"https:\/\/portaltela.pt\/noticias\/2026\/01\/03\/portugal-regista-mais-de-1-200-casos-de-gripe-na-semana-do-natal\/\",\"url\":\"https:\/\/portaltela.pt\/noticias\/2026\/01\/03\/portugal-regista-mais-de-1-200-casos-de-gripe-na-semana-do-natal\/\",\"name\":\"Portugal regista mais de 1.200 casos de gripe na semana do Natal - Portal Tela Portugal\",\"isPartOf\":{\"@id\":\"https:\/\/portaltela.pt\/#website\"},\"primaryImageOfPage\":{\"@id\":\"https:\/\/portaltela.pt\/noticias\/2026\/01\/03\/portugal-regista-mais-de-1-200-casos-de-gripe-na-semana-do-natal\/#primaryimage\"},\"image\":{\"@id\":\"https:\/\/portaltela.pt\/noticias\/2026\/01\/03\/portugal-regista-mais-de-1-200-casos-de-gripe-na-semana-do-natal\/#primaryimage\"},\"thumbnailUrl\":\"https:\/\/portaltela.pt\/s.01k8rhncp4jt1\/2026\/01\/unnamed-file-496.jpg\",\"datePublished\":\"2026-01-03T09:17:36+00:00\",\"author\":{\"@id\":\"https:\/\/portaltela.pt\/#\/schema\/person\/c4278d4a6028830caff9ee44b42d32ed\"},\"breadcrumb\":{\"@id\":\"https:\/\/portaltela.pt\/noticias\/2026\/01\/03\/portugal-regista-mais-de-1-200-casos-de-gripe-na-semana-do-natal\/#breadcrumb\"},\"inLanguage\":\"pt-PT\",\"potentialAction\":[{\"@type\":\"ReadAction\",\"target\":[\"https:\/\/portaltela.pt\/noticias\/2026\/01\/03\/portugal-regista-mais-de-1-200-casos-de-gripe-na-semana-do-natal\/\"]}]},{\"@type\":\"ImageObject\",\"inLanguage\":\"pt-PT\",\"@id\":\"https:\/\/portaltela.pt\/noticias\/2026\/01\/03\/portugal-regista-mais-de-1-200-casos-de-gripe-na-semana-do-natal\/#primaryimage\",\"url\":\"https:\/\/portaltela.pt\/s.01k8rhncp4jt1\/2026\/01\/unnamed-file-496.jpg\",\"contentUrl\":\"https:\/\/portaltela.pt\/s.01k8rhncp4jt1\/2026\/01\/unnamed-file-496.jpg\",\"width\":796,\"height\":448,\"caption\":\"Portugal regista mais de 1.200 casos de gripe na semana do Natal\"},{\"@type\":\"BreadcrumbList\",\"@id\":\"https:\/\/portaltela.pt\/noticias\/2026\/01\/03\/portugal-regista-mais-de-1-200-casos-de-gripe-na-semana-do-natal\/#breadcrumb\",\"itemListElement\":[{\"@type\":\"ListItem\",\"position\":1,\"name\":\"In\u00edcio\",\"item\":\"https:\/\/portaltela.pt\/\"},{\"@type\":\"ListItem\",\"position\":2,\"name\":\"Portugal regista mais de 1.200 casos de gripe na semana do Natal\"}]},{\"@type\":\"WebSite\",\"@id\":\"https:\/\/portaltela.pt\/#website\",\"url\":\"https:\/\/portaltela.pt\/\",\"name\":\"Portal Tela Portugal\",\"description\":\"\",\"potentialAction\":[{\"@type\":\"SearchAction\",\"target\":{\"@type\":\"EntryPoint\",\"urlTemplate\":\"https:\/\/portaltela.pt\/?s={search_term_string}\"},\"query-input\":{\"@type\":\"PropertyValueSpecification\",\"valueRequired\":true,\"valueName\":\"search_term_string\"}}],\"inLanguage\":\"pt-PT\"},{\"@type\":\"Person\",\"@id\":\"https:\/\/portaltela.pt\/#\/schema\/person\/c4278d4a6028830caff9ee44b42d32ed\",\"name\":\"Telinha\",\"image\":{\"@type\":\"ImageObject\",\"inLanguage\":\"pt-PT\",\"@id\":\"https:\/\/portaltela.pt\/s.01k8rhncp4jt1\/2025\/11\/talking-bot-125x125.png\",\"url\":\"https:\/\/portaltela.pt\/s.01k8rhncp4jt1\/2025\/11\/talking-bot-125x125.png\",\"contentUrl\":\"https:\/\/portaltela.pt\/s.01k8rhncp4jt1\/2025\/11\/talking-bot-125x125.png\",\"caption\":\"Telinha\"},\"sameAs\":[\"https:\/\/portaltela.pt\/\"],\"url\":\"https:\/\/portaltela.pt\/por\/367410592786\/\"}]}<\/script>\n<!-- \/ Yoast SEO plugin. -->","yoast_head_json":{"title":"Portugal regista mais de 1.200 casos de gripe na semana do Natal - Portal Tela Portugal","robots":{"index":"index","follow":"follow","max-snippet":"max-snippet:-1","max-image-preview":"max-image-preview:large","max-video-preview":"max-video-preview:-1"},"og_locale":"pt_PT","og_type":"article","og_title":"Portugal regista mais de 1.200 casos de gripe na semana do Natal - Portal Tela Portugal","og_description":"Portugal registou 1.265 novos casos de gripe na semana do Natal, totalizando 9.620 infe\u00e7\u00f5es desde o in\u00edcio da \u00e9poca 2025\/2026 (semana 40\/2025). Foram reportados 27 casos de SARI na semana, com 16 casos de gripe internados em UCI (1 influenza A(H3) e 15 n\u00e3o subtipada). Houve 360 casos de outros v\u00edrus respirat\u00f3rios nessa semana. A mortalidade por todas as causas esteve acima do esperado na semana do Natal, com excessos acima de 65 anos e em v\u00e1rias regi\u00f5es (Norte, Centro, Alentejo, Lisboa e Vale do Tejo). Entre internados por RSV em crian\u00e7as com menos de 24 meses, 16,4% tinham at\u00e9 3 meses, 16,7% eram prematuros e 6% necessitaram de cuidados intensivos ou ventila\u00e7\u00e3o.","og_url":"https:\/\/portaltela.pt\/noticias\/2026\/01\/03\/portugal-regista-mais-de-1-200-casos-de-gripe-na-semana-do-natal\/","og_site_name":"Portal Tela Portugal","article_published_time":"2026-01-03T09:17:36+00:00","author":"Telinha","twitter_card":"summary_large_image","twitter_misc":{"Escrito por":"Telinha","Tempo estimado de leitura":"1 minuto"},"schema":{"@context":"https:\/\/schema.org","@graph":[{"@type":"Article","@id":"https:\/\/portaltela.pt\/noticias\/2026\/01\/03\/portugal-regista-mais-de-1-200-casos-de-gripe-na-semana-do-natal\/#article","isPartOf":{"@id":"https:\/\/portaltela.pt\/noticias\/2026\/01\/03\/portugal-regista-mais-de-1-200-casos-de-gripe-na-semana-do-natal\/"},"author":{"name":"Telinha","@id":"https:\/\/portaltela.pt\/#\/schema\/person\/c4278d4a6028830caff9ee44b42d32ed"},"headline":"Portugal regista mais de 1.200 casos de gripe na semana do Natal","datePublished":"2026-01-03T09:17:36+00:00","mainEntityOfPage":{"@id":"https:\/\/portaltela.pt\/noticias\/2026\/01\/03\/portugal-regista-mais-de-1-200-casos-de-gripe-na-semana-do-natal\/"},"wordCount":298,"image":{"@id":"https:\/\/portaltela.pt\/noticias\/2026\/01\/03\/portugal-regista-mais-de-1-200-casos-de-gripe-na-semana-do-natal\/#primaryimage"},"thumbnailUrl":"https:\/\/portaltela.pt\/s.01k8rhncp4jt1\/2026\/01\/unnamed-file-496.jpg","keywords":["doen\u00e7as","gripe","infe\u00e7\u00e3o respirat\u00f3ria aguda","Portugal","sa\u00fade p\u00fablica"],"articleSection":["Not\u00edcias"],"inLanguage":"pt-PT"},{"@type":"WebPage","@id":"https:\/\/portaltela.pt\/noticias\/2026\/01\/03\/portugal-regista-mais-de-1-200-casos-de-gripe-na-semana-do-natal\/","url":"https:\/\/portaltela.pt\/noticias\/2026\/01\/03\/portugal-regista-mais-de-1-200-casos-de-gripe-na-semana-do-natal\/","name":"Portugal regista mais de 1.200 casos de gripe na semana do Natal - Portal Tela Portugal","isPartOf":{"@id":"https:\/\/portaltela.pt\/#website"},"primaryImageOfPage":{"@id":"https:\/\/portaltela.pt\/noticias\/2026\/01\/03\/portugal-regista-mais-de-1-200-casos-de-gripe-na-semana-do-natal\/#primaryimage"},"image":{"@id":"https:\/\/portaltela.pt\/noticias\/2026\/01\/03\/portugal-regista-mais-de-1-200-casos-de-gripe-na-semana-do-natal\/#primaryimage"},"thumbnailUrl":"https:\/\/portaltela.pt\/s.01k8rhncp4jt1\/2026\/01\/unnamed-file-496.jpg","datePublished":"2026-01-03T09:17:36+00:00","author":{"@id":"https:\/\/portaltela.pt\/#\/schema\/person\/c4278d4a6028830caff9ee44b42d32ed"},"breadcrumb":{"@id":"https:\/\/portaltela.pt\/noticias\/2026\/01\/03\/portugal-regista-mais-de-1-200-casos-de-gripe-na-semana-do-natal\/#breadcrumb"},"inLanguage":"pt-PT","potentialAction":[{"@type":"ReadAction","target":["https:\/\/portaltela.pt\/noticias\/2026\/01\/03\/portugal-regista-mais-de-1-200-casos-de-gripe-na-semana-do-natal\/"]}]},{"@type":"ImageObject","inLanguage":"pt-PT","@id":"https:\/\/portaltela.pt\/noticias\/2026\/01\/03\/portugal-regista-mais-de-1-200-casos-de-gripe-na-semana-do-natal\/#primaryimage","url":"https:\/\/portaltela.pt\/s.01k8rhncp4jt1\/2026\/01\/unnamed-file-496.jpg","contentUrl":"https:\/\/portaltela.pt\/s.01k8rhncp4jt1\/2026\/01\/unnamed-file-496.jpg","width":796,"height":448,"caption":"Portugal regista mais de 1.200 casos de gripe na semana do Natal"},{"@type":"BreadcrumbList","@id":"https:\/\/portaltela.pt\/noticias\/2026\/01\/03\/portugal-regista-mais-de-1-200-casos-de-gripe-na-semana-do-natal\/#breadcrumb","itemListElement":[{"@type":"ListItem","position":1,"name":"In\u00edcio","item":"https:\/\/portaltela.pt\/"},{"@type":"ListItem","position":2,"name":"Portugal regista mais de 1.200 casos de gripe na semana do Natal"}]},{"@type":"WebSite","@id":"https:\/\/portaltela.pt\/#website","url":"https:\/\/portaltela.pt\/","name":"Portal Tela Portugal","description":"","potentialAction":[{"@type":"SearchAction","target":{"@type":"EntryPoint","urlTemplate":"https:\/\/portaltela.pt\/?s={search_term_string}"},"query-input":{"@type":"PropertyValueSpecification","valueRequired":true,"valueName":"search_term_string"}}],"inLanguage":"pt-PT"},{"@type":"Person","@id":"https:\/\/portaltela.pt\/#\/schema\/person\/c4278d4a6028830caff9ee44b42d32ed","name":"Telinha","image":{"@type":"ImageObject","inLanguage":"pt-PT","@id":"https:\/\/portaltela.pt\/s.01k8rhncp4jt1\/2025\/11\/talking-bot-125x125.png","url":"https:\/\/portaltela.pt\/s.01k8rhncp4jt1\/2025\/11\/talking-bot-125x125.png","contentUrl":"https:\/\/portaltela.pt\/s.01k8rhncp4jt1\/2025\/11\/talking-bot-125x125.png","caption":"Telinha"},"sameAs":["https:\/\/portaltela.pt\/"],"url":"https:\/\/portaltela.pt\/por\/367410592786\/"}]}},"_links":{"self":[{"href":"https:\/\/portaltela.pt\/api\/wp\/v2\/posts\/114386","targetHints":{"allow":["GET"]}}],"collection":[{"href":"https:\/\/portaltela.pt\/api\/wp\/v2\/posts"}],"about":[{"href":"https:\/\/portaltela.pt\/api\/wp\/v2\/types\/post"}],"author":[{"embeddable":true,"href":"https:\/\/portaltela.pt\/api\/wp\/v2\/users\/2"}],"replies":[{"embeddable":true,"href":"https:\/\/portaltela.pt\/api\/wp\/v2\/comments?post=114386"}],"version-history":[{"count":0,"href":"https:\/\/portaltela.pt\/api\/wp\/v2\/posts\/114386\/revisions"}],"wp:featuredmedia":[{"embeddable":true,"href":"https:\/\/portaltela.pt\/api\/wp\/v2\/media\/114387"}],"wp:attachment":[{"href":"https:\/\/portaltela.pt\/api\/wp\/v2\/media?parent=114386"}],"wp:term":[{"taxonomy":"category","embeddable":true,"href":"https:\/\/portaltela.pt\/api\/wp\/v2\/categories?post=114386"},{"taxonomy":"post_tag","embeddable":true,"href":"https:\/\/portaltela.pt\/api\/wp\/v2\/tags?post=114386"}],"curies":[{"name":"wp","href":"https:\/\/api.w.org\/{rel}","templated":true}]}}