{"id":113694,"date":"2026-01-02T17:13:24","date_gmt":"2026-01-02T20:13:24","guid":{"rendered":"https:\/\/portaltela.pt\/noticias\/2026\/01\/02\/animos-exaltados-entre-joao-felix-e-rui-pedro-braz\/"},"modified":"2026-01-02T17:13:24","modified_gmt":"2026-01-02T20:13:24","slug":"animos-exaltados-entre-joao-felix-e-rui-pedro-braz","status":"publish","type":"post","link":"https:\/\/portaltela.pt\/desporto\/futebol\/2026\/01\/02\/animos-exaltados-entre-joao-felix-e-rui-pedro-braz\/","title":{"rendered":"\u00c2nimos exaltados entre Jo\u00e3o F\u00e9lix e Rui Pedro Braz"},"content":{"rendered":"<p>O duelo entre Al Ahli e Al Nassr, que terminou 3-2, ficou marcado por um incidente no relvado. Jo\u00e3o F\u00e9lix foi alvo de agress\u00e3o de um jogador advers\u00e1rio durante a partida. Pouco depois, o jogador espanhol envolveu-se num desentendimento com Rui Pedro Braz, diretor desportivo do Al Ahli, ainda no espa\u00e7o do encontro.<\/p>\n<p>Os acontecimentos ocorreram em pleno jogo, com Jo\u00e3o F\u00e9lix a manter a disputa ap\u00f3s o contacto inicial. O desentendimento com Rui Pedro Braz envolveu troca de palavras a poucos metros de dist\u00e2ncia, sem que tenham sido denunciados incidentes adicionais significativos.<\/p>\n<p>At\u00e9 ao momento, n\u00e3o foram divulgados detalhes oficiais sobre consequ\u00eancias disciplinares ou n\u00e3o. O clube do Al Ahli n\u00e3o confirmou medidas espec\u00edficas relacionadas com o epis\u00f3dio, que ficou registrado pela cobertura do encontro.<\/p>\n","protected":false},"excerpt":{"rendered":"<ul>\n<li>O Al Nassr venceu o Al Ahli por 3-2 no duelo disputado entre as duas equipas.<\/li>\n<li>Jo\u00e3o F\u00e9lix foi agredido por um jogador advers\u00e1rio durante a partida.<\/li>\n<li>Ap\u00f3s o jogo, F\u00e9lix envolveu-se numa alterca\u00e7\u00e3o no relvado com Rui Pedro Braz, diretor desportivo do Al Ahli.<\/li>\n<li>Rui Pedro Braz \u00e9 o diretor desportivo do Al Ahli.<\/li>\n<\/ul>\n","protected":false},"author":2,"featured_media":113695,"comment_status":"closed","ping_status":"closed","sticky":false,"template":"","format":"standard","meta":{"footnotes":""},"categories":[21,24],"tags":[2079,1162,254,152,32,2188],"class_list":["post-113694","post","type-post","status-publish","format-standard","has-post-thumbnail","hentry","category-desporto","category-futebol","tag-agressoes","tag-agressoes-simples","tag-conflito","tag-desporto","tag-futebol","tag-joao-felix"],"yoast_head":"<!-- This site is optimized with the Yoast SEO plugin v27.2 - https:\/\/yoast.com\/product\/yoast-seo-wordpress\/ -->\n<title>\u00c2nimos exaltados entre Jo\u00e3o F\u00e9lix e Rui Pedro Braz - Portal Tela Portugal<\/title>\n<meta name=\"robots\" content=\"index, follow, max-snippet:-1, max-image-preview:large, max-video-preview:-1\" \/>\n<meta property=\"og:locale\" content=\"pt_PT\" \/>\n<meta property=\"og:type\" content=\"article\" \/>\n<meta property=\"og:title\" content=\"\u00c2nimos exaltados entre Jo\u00e3o F\u00e9lix e Rui Pedro Braz - Portal Tela Portugal\" \/>\n<meta property=\"og:description\" content=\"O Al Nassr venceu o Al Ahli por 3-2 no duelo disputado entre as duas equipas. Jo\u00e3o F\u00e9lix foi agredido por um jogador advers\u00e1rio durante a partida. Ap\u00f3s o jogo, F\u00e9lix envolveu-se numa alterca\u00e7\u00e3o no relvado com Rui Pedro Braz, diretor desportivo do Al Ahli. Rui Pedro Braz \u00e9 o diretor desportivo do Al Ahli.\" \/>\n<meta property=\"og:url\" content=\"https:\/\/portaltela.pt\/noticias\/2026\/01\/02\/animos-exaltados-entre-joao-felix-e-rui-pedro-braz\/\" \/>\n<meta property=\"og:site_name\" content=\"Portal Tela Portugal\" \/>\n<meta property=\"article:published_time\" content=\"2026-01-02T20:13:24+00:00\" \/>\n<meta name=\"author\" content=\"Telinha\" \/>\n<meta name=\"twitter:card\" content=\"summary_large_image\" \/>\n<meta name=\"twitter:label1\" content=\"Escrito por\" \/>\n\t<meta name=\"twitter:data1\" content=\"Telinha\" \/>\n\t<meta name=\"twitter:label2\" content=\"Tempo estimado de leitura\" \/>\n\t<meta name=\"twitter:data2\" content=\"1 minuto\" \/>\n<script type=\"application\/ld+json\" class=\"yoast-schema-graph\">{\"@context\":\"https:\/\/schema.org\",\"@graph\":[{\"@type\":\"Article\",\"@id\":\"https:\/\/portaltela.pt\/noticias\/2026\/01\/02\/animos-exaltados-entre-joao-felix-e-rui-pedro-braz\/#article\",\"isPartOf\":{\"@id\":\"https:\/\/portaltela.pt\/noticias\/2026\/01\/02\/animos-exaltados-entre-joao-felix-e-rui-pedro-braz\/\"},\"author\":{\"name\":\"Telinha\",\"@id\":\"https:\/\/portaltela.pt\/#\/schema\/person\/c4278d4a6028830caff9ee44b42d32ed\"},\"headline\":\"\u00c2nimos exaltados entre Jo\u00e3o F\u00e9lix e Rui Pedro Braz\",\"datePublished\":\"2026-01-02T20:13:24+00:00\",\"mainEntityOfPage\":{\"@id\":\"https:\/\/portaltela.pt\/noticias\/2026\/01\/02\/animos-exaltados-entre-joao-felix-e-rui-pedro-braz\/\"},\"wordCount\":152,\"image\":{\"@id\":\"https:\/\/portaltela.pt\/noticias\/2026\/01\/02\/animos-exaltados-entre-joao-felix-e-rui-pedro-braz\/#primaryimage\"},\"thumbnailUrl\":\"https:\/\/portaltela.pt\/s.01k8rhncp4jt1\/2026\/01\/9a3612f6-7863-4bec-9a88-d2a903988593.jpg\",\"keywords\":[\"agress\u00f5es\",\"agress\u00f5es simples\",\"conflito\",\"desporto\",\"futebol\",\"Jo\u00e3o F\u00e9lix\"],\"articleSection\":[\"Desporto\",\"Futebol\"],\"inLanguage\":\"pt-PT\"},{\"@type\":\"WebPage\",\"@id\":\"https:\/\/portaltela.pt\/noticias\/2026\/01\/02\/animos-exaltados-entre-joao-felix-e-rui-pedro-braz\/\",\"url\":\"https:\/\/portaltela.pt\/noticias\/2026\/01\/02\/animos-exaltados-entre-joao-felix-e-rui-pedro-braz\/\",\"name\":\"\u00c2nimos exaltados entre Jo\u00e3o F\u00e9lix e Rui Pedro Braz - Portal Tela Portugal\",\"isPartOf\":{\"@id\":\"https:\/\/portaltela.pt\/#website\"},\"primaryImageOfPage\":{\"@id\":\"https:\/\/portaltela.pt\/noticias\/2026\/01\/02\/animos-exaltados-entre-joao-felix-e-rui-pedro-braz\/#primaryimage\"},\"image\":{\"@id\":\"https:\/\/portaltela.pt\/noticias\/2026\/01\/02\/animos-exaltados-entre-joao-felix-e-rui-pedro-braz\/#primaryimage\"},\"thumbnailUrl\":\"https:\/\/portaltela.pt\/s.01k8rhncp4jt1\/2026\/01\/9a3612f6-7863-4bec-9a88-d2a903988593.jpg\",\"datePublished\":\"2026-01-02T20:13:24+00:00\",\"author\":{\"@id\":\"https:\/\/portaltela.pt\/#\/schema\/person\/c4278d4a6028830caff9ee44b42d32ed\"},\"breadcrumb\":{\"@id\":\"https:\/\/portaltela.pt\/noticias\/2026\/01\/02\/animos-exaltados-entre-joao-felix-e-rui-pedro-braz\/#breadcrumb\"},\"inLanguage\":\"pt-PT\",\"potentialAction\":[{\"@type\":\"ReadAction\",\"target\":[\"https:\/\/portaltela.pt\/noticias\/2026\/01\/02\/animos-exaltados-entre-joao-felix-e-rui-pedro-braz\/\"]}]},{\"@type\":\"ImageObject\",\"inLanguage\":\"pt-PT\",\"@id\":\"https:\/\/portaltela.pt\/noticias\/2026\/01\/02\/animos-exaltados-entre-joao-felix-e-rui-pedro-braz\/#primaryimage\",\"url\":\"https:\/\/portaltela.pt\/s.01k8rhncp4jt1\/2026\/01\/9a3612f6-7863-4bec-9a88-d2a903988593.jpg\",\"contentUrl\":\"https:\/\/portaltela.pt\/s.01k8rhncp4jt1\/2026\/01\/9a3612f6-7863-4bec-9a88-d2a903988593.jpg\",\"width\":796,\"height\":448,\"caption\":\"Imagem de Jo\u00e3o F\u00e9lix e Rui Pedro Braz durante o incidente\"},{\"@type\":\"BreadcrumbList\",\"@id\":\"https:\/\/portaltela.pt\/noticias\/2026\/01\/02\/animos-exaltados-entre-joao-felix-e-rui-pedro-braz\/#breadcrumb\",\"itemListElement\":[{\"@type\":\"ListItem\",\"position\":1,\"name\":\"In\u00edcio\",\"item\":\"https:\/\/portaltela.pt\/\"},{\"@type\":\"ListItem\",\"position\":2,\"name\":\"\u00c2nimos exaltados entre Jo\u00e3o F\u00e9lix e Rui Pedro Braz\"}]},{\"@type\":\"WebSite\",\"@id\":\"https:\/\/portaltela.pt\/#website\",\"url\":\"https:\/\/portaltela.pt\/\",\"name\":\"Portal Tela Portugal\",\"description\":\"\",\"potentialAction\":[{\"@type\":\"SearchAction\",\"target\":{\"@type\":\"EntryPoint\",\"urlTemplate\":\"https:\/\/portaltela.pt\/?s={search_term_string}\"},\"query-input\":{\"@type\":\"PropertyValueSpecification\",\"valueRequired\":true,\"valueName\":\"search_term_string\"}}],\"inLanguage\":\"pt-PT\"},{\"@type\":\"Person\",\"@id\":\"https:\/\/portaltela.pt\/#\/schema\/person\/c4278d4a6028830caff9ee44b42d32ed\",\"name\":\"Telinha\",\"image\":{\"@type\":\"ImageObject\",\"inLanguage\":\"pt-PT\",\"@id\":\"https:\/\/portaltela.pt\/s.01k8rhncp4jt1\/2025\/11\/talking-bot-125x125.png\",\"url\":\"https:\/\/portaltela.pt\/s.01k8rhncp4jt1\/2025\/11\/talking-bot-125x125.png\",\"contentUrl\":\"https:\/\/portaltela.pt\/s.01k8rhncp4jt1\/2025\/11\/talking-bot-125x125.png\",\"caption\":\"Telinha\"},\"sameAs\":[\"https:\/\/portaltela.pt\/\"],\"url\":\"https:\/\/portaltela.pt\/por\/367410592786\/\"}]}<\/script>\n<!-- \/ Yoast SEO plugin. -->","yoast_head_json":{"title":"\u00c2nimos exaltados entre Jo\u00e3o F\u00e9lix e Rui Pedro Braz - Portal Tela Portugal","robots":{"index":"index","follow":"follow","max-snippet":"max-snippet:-1","max-image-preview":"max-image-preview:large","max-video-preview":"max-video-preview:-1"},"og_locale":"pt_PT","og_type":"article","og_title":"\u00c2nimos exaltados entre Jo\u00e3o F\u00e9lix e Rui Pedro Braz - Portal Tela Portugal","og_description":"O Al Nassr venceu o Al Ahli por 3-2 no duelo disputado entre as duas equipas. Jo\u00e3o F\u00e9lix foi agredido por um jogador advers\u00e1rio durante a partida. Ap\u00f3s o jogo, F\u00e9lix envolveu-se numa alterca\u00e7\u00e3o no relvado com Rui Pedro Braz, diretor desportivo do Al Ahli. Rui Pedro Braz \u00e9 o diretor desportivo do Al Ahli.","og_url":"https:\/\/portaltela.pt\/noticias\/2026\/01\/02\/animos-exaltados-entre-joao-felix-e-rui-pedro-braz\/","og_site_name":"Portal Tela Portugal","article_published_time":"2026-01-02T20:13:24+00:00","author":"Telinha","twitter_card":"summary_large_image","twitter_misc":{"Escrito por":"Telinha","Tempo estimado de leitura":"1 minuto"},"schema":{"@context":"https:\/\/schema.org","@graph":[{"@type":"Article","@id":"https:\/\/portaltela.pt\/noticias\/2026\/01\/02\/animos-exaltados-entre-joao-felix-e-rui-pedro-braz\/#article","isPartOf":{"@id":"https:\/\/portaltela.pt\/noticias\/2026\/01\/02\/animos-exaltados-entre-joao-felix-e-rui-pedro-braz\/"},"author":{"name":"Telinha","@id":"https:\/\/portaltela.pt\/#\/schema\/person\/c4278d4a6028830caff9ee44b42d32ed"},"headline":"\u00c2nimos exaltados entre Jo\u00e3o F\u00e9lix e Rui Pedro Braz","datePublished":"2026-01-02T20:13:24+00:00","mainEntityOfPage":{"@id":"https:\/\/portaltela.pt\/noticias\/2026\/01\/02\/animos-exaltados-entre-joao-felix-e-rui-pedro-braz\/"},"wordCount":152,"image":{"@id":"https:\/\/portaltela.pt\/noticias\/2026\/01\/02\/animos-exaltados-entre-joao-felix-e-rui-pedro-braz\/#primaryimage"},"thumbnailUrl":"https:\/\/portaltela.pt\/s.01k8rhncp4jt1\/2026\/01\/9a3612f6-7863-4bec-9a88-d2a903988593.jpg","keywords":["agress\u00f5es","agress\u00f5es simples","conflito","desporto","futebol","Jo\u00e3o F\u00e9lix"],"articleSection":["Desporto","Futebol"],"inLanguage":"pt-PT"},{"@type":"WebPage","@id":"https:\/\/portaltela.pt\/noticias\/2026\/01\/02\/animos-exaltados-entre-joao-felix-e-rui-pedro-braz\/","url":"https:\/\/portaltela.pt\/noticias\/2026\/01\/02\/animos-exaltados-entre-joao-felix-e-rui-pedro-braz\/","name":"\u00c2nimos exaltados entre Jo\u00e3o F\u00e9lix e Rui Pedro Braz - Portal Tela Portugal","isPartOf":{"@id":"https:\/\/portaltela.pt\/#website"},"primaryImageOfPage":{"@id":"https:\/\/portaltela.pt\/noticias\/2026\/01\/02\/animos-exaltados-entre-joao-felix-e-rui-pedro-braz\/#primaryimage"},"image":{"@id":"https:\/\/portaltela.pt\/noticias\/2026\/01\/02\/animos-exaltados-entre-joao-felix-e-rui-pedro-braz\/#primaryimage"},"thumbnailUrl":"https:\/\/portaltela.pt\/s.01k8rhncp4jt1\/2026\/01\/9a3612f6-7863-4bec-9a88-d2a903988593.jpg","datePublished":"2026-01-02T20:13:24+00:00","author":{"@id":"https:\/\/portaltela.pt\/#\/schema\/person\/c4278d4a6028830caff9ee44b42d32ed"},"breadcrumb":{"@id":"https:\/\/portaltela.pt\/noticias\/2026\/01\/02\/animos-exaltados-entre-joao-felix-e-rui-pedro-braz\/#breadcrumb"},"inLanguage":"pt-PT","potentialAction":[{"@type":"ReadAction","target":["https:\/\/portaltela.pt\/noticias\/2026\/01\/02\/animos-exaltados-entre-joao-felix-e-rui-pedro-braz\/"]}]},{"@type":"ImageObject","inLanguage":"pt-PT","@id":"https:\/\/portaltela.pt\/noticias\/2026\/01\/02\/animos-exaltados-entre-joao-felix-e-rui-pedro-braz\/#primaryimage","url":"https:\/\/portaltela.pt\/s.01k8rhncp4jt1\/2026\/01\/9a3612f6-7863-4bec-9a88-d2a903988593.jpg","contentUrl":"https:\/\/portaltela.pt\/s.01k8rhncp4jt1\/2026\/01\/9a3612f6-7863-4bec-9a88-d2a903988593.jpg","width":796,"height":448,"caption":"Imagem de Jo\u00e3o F\u00e9lix e Rui Pedro Braz durante o incidente"},{"@type":"BreadcrumbList","@id":"https:\/\/portaltela.pt\/noticias\/2026\/01\/02\/animos-exaltados-entre-joao-felix-e-rui-pedro-braz\/#breadcrumb","itemListElement":[{"@type":"ListItem","position":1,"name":"In\u00edcio","item":"https:\/\/portaltela.pt\/"},{"@type":"ListItem","position":2,"name":"\u00c2nimos exaltados entre Jo\u00e3o F\u00e9lix e Rui Pedro Braz"}]},{"@type":"WebSite","@id":"https:\/\/portaltela.pt\/#website","url":"https:\/\/portaltela.pt\/","name":"Portal Tela Portugal","description":"","potentialAction":[{"@type":"SearchAction","target":{"@type":"EntryPoint","urlTemplate":"https:\/\/portaltela.pt\/?s={search_term_string}"},"query-input":{"@type":"PropertyValueSpecification","valueRequired":true,"valueName":"search_term_string"}}],"inLanguage":"pt-PT"},{"@type":"Person","@id":"https:\/\/portaltela.pt\/#\/schema\/person\/c4278d4a6028830caff9ee44b42d32ed","name":"Telinha","image":{"@type":"ImageObject","inLanguage":"pt-PT","@id":"https:\/\/portaltela.pt\/s.01k8rhncp4jt1\/2025\/11\/talking-bot-125x125.png","url":"https:\/\/portaltela.pt\/s.01k8rhncp4jt1\/2025\/11\/talking-bot-125x125.png","contentUrl":"https:\/\/portaltela.pt\/s.01k8rhncp4jt1\/2025\/11\/talking-bot-125x125.png","caption":"Telinha"},"sameAs":["https:\/\/portaltela.pt\/"],"url":"https:\/\/portaltela.pt\/por\/367410592786\/"}]}},"_links":{"self":[{"href":"https:\/\/portaltela.pt\/api\/wp\/v2\/posts\/113694","targetHints":{"allow":["GET"]}}],"collection":[{"href":"https:\/\/portaltela.pt\/api\/wp\/v2\/posts"}],"about":[{"href":"https:\/\/portaltela.pt\/api\/wp\/v2\/types\/post"}],"author":[{"embeddable":true,"href":"https:\/\/portaltela.pt\/api\/wp\/v2\/users\/2"}],"replies":[{"embeddable":true,"href":"https:\/\/portaltela.pt\/api\/wp\/v2\/comments?post=113694"}],"version-history":[{"count":0,"href":"https:\/\/portaltela.pt\/api\/wp\/v2\/posts\/113694\/revisions"}],"wp:featuredmedia":[{"embeddable":true,"href":"https:\/\/portaltela.pt\/api\/wp\/v2\/media\/113695"}],"wp:attachment":[{"href":"https:\/\/portaltela.pt\/api\/wp\/v2\/media?parent=113694"}],"wp:term":[{"taxonomy":"category","embeddable":true,"href":"https:\/\/portaltela.pt\/api\/wp\/v2\/categories?post=113694"},{"taxonomy":"post_tag","embeddable":true,"href":"https:\/\/portaltela.pt\/api\/wp\/v2\/tags?post=113694"}],"curies":[{"name":"wp","href":"https:\/\/api.w.org\/{rel}","templated":true}]}}