{"id":113653,"date":"2026-01-02T16:48:02","date_gmt":"2026-01-02T19:48:02","guid":{"rendered":"https:\/\/portaltela.pt\/noticias\/2026\/01\/02\/guarda-redes-recordista-do-fluminense-renova-contrato-ate-aos-47-anos\/"},"modified":"2026-01-02T16:48:02","modified_gmt":"2026-01-02T19:48:02","slug":"guarda-redes-recordista-do-fluminense-renova-contrato-ate-aos-47-anos","status":"publish","type":"post","link":"https:\/\/portaltela.pt\/desporto\/futebol\/2026\/01\/02\/guarda-redes-recordista-do-fluminense-renova-contrato-ate-aos-47-anos\/","title":{"rendered":"Guarda-redes recordista do Fluminense renova contrato at\u00e9 aos 47 anos"},"content":{"rendered":"<p>F\u00e1bio renovou o v\u00ednculo com o Fluminense por mais dois anos, mantendo-se como titular at\u00e9 dezembro de 2027. O guarda-redes, com 45 anos, refor\u00e7ar\u00e1 a equipa pela quarta \u00e9poca consecutiva, mantendo-se no plantel principal.<\/p>\n<p>A renova\u00e7\u00e3o foi anunciada pelo clube brasileiro. A temporada anterior registrou 74 jogos disputados por F\u00e1bio, que continua a deter o recorde de jogos oficiais (1.390) na hist\u00f3ria do futebol, entre mundial e nacional.<\/p>\n<h3>Contrato e continuidade<\/h3>\n<p>O guarda-redes projetou atuar at\u00e9 aos 47 anos, mantendo-se como pilar da baliza do Fluminense. O an\u00fancio tamb\u00e9m sublinha a participa\u00e7\u00e3o de F\u00e1bio em conquistas relevantes com o clube desde a sua chegada, em 2022.<\/p>\n<h3>Recordes e palmar\u00e9s com o Fluminense<\/h3>\n<p>Entre os feitos de destaque, F\u00e1bio venceu a Libertadores de 2023 e a Superta\u00e7a de 2024, bem como os Cariocas de 2022 e 2023. Com 261 partidas em quatro temporadas, ele consolidou-se como o jogador com mais jogos oficiais na hist\u00f3ria do clube e do futebol mundial.<\/p>\n","protected":false},"excerpt":{"rendered":"<ul>\n<li>F\u00e1bio renovou o contrato com o Fluminense por mais dois anos, at\u00e9 dezembro de 2027, mantendo-se titular.<\/li>\n<li>O guarda-redes tem 45 anos e pode jogar at\u00e9 aos 47, segundo o clube.<\/li>\n<li>Na temporada anterior realizou 74 jogos e \u00e9 o jogador com mais partidas oficiais da hist\u00f3ria, com 1.390.<\/li>\n<li>Com o Fluminense, venceu a Libertadores de 2023, a Superta\u00e7a de 2024 e os Cariocas de 2022 e 2023.<\/li>\n<li>Em quatro temporadas pelo clube soma 261 partidas, consolidando recordes no futebol mundial.<\/li>\n<\/ul>\n","protected":false},"author":2,"featured_media":113655,"comment_status":"closed","ping_status":"closed","sticky":false,"template":"","format":"standard","meta":{"footnotes":""},"categories":[21,24],"tags":[152,32,1747,467,1936],"class_list":["post-113653","post","type-post","status-publish","format-standard","has-post-thumbnail","hentry","category-desporto","category-futebol","tag-desporto","tag-futebol","tag-futebol-profissional","tag-libertadores","tag-supertaca-candido-de-oliveira"],"yoast_head":"<!-- This site is optimized with the Yoast SEO plugin v27.2 - https:\/\/yoast.com\/product\/yoast-seo-wordpress\/ -->\n<title>Guarda-redes recordista do Fluminense renova contrato at\u00e9 aos 47 anos - Portal Tela Portugal<\/title>\n<meta name=\"robots\" content=\"index, follow, max-snippet:-1, max-image-preview:large, max-video-preview:-1\" \/>\n<meta property=\"og:locale\" content=\"pt_PT\" \/>\n<meta property=\"og:type\" content=\"article\" \/>\n<meta property=\"og:title\" content=\"Guarda-redes recordista do Fluminense renova contrato at\u00e9 aos 47 anos - Portal Tela Portugal\" \/>\n<meta property=\"og:description\" content=\"F\u00e1bio renovou o contrato com o Fluminense por mais dois anos, at\u00e9 dezembro de 2027, mantendo-se titular. O guarda-redes tem 45 anos e pode jogar at\u00e9 aos 47, segundo o clube. Na temporada anterior realizou 74 jogos e \u00e9 o jogador com mais partidas oficiais da hist\u00f3ria, com 1.390. Com o Fluminense, venceu a Libertadores de 2023, a Superta\u00e7a de 2024 e os Cariocas de 2022 e 2023. Em quatro temporadas pelo clube soma 261 partidas, consolidando recordes no futebol mundial.\" \/>\n<meta property=\"og:url\" content=\"https:\/\/portaltela.pt\/noticias\/2026\/01\/02\/guarda-redes-recordista-do-fluminense-renova-contrato-ate-aos-47-anos\/\" \/>\n<meta property=\"og:site_name\" content=\"Portal Tela Portugal\" \/>\n<meta property=\"article:published_time\" content=\"2026-01-02T19:48:02+00:00\" \/>\n<meta name=\"author\" content=\"Telinha\" \/>\n<meta name=\"twitter:card\" content=\"summary_large_image\" \/>\n<meta name=\"twitter:label1\" content=\"Escrito por\" \/>\n\t<meta name=\"twitter:data1\" content=\"Telinha\" \/>\n\t<meta name=\"twitter:label2\" content=\"Tempo estimado de leitura\" \/>\n\t<meta name=\"twitter:data2\" content=\"1 minuto\" \/>\n<script type=\"application\/ld+json\" class=\"yoast-schema-graph\">{\"@context\":\"https:\/\/schema.org\",\"@graph\":[{\"@type\":\"Article\",\"@id\":\"https:\/\/portaltela.pt\/noticias\/2026\/01\/02\/guarda-redes-recordista-do-fluminense-renova-contrato-ate-aos-47-anos\/#article\",\"isPartOf\":{\"@id\":\"https:\/\/portaltela.pt\/noticias\/2026\/01\/02\/guarda-redes-recordista-do-fluminense-renova-contrato-ate-aos-47-anos\/\"},\"author\":{\"name\":\"Telinha\",\"@id\":\"https:\/\/portaltela.pt\/#\/schema\/person\/c4278d4a6028830caff9ee44b42d32ed\"},\"headline\":\"Guarda-redes recordista do Fluminense renova contrato at\u00e9 aos 47 anos\",\"datePublished\":\"2026-01-02T19:48:02+00:00\",\"mainEntityOfPage\":{\"@id\":\"https:\/\/portaltela.pt\/noticias\/2026\/01\/02\/guarda-redes-recordista-do-fluminense-renova-contrato-ate-aos-47-anos\/\"},\"wordCount\":171,\"image\":{\"@id\":\"https:\/\/portaltela.pt\/noticias\/2026\/01\/02\/guarda-redes-recordista-do-fluminense-renova-contrato-ate-aos-47-anos\/#primaryimage\"},\"thumbnailUrl\":\"https:\/\/portaltela.pt\/s.01k8rhncp4jt1\/2026\/01\/1f9a9cd7-305d-4435-ac52-c3b044590361.jpg\",\"keywords\":[\"desporto\",\"futebol\",\"Futebol Profissional\",\"libertadores\",\"Superta\u00e7a C\u00e2ndido de Oliveira\"],\"articleSection\":[\"Desporto\",\"Futebol\"],\"inLanguage\":\"pt-PT\"},{\"@type\":\"WebPage\",\"@id\":\"https:\/\/portaltela.pt\/noticias\/2026\/01\/02\/guarda-redes-recordista-do-fluminense-renova-contrato-ate-aos-47-anos\/\",\"url\":\"https:\/\/portaltela.pt\/noticias\/2026\/01\/02\/guarda-redes-recordista-do-fluminense-renova-contrato-ate-aos-47-anos\/\",\"name\":\"Guarda-redes recordista do Fluminense renova contrato at\u00e9 aos 47 anos - Portal Tela Portugal\",\"isPartOf\":{\"@id\":\"https:\/\/portaltela.pt\/#website\"},\"primaryImageOfPage\":{\"@id\":\"https:\/\/portaltela.pt\/noticias\/2026\/01\/02\/guarda-redes-recordista-do-fluminense-renova-contrato-ate-aos-47-anos\/#primaryimage\"},\"image\":{\"@id\":\"https:\/\/portaltela.pt\/noticias\/2026\/01\/02\/guarda-redes-recordista-do-fluminense-renova-contrato-ate-aos-47-anos\/#primaryimage\"},\"thumbnailUrl\":\"https:\/\/portaltela.pt\/s.01k8rhncp4jt1\/2026\/01\/1f9a9cd7-305d-4435-ac52-c3b044590361.jpg\",\"datePublished\":\"2026-01-02T19:48:02+00:00\",\"author\":{\"@id\":\"https:\/\/portaltela.pt\/#\/schema\/person\/c4278d4a6028830caff9ee44b42d32ed\"},\"breadcrumb\":{\"@id\":\"https:\/\/portaltela.pt\/noticias\/2026\/01\/02\/guarda-redes-recordista-do-fluminense-renova-contrato-ate-aos-47-anos\/#breadcrumb\"},\"inLanguage\":\"pt-PT\",\"potentialAction\":[{\"@type\":\"ReadAction\",\"target\":[\"https:\/\/portaltela.pt\/noticias\/2026\/01\/02\/guarda-redes-recordista-do-fluminense-renova-contrato-ate-aos-47-anos\/\"]}]},{\"@type\":\"ImageObject\",\"inLanguage\":\"pt-PT\",\"@id\":\"https:\/\/portaltela.pt\/noticias\/2026\/01\/02\/guarda-redes-recordista-do-fluminense-renova-contrato-ate-aos-47-anos\/#primaryimage\",\"url\":\"https:\/\/portaltela.pt\/s.01k8rhncp4jt1\/2026\/01\/1f9a9cd7-305d-4435-ac52-c3b044590361.jpg\",\"contentUrl\":\"https:\/\/portaltela.pt\/s.01k8rhncp4jt1\/2026\/01\/1f9a9cd7-305d-4435-ac52-c3b044590361.jpg\",\"width\":796,\"height\":448,\"caption\":\"F\u00e1bio realizou 74 jogos em 2025\"},{\"@type\":\"BreadcrumbList\",\"@id\":\"https:\/\/portaltela.pt\/noticias\/2026\/01\/02\/guarda-redes-recordista-do-fluminense-renova-contrato-ate-aos-47-anos\/#breadcrumb\",\"itemListElement\":[{\"@type\":\"ListItem\",\"position\":1,\"name\":\"In\u00edcio\",\"item\":\"https:\/\/portaltela.pt\/\"},{\"@type\":\"ListItem\",\"position\":2,\"name\":\"Guarda-redes recordista do Fluminense renova contrato at\u00e9 aos 47 anos\"}]},{\"@type\":\"WebSite\",\"@id\":\"https:\/\/portaltela.pt\/#website\",\"url\":\"https:\/\/portaltela.pt\/\",\"name\":\"Portal Tela Portugal\",\"description\":\"\",\"potentialAction\":[{\"@type\":\"SearchAction\",\"target\":{\"@type\":\"EntryPoint\",\"urlTemplate\":\"https:\/\/portaltela.pt\/?s={search_term_string}\"},\"query-input\":{\"@type\":\"PropertyValueSpecification\",\"valueRequired\":true,\"valueName\":\"search_term_string\"}}],\"inLanguage\":\"pt-PT\"},{\"@type\":\"Person\",\"@id\":\"https:\/\/portaltela.pt\/#\/schema\/person\/c4278d4a6028830caff9ee44b42d32ed\",\"name\":\"Telinha\",\"image\":{\"@type\":\"ImageObject\",\"inLanguage\":\"pt-PT\",\"@id\":\"https:\/\/portaltela.pt\/s.01k8rhncp4jt1\/2025\/11\/talking-bot-125x125.png\",\"url\":\"https:\/\/portaltela.pt\/s.01k8rhncp4jt1\/2025\/11\/talking-bot-125x125.png\",\"contentUrl\":\"https:\/\/portaltela.pt\/s.01k8rhncp4jt1\/2025\/11\/talking-bot-125x125.png\",\"caption\":\"Telinha\"},\"sameAs\":[\"https:\/\/portaltela.pt\/\"],\"url\":\"https:\/\/portaltela.pt\/por\/367410592786\/\"}]}<\/script>\n<!-- \/ Yoast SEO plugin. -->","yoast_head_json":{"title":"Guarda-redes recordista do Fluminense renova contrato at\u00e9 aos 47 anos - Portal Tela Portugal","robots":{"index":"index","follow":"follow","max-snippet":"max-snippet:-1","max-image-preview":"max-image-preview:large","max-video-preview":"max-video-preview:-1"},"og_locale":"pt_PT","og_type":"article","og_title":"Guarda-redes recordista do Fluminense renova contrato at\u00e9 aos 47 anos - Portal Tela Portugal","og_description":"F\u00e1bio renovou o contrato com o Fluminense por mais dois anos, at\u00e9 dezembro de 2027, mantendo-se titular. O guarda-redes tem 45 anos e pode jogar at\u00e9 aos 47, segundo o clube. Na temporada anterior realizou 74 jogos e \u00e9 o jogador com mais partidas oficiais da hist\u00f3ria, com 1.390. Com o Fluminense, venceu a Libertadores de 2023, a Superta\u00e7a de 2024 e os Cariocas de 2022 e 2023. Em quatro temporadas pelo clube soma 261 partidas, consolidando recordes no futebol mundial.","og_url":"https:\/\/portaltela.pt\/noticias\/2026\/01\/02\/guarda-redes-recordista-do-fluminense-renova-contrato-ate-aos-47-anos\/","og_site_name":"Portal Tela Portugal","article_published_time":"2026-01-02T19:48:02+00:00","author":"Telinha","twitter_card":"summary_large_image","twitter_misc":{"Escrito por":"Telinha","Tempo estimado de leitura":"1 minuto"},"schema":{"@context":"https:\/\/schema.org","@graph":[{"@type":"Article","@id":"https:\/\/portaltela.pt\/noticias\/2026\/01\/02\/guarda-redes-recordista-do-fluminense-renova-contrato-ate-aos-47-anos\/#article","isPartOf":{"@id":"https:\/\/portaltela.pt\/noticias\/2026\/01\/02\/guarda-redes-recordista-do-fluminense-renova-contrato-ate-aos-47-anos\/"},"author":{"name":"Telinha","@id":"https:\/\/portaltela.pt\/#\/schema\/person\/c4278d4a6028830caff9ee44b42d32ed"},"headline":"Guarda-redes recordista do Fluminense renova contrato at\u00e9 aos 47 anos","datePublished":"2026-01-02T19:48:02+00:00","mainEntityOfPage":{"@id":"https:\/\/portaltela.pt\/noticias\/2026\/01\/02\/guarda-redes-recordista-do-fluminense-renova-contrato-ate-aos-47-anos\/"},"wordCount":171,"image":{"@id":"https:\/\/portaltela.pt\/noticias\/2026\/01\/02\/guarda-redes-recordista-do-fluminense-renova-contrato-ate-aos-47-anos\/#primaryimage"},"thumbnailUrl":"https:\/\/portaltela.pt\/s.01k8rhncp4jt1\/2026\/01\/1f9a9cd7-305d-4435-ac52-c3b044590361.jpg","keywords":["desporto","futebol","Futebol Profissional","libertadores","Superta\u00e7a C\u00e2ndido de Oliveira"],"articleSection":["Desporto","Futebol"],"inLanguage":"pt-PT"},{"@type":"WebPage","@id":"https:\/\/portaltela.pt\/noticias\/2026\/01\/02\/guarda-redes-recordista-do-fluminense-renova-contrato-ate-aos-47-anos\/","url":"https:\/\/portaltela.pt\/noticias\/2026\/01\/02\/guarda-redes-recordista-do-fluminense-renova-contrato-ate-aos-47-anos\/","name":"Guarda-redes recordista do Fluminense renova contrato at\u00e9 aos 47 anos - Portal Tela Portugal","isPartOf":{"@id":"https:\/\/portaltela.pt\/#website"},"primaryImageOfPage":{"@id":"https:\/\/portaltela.pt\/noticias\/2026\/01\/02\/guarda-redes-recordista-do-fluminense-renova-contrato-ate-aos-47-anos\/#primaryimage"},"image":{"@id":"https:\/\/portaltela.pt\/noticias\/2026\/01\/02\/guarda-redes-recordista-do-fluminense-renova-contrato-ate-aos-47-anos\/#primaryimage"},"thumbnailUrl":"https:\/\/portaltela.pt\/s.01k8rhncp4jt1\/2026\/01\/1f9a9cd7-305d-4435-ac52-c3b044590361.jpg","datePublished":"2026-01-02T19:48:02+00:00","author":{"@id":"https:\/\/portaltela.pt\/#\/schema\/person\/c4278d4a6028830caff9ee44b42d32ed"},"breadcrumb":{"@id":"https:\/\/portaltela.pt\/noticias\/2026\/01\/02\/guarda-redes-recordista-do-fluminense-renova-contrato-ate-aos-47-anos\/#breadcrumb"},"inLanguage":"pt-PT","potentialAction":[{"@type":"ReadAction","target":["https:\/\/portaltela.pt\/noticias\/2026\/01\/02\/guarda-redes-recordista-do-fluminense-renova-contrato-ate-aos-47-anos\/"]}]},{"@type":"ImageObject","inLanguage":"pt-PT","@id":"https:\/\/portaltela.pt\/noticias\/2026\/01\/02\/guarda-redes-recordista-do-fluminense-renova-contrato-ate-aos-47-anos\/#primaryimage","url":"https:\/\/portaltela.pt\/s.01k8rhncp4jt1\/2026\/01\/1f9a9cd7-305d-4435-ac52-c3b044590361.jpg","contentUrl":"https:\/\/portaltela.pt\/s.01k8rhncp4jt1\/2026\/01\/1f9a9cd7-305d-4435-ac52-c3b044590361.jpg","width":796,"height":448,"caption":"F\u00e1bio realizou 74 jogos em 2025"},{"@type":"BreadcrumbList","@id":"https:\/\/portaltela.pt\/noticias\/2026\/01\/02\/guarda-redes-recordista-do-fluminense-renova-contrato-ate-aos-47-anos\/#breadcrumb","itemListElement":[{"@type":"ListItem","position":1,"name":"In\u00edcio","item":"https:\/\/portaltela.pt\/"},{"@type":"ListItem","position":2,"name":"Guarda-redes recordista do Fluminense renova contrato at\u00e9 aos 47 anos"}]},{"@type":"WebSite","@id":"https:\/\/portaltela.pt\/#website","url":"https:\/\/portaltela.pt\/","name":"Portal Tela Portugal","description":"","potentialAction":[{"@type":"SearchAction","target":{"@type":"EntryPoint","urlTemplate":"https:\/\/portaltela.pt\/?s={search_term_string}"},"query-input":{"@type":"PropertyValueSpecification","valueRequired":true,"valueName":"search_term_string"}}],"inLanguage":"pt-PT"},{"@type":"Person","@id":"https:\/\/portaltela.pt\/#\/schema\/person\/c4278d4a6028830caff9ee44b42d32ed","name":"Telinha","image":{"@type":"ImageObject","inLanguage":"pt-PT","@id":"https:\/\/portaltela.pt\/s.01k8rhncp4jt1\/2025\/11\/talking-bot-125x125.png","url":"https:\/\/portaltela.pt\/s.01k8rhncp4jt1\/2025\/11\/talking-bot-125x125.png","contentUrl":"https:\/\/portaltela.pt\/s.01k8rhncp4jt1\/2025\/11\/talking-bot-125x125.png","caption":"Telinha"},"sameAs":["https:\/\/portaltela.pt\/"],"url":"https:\/\/portaltela.pt\/por\/367410592786\/"}]}},"_links":{"self":[{"href":"https:\/\/portaltela.pt\/api\/wp\/v2\/posts\/113653","targetHints":{"allow":["GET"]}}],"collection":[{"href":"https:\/\/portaltela.pt\/api\/wp\/v2\/posts"}],"about":[{"href":"https:\/\/portaltela.pt\/api\/wp\/v2\/types\/post"}],"author":[{"embeddable":true,"href":"https:\/\/portaltela.pt\/api\/wp\/v2\/users\/2"}],"replies":[{"embeddable":true,"href":"https:\/\/portaltela.pt\/api\/wp\/v2\/comments?post=113653"}],"version-history":[{"count":0,"href":"https:\/\/portaltela.pt\/api\/wp\/v2\/posts\/113653\/revisions"}],"wp:featuredmedia":[{"embeddable":true,"href":"https:\/\/portaltela.pt\/api\/wp\/v2\/media\/113655"}],"wp:attachment":[{"href":"https:\/\/portaltela.pt\/api\/wp\/v2\/media?parent=113653"}],"wp:term":[{"taxonomy":"category","embeddable":true,"href":"https:\/\/portaltela.pt\/api\/wp\/v2\/categories?post=113653"},{"taxonomy":"post_tag","embeddable":true,"href":"https:\/\/portaltela.pt\/api\/wp\/v2\/tags?post=113653"}],"curies":[{"name":"wp","href":"https:\/\/api.w.org\/{rel}","templated":true}]}}