{"id":113366,"date":"2026-01-02T14:33:58","date_gmt":"2026-01-02T17:33:58","guid":{"rendered":"https:\/\/portaltela.pt\/noticias\/2026\/01\/02\/presidente-da-af-guarda-anuncia-2026-com-mais-energia\/"},"modified":"2026-01-02T14:33:58","modified_gmt":"2026-01-02T17:33:58","slug":"presidente-da-af-guarda-anuncia-2026-com-mais-energia","status":"publish","type":"post","link":"https:\/\/portaltela.pt\/desporto\/futebol\/2026\/01\/02\/presidente-da-af-guarda-anuncia-2026-com-mais-energia\/","title":{"rendered":"Presidente da AF Guarda anuncia 2026 com mais energia"},"content":{"rendered":"<p>O Presidente da Associa\u00e7\u00e3o de Futebol das Guarda (AF Guarda), Lu\u00eds Br\u00e1s, divulgou uma mensagem de Ano Novo aos jogadores, \u00e0 equipa t\u00e9cnica e aos adeptos. A mensagem aponta para 2026 com o objetivo de manter a din\u00e2mica de evolu\u00e7\u00e3o e resili\u00eancia da institui\u00e7\u00e3o.<\/p>\n<p>Br\u00e1s refor\u00e7ou que 2025 foi marcado por mudan\u00e7as profundas na AF Guarda, com foco em tornar a associa\u00e7\u00e3o refer\u00eancia. Afirmou que n\u00e3o se ficou pelo caminho j\u00e1 percorrido, promovendo melhoria cont\u00ednua em diversas \u00e1reas.<\/p>\n<p>Entre os feitos de 2025, a AF Guarda implementou altera\u00e7\u00f5es aos estatutos e ao Regulamento das Provas Oficiais, ajustou o Regulamento Disciplinar, divulgou nomea\u00e7\u00f5es de \u00e1rbitros, e entregou trof\u00e9us nos recintos desportivos. Tamb\u00e9m houve a transmiss\u00e3o em direto de finais, aproxima\u00e7\u00e3o \u00e0 comunidade e reformula\u00e7\u00f5es nos quadros de forma\u00e7\u00e3o.<\/p>\n<h3>Resumo de 2025 e perspetivas para 2026<\/h3>\n<p>Para 2026, Br\u00e1s sublinhou que a AF Guarda vai manter a energia e o foco na excel\u00eancia, com a\u00e7\u00f5es para consolidar a resili\u00eancia da associa\u00e7\u00e3o. O presidente destacou planos de continuidade e refor\u00e7o de parcerias.<\/p>\n<p>A n\u00edvel operacional, foram anunciadas iniciativas de comunica\u00e7\u00e3o, melhoria de infraestruturas, e uma agenda de eventos com lan\u00e7amento de conte\u00fados em direto, oficinas de forma\u00e7\u00e3o e participa\u00e7\u00e3o em torneios regionais. A entidade tamb\u00e9m pretende consolidar a oferta de apoio a clubes, \u00e1rbitros e treinadores.<\/p>\n","protected":false},"excerpt":{"rendered":"<ul>\n<li>O Presidente da AF Guarda, Lu\u00eds Br\u00e1s, enviou uma mensagem de Ano Novo para 2026, destacando que v\u00e3o com mais energia e mantendo o foco na resili\u00eancia, supera\u00e7\u00e3o e excel\u00eancia.<\/li>\n<li>Em 2025, a AF Guarda alterou estatutos, o Regulamento das Provas Oficiais e o Regulamento Disciplinar, divulgou nomea\u00e7\u00f5es de \u00e1rbitros e efetuou a entrega de trof\u00e9us nos recintos desportivos.<\/li>\n<li>A associa\u00e7\u00e3o investiu na moderniza\u00e7\u00e3o da comunica\u00e7\u00e3o, incluindo a primeira transmiss\u00e3o em direto no Canal 11 (Final da Ta\u00e7a de Honra).<\/li>\n<li>Foram implementadas a\u00e7\u00f5es de forma\u00e7\u00e3o e organiza\u00e7\u00e3o desportiva: play-off de futsal, cursos de treinadores, obrigatoriedade de t\u00e9cnico de sa\u00fade em competi\u00e7\u00f5es e ajustes nos quadros de forma\u00e7\u00e3o.<\/li>\n<li>Houve refor\u00e7o de parcerias e reconhecimento: 21 patrocinadores, naming em competi\u00e7\u00f5es, oferta de equipamentos a \u00e1rbitros e organiza\u00e7\u00e3o de torneios e eventos nacionais, com homenagens pela Federa\u00e7\u00e3o Portuguesa de Futebol.<\/li>\n<\/ul>\n","protected":false},"author":2,"featured_media":113368,"comment_status":"closed","ping_status":"closed","sticky":false,"template":"","format":"standard","meta":{"footnotes":""},"categories":[21,24],"tags":[1954,1336,1264,1367,1290,32],"class_list":["post-113366","post","type-post","status-publish","format-standard","has-post-thumbnail","hentry","category-desporto","category-futebol","tag-af-guarda","tag-arbitro","tag-associacao-desportiva","tag-clubes","tag-formacao","tag-futebol"],"yoast_head":"<!-- This site is optimized with the Yoast SEO plugin v27.2 - https:\/\/yoast.com\/product\/yoast-seo-wordpress\/ -->\n<title>Presidente da AF Guarda anuncia 2026 com mais energia - Portal Tela Portugal<\/title>\n<meta name=\"robots\" content=\"index, follow, max-snippet:-1, max-image-preview:large, max-video-preview:-1\" \/>\n<meta property=\"og:locale\" content=\"pt_PT\" \/>\n<meta property=\"og:type\" content=\"article\" \/>\n<meta property=\"og:title\" content=\"Presidente da AF Guarda anuncia 2026 com mais energia - Portal Tela Portugal\" \/>\n<meta property=\"og:description\" content=\"O Presidente da AF Guarda, Lu\u00eds Br\u00e1s, enviou uma mensagem de Ano Novo para 2026, destacando que v\u00e3o com mais energia e mantendo o foco na resili\u00eancia, supera\u00e7\u00e3o e excel\u00eancia. Em 2025, a AF Guarda alterou estatutos, o Regulamento das Provas Oficiais e o Regulamento Disciplinar, divulgou nomea\u00e7\u00f5es de \u00e1rbitros e efetuou a entrega de trof\u00e9us nos recintos desportivos. A associa\u00e7\u00e3o investiu na moderniza\u00e7\u00e3o da comunica\u00e7\u00e3o, incluindo a primeira transmiss\u00e3o em direto no Canal 11 (Final da Ta\u00e7a de Honra). Foram implementadas a\u00e7\u00f5es de forma\u00e7\u00e3o e organiza\u00e7\u00e3o desportiva: play-off de futsal, cursos de treinadores, obrigatoriedade de t\u00e9cnico de sa\u00fade em competi\u00e7\u00f5es e ajustes nos quadros de forma\u00e7\u00e3o. Houve refor\u00e7o de parcerias e reconhecimento: 21 patrocinadores, naming em competi\u00e7\u00f5es, oferta de equipamentos a \u00e1rbitros e organiza\u00e7\u00e3o de torneios e eventos nacionais, com homenagens pela Federa\u00e7\u00e3o Portuguesa de Futebol.\" \/>\n<meta property=\"og:url\" content=\"https:\/\/portaltela.pt\/noticias\/2026\/01\/02\/presidente-da-af-guarda-anuncia-2026-com-mais-energia\/\" \/>\n<meta property=\"og:site_name\" content=\"Portal Tela Portugal\" \/>\n<meta property=\"article:published_time\" content=\"2026-01-02T17:33:58+00:00\" \/>\n<meta name=\"author\" content=\"Telinha\" \/>\n<meta name=\"twitter:card\" content=\"summary_large_image\" \/>\n<meta name=\"twitter:label1\" content=\"Escrito por\" \/>\n\t<meta name=\"twitter:data1\" content=\"Telinha\" \/>\n\t<meta name=\"twitter:label2\" content=\"Tempo estimado de leitura\" \/>\n\t<meta name=\"twitter:data2\" content=\"1 minuto\" \/>\n<script type=\"application\/ld+json\" class=\"yoast-schema-graph\">{\"@context\":\"https:\/\/schema.org\",\"@graph\":[{\"@type\":\"Article\",\"@id\":\"https:\/\/portaltela.pt\/noticias\/2026\/01\/02\/presidente-da-af-guarda-anuncia-2026-com-mais-energia\/#article\",\"isPartOf\":{\"@id\":\"https:\/\/portaltela.pt\/noticias\/2026\/01\/02\/presidente-da-af-guarda-anuncia-2026-com-mais-energia\/\"},\"author\":{\"name\":\"Telinha\",\"@id\":\"https:\/\/portaltela.pt\/#\/schema\/person\/c4278d4a6028830caff9ee44b42d32ed\"},\"headline\":\"Presidente da AF Guarda anuncia 2026 com mais energia\",\"datePublished\":\"2026-01-02T17:33:58+00:00\",\"mainEntityOfPage\":{\"@id\":\"https:\/\/portaltela.pt\/noticias\/2026\/01\/02\/presidente-da-af-guarda-anuncia-2026-com-mais-energia\/\"},\"wordCount\":249,\"image\":{\"@id\":\"https:\/\/portaltela.pt\/noticias\/2026\/01\/02\/presidente-da-af-guarda-anuncia-2026-com-mais-energia\/#primaryimage\"},\"thumbnailUrl\":\"https:\/\/portaltela.pt\/s.01k8rhncp4jt1\/2026\/01\/unnamed-file-372.jpg\",\"keywords\":[\"AF Guarda\",\"\u00e1rbitro\",\"associa\u00e7\u00e3o desportiva\",\"clubes\",\"forma\u00e7\u00e3o\",\"futebol\"],\"articleSection\":[\"Desporto\",\"Futebol\"],\"inLanguage\":\"pt-PT\"},{\"@type\":\"WebPage\",\"@id\":\"https:\/\/portaltela.pt\/noticias\/2026\/01\/02\/presidente-da-af-guarda-anuncia-2026-com-mais-energia\/\",\"url\":\"https:\/\/portaltela.pt\/noticias\/2026\/01\/02\/presidente-da-af-guarda-anuncia-2026-com-mais-energia\/\",\"name\":\"Presidente da AF Guarda anuncia 2026 com mais energia - Portal Tela Portugal\",\"isPartOf\":{\"@id\":\"https:\/\/portaltela.pt\/#website\"},\"primaryImageOfPage\":{\"@id\":\"https:\/\/portaltela.pt\/noticias\/2026\/01\/02\/presidente-da-af-guarda-anuncia-2026-com-mais-energia\/#primaryimage\"},\"image\":{\"@id\":\"https:\/\/portaltela.pt\/noticias\/2026\/01\/02\/presidente-da-af-guarda-anuncia-2026-com-mais-energia\/#primaryimage\"},\"thumbnailUrl\":\"https:\/\/portaltela.pt\/s.01k8rhncp4jt1\/2026\/01\/unnamed-file-372.jpg\",\"datePublished\":\"2026-01-02T17:33:58+00:00\",\"author\":{\"@id\":\"https:\/\/portaltela.pt\/#\/schema\/person\/c4278d4a6028830caff9ee44b42d32ed\"},\"breadcrumb\":{\"@id\":\"https:\/\/portaltela.pt\/noticias\/2026\/01\/02\/presidente-da-af-guarda-anuncia-2026-com-mais-energia\/#breadcrumb\"},\"inLanguage\":\"pt-PT\",\"potentialAction\":[{\"@type\":\"ReadAction\",\"target\":[\"https:\/\/portaltela.pt\/noticias\/2026\/01\/02\/presidente-da-af-guarda-anuncia-2026-com-mais-energia\/\"]}]},{\"@type\":\"ImageObject\",\"inLanguage\":\"pt-PT\",\"@id\":\"https:\/\/portaltela.pt\/noticias\/2026\/01\/02\/presidente-da-af-guarda-anuncia-2026-com-mais-energia\/#primaryimage\",\"url\":\"https:\/\/portaltela.pt\/s.01k8rhncp4jt1\/2026\/01\/unnamed-file-372.jpg\",\"contentUrl\":\"https:\/\/portaltela.pt\/s.01k8rhncp4jt1\/2026\/01\/unnamed-file-372.jpg\",\"width\":796,\"height\":448,\"caption\":\"Presidente da AF Guarda: \\\"2026 vamos com mais energia\\\"\"},{\"@type\":\"BreadcrumbList\",\"@id\":\"https:\/\/portaltela.pt\/noticias\/2026\/01\/02\/presidente-da-af-guarda-anuncia-2026-com-mais-energia\/#breadcrumb\",\"itemListElement\":[{\"@type\":\"ListItem\",\"position\":1,\"name\":\"In\u00edcio\",\"item\":\"https:\/\/portaltela.pt\/\"},{\"@type\":\"ListItem\",\"position\":2,\"name\":\"Presidente da AF Guarda anuncia 2026 com mais energia\"}]},{\"@type\":\"WebSite\",\"@id\":\"https:\/\/portaltela.pt\/#website\",\"url\":\"https:\/\/portaltela.pt\/\",\"name\":\"Portal Tela Portugal\",\"description\":\"\",\"potentialAction\":[{\"@type\":\"SearchAction\",\"target\":{\"@type\":\"EntryPoint\",\"urlTemplate\":\"https:\/\/portaltela.pt\/?s={search_term_string}\"},\"query-input\":{\"@type\":\"PropertyValueSpecification\",\"valueRequired\":true,\"valueName\":\"search_term_string\"}}],\"inLanguage\":\"pt-PT\"},{\"@type\":\"Person\",\"@id\":\"https:\/\/portaltela.pt\/#\/schema\/person\/c4278d4a6028830caff9ee44b42d32ed\",\"name\":\"Telinha\",\"image\":{\"@type\":\"ImageObject\",\"inLanguage\":\"pt-PT\",\"@id\":\"https:\/\/portaltela.pt\/s.01k8rhncp4jt1\/2025\/11\/talking-bot-125x125.png\",\"url\":\"https:\/\/portaltela.pt\/s.01k8rhncp4jt1\/2025\/11\/talking-bot-125x125.png\",\"contentUrl\":\"https:\/\/portaltela.pt\/s.01k8rhncp4jt1\/2025\/11\/talking-bot-125x125.png\",\"caption\":\"Telinha\"},\"sameAs\":[\"https:\/\/portaltela.pt\/\"],\"url\":\"https:\/\/portaltela.pt\/por\/367410592786\/\"}]}<\/script>\n<!-- \/ Yoast SEO plugin. -->","yoast_head_json":{"title":"Presidente da AF Guarda anuncia 2026 com mais energia - Portal Tela Portugal","robots":{"index":"index","follow":"follow","max-snippet":"max-snippet:-1","max-image-preview":"max-image-preview:large","max-video-preview":"max-video-preview:-1"},"og_locale":"pt_PT","og_type":"article","og_title":"Presidente da AF Guarda anuncia 2026 com mais energia - Portal Tela Portugal","og_description":"O Presidente da AF Guarda, Lu\u00eds Br\u00e1s, enviou uma mensagem de Ano Novo para 2026, destacando que v\u00e3o com mais energia e mantendo o foco na resili\u00eancia, supera\u00e7\u00e3o e excel\u00eancia. Em 2025, a AF Guarda alterou estatutos, o Regulamento das Provas Oficiais e o Regulamento Disciplinar, divulgou nomea\u00e7\u00f5es de \u00e1rbitros e efetuou a entrega de trof\u00e9us nos recintos desportivos. A associa\u00e7\u00e3o investiu na moderniza\u00e7\u00e3o da comunica\u00e7\u00e3o, incluindo a primeira transmiss\u00e3o em direto no Canal 11 (Final da Ta\u00e7a de Honra). Foram implementadas a\u00e7\u00f5es de forma\u00e7\u00e3o e organiza\u00e7\u00e3o desportiva: play-off de futsal, cursos de treinadores, obrigatoriedade de t\u00e9cnico de sa\u00fade em competi\u00e7\u00f5es e ajustes nos quadros de forma\u00e7\u00e3o. Houve refor\u00e7o de parcerias e reconhecimento: 21 patrocinadores, naming em competi\u00e7\u00f5es, oferta de equipamentos a \u00e1rbitros e organiza\u00e7\u00e3o de torneios e eventos nacionais, com homenagens pela Federa\u00e7\u00e3o Portuguesa de Futebol.","og_url":"https:\/\/portaltela.pt\/noticias\/2026\/01\/02\/presidente-da-af-guarda-anuncia-2026-com-mais-energia\/","og_site_name":"Portal Tela Portugal","article_published_time":"2026-01-02T17:33:58+00:00","author":"Telinha","twitter_card":"summary_large_image","twitter_misc":{"Escrito por":"Telinha","Tempo estimado de leitura":"1 minuto"},"schema":{"@context":"https:\/\/schema.org","@graph":[{"@type":"Article","@id":"https:\/\/portaltela.pt\/noticias\/2026\/01\/02\/presidente-da-af-guarda-anuncia-2026-com-mais-energia\/#article","isPartOf":{"@id":"https:\/\/portaltela.pt\/noticias\/2026\/01\/02\/presidente-da-af-guarda-anuncia-2026-com-mais-energia\/"},"author":{"name":"Telinha","@id":"https:\/\/portaltela.pt\/#\/schema\/person\/c4278d4a6028830caff9ee44b42d32ed"},"headline":"Presidente da AF Guarda anuncia 2026 com mais energia","datePublished":"2026-01-02T17:33:58+00:00","mainEntityOfPage":{"@id":"https:\/\/portaltela.pt\/noticias\/2026\/01\/02\/presidente-da-af-guarda-anuncia-2026-com-mais-energia\/"},"wordCount":249,"image":{"@id":"https:\/\/portaltela.pt\/noticias\/2026\/01\/02\/presidente-da-af-guarda-anuncia-2026-com-mais-energia\/#primaryimage"},"thumbnailUrl":"https:\/\/portaltela.pt\/s.01k8rhncp4jt1\/2026\/01\/unnamed-file-372.jpg","keywords":["AF Guarda","\u00e1rbitro","associa\u00e7\u00e3o desportiva","clubes","forma\u00e7\u00e3o","futebol"],"articleSection":["Desporto","Futebol"],"inLanguage":"pt-PT"},{"@type":"WebPage","@id":"https:\/\/portaltela.pt\/noticias\/2026\/01\/02\/presidente-da-af-guarda-anuncia-2026-com-mais-energia\/","url":"https:\/\/portaltela.pt\/noticias\/2026\/01\/02\/presidente-da-af-guarda-anuncia-2026-com-mais-energia\/","name":"Presidente da AF Guarda anuncia 2026 com mais energia - Portal Tela Portugal","isPartOf":{"@id":"https:\/\/portaltela.pt\/#website"},"primaryImageOfPage":{"@id":"https:\/\/portaltela.pt\/noticias\/2026\/01\/02\/presidente-da-af-guarda-anuncia-2026-com-mais-energia\/#primaryimage"},"image":{"@id":"https:\/\/portaltela.pt\/noticias\/2026\/01\/02\/presidente-da-af-guarda-anuncia-2026-com-mais-energia\/#primaryimage"},"thumbnailUrl":"https:\/\/portaltela.pt\/s.01k8rhncp4jt1\/2026\/01\/unnamed-file-372.jpg","datePublished":"2026-01-02T17:33:58+00:00","author":{"@id":"https:\/\/portaltela.pt\/#\/schema\/person\/c4278d4a6028830caff9ee44b42d32ed"},"breadcrumb":{"@id":"https:\/\/portaltela.pt\/noticias\/2026\/01\/02\/presidente-da-af-guarda-anuncia-2026-com-mais-energia\/#breadcrumb"},"inLanguage":"pt-PT","potentialAction":[{"@type":"ReadAction","target":["https:\/\/portaltela.pt\/noticias\/2026\/01\/02\/presidente-da-af-guarda-anuncia-2026-com-mais-energia\/"]}]},{"@type":"ImageObject","inLanguage":"pt-PT","@id":"https:\/\/portaltela.pt\/noticias\/2026\/01\/02\/presidente-da-af-guarda-anuncia-2026-com-mais-energia\/#primaryimage","url":"https:\/\/portaltela.pt\/s.01k8rhncp4jt1\/2026\/01\/unnamed-file-372.jpg","contentUrl":"https:\/\/portaltela.pt\/s.01k8rhncp4jt1\/2026\/01\/unnamed-file-372.jpg","width":796,"height":448,"caption":"Presidente da AF Guarda: \"2026 vamos com mais energia\""},{"@type":"BreadcrumbList","@id":"https:\/\/portaltela.pt\/noticias\/2026\/01\/02\/presidente-da-af-guarda-anuncia-2026-com-mais-energia\/#breadcrumb","itemListElement":[{"@type":"ListItem","position":1,"name":"In\u00edcio","item":"https:\/\/portaltela.pt\/"},{"@type":"ListItem","position":2,"name":"Presidente da AF Guarda anuncia 2026 com mais energia"}]},{"@type":"WebSite","@id":"https:\/\/portaltela.pt\/#website","url":"https:\/\/portaltela.pt\/","name":"Portal Tela Portugal","description":"","potentialAction":[{"@type":"SearchAction","target":{"@type":"EntryPoint","urlTemplate":"https:\/\/portaltela.pt\/?s={search_term_string}"},"query-input":{"@type":"PropertyValueSpecification","valueRequired":true,"valueName":"search_term_string"}}],"inLanguage":"pt-PT"},{"@type":"Person","@id":"https:\/\/portaltela.pt\/#\/schema\/person\/c4278d4a6028830caff9ee44b42d32ed","name":"Telinha","image":{"@type":"ImageObject","inLanguage":"pt-PT","@id":"https:\/\/portaltela.pt\/s.01k8rhncp4jt1\/2025\/11\/talking-bot-125x125.png","url":"https:\/\/portaltela.pt\/s.01k8rhncp4jt1\/2025\/11\/talking-bot-125x125.png","contentUrl":"https:\/\/portaltela.pt\/s.01k8rhncp4jt1\/2025\/11\/talking-bot-125x125.png","caption":"Telinha"},"sameAs":["https:\/\/portaltela.pt\/"],"url":"https:\/\/portaltela.pt\/por\/367410592786\/"}]}},"_links":{"self":[{"href":"https:\/\/portaltela.pt\/api\/wp\/v2\/posts\/113366","targetHints":{"allow":["GET"]}}],"collection":[{"href":"https:\/\/portaltela.pt\/api\/wp\/v2\/posts"}],"about":[{"href":"https:\/\/portaltela.pt\/api\/wp\/v2\/types\/post"}],"author":[{"embeddable":true,"href":"https:\/\/portaltela.pt\/api\/wp\/v2\/users\/2"}],"replies":[{"embeddable":true,"href":"https:\/\/portaltela.pt\/api\/wp\/v2\/comments?post=113366"}],"version-history":[{"count":0,"href":"https:\/\/portaltela.pt\/api\/wp\/v2\/posts\/113366\/revisions"}],"wp:featuredmedia":[{"embeddable":true,"href":"https:\/\/portaltela.pt\/api\/wp\/v2\/media\/113368"}],"wp:attachment":[{"href":"https:\/\/portaltela.pt\/api\/wp\/v2\/media?parent=113366"}],"wp:term":[{"taxonomy":"category","embeddable":true,"href":"https:\/\/portaltela.pt\/api\/wp\/v2\/categories?post=113366"},{"taxonomy":"post_tag","embeddable":true,"href":"https:\/\/portaltela.pt\/api\/wp\/v2\/tags?post=113366"}],"curies":[{"name":"wp","href":"https:\/\/api.w.org\/{rel}","templated":true}]}}