{"id":113238,"date":"2026-01-02T14:16:59","date_gmt":"2026-01-02T17:16:59","guid":{"rendered":"https:\/\/portaltela.pt\/noticias\/2026\/01\/02\/fact-check-carolina-deslandes-sobre-machismo-e-o-bolo-de-natal-rei-rainha\/"},"modified":"2026-01-02T14:16:59","modified_gmt":"2026-01-02T17:16:59","slug":"fact-check-carolina-deslandes-sobre-machismo-e-o-bolo-de-natal-rei-rainha","status":"publish","type":"post","link":"https:\/\/portaltela.pt\/noticias\/2026\/01\/02\/fact-check-carolina-deslandes-sobre-machismo-e-o-bolo-de-natal-rei-rainha\/","title":{"rendered":"Fact-check: Carolina Deslandes sobre machismo e o bolo de Natal rei\/rainha"},"content":{"rendered":"<p>Observador confirmou que a declara\u00e7\u00e3o atribu\u00edda a Carolina Deslandes \u00e9 falsa. O conte\u00fado viralizou nas redes sociais a 26 de dezembro, descrevendo uma cr\u00edtica ao termo bolo rei vs bolo rainha. A alega\u00e7\u00e3o circulou com um log\u00f3tipo de SIC Not\u00edcias e uma foto de uma jovem parecida com a cantora.<\/p>\n<p>A investiga\u00e7\u00e3o do Observador mostrou que n\u00e3o h\u00e1 confirma\u00e7\u00e3o em fontes fidedignas nem registos oficiais da artista. A pesquisa em sites de refer\u00eancia n\u00e3o encontrou qualquer not\u00edcia relacionada ao tema, nem comunica\u00e7\u00e3o da pr\u00f3pria Carolina Deslandes.<\/p>\n<p>A imagem associada tamb\u00e9m n\u00e3o tem base fi\u00e1vel. Peritos verificaram que foi criada por ferramentas de intelig\u00eancia artificial, n\u00e3o correspondendo a uma fotografia real. A assessoria da cantora negou a veracidade do conte\u00fado.<\/p>\n<h3>Verifica\u00e7\u00e3o de Factos<\/h3>\n<p>O Observador classificou o conte\u00fado como falso. A leitura da p\u00e1gina de fact-checking confirma que as principais afirma\u00e7\u00f5es n\u00e3o resistem a uma checagem b\u00e1sica.<\/p>\n<p>A plataforma de verifica\u00e7\u00e3o aponta que o conte\u00fado foi utilizado para enganar utilizadores, recorrendo a um log\u00f3tipo de um meio de comunica\u00e7\u00e3o para conferir credibilidade il\u00edquida. N\u00e3o h\u00e1 registro de valida\u00e7\u00e3o pela artista.<\/p>\n","protected":false},"excerpt":{"rendered":"<ul>\n<li>O Observador confirmou que a declara\u00e7\u00e3o \u00e9 falsa; a assessoria da cantora negou a veracidade.<\/li>\n<li>Publica\u00e7\u00f5es nas redes sociais alegavam que Carolina Deslandes afirmou que \u201co machismo come\u00e7a quando o Natal o bolo se chama rei e n\u00e3o rainha\u201d.<\/li>\n<li>O log\u00f3tipo da SIC Not\u00edcias foi usado para conferir credibilidade, juntamente com uma foto de algu\u00e9m semelhante \u00e0 cantora.<\/li>\n<li>A imagem associada foi gerada por intelig\u00eancia artificial; verifica\u00e7\u00f5es apontam conte\u00fado impreciso ou falso.<\/li>\n<li>N\u00e3o h\u00e1 registos fi\u00e1veis ou fontes oficiais que comprovem a cita\u00e7\u00e3o; o conte\u00fado foi classificado como falso pela verifica\u00e7\u00e3o.<\/li>\n<\/ul>\n","protected":false},"author":2,"featured_media":113239,"comment_status":"closed","ping_status":"closed","sticky":false,"template":"","format":"standard","meta":{"footnotes":""},"categories":[],"tags":[1469,1216,195,41,787,88],"class_list":["post-113238","post","type-post","status-publish","format-standard","has-post-thumbnail","hentry","tag-desinformacao","tag-falsa-comunicacao-de-crime","tag-informacao","tag-noticia","tag-observacao","tag-redes-sociais"],"yoast_head":"<!-- This site is optimized with the Yoast SEO plugin v27.2 - https:\/\/yoast.com\/product\/yoast-seo-wordpress\/ -->\n<title>Fact-check: Carolina Deslandes sobre machismo e o bolo de Natal rei\/rainha - Portal Tela Portugal<\/title>\n<meta name=\"robots\" content=\"index, follow, max-snippet:-1, max-image-preview:large, max-video-preview:-1\" \/>\n<meta property=\"og:locale\" content=\"pt_PT\" \/>\n<meta property=\"og:type\" content=\"article\" \/>\n<meta property=\"og:title\" content=\"Fact-check: Carolina Deslandes sobre machismo e o bolo de Natal rei\/rainha - Portal Tela Portugal\" \/>\n<meta property=\"og:description\" content=\"O Observador confirmou que a declara\u00e7\u00e3o \u00e9 falsa; a assessoria da cantora negou a veracidade. Publica\u00e7\u00f5es nas redes sociais alegavam que Carolina Deslandes afirmou que \u201co machismo come\u00e7a quando o Natal o bolo se chama rei e n\u00e3o rainha\u201d. O log\u00f3tipo da SIC Not\u00edcias foi usado para conferir credibilidade, juntamente com uma foto de algu\u00e9m semelhante \u00e0 cantora. A imagem associada foi gerada por intelig\u00eancia artificial; verifica\u00e7\u00f5es apontam conte\u00fado impreciso ou falso. N\u00e3o h\u00e1 registos fi\u00e1veis ou fontes oficiais que comprovem a cita\u00e7\u00e3o; o conte\u00fado foi classificado como falso pela verifica\u00e7\u00e3o.\" \/>\n<meta property=\"og:url\" content=\"https:\/\/portaltela.pt\/noticias\/2026\/01\/02\/fact-check-carolina-deslandes-sobre-machismo-e-o-bolo-de-natal-rei-rainha\/\" \/>\n<meta property=\"og:site_name\" content=\"Portal Tela Portugal\" \/>\n<meta property=\"article:published_time\" content=\"2026-01-02T17:16:59+00:00\" \/>\n<meta name=\"author\" content=\"Telinha\" \/>\n<meta name=\"twitter:card\" content=\"summary_large_image\" \/>\n<meta name=\"twitter:label1\" content=\"Escrito por\" \/>\n\t<meta name=\"twitter:data1\" content=\"Telinha\" \/>\n\t<meta name=\"twitter:label2\" content=\"Tempo estimado de leitura\" \/>\n\t<meta name=\"twitter:data2\" content=\"1 minuto\" \/>\n<script type=\"application\/ld+json\" class=\"yoast-schema-graph\">{\"@context\":\"https:\/\/schema.org\",\"@graph\":[{\"@type\":\"Article\",\"@id\":\"https:\/\/portaltela.pt\/noticias\/2026\/01\/02\/fact-check-carolina-deslandes-sobre-machismo-e-o-bolo-de-natal-rei-rainha\/#article\",\"isPartOf\":{\"@id\":\"https:\/\/portaltela.pt\/noticias\/2026\/01\/02\/fact-check-carolina-deslandes-sobre-machismo-e-o-bolo-de-natal-rei-rainha\/\"},\"author\":{\"name\":\"Telinha\",\"@id\":\"https:\/\/portaltela.pt\/#\/schema\/person\/c4278d4a6028830caff9ee44b42d32ed\"},\"headline\":\"Fact-check: Carolina Deslandes sobre machismo e o bolo de Natal rei\/rainha\",\"datePublished\":\"2026-01-02T17:16:59+00:00\",\"mainEntityOfPage\":{\"@id\":\"https:\/\/portaltela.pt\/noticias\/2026\/01\/02\/fact-check-carolina-deslandes-sobre-machismo-e-o-bolo-de-natal-rei-rainha\/\"},\"wordCount\":223,\"image\":{\"@id\":\"https:\/\/portaltela.pt\/noticias\/2026\/01\/02\/fact-check-carolina-deslandes-sobre-machismo-e-o-bolo-de-natal-rei-rainha\/#primaryimage\"},\"thumbnailUrl\":\"https:\/\/portaltela.pt\/s.01k8rhncp4jt1\/2026\/01\/captura-de-ecra-2025-12-30-as-181722.jpg\",\"keywords\":[\"desinforma\u00e7\u00e3o\",\"falsa comunica\u00e7\u00e3o de crime\",\"informa\u00e7\u00e3o\",\"not\u00edcia\",\"observa\u00e7\u00e3o\",\"redes sociais\"],\"inLanguage\":\"pt-PT\"},{\"@type\":\"WebPage\",\"@id\":\"https:\/\/portaltela.pt\/noticias\/2026\/01\/02\/fact-check-carolina-deslandes-sobre-machismo-e-o-bolo-de-natal-rei-rainha\/\",\"url\":\"https:\/\/portaltela.pt\/noticias\/2026\/01\/02\/fact-check-carolina-deslandes-sobre-machismo-e-o-bolo-de-natal-rei-rainha\/\",\"name\":\"Fact-check: Carolina Deslandes sobre machismo e o bolo de Natal rei\/rainha - Portal Tela Portugal\",\"isPartOf\":{\"@id\":\"https:\/\/portaltela.pt\/#website\"},\"primaryImageOfPage\":{\"@id\":\"https:\/\/portaltela.pt\/noticias\/2026\/01\/02\/fact-check-carolina-deslandes-sobre-machismo-e-o-bolo-de-natal-rei-rainha\/#primaryimage\"},\"image\":{\"@id\":\"https:\/\/portaltela.pt\/noticias\/2026\/01\/02\/fact-check-carolina-deslandes-sobre-machismo-e-o-bolo-de-natal-rei-rainha\/#primaryimage\"},\"thumbnailUrl\":\"https:\/\/portaltela.pt\/s.01k8rhncp4jt1\/2026\/01\/captura-de-ecra-2025-12-30-as-181722.jpg\",\"datePublished\":\"2026-01-02T17:16:59+00:00\",\"author\":{\"@id\":\"https:\/\/portaltela.pt\/#\/schema\/person\/c4278d4a6028830caff9ee44b42d32ed\"},\"breadcrumb\":{\"@id\":\"https:\/\/portaltela.pt\/noticias\/2026\/01\/02\/fact-check-carolina-deslandes-sobre-machismo-e-o-bolo-de-natal-rei-rainha\/#breadcrumb\"},\"inLanguage\":\"pt-PT\",\"potentialAction\":[{\"@type\":\"ReadAction\",\"target\":[\"https:\/\/portaltela.pt\/noticias\/2026\/01\/02\/fact-check-carolina-deslandes-sobre-machismo-e-o-bolo-de-natal-rei-rainha\/\"]}]},{\"@type\":\"ImageObject\",\"inLanguage\":\"pt-PT\",\"@id\":\"https:\/\/portaltela.pt\/noticias\/2026\/01\/02\/fact-check-carolina-deslandes-sobre-machismo-e-o-bolo-de-natal-rei-rainha\/#primaryimage\",\"url\":\"https:\/\/portaltela.pt\/s.01k8rhncp4jt1\/2026\/01\/captura-de-ecra-2025-12-30-as-181722.jpg\",\"contentUrl\":\"https:\/\/portaltela.pt\/s.01k8rhncp4jt1\/2026\/01\/captura-de-ecra-2025-12-30-as-181722.jpg\",\"width\":796,\"height\":448,\"caption\":\"Photo\"},{\"@type\":\"BreadcrumbList\",\"@id\":\"https:\/\/portaltela.pt\/noticias\/2026\/01\/02\/fact-check-carolina-deslandes-sobre-machismo-e-o-bolo-de-natal-rei-rainha\/#breadcrumb\",\"itemListElement\":[{\"@type\":\"ListItem\",\"position\":1,\"name\":\"In\u00edcio\",\"item\":\"https:\/\/portaltela.pt\/\"},{\"@type\":\"ListItem\",\"position\":2,\"name\":\"Fact-check: Carolina Deslandes sobre machismo e o bolo de Natal rei\/rainha\"}]},{\"@type\":\"WebSite\",\"@id\":\"https:\/\/portaltela.pt\/#website\",\"url\":\"https:\/\/portaltela.pt\/\",\"name\":\"Portal Tela Portugal\",\"description\":\"\",\"potentialAction\":[{\"@type\":\"SearchAction\",\"target\":{\"@type\":\"EntryPoint\",\"urlTemplate\":\"https:\/\/portaltela.pt\/?s={search_term_string}\"},\"query-input\":{\"@type\":\"PropertyValueSpecification\",\"valueRequired\":true,\"valueName\":\"search_term_string\"}}],\"inLanguage\":\"pt-PT\"},{\"@type\":\"Person\",\"@id\":\"https:\/\/portaltela.pt\/#\/schema\/person\/c4278d4a6028830caff9ee44b42d32ed\",\"name\":\"Telinha\",\"image\":{\"@type\":\"ImageObject\",\"inLanguage\":\"pt-PT\",\"@id\":\"https:\/\/portaltela.pt\/s.01k8rhncp4jt1\/2025\/11\/talking-bot-125x125.png\",\"url\":\"https:\/\/portaltela.pt\/s.01k8rhncp4jt1\/2025\/11\/talking-bot-125x125.png\",\"contentUrl\":\"https:\/\/portaltela.pt\/s.01k8rhncp4jt1\/2025\/11\/talking-bot-125x125.png\",\"caption\":\"Telinha\"},\"sameAs\":[\"https:\/\/portaltela.pt\/\"],\"url\":\"https:\/\/portaltela.pt\/por\/367410592786\/\"}]}<\/script>\n<!-- \/ Yoast SEO plugin. -->","yoast_head_json":{"title":"Fact-check: Carolina Deslandes sobre machismo e o bolo de Natal rei\/rainha - Portal Tela Portugal","robots":{"index":"index","follow":"follow","max-snippet":"max-snippet:-1","max-image-preview":"max-image-preview:large","max-video-preview":"max-video-preview:-1"},"og_locale":"pt_PT","og_type":"article","og_title":"Fact-check: Carolina Deslandes sobre machismo e o bolo de Natal rei\/rainha - Portal Tela Portugal","og_description":"O Observador confirmou que a declara\u00e7\u00e3o \u00e9 falsa; a assessoria da cantora negou a veracidade. Publica\u00e7\u00f5es nas redes sociais alegavam que Carolina Deslandes afirmou que \u201co machismo come\u00e7a quando o Natal o bolo se chama rei e n\u00e3o rainha\u201d. O log\u00f3tipo da SIC Not\u00edcias foi usado para conferir credibilidade, juntamente com uma foto de algu\u00e9m semelhante \u00e0 cantora. A imagem associada foi gerada por intelig\u00eancia artificial; verifica\u00e7\u00f5es apontam conte\u00fado impreciso ou falso. N\u00e3o h\u00e1 registos fi\u00e1veis ou fontes oficiais que comprovem a cita\u00e7\u00e3o; o conte\u00fado foi classificado como falso pela verifica\u00e7\u00e3o.","og_url":"https:\/\/portaltela.pt\/noticias\/2026\/01\/02\/fact-check-carolina-deslandes-sobre-machismo-e-o-bolo-de-natal-rei-rainha\/","og_site_name":"Portal Tela Portugal","article_published_time":"2026-01-02T17:16:59+00:00","author":"Telinha","twitter_card":"summary_large_image","twitter_misc":{"Escrito por":"Telinha","Tempo estimado de leitura":"1 minuto"},"schema":{"@context":"https:\/\/schema.org","@graph":[{"@type":"Article","@id":"https:\/\/portaltela.pt\/noticias\/2026\/01\/02\/fact-check-carolina-deslandes-sobre-machismo-e-o-bolo-de-natal-rei-rainha\/#article","isPartOf":{"@id":"https:\/\/portaltela.pt\/noticias\/2026\/01\/02\/fact-check-carolina-deslandes-sobre-machismo-e-o-bolo-de-natal-rei-rainha\/"},"author":{"name":"Telinha","@id":"https:\/\/portaltela.pt\/#\/schema\/person\/c4278d4a6028830caff9ee44b42d32ed"},"headline":"Fact-check: Carolina Deslandes sobre machismo e o bolo de Natal rei\/rainha","datePublished":"2026-01-02T17:16:59+00:00","mainEntityOfPage":{"@id":"https:\/\/portaltela.pt\/noticias\/2026\/01\/02\/fact-check-carolina-deslandes-sobre-machismo-e-o-bolo-de-natal-rei-rainha\/"},"wordCount":223,"image":{"@id":"https:\/\/portaltela.pt\/noticias\/2026\/01\/02\/fact-check-carolina-deslandes-sobre-machismo-e-o-bolo-de-natal-rei-rainha\/#primaryimage"},"thumbnailUrl":"https:\/\/portaltela.pt\/s.01k8rhncp4jt1\/2026\/01\/captura-de-ecra-2025-12-30-as-181722.jpg","keywords":["desinforma\u00e7\u00e3o","falsa comunica\u00e7\u00e3o de crime","informa\u00e7\u00e3o","not\u00edcia","observa\u00e7\u00e3o","redes sociais"],"inLanguage":"pt-PT"},{"@type":"WebPage","@id":"https:\/\/portaltela.pt\/noticias\/2026\/01\/02\/fact-check-carolina-deslandes-sobre-machismo-e-o-bolo-de-natal-rei-rainha\/","url":"https:\/\/portaltela.pt\/noticias\/2026\/01\/02\/fact-check-carolina-deslandes-sobre-machismo-e-o-bolo-de-natal-rei-rainha\/","name":"Fact-check: Carolina Deslandes sobre machismo e o bolo de Natal rei\/rainha - Portal Tela Portugal","isPartOf":{"@id":"https:\/\/portaltela.pt\/#website"},"primaryImageOfPage":{"@id":"https:\/\/portaltela.pt\/noticias\/2026\/01\/02\/fact-check-carolina-deslandes-sobre-machismo-e-o-bolo-de-natal-rei-rainha\/#primaryimage"},"image":{"@id":"https:\/\/portaltela.pt\/noticias\/2026\/01\/02\/fact-check-carolina-deslandes-sobre-machismo-e-o-bolo-de-natal-rei-rainha\/#primaryimage"},"thumbnailUrl":"https:\/\/portaltela.pt\/s.01k8rhncp4jt1\/2026\/01\/captura-de-ecra-2025-12-30-as-181722.jpg","datePublished":"2026-01-02T17:16:59+00:00","author":{"@id":"https:\/\/portaltela.pt\/#\/schema\/person\/c4278d4a6028830caff9ee44b42d32ed"},"breadcrumb":{"@id":"https:\/\/portaltela.pt\/noticias\/2026\/01\/02\/fact-check-carolina-deslandes-sobre-machismo-e-o-bolo-de-natal-rei-rainha\/#breadcrumb"},"inLanguage":"pt-PT","potentialAction":[{"@type":"ReadAction","target":["https:\/\/portaltela.pt\/noticias\/2026\/01\/02\/fact-check-carolina-deslandes-sobre-machismo-e-o-bolo-de-natal-rei-rainha\/"]}]},{"@type":"ImageObject","inLanguage":"pt-PT","@id":"https:\/\/portaltela.pt\/noticias\/2026\/01\/02\/fact-check-carolina-deslandes-sobre-machismo-e-o-bolo-de-natal-rei-rainha\/#primaryimage","url":"https:\/\/portaltela.pt\/s.01k8rhncp4jt1\/2026\/01\/captura-de-ecra-2025-12-30-as-181722.jpg","contentUrl":"https:\/\/portaltela.pt\/s.01k8rhncp4jt1\/2026\/01\/captura-de-ecra-2025-12-30-as-181722.jpg","width":796,"height":448,"caption":"Photo"},{"@type":"BreadcrumbList","@id":"https:\/\/portaltela.pt\/noticias\/2026\/01\/02\/fact-check-carolina-deslandes-sobre-machismo-e-o-bolo-de-natal-rei-rainha\/#breadcrumb","itemListElement":[{"@type":"ListItem","position":1,"name":"In\u00edcio","item":"https:\/\/portaltela.pt\/"},{"@type":"ListItem","position":2,"name":"Fact-check: Carolina Deslandes sobre machismo e o bolo de Natal rei\/rainha"}]},{"@type":"WebSite","@id":"https:\/\/portaltela.pt\/#website","url":"https:\/\/portaltela.pt\/","name":"Portal Tela Portugal","description":"","potentialAction":[{"@type":"SearchAction","target":{"@type":"EntryPoint","urlTemplate":"https:\/\/portaltela.pt\/?s={search_term_string}"},"query-input":{"@type":"PropertyValueSpecification","valueRequired":true,"valueName":"search_term_string"}}],"inLanguage":"pt-PT"},{"@type":"Person","@id":"https:\/\/portaltela.pt\/#\/schema\/person\/c4278d4a6028830caff9ee44b42d32ed","name":"Telinha","image":{"@type":"ImageObject","inLanguage":"pt-PT","@id":"https:\/\/portaltela.pt\/s.01k8rhncp4jt1\/2025\/11\/talking-bot-125x125.png","url":"https:\/\/portaltela.pt\/s.01k8rhncp4jt1\/2025\/11\/talking-bot-125x125.png","contentUrl":"https:\/\/portaltela.pt\/s.01k8rhncp4jt1\/2025\/11\/talking-bot-125x125.png","caption":"Telinha"},"sameAs":["https:\/\/portaltela.pt\/"],"url":"https:\/\/portaltela.pt\/por\/367410592786\/"}]}},"_links":{"self":[{"href":"https:\/\/portaltela.pt\/api\/wp\/v2\/posts\/113238","targetHints":{"allow":["GET"]}}],"collection":[{"href":"https:\/\/portaltela.pt\/api\/wp\/v2\/posts"}],"about":[{"href":"https:\/\/portaltela.pt\/api\/wp\/v2\/types\/post"}],"author":[{"embeddable":true,"href":"https:\/\/portaltela.pt\/api\/wp\/v2\/users\/2"}],"replies":[{"embeddable":true,"href":"https:\/\/portaltela.pt\/api\/wp\/v2\/comments?post=113238"}],"version-history":[{"count":0,"href":"https:\/\/portaltela.pt\/api\/wp\/v2\/posts\/113238\/revisions"}],"wp:featuredmedia":[{"embeddable":true,"href":"https:\/\/portaltela.pt\/api\/wp\/v2\/media\/113239"}],"wp:attachment":[{"href":"https:\/\/portaltela.pt\/api\/wp\/v2\/media?parent=113238"}],"wp:term":[{"taxonomy":"category","embeddable":true,"href":"https:\/\/portaltela.pt\/api\/wp\/v2\/categories?post=113238"},{"taxonomy":"post_tag","embeddable":true,"href":"https:\/\/portaltela.pt\/api\/wp\/v2\/tags?post=113238"}],"curies":[{"name":"wp","href":"https:\/\/api.w.org\/{rel}","templated":true}]}}