{"id":113224,"date":"2026-01-02T13:49:00","date_gmt":"2026-01-02T16:49:00","guid":{"rendered":"https:\/\/portaltela.pt\/noticias\/2026\/01\/02\/jovem-de-17-detido-em-viseu-por-conducao-sem-carta-e-alcool\/"},"modified":"2026-01-02T13:49:00","modified_gmt":"2026-01-02T16:49:00","slug":"jovem-de-17-detido-em-viseu-por-conducao-sem-carta-e-alcool","status":"publish","type":"post","link":"https:\/\/portaltela.pt\/noticias\/2026\/01\/02\/jovem-de-17-detido-em-viseu-por-conducao-sem-carta-e-alcool\/","title":{"rendered":"Jovem de 17 detido em Viseu por condu\u00e7\u00e3o sem carta e \u00e1lcool"},"content":{"rendered":"<p>A Pol\u00edcia de Seguran\u00e7a P\u00fablica (PSP) deteve, \u00e0s 09:52, um jovem de 17 anos por condu\u00e7\u00e3o sem carta e sob o efeito de \u00e1lcool na Rua Serpa Pinto, em Viseu, ap\u00f3s o ve\u00edculo ter entrado em despiste. A ocorr\u00eancia aconteceu durante fiscaliza\u00e7\u00e3o de tr\u00e2nsito na \u00e1rea.<\/p>\n<p>No local, os agentes apuraram que o jovem n\u00e3o possu\u00eda carta de condu\u00e7\u00e3o e se encontrava alcoolizado. Submetido ao teste de alcoolemia, o resultado foi TAS de 1,32 g\/l, justificando a deten\u00e7\u00e3o.<\/p>\n<p>O jovem foi notificado para comparecer no Tribunal Judicial de Viseu, conforme os procedimentos legais aplic\u00e1veis. Fonte: PSP.<\/p>\n","protected":false},"excerpt":{"rendered":"<ul>\n<li>O epis\u00f3dio ocorreu \u00e0s 09:52 na Rua Serpa Pinto, em Viseu, durante uma fiscaliza\u00e7\u00e3o de tr\u00e2nsito da PSP, ap\u00f3s o condutor ter-se despistado.<\/li>\n<li>O jovem foi detido por condu\u00e7\u00e3o sem carta de condu\u00e7\u00e3o e por se encontrar alcoolizado.<\/li>\n<li>O teste de alcoolemia indicou uma taxa de 1,32 g\/l.<\/li>\n<li>Foi notificado para comparecer no Tribunal Judicial de Viseu.<\/li>\n<li>A not\u00edcia \u00e9 partilhada pela Esta\u00e7\u00e3o Di\u00e1ria \u2013 96.8 FM.<\/li>\n<\/ul>\n","protected":false},"author":2,"featured_media":113228,"comment_status":"closed","ping_status":"closed","sticky":false,"template":"","format":"standard","meta":{"footnotes":""},"categories":[1],"tags":[1932,1001,605,1953,1806,1171],"class_list":["post-113224","post","type-post","status-publish","format-standard","has-post-thumbnail","hentry","category-noticias","tag-acidentes-de-viacao","tag-adolescencia","tag-conducao-de-veiculo-em-estado-de-embriaguez","tag-conducao-sob-a-influencia-de-alcool","tag-falta-de-habilitacao","tag-viseu"],"yoast_head":"<!-- This site is optimized with the Yoast SEO plugin v27.2 - https:\/\/yoast.com\/product\/yoast-seo-wordpress\/ -->\n<title>Jovem de 17 detido em Viseu por condu\u00e7\u00e3o sem carta e \u00e1lcool - Portal Tela Portugal<\/title>\n<meta name=\"robots\" content=\"index, follow, max-snippet:-1, max-image-preview:large, max-video-preview:-1\" \/>\n<meta property=\"og:locale\" content=\"pt_PT\" \/>\n<meta property=\"og:type\" content=\"article\" \/>\n<meta property=\"og:title\" content=\"Jovem de 17 detido em Viseu por condu\u00e7\u00e3o sem carta e \u00e1lcool - Portal Tela Portugal\" \/>\n<meta property=\"og:description\" content=\"O epis\u00f3dio ocorreu \u00e0s 09:52 na Rua Serpa Pinto, em Viseu, durante uma fiscaliza\u00e7\u00e3o de tr\u00e2nsito da PSP, ap\u00f3s o condutor ter-se despistado. O jovem foi detido por condu\u00e7\u00e3o sem carta de condu\u00e7\u00e3o e por se encontrar alcoolizado. O teste de alcoolemia indicou uma taxa de 1,32 g\/l. Foi notificado para comparecer no Tribunal Judicial de Viseu. A not\u00edcia \u00e9 partilhada pela Esta\u00e7\u00e3o Di\u00e1ria \u2013 96.8 FM.\" \/>\n<meta property=\"og:url\" content=\"https:\/\/portaltela.pt\/noticias\/2026\/01\/02\/jovem-de-17-detido-em-viseu-por-conducao-sem-carta-e-alcool\/\" \/>\n<meta property=\"og:site_name\" content=\"Portal Tela Portugal\" \/>\n<meta property=\"article:published_time\" content=\"2026-01-02T16:49:00+00:00\" \/>\n<meta name=\"author\" content=\"Telinha\" \/>\n<meta name=\"twitter:card\" content=\"summary_large_image\" \/>\n<meta name=\"twitter:label1\" content=\"Escrito por\" \/>\n\t<meta name=\"twitter:data1\" content=\"Telinha\" \/>\n\t<meta name=\"twitter:label2\" content=\"Tempo estimado de leitura\" \/>\n\t<meta name=\"twitter:data2\" content=\"1 minuto\" \/>\n<script type=\"application\/ld+json\" class=\"yoast-schema-graph\">{\"@context\":\"https:\/\/schema.org\",\"@graph\":[{\"@type\":\"Article\",\"@id\":\"https:\/\/portaltela.pt\/noticias\/2026\/01\/02\/jovem-de-17-detido-em-viseu-por-conducao-sem-carta-e-alcool\/#article\",\"isPartOf\":{\"@id\":\"https:\/\/portaltela.pt\/noticias\/2026\/01\/02\/jovem-de-17-detido-em-viseu-por-conducao-sem-carta-e-alcool\/\"},\"author\":{\"name\":\"Telinha\",\"@id\":\"https:\/\/portaltela.pt\/#\/schema\/person\/c4278d4a6028830caff9ee44b42d32ed\"},\"headline\":\"Jovem de 17 detido em Viseu por condu\u00e7\u00e3o sem carta e \u00e1lcool\",\"datePublished\":\"2026-01-02T16:49:00+00:00\",\"mainEntityOfPage\":{\"@id\":\"https:\/\/portaltela.pt\/noticias\/2026\/01\/02\/jovem-de-17-detido-em-viseu-por-conducao-sem-carta-e-alcool\/\"},\"wordCount\":120,\"image\":{\"@id\":\"https:\/\/portaltela.pt\/noticias\/2026\/01\/02\/jovem-de-17-detido-em-viseu-por-conducao-sem-carta-e-alcool\/#primaryimage\"},\"thumbnailUrl\":\"https:\/\/portaltela.pt\/s.01k8rhncp4jt1\/2026\/01\/psp-viseu-04.jpg\",\"keywords\":[\"acidentes de via\u00e7\u00e3o\",\"Adolesc\u00eancia\",\"condu\u00e7\u00e3o de ve\u00edculo em estado de embriaguez\",\"condu\u00e7\u00e3o sob a influ\u00eancia de \u00e1lcool\",\"falta de habilita\u00e7\u00e3o\",\"Viseu\"],\"articleSection\":[\"Not\u00edcias\"],\"inLanguage\":\"pt-PT\"},{\"@type\":\"WebPage\",\"@id\":\"https:\/\/portaltela.pt\/noticias\/2026\/01\/02\/jovem-de-17-detido-em-viseu-por-conducao-sem-carta-e-alcool\/\",\"url\":\"https:\/\/portaltela.pt\/noticias\/2026\/01\/02\/jovem-de-17-detido-em-viseu-por-conducao-sem-carta-e-alcool\/\",\"name\":\"Jovem de 17 detido em Viseu por condu\u00e7\u00e3o sem carta e \u00e1lcool - Portal Tela Portugal\",\"isPartOf\":{\"@id\":\"https:\/\/portaltela.pt\/#website\"},\"primaryImageOfPage\":{\"@id\":\"https:\/\/portaltela.pt\/noticias\/2026\/01\/02\/jovem-de-17-detido-em-viseu-por-conducao-sem-carta-e-alcool\/#primaryimage\"},\"image\":{\"@id\":\"https:\/\/portaltela.pt\/noticias\/2026\/01\/02\/jovem-de-17-detido-em-viseu-por-conducao-sem-carta-e-alcool\/#primaryimage\"},\"thumbnailUrl\":\"https:\/\/portaltela.pt\/s.01k8rhncp4jt1\/2026\/01\/psp-viseu-04.jpg\",\"datePublished\":\"2026-01-02T16:49:00+00:00\",\"author\":{\"@id\":\"https:\/\/portaltela.pt\/#\/schema\/person\/c4278d4a6028830caff9ee44b42d32ed\"},\"breadcrumb\":{\"@id\":\"https:\/\/portaltela.pt\/noticias\/2026\/01\/02\/jovem-de-17-detido-em-viseu-por-conducao-sem-carta-e-alcool\/#breadcrumb\"},\"inLanguage\":\"pt-PT\",\"potentialAction\":[{\"@type\":\"ReadAction\",\"target\":[\"https:\/\/portaltela.pt\/noticias\/2026\/01\/02\/jovem-de-17-detido-em-viseu-por-conducao-sem-carta-e-alcool\/\"]}]},{\"@type\":\"ImageObject\",\"inLanguage\":\"pt-PT\",\"@id\":\"https:\/\/portaltela.pt\/noticias\/2026\/01\/02\/jovem-de-17-detido-em-viseu-por-conducao-sem-carta-e-alcool\/#primaryimage\",\"url\":\"https:\/\/portaltela.pt\/s.01k8rhncp4jt1\/2026\/01\/psp-viseu-04.jpg\",\"contentUrl\":\"https:\/\/portaltela.pt\/s.01k8rhncp4jt1\/2026\/01\/psp-viseu-04.jpg\",\"width\":796,\"height\":448,\"caption\":\"Viseu: Jovem de 17 anos detido por condu\u00e7\u00e3o sem carta e sob efeito de \u00e1lcool\"},{\"@type\":\"BreadcrumbList\",\"@id\":\"https:\/\/portaltela.pt\/noticias\/2026\/01\/02\/jovem-de-17-detido-em-viseu-por-conducao-sem-carta-e-alcool\/#breadcrumb\",\"itemListElement\":[{\"@type\":\"ListItem\",\"position\":1,\"name\":\"In\u00edcio\",\"item\":\"https:\/\/portaltela.pt\/\"},{\"@type\":\"ListItem\",\"position\":2,\"name\":\"Jovem de 17 detido em Viseu por condu\u00e7\u00e3o sem carta e \u00e1lcool\"}]},{\"@type\":\"WebSite\",\"@id\":\"https:\/\/portaltela.pt\/#website\",\"url\":\"https:\/\/portaltela.pt\/\",\"name\":\"Portal Tela Portugal\",\"description\":\"\",\"potentialAction\":[{\"@type\":\"SearchAction\",\"target\":{\"@type\":\"EntryPoint\",\"urlTemplate\":\"https:\/\/portaltela.pt\/?s={search_term_string}\"},\"query-input\":{\"@type\":\"PropertyValueSpecification\",\"valueRequired\":true,\"valueName\":\"search_term_string\"}}],\"inLanguage\":\"pt-PT\"},{\"@type\":\"Person\",\"@id\":\"https:\/\/portaltela.pt\/#\/schema\/person\/c4278d4a6028830caff9ee44b42d32ed\",\"name\":\"Telinha\",\"image\":{\"@type\":\"ImageObject\",\"inLanguage\":\"pt-PT\",\"@id\":\"https:\/\/portaltela.pt\/s.01k8rhncp4jt1\/2025\/11\/talking-bot-125x125.png\",\"url\":\"https:\/\/portaltela.pt\/s.01k8rhncp4jt1\/2025\/11\/talking-bot-125x125.png\",\"contentUrl\":\"https:\/\/portaltela.pt\/s.01k8rhncp4jt1\/2025\/11\/talking-bot-125x125.png\",\"caption\":\"Telinha\"},\"sameAs\":[\"https:\/\/portaltela.pt\/\"],\"url\":\"https:\/\/portaltela.pt\/por\/367410592786\/\"}]}<\/script>\n<!-- \/ Yoast SEO plugin. -->","yoast_head_json":{"title":"Jovem de 17 detido em Viseu por condu\u00e7\u00e3o sem carta e \u00e1lcool - Portal Tela Portugal","robots":{"index":"index","follow":"follow","max-snippet":"max-snippet:-1","max-image-preview":"max-image-preview:large","max-video-preview":"max-video-preview:-1"},"og_locale":"pt_PT","og_type":"article","og_title":"Jovem de 17 detido em Viseu por condu\u00e7\u00e3o sem carta e \u00e1lcool - Portal Tela Portugal","og_description":"O epis\u00f3dio ocorreu \u00e0s 09:52 na Rua Serpa Pinto, em Viseu, durante uma fiscaliza\u00e7\u00e3o de tr\u00e2nsito da PSP, ap\u00f3s o condutor ter-se despistado. O jovem foi detido por condu\u00e7\u00e3o sem carta de condu\u00e7\u00e3o e por se encontrar alcoolizado. O teste de alcoolemia indicou uma taxa de 1,32 g\/l. Foi notificado para comparecer no Tribunal Judicial de Viseu. A not\u00edcia \u00e9 partilhada pela Esta\u00e7\u00e3o Di\u00e1ria \u2013 96.8 FM.","og_url":"https:\/\/portaltela.pt\/noticias\/2026\/01\/02\/jovem-de-17-detido-em-viseu-por-conducao-sem-carta-e-alcool\/","og_site_name":"Portal Tela Portugal","article_published_time":"2026-01-02T16:49:00+00:00","author":"Telinha","twitter_card":"summary_large_image","twitter_misc":{"Escrito por":"Telinha","Tempo estimado de leitura":"1 minuto"},"schema":{"@context":"https:\/\/schema.org","@graph":[{"@type":"Article","@id":"https:\/\/portaltela.pt\/noticias\/2026\/01\/02\/jovem-de-17-detido-em-viseu-por-conducao-sem-carta-e-alcool\/#article","isPartOf":{"@id":"https:\/\/portaltela.pt\/noticias\/2026\/01\/02\/jovem-de-17-detido-em-viseu-por-conducao-sem-carta-e-alcool\/"},"author":{"name":"Telinha","@id":"https:\/\/portaltela.pt\/#\/schema\/person\/c4278d4a6028830caff9ee44b42d32ed"},"headline":"Jovem de 17 detido em Viseu por condu\u00e7\u00e3o sem carta e \u00e1lcool","datePublished":"2026-01-02T16:49:00+00:00","mainEntityOfPage":{"@id":"https:\/\/portaltela.pt\/noticias\/2026\/01\/02\/jovem-de-17-detido-em-viseu-por-conducao-sem-carta-e-alcool\/"},"wordCount":120,"image":{"@id":"https:\/\/portaltela.pt\/noticias\/2026\/01\/02\/jovem-de-17-detido-em-viseu-por-conducao-sem-carta-e-alcool\/#primaryimage"},"thumbnailUrl":"https:\/\/portaltela.pt\/s.01k8rhncp4jt1\/2026\/01\/psp-viseu-04.jpg","keywords":["acidentes de via\u00e7\u00e3o","Adolesc\u00eancia","condu\u00e7\u00e3o de ve\u00edculo em estado de embriaguez","condu\u00e7\u00e3o sob a influ\u00eancia de \u00e1lcool","falta de habilita\u00e7\u00e3o","Viseu"],"articleSection":["Not\u00edcias"],"inLanguage":"pt-PT"},{"@type":"WebPage","@id":"https:\/\/portaltela.pt\/noticias\/2026\/01\/02\/jovem-de-17-detido-em-viseu-por-conducao-sem-carta-e-alcool\/","url":"https:\/\/portaltela.pt\/noticias\/2026\/01\/02\/jovem-de-17-detido-em-viseu-por-conducao-sem-carta-e-alcool\/","name":"Jovem de 17 detido em Viseu por condu\u00e7\u00e3o sem carta e \u00e1lcool - Portal Tela Portugal","isPartOf":{"@id":"https:\/\/portaltela.pt\/#website"},"primaryImageOfPage":{"@id":"https:\/\/portaltela.pt\/noticias\/2026\/01\/02\/jovem-de-17-detido-em-viseu-por-conducao-sem-carta-e-alcool\/#primaryimage"},"image":{"@id":"https:\/\/portaltela.pt\/noticias\/2026\/01\/02\/jovem-de-17-detido-em-viseu-por-conducao-sem-carta-e-alcool\/#primaryimage"},"thumbnailUrl":"https:\/\/portaltela.pt\/s.01k8rhncp4jt1\/2026\/01\/psp-viseu-04.jpg","datePublished":"2026-01-02T16:49:00+00:00","author":{"@id":"https:\/\/portaltela.pt\/#\/schema\/person\/c4278d4a6028830caff9ee44b42d32ed"},"breadcrumb":{"@id":"https:\/\/portaltela.pt\/noticias\/2026\/01\/02\/jovem-de-17-detido-em-viseu-por-conducao-sem-carta-e-alcool\/#breadcrumb"},"inLanguage":"pt-PT","potentialAction":[{"@type":"ReadAction","target":["https:\/\/portaltela.pt\/noticias\/2026\/01\/02\/jovem-de-17-detido-em-viseu-por-conducao-sem-carta-e-alcool\/"]}]},{"@type":"ImageObject","inLanguage":"pt-PT","@id":"https:\/\/portaltela.pt\/noticias\/2026\/01\/02\/jovem-de-17-detido-em-viseu-por-conducao-sem-carta-e-alcool\/#primaryimage","url":"https:\/\/portaltela.pt\/s.01k8rhncp4jt1\/2026\/01\/psp-viseu-04.jpg","contentUrl":"https:\/\/portaltela.pt\/s.01k8rhncp4jt1\/2026\/01\/psp-viseu-04.jpg","width":796,"height":448,"caption":"Viseu: Jovem de 17 anos detido por condu\u00e7\u00e3o sem carta e sob efeito de \u00e1lcool"},{"@type":"BreadcrumbList","@id":"https:\/\/portaltela.pt\/noticias\/2026\/01\/02\/jovem-de-17-detido-em-viseu-por-conducao-sem-carta-e-alcool\/#breadcrumb","itemListElement":[{"@type":"ListItem","position":1,"name":"In\u00edcio","item":"https:\/\/portaltela.pt\/"},{"@type":"ListItem","position":2,"name":"Jovem de 17 detido em Viseu por condu\u00e7\u00e3o sem carta e \u00e1lcool"}]},{"@type":"WebSite","@id":"https:\/\/portaltela.pt\/#website","url":"https:\/\/portaltela.pt\/","name":"Portal Tela Portugal","description":"","potentialAction":[{"@type":"SearchAction","target":{"@type":"EntryPoint","urlTemplate":"https:\/\/portaltela.pt\/?s={search_term_string}"},"query-input":{"@type":"PropertyValueSpecification","valueRequired":true,"valueName":"search_term_string"}}],"inLanguage":"pt-PT"},{"@type":"Person","@id":"https:\/\/portaltela.pt\/#\/schema\/person\/c4278d4a6028830caff9ee44b42d32ed","name":"Telinha","image":{"@type":"ImageObject","inLanguage":"pt-PT","@id":"https:\/\/portaltela.pt\/s.01k8rhncp4jt1\/2025\/11\/talking-bot-125x125.png","url":"https:\/\/portaltela.pt\/s.01k8rhncp4jt1\/2025\/11\/talking-bot-125x125.png","contentUrl":"https:\/\/portaltela.pt\/s.01k8rhncp4jt1\/2025\/11\/talking-bot-125x125.png","caption":"Telinha"},"sameAs":["https:\/\/portaltela.pt\/"],"url":"https:\/\/portaltela.pt\/por\/367410592786\/"}]}},"_links":{"self":[{"href":"https:\/\/portaltela.pt\/api\/wp\/v2\/posts\/113224","targetHints":{"allow":["GET"]}}],"collection":[{"href":"https:\/\/portaltela.pt\/api\/wp\/v2\/posts"}],"about":[{"href":"https:\/\/portaltela.pt\/api\/wp\/v2\/types\/post"}],"author":[{"embeddable":true,"href":"https:\/\/portaltela.pt\/api\/wp\/v2\/users\/2"}],"replies":[{"embeddable":true,"href":"https:\/\/portaltela.pt\/api\/wp\/v2\/comments?post=113224"}],"version-history":[{"count":0,"href":"https:\/\/portaltela.pt\/api\/wp\/v2\/posts\/113224\/revisions"}],"wp:featuredmedia":[{"embeddable":true,"href":"https:\/\/portaltela.pt\/api\/wp\/v2\/media\/113228"}],"wp:attachment":[{"href":"https:\/\/portaltela.pt\/api\/wp\/v2\/media?parent=113224"}],"wp:term":[{"taxonomy":"category","embeddable":true,"href":"https:\/\/portaltela.pt\/api\/wp\/v2\/categories?post=113224"},{"taxonomy":"post_tag","embeddable":true,"href":"https:\/\/portaltela.pt\/api\/wp\/v2\/tags?post=113224"}],"curies":[{"name":"wp","href":"https:\/\/api.w.org\/{rel}","templated":true}]}}