{"id":113108,"date":"2026-01-02T13:10:14","date_gmt":"2026-01-02T16:10:14","guid":{"rendered":"https:\/\/portaltela.pt\/noticias\/2026\/01\/02\/morre-kshamenk-a-historia-da-orca-mais-solitaria-em-cativeiro-na-argentina\/"},"modified":"2026-01-02T13:10:14","modified_gmt":"2026-01-02T16:10:14","slug":"morre-kshamenk-a-historia-da-orca-mais-solitaria-em-cativeiro-na-argentina","status":"publish","type":"post","link":"https:\/\/portaltela.pt\/noticias\/2026\/01\/02\/morre-kshamenk-a-historia-da-orca-mais-solitaria-em-cativeiro-na-argentina\/","title":{"rendered":"Morre Kshamenk, a hist\u00f3ria da orca mais solit\u00e1ria em cativeiro na Argentina"},"content":{"rendered":"<p>A orca Kshamenk, conhecida mundialmente como a \u201corca mais solit\u00e1ria do mundo\u201d, morreu na Argentina, onde passou mais de tr\u00eas d\u00e9cadas em cativeiro. O animal estava no parque Mundo Marino, em San Clemente del Tuy\u00fa, e tornou-se s\u00edmbolo da pol\u00e9mica sobre a manuten\u00e7\u00e3o de grandes mam\u00edferos marinhos em tanques curtos.<\/p>\n<p>Segundo o parque, Kshamenk sofreu uma paragem cardiorrespirat\u00f3ria na manh\u00e3 de domingo, 14 de dezembro. A equipa veterin\u00e1ria esteve no local e tentou estabiliz\u00e1-la, mas o animal n\u00e3o resistiu.<\/p>\n<p>Kshamenk era o \u00fanico exemplar de orca em cativeiro na Am\u00e9rica do Sul. A not\u00edcia da sua morte reacende o debate sobre as condi\u00e7\u00f5es de reten\u00e7\u00e3o de grandes cet\u00e1ceos em instala\u00e7\u00f5es de entretenimento, que alguns criticam por considerarem inadequadas para esp\u00e9cies que naturalmente percorrem largas dist\u00e2ncias.<\/p>\n","protected":false},"excerpt":{"rendered":"<ul>\n<li>Morreu a orca Kshamenk, conhecida como a \u201corca mais solit\u00e1ria do mundo\u201d, na Argentina.<\/li>\n<li>A morte ocorreu no parque Mundo Marino, em San Clemente del Tuy\u00fa, onde a orca estava em cativeiro h\u00e1 mais de tr\u00eas d\u00e9cadas.<\/li>\n<li>Kshamenk era o \u00fanico exemplar de orca em cativeiro na Am\u00e9rica do Sul.<\/li>\n<li>O animal tornou-se s\u00edmbolo da pol\u00e9mica sobre a manuten\u00e7\u00e3o de grandes mam\u00edferos marinhos em tanques pequenos.<\/li>\n<li>Segundo o parque, a paragem cardiorrespirat\u00f3ria ocorreu na manh\u00e3 de domingo, 14 de dezembro, e n\u00e3o houve resist\u00eancia, mesmo com interven\u00e7\u00e3o veterin\u00e1ria.<\/li>\n<\/ul>\n","protected":false},"author":2,"featured_media":113110,"comment_status":"closed","ping_status":"closed","sticky":false,"template":"","format":"standard","meta":{"footnotes":""},"categories":[1],"tags":[167,1002,811,1726],"class_list":["post-113108","post","type-post","status-publish","format-standard","has-post-thumbnail","hentry","category-noticias","tag-ambiente","tag-conservacao-da-natureza-e-da-biodiversidade-incluindo-especies-prioritarias-e-vigilancia-ambiental","tag-protecao-ambiental","tag-protecao-da-natureza-e-da-biodiversidade"],"yoast_head":"<!-- This site is optimized with the Yoast SEO plugin v27.2 - https:\/\/yoast.com\/product\/yoast-seo-wordpress\/ -->\n<title>Morre Kshamenk, a hist\u00f3ria da orca mais solit\u00e1ria em cativeiro na Argentina - Portal Tela Portugal<\/title>\n<meta name=\"robots\" content=\"index, follow, max-snippet:-1, max-image-preview:large, max-video-preview:-1\" \/>\n<meta property=\"og:locale\" content=\"pt_PT\" \/>\n<meta property=\"og:type\" content=\"article\" \/>\n<meta property=\"og:title\" content=\"Morre Kshamenk, a hist\u00f3ria da orca mais solit\u00e1ria em cativeiro na Argentina - Portal Tela Portugal\" \/>\n<meta property=\"og:description\" content=\"Morreu a orca Kshamenk, conhecida como a \u201corca mais solit\u00e1ria do mundo\u201d, na Argentina. A morte ocorreu no parque Mundo Marino, em San Clemente del Tuy\u00fa, onde a orca estava em cativeiro h\u00e1 mais de tr\u00eas d\u00e9cadas. Kshamenk era o \u00fanico exemplar de orca em cativeiro na Am\u00e9rica do Sul. O animal tornou-se s\u00edmbolo da pol\u00e9mica sobre a manuten\u00e7\u00e3o de grandes mam\u00edferos marinhos em tanques pequenos. Segundo o parque, a paragem cardiorrespirat\u00f3ria ocorreu na manh\u00e3 de domingo, 14 de dezembro, e n\u00e3o houve resist\u00eancia, mesmo com interven\u00e7\u00e3o veterin\u00e1ria.\" \/>\n<meta property=\"og:url\" content=\"https:\/\/portaltela.pt\/noticias\/2026\/01\/02\/morre-kshamenk-a-historia-da-orca-mais-solitaria-em-cativeiro-na-argentina\/\" \/>\n<meta property=\"og:site_name\" content=\"Portal Tela Portugal\" \/>\n<meta property=\"article:published_time\" content=\"2026-01-02T16:10:14+00:00\" \/>\n<meta name=\"author\" content=\"Telinha\" \/>\n<meta name=\"twitter:card\" content=\"summary_large_image\" \/>\n<meta name=\"twitter:label1\" content=\"Escrito por\" \/>\n\t<meta name=\"twitter:data1\" content=\"Telinha\" \/>\n\t<meta name=\"twitter:label2\" content=\"Tempo estimado de leitura\" \/>\n\t<meta name=\"twitter:data2\" content=\"1 minuto\" \/>\n<script type=\"application\/ld+json\" class=\"yoast-schema-graph\">{\"@context\":\"https:\/\/schema.org\",\"@graph\":[{\"@type\":\"Article\",\"@id\":\"https:\/\/portaltela.pt\/noticias\/2026\/01\/02\/morre-kshamenk-a-historia-da-orca-mais-solitaria-em-cativeiro-na-argentina\/#article\",\"isPartOf\":{\"@id\":\"https:\/\/portaltela.pt\/noticias\/2026\/01\/02\/morre-kshamenk-a-historia-da-orca-mais-solitaria-em-cativeiro-na-argentina\/\"},\"author\":{\"name\":\"Telinha\",\"@id\":\"https:\/\/portaltela.pt\/#\/schema\/person\/c4278d4a6028830caff9ee44b42d32ed\"},\"headline\":\"Morre Kshamenk, a hist\u00f3ria da orca mais solit\u00e1ria em cativeiro na Argentina\",\"datePublished\":\"2026-01-02T16:10:14+00:00\",\"mainEntityOfPage\":{\"@id\":\"https:\/\/portaltela.pt\/noticias\/2026\/01\/02\/morre-kshamenk-a-historia-da-orca-mais-solitaria-em-cativeiro-na-argentina\/\"},\"wordCount\":157,\"image\":{\"@id\":\"https:\/\/portaltela.pt\/noticias\/2026\/01\/02\/morre-kshamenk-a-historia-da-orca-mais-solitaria-em-cativeiro-na-argentina\/#primaryimage\"},\"thumbnailUrl\":\"https:\/\/portaltela.pt\/s.01k8rhncp4jt1\/2026\/01\/img_920x518uu2026-01-02-16-08-12-2412286.jpg\",\"keywords\":[\"ambiente\",\"conserva\u00e7\u00e3o da natureza e da biodiversidade, incluindo esp\u00e9cies priorit\u00e1rias e vigil\u00e2ncia ambiental\",\"prote\u00e7\u00e3o ambiental\",\"prote\u00e7\u00e3o da natureza e da biodiversidade\"],\"articleSection\":[\"Not\u00edcias\"],\"inLanguage\":\"pt-PT\"},{\"@type\":\"WebPage\",\"@id\":\"https:\/\/portaltela.pt\/noticias\/2026\/01\/02\/morre-kshamenk-a-historia-da-orca-mais-solitaria-em-cativeiro-na-argentina\/\",\"url\":\"https:\/\/portaltela.pt\/noticias\/2026\/01\/02\/morre-kshamenk-a-historia-da-orca-mais-solitaria-em-cativeiro-na-argentina\/\",\"name\":\"Morre Kshamenk, a hist\u00f3ria da orca mais solit\u00e1ria em cativeiro na Argentina - Portal Tela Portugal\",\"isPartOf\":{\"@id\":\"https:\/\/portaltela.pt\/#website\"},\"primaryImageOfPage\":{\"@id\":\"https:\/\/portaltela.pt\/noticias\/2026\/01\/02\/morre-kshamenk-a-historia-da-orca-mais-solitaria-em-cativeiro-na-argentina\/#primaryimage\"},\"image\":{\"@id\":\"https:\/\/portaltela.pt\/noticias\/2026\/01\/02\/morre-kshamenk-a-historia-da-orca-mais-solitaria-em-cativeiro-na-argentina\/#primaryimage\"},\"thumbnailUrl\":\"https:\/\/portaltela.pt\/s.01k8rhncp4jt1\/2026\/01\/img_920x518uu2026-01-02-16-08-12-2412286.jpg\",\"datePublished\":\"2026-01-02T16:10:14+00:00\",\"author\":{\"@id\":\"https:\/\/portaltela.pt\/#\/schema\/person\/c4278d4a6028830caff9ee44b42d32ed\"},\"breadcrumb\":{\"@id\":\"https:\/\/portaltela.pt\/noticias\/2026\/01\/02\/morre-kshamenk-a-historia-da-orca-mais-solitaria-em-cativeiro-na-argentina\/#breadcrumb\"},\"inLanguage\":\"pt-PT\",\"potentialAction\":[{\"@type\":\"ReadAction\",\"target\":[\"https:\/\/portaltela.pt\/noticias\/2026\/01\/02\/morre-kshamenk-a-historia-da-orca-mais-solitaria-em-cativeiro-na-argentina\/\"]}]},{\"@type\":\"ImageObject\",\"inLanguage\":\"pt-PT\",\"@id\":\"https:\/\/portaltela.pt\/noticias\/2026\/01\/02\/morre-kshamenk-a-historia-da-orca-mais-solitaria-em-cativeiro-na-argentina\/#primaryimage\",\"url\":\"https:\/\/portaltela.pt\/s.01k8rhncp4jt1\/2026\/01\/img_920x518uu2026-01-02-16-08-12-2412286.jpg\",\"contentUrl\":\"https:\/\/portaltela.pt\/s.01k8rhncp4jt1\/2026\/01\/img_920x518uu2026-01-02-16-08-12-2412286.jpg\",\"width\":796,\"height\":448,\"caption\":\"Morreu Kshamenk, a \\\"orca mais solit\u00e1ria do mundo\\\", ap\u00f3s mais de 30 anos em cativeiro na Argentina\"},{\"@type\":\"BreadcrumbList\",\"@id\":\"https:\/\/portaltela.pt\/noticias\/2026\/01\/02\/morre-kshamenk-a-historia-da-orca-mais-solitaria-em-cativeiro-na-argentina\/#breadcrumb\",\"itemListElement\":[{\"@type\":\"ListItem\",\"position\":1,\"name\":\"In\u00edcio\",\"item\":\"https:\/\/portaltela.pt\/\"},{\"@type\":\"ListItem\",\"position\":2,\"name\":\"Morre Kshamenk, a hist\u00f3ria da orca mais solit\u00e1ria em cativeiro na Argentina\"}]},{\"@type\":\"WebSite\",\"@id\":\"https:\/\/portaltela.pt\/#website\",\"url\":\"https:\/\/portaltela.pt\/\",\"name\":\"Portal Tela Portugal\",\"description\":\"\",\"potentialAction\":[{\"@type\":\"SearchAction\",\"target\":{\"@type\":\"EntryPoint\",\"urlTemplate\":\"https:\/\/portaltela.pt\/?s={search_term_string}\"},\"query-input\":{\"@type\":\"PropertyValueSpecification\",\"valueRequired\":true,\"valueName\":\"search_term_string\"}}],\"inLanguage\":\"pt-PT\"},{\"@type\":\"Person\",\"@id\":\"https:\/\/portaltela.pt\/#\/schema\/person\/c4278d4a6028830caff9ee44b42d32ed\",\"name\":\"Telinha\",\"image\":{\"@type\":\"ImageObject\",\"inLanguage\":\"pt-PT\",\"@id\":\"https:\/\/portaltela.pt\/s.01k8rhncp4jt1\/2025\/11\/talking-bot-125x125.png\",\"url\":\"https:\/\/portaltela.pt\/s.01k8rhncp4jt1\/2025\/11\/talking-bot-125x125.png\",\"contentUrl\":\"https:\/\/portaltela.pt\/s.01k8rhncp4jt1\/2025\/11\/talking-bot-125x125.png\",\"caption\":\"Telinha\"},\"sameAs\":[\"https:\/\/portaltela.pt\/\"],\"url\":\"https:\/\/portaltela.pt\/por\/367410592786\/\"}]}<\/script>\n<!-- \/ Yoast SEO plugin. -->","yoast_head_json":{"title":"Morre Kshamenk, a hist\u00f3ria da orca mais solit\u00e1ria em cativeiro na Argentina - Portal Tela Portugal","robots":{"index":"index","follow":"follow","max-snippet":"max-snippet:-1","max-image-preview":"max-image-preview:large","max-video-preview":"max-video-preview:-1"},"og_locale":"pt_PT","og_type":"article","og_title":"Morre Kshamenk, a hist\u00f3ria da orca mais solit\u00e1ria em cativeiro na Argentina - Portal Tela Portugal","og_description":"Morreu a orca Kshamenk, conhecida como a \u201corca mais solit\u00e1ria do mundo\u201d, na Argentina. A morte ocorreu no parque Mundo Marino, em San Clemente del Tuy\u00fa, onde a orca estava em cativeiro h\u00e1 mais de tr\u00eas d\u00e9cadas. Kshamenk era o \u00fanico exemplar de orca em cativeiro na Am\u00e9rica do Sul. O animal tornou-se s\u00edmbolo da pol\u00e9mica sobre a manuten\u00e7\u00e3o de grandes mam\u00edferos marinhos em tanques pequenos. Segundo o parque, a paragem cardiorrespirat\u00f3ria ocorreu na manh\u00e3 de domingo, 14 de dezembro, e n\u00e3o houve resist\u00eancia, mesmo com interven\u00e7\u00e3o veterin\u00e1ria.","og_url":"https:\/\/portaltela.pt\/noticias\/2026\/01\/02\/morre-kshamenk-a-historia-da-orca-mais-solitaria-em-cativeiro-na-argentina\/","og_site_name":"Portal Tela Portugal","article_published_time":"2026-01-02T16:10:14+00:00","author":"Telinha","twitter_card":"summary_large_image","twitter_misc":{"Escrito por":"Telinha","Tempo estimado de leitura":"1 minuto"},"schema":{"@context":"https:\/\/schema.org","@graph":[{"@type":"Article","@id":"https:\/\/portaltela.pt\/noticias\/2026\/01\/02\/morre-kshamenk-a-historia-da-orca-mais-solitaria-em-cativeiro-na-argentina\/#article","isPartOf":{"@id":"https:\/\/portaltela.pt\/noticias\/2026\/01\/02\/morre-kshamenk-a-historia-da-orca-mais-solitaria-em-cativeiro-na-argentina\/"},"author":{"name":"Telinha","@id":"https:\/\/portaltela.pt\/#\/schema\/person\/c4278d4a6028830caff9ee44b42d32ed"},"headline":"Morre Kshamenk, a hist\u00f3ria da orca mais solit\u00e1ria em cativeiro na Argentina","datePublished":"2026-01-02T16:10:14+00:00","mainEntityOfPage":{"@id":"https:\/\/portaltela.pt\/noticias\/2026\/01\/02\/morre-kshamenk-a-historia-da-orca-mais-solitaria-em-cativeiro-na-argentina\/"},"wordCount":157,"image":{"@id":"https:\/\/portaltela.pt\/noticias\/2026\/01\/02\/morre-kshamenk-a-historia-da-orca-mais-solitaria-em-cativeiro-na-argentina\/#primaryimage"},"thumbnailUrl":"https:\/\/portaltela.pt\/s.01k8rhncp4jt1\/2026\/01\/img_920x518uu2026-01-02-16-08-12-2412286.jpg","keywords":["ambiente","conserva\u00e7\u00e3o da natureza e da biodiversidade, incluindo esp\u00e9cies priorit\u00e1rias e vigil\u00e2ncia ambiental","prote\u00e7\u00e3o ambiental","prote\u00e7\u00e3o da natureza e da biodiversidade"],"articleSection":["Not\u00edcias"],"inLanguage":"pt-PT"},{"@type":"WebPage","@id":"https:\/\/portaltela.pt\/noticias\/2026\/01\/02\/morre-kshamenk-a-historia-da-orca-mais-solitaria-em-cativeiro-na-argentina\/","url":"https:\/\/portaltela.pt\/noticias\/2026\/01\/02\/morre-kshamenk-a-historia-da-orca-mais-solitaria-em-cativeiro-na-argentina\/","name":"Morre Kshamenk, a hist\u00f3ria da orca mais solit\u00e1ria em cativeiro na Argentina - Portal Tela Portugal","isPartOf":{"@id":"https:\/\/portaltela.pt\/#website"},"primaryImageOfPage":{"@id":"https:\/\/portaltela.pt\/noticias\/2026\/01\/02\/morre-kshamenk-a-historia-da-orca-mais-solitaria-em-cativeiro-na-argentina\/#primaryimage"},"image":{"@id":"https:\/\/portaltela.pt\/noticias\/2026\/01\/02\/morre-kshamenk-a-historia-da-orca-mais-solitaria-em-cativeiro-na-argentina\/#primaryimage"},"thumbnailUrl":"https:\/\/portaltela.pt\/s.01k8rhncp4jt1\/2026\/01\/img_920x518uu2026-01-02-16-08-12-2412286.jpg","datePublished":"2026-01-02T16:10:14+00:00","author":{"@id":"https:\/\/portaltela.pt\/#\/schema\/person\/c4278d4a6028830caff9ee44b42d32ed"},"breadcrumb":{"@id":"https:\/\/portaltela.pt\/noticias\/2026\/01\/02\/morre-kshamenk-a-historia-da-orca-mais-solitaria-em-cativeiro-na-argentina\/#breadcrumb"},"inLanguage":"pt-PT","potentialAction":[{"@type":"ReadAction","target":["https:\/\/portaltela.pt\/noticias\/2026\/01\/02\/morre-kshamenk-a-historia-da-orca-mais-solitaria-em-cativeiro-na-argentina\/"]}]},{"@type":"ImageObject","inLanguage":"pt-PT","@id":"https:\/\/portaltela.pt\/noticias\/2026\/01\/02\/morre-kshamenk-a-historia-da-orca-mais-solitaria-em-cativeiro-na-argentina\/#primaryimage","url":"https:\/\/portaltela.pt\/s.01k8rhncp4jt1\/2026\/01\/img_920x518uu2026-01-02-16-08-12-2412286.jpg","contentUrl":"https:\/\/portaltela.pt\/s.01k8rhncp4jt1\/2026\/01\/img_920x518uu2026-01-02-16-08-12-2412286.jpg","width":796,"height":448,"caption":"Morreu Kshamenk, a \"orca mais solit\u00e1ria do mundo\", ap\u00f3s mais de 30 anos em cativeiro na Argentina"},{"@type":"BreadcrumbList","@id":"https:\/\/portaltela.pt\/noticias\/2026\/01\/02\/morre-kshamenk-a-historia-da-orca-mais-solitaria-em-cativeiro-na-argentina\/#breadcrumb","itemListElement":[{"@type":"ListItem","position":1,"name":"In\u00edcio","item":"https:\/\/portaltela.pt\/"},{"@type":"ListItem","position":2,"name":"Morre Kshamenk, a hist\u00f3ria da orca mais solit\u00e1ria em cativeiro na Argentina"}]},{"@type":"WebSite","@id":"https:\/\/portaltela.pt\/#website","url":"https:\/\/portaltela.pt\/","name":"Portal Tela Portugal","description":"","potentialAction":[{"@type":"SearchAction","target":{"@type":"EntryPoint","urlTemplate":"https:\/\/portaltela.pt\/?s={search_term_string}"},"query-input":{"@type":"PropertyValueSpecification","valueRequired":true,"valueName":"search_term_string"}}],"inLanguage":"pt-PT"},{"@type":"Person","@id":"https:\/\/portaltela.pt\/#\/schema\/person\/c4278d4a6028830caff9ee44b42d32ed","name":"Telinha","image":{"@type":"ImageObject","inLanguage":"pt-PT","@id":"https:\/\/portaltela.pt\/s.01k8rhncp4jt1\/2025\/11\/talking-bot-125x125.png","url":"https:\/\/portaltela.pt\/s.01k8rhncp4jt1\/2025\/11\/talking-bot-125x125.png","contentUrl":"https:\/\/portaltela.pt\/s.01k8rhncp4jt1\/2025\/11\/talking-bot-125x125.png","caption":"Telinha"},"sameAs":["https:\/\/portaltela.pt\/"],"url":"https:\/\/portaltela.pt\/por\/367410592786\/"}]}},"_links":{"self":[{"href":"https:\/\/portaltela.pt\/api\/wp\/v2\/posts\/113108","targetHints":{"allow":["GET"]}}],"collection":[{"href":"https:\/\/portaltela.pt\/api\/wp\/v2\/posts"}],"about":[{"href":"https:\/\/portaltela.pt\/api\/wp\/v2\/types\/post"}],"author":[{"embeddable":true,"href":"https:\/\/portaltela.pt\/api\/wp\/v2\/users\/2"}],"replies":[{"embeddable":true,"href":"https:\/\/portaltela.pt\/api\/wp\/v2\/comments?post=113108"}],"version-history":[{"count":0,"href":"https:\/\/portaltela.pt\/api\/wp\/v2\/posts\/113108\/revisions"}],"wp:featuredmedia":[{"embeddable":true,"href":"https:\/\/portaltela.pt\/api\/wp\/v2\/media\/113110"}],"wp:attachment":[{"href":"https:\/\/portaltela.pt\/api\/wp\/v2\/media?parent=113108"}],"wp:term":[{"taxonomy":"category","embeddable":true,"href":"https:\/\/portaltela.pt\/api\/wp\/v2\/categories?post=113108"},{"taxonomy":"post_tag","embeddable":true,"href":"https:\/\/portaltela.pt\/api\/wp\/v2\/tags?post=113108"}],"curies":[{"name":"wp","href":"https:\/\/api.w.org\/{rel}","templated":true}]}}