{"id":112730,"date":"2026-01-02T09:30:00","date_gmt":"2026-01-02T12:30:00","guid":{"rendered":"https:\/\/portaltela.pt\/noticias\/2026\/01\/02\/academia-militar-conclui-bloco-de-formacao-militar-em-dezembro\/"},"modified":"2026-01-02T09:30:00","modified_gmt":"2026-01-02T12:30:00","slug":"academia-militar-conclui-bloco-de-formacao-militar-em-dezembro","status":"publish","type":"post","link":"https:\/\/portaltela.pt\/noticias\/2026\/01\/02\/academia-militar-conclui-bloco-de-formacao-militar-em-dezembro\/","title":{"rendered":"Academia Militar conclui Bloco de Forma\u00e7\u00e3o Militar em dezembro"},"content":{"rendered":"<p>A Academia Militar concluiu no passado m\u00eas de dezembro o Bloco de Forma\u00e7\u00e3o Militar 1, etapa essencial no desenvolvimento de compet\u00eancias para Cadetes-Alunos do Ex\u00e9rcito e da Guarda Nacional Republicana (GNR).<\/p>\n<p>A forma\u00e7\u00e3o decorreu no Campo Militar de Santa Margarida e no Regimento de Comandos, integrando treino de T\u00e9cnica Individual de Combate, T\u00e9cnica de Combate de Sec\u00e7\u00e3o, pr\u00e1tica de Comando e Lideran\u00e7a e Patrulhas.<\/p>\n<p>Para al\u00e9m do dom\u00ednio t\u00e9cnico, o bloco enfatizou valores basilares como disciplina, esp\u00edrito de sacrif\u00edcio e coragem, preparando os futuros comandantes para o servi\u00e7o \u00e0 Na\u00e7\u00e3o com rigor e miss\u00e3o.<\/p>\n<p>O programa visa ampliar a responsabilidade institucional dos formandos, refor\u00e7ando a prontid\u00e3o e o compromisso com Portugal, alinhados com as expectativas de servi\u00e7o das For\u00e7as Armadas.<\/p>\n","protected":false},"excerpt":{"rendered":"<ul>\n<li>A Academia Militar concluiu, no passado m\u00eas de dezembro, o Bloco de Forma\u00e7\u00e3o Militar 1.<\/li>\n<li>Destina-se a cadetes-alunos do Ex\u00e9rcito e da Guarda Nacional Republicana (GNR).<\/li>\n<li>A forma\u00e7\u00e3o realizou-se no Campo Militar de Santa Margarida e no Regimento de Comandos.<\/li>\n<li>Incluiu T\u00e9cnica Individual de Combate, T\u00e9cnica de Combate de Sec\u00e7\u00e3o, treino de Comando e Lideran\u00e7a e Patrulhas.<\/li>\n<li>O bloco refor\u00e7ou valores como disciplina, esp\u00edrito de sacrif\u00edcio e coragem, preparando para novas responsabilidades ao servi\u00e7o da Na\u00e7\u00e3o.<\/li>\n<\/ul>\n","protected":false},"author":2,"featured_media":112731,"comment_status":"closed","ping_status":"closed","sticky":false,"template":"","format":"standard","meta":{"footnotes":""},"categories":[1],"tags":[166,1779,1380,1731],"class_list":["post-112730","post","type-post","status-publish","format-standard","has-post-thumbnail","hentry","category-noticias","tag-comandos","tag-forcas-armadas","tag-gnr","tag-treino"],"yoast_head":"<!-- This site is optimized with the Yoast SEO plugin v27.2 - https:\/\/yoast.com\/product\/yoast-seo-wordpress\/ -->\n<title>Academia Militar conclui Bloco de Forma\u00e7\u00e3o Militar em dezembro - Portal Tela Portugal<\/title>\n<meta name=\"robots\" content=\"index, follow, max-snippet:-1, max-image-preview:large, max-video-preview:-1\" \/>\n<meta property=\"og:locale\" content=\"pt_PT\" \/>\n<meta property=\"og:type\" content=\"article\" \/>\n<meta property=\"og:title\" content=\"Academia Militar conclui Bloco de Forma\u00e7\u00e3o Militar em dezembro - Portal Tela Portugal\" \/>\n<meta property=\"og:description\" content=\"A Academia Militar concluiu, no passado m\u00eas de dezembro, o Bloco de Forma\u00e7\u00e3o Militar 1. Destina-se a cadetes-alunos do Ex\u00e9rcito e da Guarda Nacional Republicana (GNR). A forma\u00e7\u00e3o realizou-se no Campo Militar de Santa Margarida e no Regimento de Comandos. Incluiu T\u00e9cnica Individual de Combate, T\u00e9cnica de Combate de Sec\u00e7\u00e3o, treino de Comando e Lideran\u00e7a e Patrulhas. O bloco refor\u00e7ou valores como disciplina, esp\u00edrito de sacrif\u00edcio e coragem, preparando para novas responsabilidades ao servi\u00e7o da Na\u00e7\u00e3o.\" \/>\n<meta property=\"og:url\" content=\"https:\/\/portaltela.pt\/noticias\/2026\/01\/02\/academia-militar-conclui-bloco-de-formacao-militar-em-dezembro\/\" \/>\n<meta property=\"og:site_name\" content=\"Portal Tela Portugal\" \/>\n<meta property=\"article:published_time\" content=\"2026-01-02T12:30:00+00:00\" \/>\n<meta name=\"author\" content=\"Telinha\" \/>\n<meta name=\"twitter:card\" content=\"summary_large_image\" \/>\n<meta name=\"twitter:label1\" content=\"Escrito por\" \/>\n\t<meta name=\"twitter:data1\" content=\"Telinha\" \/>\n\t<meta name=\"twitter:label2\" content=\"Tempo estimado de leitura\" \/>\n\t<meta name=\"twitter:data2\" content=\"1 minuto\" \/>\n<script type=\"application\/ld+json\" class=\"yoast-schema-graph\">{\"@context\":\"https:\/\/schema.org\",\"@graph\":[{\"@type\":\"Article\",\"@id\":\"https:\/\/portaltela.pt\/noticias\/2026\/01\/02\/academia-militar-conclui-bloco-de-formacao-militar-em-dezembro\/#article\",\"isPartOf\":{\"@id\":\"https:\/\/portaltela.pt\/noticias\/2026\/01\/02\/academia-militar-conclui-bloco-de-formacao-militar-em-dezembro\/\"},\"author\":{\"name\":\"Telinha\",\"@id\":\"https:\/\/portaltela.pt\/#\/schema\/person\/c4278d4a6028830caff9ee44b42d32ed\"},\"headline\":\"Academia Militar conclui Bloco de Forma\u00e7\u00e3o Militar em dezembro\",\"datePublished\":\"2026-01-02T12:30:00+00:00\",\"mainEntityOfPage\":{\"@id\":\"https:\/\/portaltela.pt\/noticias\/2026\/01\/02\/academia-militar-conclui-bloco-de-formacao-militar-em-dezembro\/\"},\"wordCount\":150,\"image\":{\"@id\":\"https:\/\/portaltela.pt\/noticias\/2026\/01\/02\/academia-militar-conclui-bloco-de-formacao-militar-em-dezembro\/#primaryimage\"},\"thumbnailUrl\":\"https:\/\/portaltela.pt\/s.01k8rhncp4jt1\/2026\/01\/A-Academia-Militar-concluiu-no-passado-mes-de-dezembro-o.jpg\",\"keywords\":[\"comandos\",\"For\u00e7as Armadas\",\"GNR\",\"treino\"],\"articleSection\":[\"Not\u00edcias\"],\"inLanguage\":\"pt-PT\"},{\"@type\":\"WebPage\",\"@id\":\"https:\/\/portaltela.pt\/noticias\/2026\/01\/02\/academia-militar-conclui-bloco-de-formacao-militar-em-dezembro\/\",\"url\":\"https:\/\/portaltela.pt\/noticias\/2026\/01\/02\/academia-militar-conclui-bloco-de-formacao-militar-em-dezembro\/\",\"name\":\"Academia Militar conclui Bloco de Forma\u00e7\u00e3o Militar em dezembro - Portal Tela Portugal\",\"isPartOf\":{\"@id\":\"https:\/\/portaltela.pt\/#website\"},\"primaryImageOfPage\":{\"@id\":\"https:\/\/portaltela.pt\/noticias\/2026\/01\/02\/academia-militar-conclui-bloco-de-formacao-militar-em-dezembro\/#primaryimage\"},\"image\":{\"@id\":\"https:\/\/portaltela.pt\/noticias\/2026\/01\/02\/academia-militar-conclui-bloco-de-formacao-militar-em-dezembro\/#primaryimage\"},\"thumbnailUrl\":\"https:\/\/portaltela.pt\/s.01k8rhncp4jt1\/2026\/01\/A-Academia-Militar-concluiu-no-passado-mes-de-dezembro-o.jpg\",\"datePublished\":\"2026-01-02T12:30:00+00:00\",\"author\":{\"@id\":\"https:\/\/portaltela.pt\/#\/schema\/person\/c4278d4a6028830caff9ee44b42d32ed\"},\"breadcrumb\":{\"@id\":\"https:\/\/portaltela.pt\/noticias\/2026\/01\/02\/academia-militar-conclui-bloco-de-formacao-militar-em-dezembro\/#breadcrumb\"},\"inLanguage\":\"pt-PT\",\"potentialAction\":[{\"@type\":\"ReadAction\",\"target\":[\"https:\/\/portaltela.pt\/noticias\/2026\/01\/02\/academia-militar-conclui-bloco-de-formacao-militar-em-dezembro\/\"]}]},{\"@type\":\"ImageObject\",\"inLanguage\":\"pt-PT\",\"@id\":\"https:\/\/portaltela.pt\/noticias\/2026\/01\/02\/academia-militar-conclui-bloco-de-formacao-militar-em-dezembro\/#primaryimage\",\"url\":\"https:\/\/portaltela.pt\/s.01k8rhncp4jt1\/2026\/01\/A-Academia-Militar-concluiu-no-passado-mes-de-dezembro-o.jpg\",\"contentUrl\":\"https:\/\/portaltela.pt\/s.01k8rhncp4jt1\/2026\/01\/A-Academia-Militar-concluiu-no-passado-mes-de-dezembro-o.jpg\",\"width\":796,\"height\":448,\"caption\":\"A Academia Militar concluiu no passado m\u00eas de dezembro o Bloco de Forma\u00e7\u00e3o Mil\u2026\"},{\"@type\":\"BreadcrumbList\",\"@id\":\"https:\/\/portaltela.pt\/noticias\/2026\/01\/02\/academia-militar-conclui-bloco-de-formacao-militar-em-dezembro\/#breadcrumb\",\"itemListElement\":[{\"@type\":\"ListItem\",\"position\":1,\"name\":\"In\u00edcio\",\"item\":\"https:\/\/portaltela.pt\/\"},{\"@type\":\"ListItem\",\"position\":2,\"name\":\"Academia Militar conclui Bloco de Forma\u00e7\u00e3o Militar em dezembro\"}]},{\"@type\":\"WebSite\",\"@id\":\"https:\/\/portaltela.pt\/#website\",\"url\":\"https:\/\/portaltela.pt\/\",\"name\":\"Portal Tela Portugal\",\"description\":\"\",\"potentialAction\":[{\"@type\":\"SearchAction\",\"target\":{\"@type\":\"EntryPoint\",\"urlTemplate\":\"https:\/\/portaltela.pt\/?s={search_term_string}\"},\"query-input\":{\"@type\":\"PropertyValueSpecification\",\"valueRequired\":true,\"valueName\":\"search_term_string\"}}],\"inLanguage\":\"pt-PT\"},{\"@type\":\"Person\",\"@id\":\"https:\/\/portaltela.pt\/#\/schema\/person\/c4278d4a6028830caff9ee44b42d32ed\",\"name\":\"Telinha\",\"image\":{\"@type\":\"ImageObject\",\"inLanguage\":\"pt-PT\",\"@id\":\"https:\/\/portaltela.pt\/s.01k8rhncp4jt1\/2025\/11\/talking-bot-125x125.png\",\"url\":\"https:\/\/portaltela.pt\/s.01k8rhncp4jt1\/2025\/11\/talking-bot-125x125.png\",\"contentUrl\":\"https:\/\/portaltela.pt\/s.01k8rhncp4jt1\/2025\/11\/talking-bot-125x125.png\",\"caption\":\"Telinha\"},\"sameAs\":[\"https:\/\/portaltela.pt\/\"],\"url\":\"https:\/\/portaltela.pt\/por\/367410592786\/\"}]}<\/script>\n<!-- \/ Yoast SEO plugin. -->","yoast_head_json":{"title":"Academia Militar conclui Bloco de Forma\u00e7\u00e3o Militar em dezembro - Portal Tela Portugal","robots":{"index":"index","follow":"follow","max-snippet":"max-snippet:-1","max-image-preview":"max-image-preview:large","max-video-preview":"max-video-preview:-1"},"og_locale":"pt_PT","og_type":"article","og_title":"Academia Militar conclui Bloco de Forma\u00e7\u00e3o Militar em dezembro - Portal Tela Portugal","og_description":"A Academia Militar concluiu, no passado m\u00eas de dezembro, o Bloco de Forma\u00e7\u00e3o Militar 1. Destina-se a cadetes-alunos do Ex\u00e9rcito e da Guarda Nacional Republicana (GNR). A forma\u00e7\u00e3o realizou-se no Campo Militar de Santa Margarida e no Regimento de Comandos. Incluiu T\u00e9cnica Individual de Combate, T\u00e9cnica de Combate de Sec\u00e7\u00e3o, treino de Comando e Lideran\u00e7a e Patrulhas. O bloco refor\u00e7ou valores como disciplina, esp\u00edrito de sacrif\u00edcio e coragem, preparando para novas responsabilidades ao servi\u00e7o da Na\u00e7\u00e3o.","og_url":"https:\/\/portaltela.pt\/noticias\/2026\/01\/02\/academia-militar-conclui-bloco-de-formacao-militar-em-dezembro\/","og_site_name":"Portal Tela Portugal","article_published_time":"2026-01-02T12:30:00+00:00","author":"Telinha","twitter_card":"summary_large_image","twitter_misc":{"Escrito por":"Telinha","Tempo estimado de leitura":"1 minuto"},"schema":{"@context":"https:\/\/schema.org","@graph":[{"@type":"Article","@id":"https:\/\/portaltela.pt\/noticias\/2026\/01\/02\/academia-militar-conclui-bloco-de-formacao-militar-em-dezembro\/#article","isPartOf":{"@id":"https:\/\/portaltela.pt\/noticias\/2026\/01\/02\/academia-militar-conclui-bloco-de-formacao-militar-em-dezembro\/"},"author":{"name":"Telinha","@id":"https:\/\/portaltela.pt\/#\/schema\/person\/c4278d4a6028830caff9ee44b42d32ed"},"headline":"Academia Militar conclui Bloco de Forma\u00e7\u00e3o Militar em dezembro","datePublished":"2026-01-02T12:30:00+00:00","mainEntityOfPage":{"@id":"https:\/\/portaltela.pt\/noticias\/2026\/01\/02\/academia-militar-conclui-bloco-de-formacao-militar-em-dezembro\/"},"wordCount":150,"image":{"@id":"https:\/\/portaltela.pt\/noticias\/2026\/01\/02\/academia-militar-conclui-bloco-de-formacao-militar-em-dezembro\/#primaryimage"},"thumbnailUrl":"https:\/\/portaltela.pt\/s.01k8rhncp4jt1\/2026\/01\/A-Academia-Militar-concluiu-no-passado-mes-de-dezembro-o.jpg","keywords":["comandos","For\u00e7as Armadas","GNR","treino"],"articleSection":["Not\u00edcias"],"inLanguage":"pt-PT"},{"@type":"WebPage","@id":"https:\/\/portaltela.pt\/noticias\/2026\/01\/02\/academia-militar-conclui-bloco-de-formacao-militar-em-dezembro\/","url":"https:\/\/portaltela.pt\/noticias\/2026\/01\/02\/academia-militar-conclui-bloco-de-formacao-militar-em-dezembro\/","name":"Academia Militar conclui Bloco de Forma\u00e7\u00e3o Militar em dezembro - Portal Tela Portugal","isPartOf":{"@id":"https:\/\/portaltela.pt\/#website"},"primaryImageOfPage":{"@id":"https:\/\/portaltela.pt\/noticias\/2026\/01\/02\/academia-militar-conclui-bloco-de-formacao-militar-em-dezembro\/#primaryimage"},"image":{"@id":"https:\/\/portaltela.pt\/noticias\/2026\/01\/02\/academia-militar-conclui-bloco-de-formacao-militar-em-dezembro\/#primaryimage"},"thumbnailUrl":"https:\/\/portaltela.pt\/s.01k8rhncp4jt1\/2026\/01\/A-Academia-Militar-concluiu-no-passado-mes-de-dezembro-o.jpg","datePublished":"2026-01-02T12:30:00+00:00","author":{"@id":"https:\/\/portaltela.pt\/#\/schema\/person\/c4278d4a6028830caff9ee44b42d32ed"},"breadcrumb":{"@id":"https:\/\/portaltela.pt\/noticias\/2026\/01\/02\/academia-militar-conclui-bloco-de-formacao-militar-em-dezembro\/#breadcrumb"},"inLanguage":"pt-PT","potentialAction":[{"@type":"ReadAction","target":["https:\/\/portaltela.pt\/noticias\/2026\/01\/02\/academia-militar-conclui-bloco-de-formacao-militar-em-dezembro\/"]}]},{"@type":"ImageObject","inLanguage":"pt-PT","@id":"https:\/\/portaltela.pt\/noticias\/2026\/01\/02\/academia-militar-conclui-bloco-de-formacao-militar-em-dezembro\/#primaryimage","url":"https:\/\/portaltela.pt\/s.01k8rhncp4jt1\/2026\/01\/A-Academia-Militar-concluiu-no-passado-mes-de-dezembro-o.jpg","contentUrl":"https:\/\/portaltela.pt\/s.01k8rhncp4jt1\/2026\/01\/A-Academia-Militar-concluiu-no-passado-mes-de-dezembro-o.jpg","width":796,"height":448,"caption":"A Academia Militar concluiu no passado m\u00eas de dezembro o Bloco de Forma\u00e7\u00e3o Mil\u2026"},{"@type":"BreadcrumbList","@id":"https:\/\/portaltela.pt\/noticias\/2026\/01\/02\/academia-militar-conclui-bloco-de-formacao-militar-em-dezembro\/#breadcrumb","itemListElement":[{"@type":"ListItem","position":1,"name":"In\u00edcio","item":"https:\/\/portaltela.pt\/"},{"@type":"ListItem","position":2,"name":"Academia Militar conclui Bloco de Forma\u00e7\u00e3o Militar em dezembro"}]},{"@type":"WebSite","@id":"https:\/\/portaltela.pt\/#website","url":"https:\/\/portaltela.pt\/","name":"Portal Tela Portugal","description":"","potentialAction":[{"@type":"SearchAction","target":{"@type":"EntryPoint","urlTemplate":"https:\/\/portaltela.pt\/?s={search_term_string}"},"query-input":{"@type":"PropertyValueSpecification","valueRequired":true,"valueName":"search_term_string"}}],"inLanguage":"pt-PT"},{"@type":"Person","@id":"https:\/\/portaltela.pt\/#\/schema\/person\/c4278d4a6028830caff9ee44b42d32ed","name":"Telinha","image":{"@type":"ImageObject","inLanguage":"pt-PT","@id":"https:\/\/portaltela.pt\/s.01k8rhncp4jt1\/2025\/11\/talking-bot-125x125.png","url":"https:\/\/portaltela.pt\/s.01k8rhncp4jt1\/2025\/11\/talking-bot-125x125.png","contentUrl":"https:\/\/portaltela.pt\/s.01k8rhncp4jt1\/2025\/11\/talking-bot-125x125.png","caption":"Telinha"},"sameAs":["https:\/\/portaltela.pt\/"],"url":"https:\/\/portaltela.pt\/por\/367410592786\/"}]}},"_links":{"self":[{"href":"https:\/\/portaltela.pt\/api\/wp\/v2\/posts\/112730","targetHints":{"allow":["GET"]}}],"collection":[{"href":"https:\/\/portaltela.pt\/api\/wp\/v2\/posts"}],"about":[{"href":"https:\/\/portaltela.pt\/api\/wp\/v2\/types\/post"}],"author":[{"embeddable":true,"href":"https:\/\/portaltela.pt\/api\/wp\/v2\/users\/2"}],"replies":[{"embeddable":true,"href":"https:\/\/portaltela.pt\/api\/wp\/v2\/comments?post=112730"}],"version-history":[{"count":0,"href":"https:\/\/portaltela.pt\/api\/wp\/v2\/posts\/112730\/revisions"}],"wp:featuredmedia":[{"embeddable":true,"href":"https:\/\/portaltela.pt\/api\/wp\/v2\/media\/112731"}],"wp:attachment":[{"href":"https:\/\/portaltela.pt\/api\/wp\/v2\/media?parent=112730"}],"wp:term":[{"taxonomy":"category","embeddable":true,"href":"https:\/\/portaltela.pt\/api\/wp\/v2\/categories?post=112730"},{"taxonomy":"post_tag","embeddable":true,"href":"https:\/\/portaltela.pt\/api\/wp\/v2\/tags?post=112730"}],"curies":[{"name":"wp","href":"https:\/\/api.w.org\/{rel}","templated":true}]}}