{"id":112632,"date":"2026-01-02T09:01:36","date_gmt":"2026-01-02T12:01:36","guid":{"rendered":"https:\/\/portaltela.pt\/noticias\/2026\/01\/02\/novo-conselho-de-administracao-dos-smtuc-toma-posse-hoje\/"},"modified":"2026-01-02T09:01:36","modified_gmt":"2026-01-02T12:01:36","slug":"novo-conselho-de-administracao-dos-smtuc-toma-posse-hoje","status":"publish","type":"post","link":"https:\/\/portaltela.pt\/noticias\/2026\/01\/02\/novo-conselho-de-administracao-dos-smtuc-toma-posse-hoje\/","title":{"rendered":"Novo Conselho de Administra\u00e7\u00e3o dos SMTUC toma posse hoje"},"content":{"rendered":"<p>O novo Conselho de Administra\u00e7\u00e3o dos SMTUC tomou posse hoje nas instala\u00e7\u00f5es da empresa. Eduardo Barata e Marilene Rodrigues assumem por tr\u00eas anos, na presen\u00e7a da presidente da C\u00e2mara Municipal de Coimbra, Ana Abrunhosa. Os nomes integram a gest\u00e3o t\u00e9cnica dos transportes urbanos.<\/p>\n<p>Logo ap\u00f3s a posse, o novo Conselho reuniu com Ana Abrunhosa, Nuno Faria (representante do antigo Conselho), Francisco Gouveia (R.H. dos SMTUC) e membros do Gabinete de Apoio \u00e0 Presid\u00eancia. Foram apresentados dossiers e debatidos os problemas atuais.<\/p>\n<p>A nomea\u00e7\u00e3o de Barata e Rodrigues foi aprovada a 22 de dezembro, sob o regime jur\u00eddico aplic\u00e1vel \u00e0s entidades empresariais locais, previsto na Lei n.\u00ba 50\/2012. A medida enquadra-se numa estrat\u00e9gia de gest\u00e3o profissional dos SMTUC.<\/p>\n<h3>Perfis dos administradores<\/h3>\n<p>Eduardo Barata \u00e9 economista, professor associado na Faculdade de Economia da UC e investigador no CeBER. Tem experi\u00eancia na avalia\u00e7\u00e3o de pol\u00edticas p\u00fablicas, planeamento regional e transportes, tendo coordenado a Metro Mondego, S.A. entre 2019 e 2025.<\/p>\n<p>Marilene Rodrigues \u00e9 licenciada em Direito, com forma\u00e7\u00e3o adicional em Direito Banc\u00e1rio e Processo Civil Europeu. Desempenha fun\u00e7\u00f5es no Munic\u00edpio de Miranda do Corvo desde 2004 e foi vice-presidente da C\u00e2mara Municipal (2021-2025).<\/p>\n","protected":false},"excerpt":{"rendered":"<ul>\n<li>Eduardo Barata, economista e professor associado da Faculdade de Economia da Universidade de Coimbra, tomou posse como presidente do Conselho de Administra\u00e7\u00e3o dos SMTUC, acompanhado de Marilene Rodrigues, no \u00e2mbito de um mandato de tr\u00eas anos.<\/li>\n<li>A cerim\u00f3nia contou com a presen\u00e7a da presidente da C\u00e2mara Municipal de Coimbra, Ana Abrunhosa, e ocorreu nas instala\u00e7\u00f5es dos SMTUC.<\/li>\n<li>Logo ap\u00f3s a posse, o novo Conselho reuniu com a C\u00e2mara, com Nuno Faria, representante do anterior Conselho, com Francisco Gouveia, respons\u00e1vel pelos Recursos Humanos, e com membros do Gabinete de Apoio \u00e0 Presid\u00eancia para apresentar dossiers e debater problemas atuais.<\/li>\n<li>A nomea\u00e7\u00e3o de Barata e Rodrigues foi aprovada em 22 de dezembro, ao abrigo da Lei n.\u00ba 50\/2012, que regula o regime jur\u00eddico aplic\u00e1vel \u00e0s entidades locais de economia social.<\/li>\n<li>O objetivo, segundo o contexto, \u00e9 estabelecer um modelo de gest\u00e3o profissional e t\u00e9cnico para os SMTUC, alinhado com os desafios atuais dos transportes urbanos.<\/li>\n<\/ul>\n","protected":false},"author":2,"featured_media":112637,"comment_status":"closed","ping_status":"closed","sticky":false,"template":"","format":"standard","meta":{"footnotes":""},"categories":[1],"tags":[168,1070,552,792,2110,363],"class_list":["post-112632","post","type-post","status-publish","format-standard","has-post-thumbnail","hentry","category-noticias","tag-administracao-publica","tag-coimbra","tag-conselho-de-administracao","tag-gestao-de-mobilidade","tag-mobilidade","tag-transportes"],"yoast_head":"<!-- This site is optimized with the Yoast SEO plugin v27.2 - https:\/\/yoast.com\/product\/yoast-seo-wordpress\/ -->\n<title>Novo Conselho de Administra\u00e7\u00e3o dos SMTUC toma posse hoje - Portal Tela Portugal<\/title>\n<meta name=\"robots\" content=\"index, follow, max-snippet:-1, max-image-preview:large, max-video-preview:-1\" \/>\n<meta property=\"og:locale\" content=\"pt_PT\" \/>\n<meta property=\"og:type\" content=\"article\" \/>\n<meta property=\"og:title\" content=\"Novo Conselho de Administra\u00e7\u00e3o dos SMTUC toma posse hoje - Portal Tela Portugal\" \/>\n<meta property=\"og:description\" content=\"Eduardo Barata, economista e professor associado da Faculdade de Economia da Universidade de Coimbra, tomou posse como presidente do Conselho de Administra\u00e7\u00e3o dos SMTUC, acompanhado de Marilene Rodrigues, no \u00e2mbito de um mandato de tr\u00eas anos. A cerim\u00f3nia contou com a presen\u00e7a da presidente da C\u00e2mara Municipal de Coimbra, Ana Abrunhosa, e ocorreu nas instala\u00e7\u00f5es dos SMTUC. Logo ap\u00f3s a posse, o novo Conselho reuniu com a C\u00e2mara, com Nuno Faria, representante do anterior Conselho, com Francisco Gouveia, respons\u00e1vel pelos Recursos Humanos, e com membros do Gabinete de Apoio \u00e0 Presid\u00eancia para apresentar dossiers e debater problemas atuais. A nomea\u00e7\u00e3o de Barata e Rodrigues foi aprovada em 22 de dezembro, ao abrigo da Lei n.\u00ba 50\/2012, que regula o regime jur\u00eddico aplic\u00e1vel \u00e0s entidades locais de economia social. O objetivo, segundo o contexto, \u00e9 estabelecer um modelo de gest\u00e3o profissional e t\u00e9cnico para os SMTUC, alinhado com os desafios atuais dos transportes urbanos.\" \/>\n<meta property=\"og:url\" content=\"https:\/\/portaltela.pt\/noticias\/2026\/01\/02\/novo-conselho-de-administracao-dos-smtuc-toma-posse-hoje\/\" \/>\n<meta property=\"og:site_name\" content=\"Portal Tela Portugal\" \/>\n<meta property=\"article:published_time\" content=\"2026-01-02T12:01:36+00:00\" \/>\n<meta name=\"author\" content=\"Telinha\" \/>\n<meta name=\"twitter:card\" content=\"summary_large_image\" \/>\n<meta name=\"twitter:label1\" content=\"Escrito por\" \/>\n\t<meta name=\"twitter:data1\" content=\"Telinha\" \/>\n\t<meta name=\"twitter:label2\" content=\"Tempo estimado de leitura\" \/>\n\t<meta name=\"twitter:data2\" content=\"1 minuto\" \/>\n<script type=\"application\/ld+json\" class=\"yoast-schema-graph\">{\"@context\":\"https:\/\/schema.org\",\"@graph\":[{\"@type\":\"Article\",\"@id\":\"https:\/\/portaltela.pt\/noticias\/2026\/01\/02\/novo-conselho-de-administracao-dos-smtuc-toma-posse-hoje\/#article\",\"isPartOf\":{\"@id\":\"https:\/\/portaltela.pt\/noticias\/2026\/01\/02\/novo-conselho-de-administracao-dos-smtuc-toma-posse-hoje\/\"},\"author\":{\"name\":\"Telinha\",\"@id\":\"https:\/\/portaltela.pt\/#\/schema\/person\/c4278d4a6028830caff9ee44b42d32ed\"},\"headline\":\"Novo Conselho de Administra\u00e7\u00e3o dos SMTUC toma posse hoje\",\"datePublished\":\"2026-01-02T12:01:36+00:00\",\"mainEntityOfPage\":{\"@id\":\"https:\/\/portaltela.pt\/noticias\/2026\/01\/02\/novo-conselho-de-administracao-dos-smtuc-toma-posse-hoje\/\"},\"wordCount\":217,\"image\":{\"@id\":\"https:\/\/portaltela.pt\/noticias\/2026\/01\/02\/novo-conselho-de-administracao-dos-smtuc-toma-posse-hoje\/#primaryimage\"},\"thumbnailUrl\":\"https:\/\/portaltela.pt\/s.01k8rhncp4jt1\/2026\/01\/unnamed-file-283.jpg\",\"keywords\":[\"administra\u00e7\u00e3o p\u00fablica\",\"Coimbra\",\"Conselho de Administra\u00e7\u00e3o\",\"gest\u00e3o de mobilidade\",\"mobilidade\",\"transportes\"],\"articleSection\":[\"Not\u00edcias\"],\"inLanguage\":\"pt-PT\"},{\"@type\":\"WebPage\",\"@id\":\"https:\/\/portaltela.pt\/noticias\/2026\/01\/02\/novo-conselho-de-administracao-dos-smtuc-toma-posse-hoje\/\",\"url\":\"https:\/\/portaltela.pt\/noticias\/2026\/01\/02\/novo-conselho-de-administracao-dos-smtuc-toma-posse-hoje\/\",\"name\":\"Novo Conselho de Administra\u00e7\u00e3o dos SMTUC toma posse hoje - Portal Tela Portugal\",\"isPartOf\":{\"@id\":\"https:\/\/portaltela.pt\/#website\"},\"primaryImageOfPage\":{\"@id\":\"https:\/\/portaltela.pt\/noticias\/2026\/01\/02\/novo-conselho-de-administracao-dos-smtuc-toma-posse-hoje\/#primaryimage\"},\"image\":{\"@id\":\"https:\/\/portaltela.pt\/noticias\/2026\/01\/02\/novo-conselho-de-administracao-dos-smtuc-toma-posse-hoje\/#primaryimage\"},\"thumbnailUrl\":\"https:\/\/portaltela.pt\/s.01k8rhncp4jt1\/2026\/01\/unnamed-file-283.jpg\",\"datePublished\":\"2026-01-02T12:01:36+00:00\",\"author\":{\"@id\":\"https:\/\/portaltela.pt\/#\/schema\/person\/c4278d4a6028830caff9ee44b42d32ed\"},\"breadcrumb\":{\"@id\":\"https:\/\/portaltela.pt\/noticias\/2026\/01\/02\/novo-conselho-de-administracao-dos-smtuc-toma-posse-hoje\/#breadcrumb\"},\"inLanguage\":\"pt-PT\",\"potentialAction\":[{\"@type\":\"ReadAction\",\"target\":[\"https:\/\/portaltela.pt\/noticias\/2026\/01\/02\/novo-conselho-de-administracao-dos-smtuc-toma-posse-hoje\/\"]}]},{\"@type\":\"ImageObject\",\"inLanguage\":\"pt-PT\",\"@id\":\"https:\/\/portaltela.pt\/noticias\/2026\/01\/02\/novo-conselho-de-administracao-dos-smtuc-toma-posse-hoje\/#primaryimage\",\"url\":\"https:\/\/portaltela.pt\/s.01k8rhncp4jt1\/2026\/01\/unnamed-file-283.jpg\",\"contentUrl\":\"https:\/\/portaltela.pt\/s.01k8rhncp4jt1\/2026\/01\/unnamed-file-283.jpg\",\"width\":796,\"height\":448,\"caption\":\"Novo Conselho de Administra\u00e7\u00e3o dos SMTUC tomou hoje posse\"},{\"@type\":\"BreadcrumbList\",\"@id\":\"https:\/\/portaltela.pt\/noticias\/2026\/01\/02\/novo-conselho-de-administracao-dos-smtuc-toma-posse-hoje\/#breadcrumb\",\"itemListElement\":[{\"@type\":\"ListItem\",\"position\":1,\"name\":\"In\u00edcio\",\"item\":\"https:\/\/portaltela.pt\/\"},{\"@type\":\"ListItem\",\"position\":2,\"name\":\"Novo Conselho de Administra\u00e7\u00e3o dos SMTUC toma posse hoje\"}]},{\"@type\":\"WebSite\",\"@id\":\"https:\/\/portaltela.pt\/#website\",\"url\":\"https:\/\/portaltela.pt\/\",\"name\":\"Portal Tela Portugal\",\"description\":\"\",\"potentialAction\":[{\"@type\":\"SearchAction\",\"target\":{\"@type\":\"EntryPoint\",\"urlTemplate\":\"https:\/\/portaltela.pt\/?s={search_term_string}\"},\"query-input\":{\"@type\":\"PropertyValueSpecification\",\"valueRequired\":true,\"valueName\":\"search_term_string\"}}],\"inLanguage\":\"pt-PT\"},{\"@type\":\"Person\",\"@id\":\"https:\/\/portaltela.pt\/#\/schema\/person\/c4278d4a6028830caff9ee44b42d32ed\",\"name\":\"Telinha\",\"image\":{\"@type\":\"ImageObject\",\"inLanguage\":\"pt-PT\",\"@id\":\"https:\/\/portaltela.pt\/s.01k8rhncp4jt1\/2025\/11\/talking-bot-125x125.png\",\"url\":\"https:\/\/portaltela.pt\/s.01k8rhncp4jt1\/2025\/11\/talking-bot-125x125.png\",\"contentUrl\":\"https:\/\/portaltela.pt\/s.01k8rhncp4jt1\/2025\/11\/talking-bot-125x125.png\",\"caption\":\"Telinha\"},\"sameAs\":[\"https:\/\/portaltela.pt\/\"],\"url\":\"https:\/\/portaltela.pt\/por\/367410592786\/\"}]}<\/script>\n<!-- \/ Yoast SEO plugin. -->","yoast_head_json":{"title":"Novo Conselho de Administra\u00e7\u00e3o dos SMTUC toma posse hoje - Portal Tela Portugal","robots":{"index":"index","follow":"follow","max-snippet":"max-snippet:-1","max-image-preview":"max-image-preview:large","max-video-preview":"max-video-preview:-1"},"og_locale":"pt_PT","og_type":"article","og_title":"Novo Conselho de Administra\u00e7\u00e3o dos SMTUC toma posse hoje - Portal Tela Portugal","og_description":"Eduardo Barata, economista e professor associado da Faculdade de Economia da Universidade de Coimbra, tomou posse como presidente do Conselho de Administra\u00e7\u00e3o dos SMTUC, acompanhado de Marilene Rodrigues, no \u00e2mbito de um mandato de tr\u00eas anos. A cerim\u00f3nia contou com a presen\u00e7a da presidente da C\u00e2mara Municipal de Coimbra, Ana Abrunhosa, e ocorreu nas instala\u00e7\u00f5es dos SMTUC. Logo ap\u00f3s a posse, o novo Conselho reuniu com a C\u00e2mara, com Nuno Faria, representante do anterior Conselho, com Francisco Gouveia, respons\u00e1vel pelos Recursos Humanos, e com membros do Gabinete de Apoio \u00e0 Presid\u00eancia para apresentar dossiers e debater problemas atuais. A nomea\u00e7\u00e3o de Barata e Rodrigues foi aprovada em 22 de dezembro, ao abrigo da Lei n.\u00ba 50\/2012, que regula o regime jur\u00eddico aplic\u00e1vel \u00e0s entidades locais de economia social. O objetivo, segundo o contexto, \u00e9 estabelecer um modelo de gest\u00e3o profissional e t\u00e9cnico para os SMTUC, alinhado com os desafios atuais dos transportes urbanos.","og_url":"https:\/\/portaltela.pt\/noticias\/2026\/01\/02\/novo-conselho-de-administracao-dos-smtuc-toma-posse-hoje\/","og_site_name":"Portal Tela Portugal","article_published_time":"2026-01-02T12:01:36+00:00","author":"Telinha","twitter_card":"summary_large_image","twitter_misc":{"Escrito por":"Telinha","Tempo estimado de leitura":"1 minuto"},"schema":{"@context":"https:\/\/schema.org","@graph":[{"@type":"Article","@id":"https:\/\/portaltela.pt\/noticias\/2026\/01\/02\/novo-conselho-de-administracao-dos-smtuc-toma-posse-hoje\/#article","isPartOf":{"@id":"https:\/\/portaltela.pt\/noticias\/2026\/01\/02\/novo-conselho-de-administracao-dos-smtuc-toma-posse-hoje\/"},"author":{"name":"Telinha","@id":"https:\/\/portaltela.pt\/#\/schema\/person\/c4278d4a6028830caff9ee44b42d32ed"},"headline":"Novo Conselho de Administra\u00e7\u00e3o dos SMTUC toma posse hoje","datePublished":"2026-01-02T12:01:36+00:00","mainEntityOfPage":{"@id":"https:\/\/portaltela.pt\/noticias\/2026\/01\/02\/novo-conselho-de-administracao-dos-smtuc-toma-posse-hoje\/"},"wordCount":217,"image":{"@id":"https:\/\/portaltela.pt\/noticias\/2026\/01\/02\/novo-conselho-de-administracao-dos-smtuc-toma-posse-hoje\/#primaryimage"},"thumbnailUrl":"https:\/\/portaltela.pt\/s.01k8rhncp4jt1\/2026\/01\/unnamed-file-283.jpg","keywords":["administra\u00e7\u00e3o p\u00fablica","Coimbra","Conselho de Administra\u00e7\u00e3o","gest\u00e3o de mobilidade","mobilidade","transportes"],"articleSection":["Not\u00edcias"],"inLanguage":"pt-PT"},{"@type":"WebPage","@id":"https:\/\/portaltela.pt\/noticias\/2026\/01\/02\/novo-conselho-de-administracao-dos-smtuc-toma-posse-hoje\/","url":"https:\/\/portaltela.pt\/noticias\/2026\/01\/02\/novo-conselho-de-administracao-dos-smtuc-toma-posse-hoje\/","name":"Novo Conselho de Administra\u00e7\u00e3o dos SMTUC toma posse hoje - Portal Tela Portugal","isPartOf":{"@id":"https:\/\/portaltela.pt\/#website"},"primaryImageOfPage":{"@id":"https:\/\/portaltela.pt\/noticias\/2026\/01\/02\/novo-conselho-de-administracao-dos-smtuc-toma-posse-hoje\/#primaryimage"},"image":{"@id":"https:\/\/portaltela.pt\/noticias\/2026\/01\/02\/novo-conselho-de-administracao-dos-smtuc-toma-posse-hoje\/#primaryimage"},"thumbnailUrl":"https:\/\/portaltela.pt\/s.01k8rhncp4jt1\/2026\/01\/unnamed-file-283.jpg","datePublished":"2026-01-02T12:01:36+00:00","author":{"@id":"https:\/\/portaltela.pt\/#\/schema\/person\/c4278d4a6028830caff9ee44b42d32ed"},"breadcrumb":{"@id":"https:\/\/portaltela.pt\/noticias\/2026\/01\/02\/novo-conselho-de-administracao-dos-smtuc-toma-posse-hoje\/#breadcrumb"},"inLanguage":"pt-PT","potentialAction":[{"@type":"ReadAction","target":["https:\/\/portaltela.pt\/noticias\/2026\/01\/02\/novo-conselho-de-administracao-dos-smtuc-toma-posse-hoje\/"]}]},{"@type":"ImageObject","inLanguage":"pt-PT","@id":"https:\/\/portaltela.pt\/noticias\/2026\/01\/02\/novo-conselho-de-administracao-dos-smtuc-toma-posse-hoje\/#primaryimage","url":"https:\/\/portaltela.pt\/s.01k8rhncp4jt1\/2026\/01\/unnamed-file-283.jpg","contentUrl":"https:\/\/portaltela.pt\/s.01k8rhncp4jt1\/2026\/01\/unnamed-file-283.jpg","width":796,"height":448,"caption":"Novo Conselho de Administra\u00e7\u00e3o dos SMTUC tomou hoje posse"},{"@type":"BreadcrumbList","@id":"https:\/\/portaltela.pt\/noticias\/2026\/01\/02\/novo-conselho-de-administracao-dos-smtuc-toma-posse-hoje\/#breadcrumb","itemListElement":[{"@type":"ListItem","position":1,"name":"In\u00edcio","item":"https:\/\/portaltela.pt\/"},{"@type":"ListItem","position":2,"name":"Novo Conselho de Administra\u00e7\u00e3o dos SMTUC toma posse hoje"}]},{"@type":"WebSite","@id":"https:\/\/portaltela.pt\/#website","url":"https:\/\/portaltela.pt\/","name":"Portal Tela Portugal","description":"","potentialAction":[{"@type":"SearchAction","target":{"@type":"EntryPoint","urlTemplate":"https:\/\/portaltela.pt\/?s={search_term_string}"},"query-input":{"@type":"PropertyValueSpecification","valueRequired":true,"valueName":"search_term_string"}}],"inLanguage":"pt-PT"},{"@type":"Person","@id":"https:\/\/portaltela.pt\/#\/schema\/person\/c4278d4a6028830caff9ee44b42d32ed","name":"Telinha","image":{"@type":"ImageObject","inLanguage":"pt-PT","@id":"https:\/\/portaltela.pt\/s.01k8rhncp4jt1\/2025\/11\/talking-bot-125x125.png","url":"https:\/\/portaltela.pt\/s.01k8rhncp4jt1\/2025\/11\/talking-bot-125x125.png","contentUrl":"https:\/\/portaltela.pt\/s.01k8rhncp4jt1\/2025\/11\/talking-bot-125x125.png","caption":"Telinha"},"sameAs":["https:\/\/portaltela.pt\/"],"url":"https:\/\/portaltela.pt\/por\/367410592786\/"}]}},"_links":{"self":[{"href":"https:\/\/portaltela.pt\/api\/wp\/v2\/posts\/112632","targetHints":{"allow":["GET"]}}],"collection":[{"href":"https:\/\/portaltela.pt\/api\/wp\/v2\/posts"}],"about":[{"href":"https:\/\/portaltela.pt\/api\/wp\/v2\/types\/post"}],"author":[{"embeddable":true,"href":"https:\/\/portaltela.pt\/api\/wp\/v2\/users\/2"}],"replies":[{"embeddable":true,"href":"https:\/\/portaltela.pt\/api\/wp\/v2\/comments?post=112632"}],"version-history":[{"count":0,"href":"https:\/\/portaltela.pt\/api\/wp\/v2\/posts\/112632\/revisions"}],"wp:featuredmedia":[{"embeddable":true,"href":"https:\/\/portaltela.pt\/api\/wp\/v2\/media\/112637"}],"wp:attachment":[{"href":"https:\/\/portaltela.pt\/api\/wp\/v2\/media?parent=112632"}],"wp:term":[{"taxonomy":"category","embeddable":true,"href":"https:\/\/portaltela.pt\/api\/wp\/v2\/categories?post=112632"},{"taxonomy":"post_tag","embeddable":true,"href":"https:\/\/portaltela.pt\/api\/wp\/v2\/tags?post=112632"}],"curies":[{"name":"wp","href":"https:\/\/api.w.org\/{rel}","templated":true}]}}