{"id":112341,"date":"2026-01-02T06:49:00","date_gmt":"2026-01-02T09:49:00","guid":{"rendered":"https:\/\/portaltela.pt\/noticias\/2026\/01\/02\/jogador-portugues-bem-visto-em-franca-eder-e-caso-a-parte\/"},"modified":"2026-01-02T06:49:00","modified_gmt":"2026-01-02T09:49:00","slug":"jogador-portugues-bem-visto-em-franca-eder-e-caso-a-parte","status":"publish","type":"post","link":"https:\/\/portaltela.pt\/desporto\/futebol\/2026\/01\/02\/jogador-portugues-bem-visto-em-franca-eder-e-caso-a-parte\/","title":{"rendered":"Jogador portugu\u00eas bem visto em Fran\u00e7a; \u00c9der \u00e9 caso \u00e0 parte"},"content":{"rendered":"<p>F\u00e9lix Correia, jogador do Lille, afirmou, em tom bem-humorado, que a rela\u00e7\u00e3o entre adeptos franceses e \u00c9der \u00e9 uma exce\u00e7\u00e3o marcante. O coment\u00e1rio surge num contexto de interc\u00e2mbio entre Portugal e Fran\u00e7a no futebol.<\/p>\n<p>Correia destacou que, em geral, os jogadores portugueses s\u00e3o bem recebidos em Fran\u00e7a, mas \u00c9der recebe uma aten\u00e7\u00e3o especial por ter marcado o gol da vit\u00f3ria de Portugal na final do Euro 2016.<\/p>\n<p>O m\u00e9dio lusitano comentou ainda que a rela\u00e7\u00e3o entre portugueses e franceses \u00e9 de respeito m\u00fatuo, e que se sente bem acolhido no pa\u00eds onde atua na Ligue 1. \u00c9der, para ele, permanece uma figura singular.<\/p>\n<h3>Rela\u00e7\u00e3o entre Portugal e Fran\u00e7a no futebol<\/h3>\n<p>\u00c9der ganhou proje\u00e7\u00e3o internacional ao vencer a final frente \u00e0 Fran\u00e7a na Euro 2016, consolidando a sua posi\u00e7\u00e3o na hist\u00f3ria do futebol portugu\u00eas. Correia atua pelo Lille, clube franc\u00eas da Ligue 1, numa trajet\u00f3ria que inclui passagens por equipas nacionais e internacionais.<\/p>\n<p>A tert\u00falia entre adeptos de ambos os pa\u00edses no futebol tem vivido interc\u00e2mbios constantes, mantendo uma rela\u00e7\u00e3o de coopera\u00e7\u00e3o e competi\u00e7\u00e3o amistosa, com casos de di\u00e1logo entre clubes e sele\u00e7\u00f5es ao longo dos anos.<\/p>\n","protected":false},"excerpt":{"rendered":"<ul>\n<li>F\u00e9lix Correia, jogador do Lille, comentou de forma bem-humorada a rela\u00e7\u00e3o entre adeptos franceses e \u00c9der, classificando o internacional portugu\u00eas como uma exce\u00e7\u00e3o marcante.<\/li>\n<li>O defesa\/atacante afirmou que, de modo geral, os jogadores portugueses s\u00e3o bem vistos em Fran\u00e7a, mas \u00c9der ocupa um lugar especial pela sua hist\u00f3ria na final do Euro 2016.<\/li>\n<li>Correia destacou que \u00c9der teve um momento decisivo na final de Euro 2016, quando marcou o golo da vit\u00f3ria de Portugal frente \u00e0 Fran\u00e7a.<\/li>\n<li>O Lille tem carreira na Ligue 1, e Correia disse sentir-se bem recebido na Fran\u00e7a, descrevendo a rela\u00e7\u00e3o entre portugueses e franceses como amistosa e respeitosa.<\/li>\n<li>O atleta concluiu que, embora \u00c9der seja uma exce\u00e7\u00e3o, a maioria dos jogadores portugueses \u00e9 bem recebida em Fran\u00e7a e que a rela\u00e7\u00e3o entre os dois pa\u00edses no football \u00e9 positiva.<\/li>\n<\/ul>\n","protected":false},"author":2,"featured_media":112343,"comment_status":"closed","ping_status":"closed","sticky":false,"template":"","format":"standard","meta":{"footnotes":""},"categories":[21,24],"tags":[1294,1856,32,2290,1822,1014],"class_list":["post-112341","post","type-post","status-publish","format-standard","has-post-thumbnail","hentry","category-desporto","category-futebol","tag-eder","tag-franca","tag-futebol","tag-intercambios-internacionais","tag-ligue-1","tag-portugal"],"yoast_head":"<!-- This site is optimized with the Yoast SEO plugin v27.2 - https:\/\/yoast.com\/product\/yoast-seo-wordpress\/ -->\n<title>Jogador portugu\u00eas bem visto em Fran\u00e7a; \u00c9der \u00e9 caso \u00e0 parte - Portal Tela Portugal<\/title>\n<meta name=\"robots\" content=\"index, follow, max-snippet:-1, max-image-preview:large, max-video-preview:-1\" \/>\n<meta property=\"og:locale\" content=\"pt_PT\" \/>\n<meta property=\"og:type\" content=\"article\" \/>\n<meta property=\"og:title\" content=\"Jogador portugu\u00eas bem visto em Fran\u00e7a; \u00c9der \u00e9 caso \u00e0 parte - Portal Tela Portugal\" \/>\n<meta property=\"og:description\" content=\"F\u00e9lix Correia, jogador do Lille, comentou de forma bem-humorada a rela\u00e7\u00e3o entre adeptos franceses e \u00c9der, classificando o internacional portugu\u00eas como uma exce\u00e7\u00e3o marcante. O defesa\/atacante afirmou que, de modo geral, os jogadores portugueses s\u00e3o bem vistos em Fran\u00e7a, mas \u00c9der ocupa um lugar especial pela sua hist\u00f3ria na final do Euro 2016. Correia destacou que \u00c9der teve um momento decisivo na final de Euro 2016, quando marcou o golo da vit\u00f3ria de Portugal frente \u00e0 Fran\u00e7a. O Lille tem carreira na Ligue 1, e Correia disse sentir-se bem recebido na Fran\u00e7a, descrevendo a rela\u00e7\u00e3o entre portugueses e franceses como amistosa e respeitosa. O atleta concluiu que, embora \u00c9der seja uma exce\u00e7\u00e3o, a maioria dos jogadores portugueses \u00e9 bem recebida em Fran\u00e7a e que a rela\u00e7\u00e3o entre os dois pa\u00edses no football \u00e9 positiva.\" \/>\n<meta property=\"og:url\" content=\"https:\/\/portaltela.pt\/noticias\/2026\/01\/02\/jogador-portugues-bem-visto-em-franca-eder-e-caso-a-parte\/\" \/>\n<meta property=\"og:site_name\" content=\"Portal Tela Portugal\" \/>\n<meta property=\"article:published_time\" content=\"2026-01-02T09:49:00+00:00\" \/>\n<meta name=\"author\" content=\"Telinha\" \/>\n<meta name=\"twitter:card\" content=\"summary_large_image\" \/>\n<meta name=\"twitter:label1\" content=\"Escrito por\" \/>\n\t<meta name=\"twitter:data1\" content=\"Telinha\" \/>\n\t<meta name=\"twitter:label2\" content=\"Tempo estimado de leitura\" \/>\n\t<meta name=\"twitter:data2\" content=\"1 minuto\" \/>\n<script type=\"application\/ld+json\" class=\"yoast-schema-graph\">{\"@context\":\"https:\/\/schema.org\",\"@graph\":[{\"@type\":\"Article\",\"@id\":\"https:\/\/portaltela.pt\/noticias\/2026\/01\/02\/jogador-portugues-bem-visto-em-franca-eder-e-caso-a-parte\/#article\",\"isPartOf\":{\"@id\":\"https:\/\/portaltela.pt\/noticias\/2026\/01\/02\/jogador-portugues-bem-visto-em-franca-eder-e-caso-a-parte\/\"},\"author\":{\"name\":\"Telinha\",\"@id\":\"https:\/\/portaltela.pt\/#\/schema\/person\/c4278d4a6028830caff9ee44b42d32ed\"},\"headline\":\"Jogador portugu\u00eas bem visto em Fran\u00e7a; \u00c9der \u00e9 caso \u00e0 parte\",\"datePublished\":\"2026-01-02T09:49:00+00:00\",\"mainEntityOfPage\":{\"@id\":\"https:\/\/portaltela.pt\/noticias\/2026\/01\/02\/jogador-portugues-bem-visto-em-franca-eder-e-caso-a-parte\/\"},\"wordCount\":221,\"image\":{\"@id\":\"https:\/\/portaltela.pt\/noticias\/2026\/01\/02\/jogador-portugues-bem-visto-em-franca-eder-e-caso-a-parte\/#primaryimage\"},\"thumbnailUrl\":\"https:\/\/portaltela.pt\/s.01k8rhncp4jt1\/2026\/01\/9a6cadc7-fd22-4866-9a7a-3f934e4deadb.jpg\",\"keywords\":[\"\u00c9der\",\"Fran\u00e7a\",\"futebol\",\"interc\u00e2mbios internacionais\",\"Ligue 1\",\"Portugal\"],\"articleSection\":[\"Desporto\",\"Futebol\"],\"inLanguage\":\"pt-PT\"},{\"@type\":\"WebPage\",\"@id\":\"https:\/\/portaltela.pt\/noticias\/2026\/01\/02\/jogador-portugues-bem-visto-em-franca-eder-e-caso-a-parte\/\",\"url\":\"https:\/\/portaltela.pt\/noticias\/2026\/01\/02\/jogador-portugues-bem-visto-em-franca-eder-e-caso-a-parte\/\",\"name\":\"Jogador portugu\u00eas bem visto em Fran\u00e7a; \u00c9der \u00e9 caso \u00e0 parte - Portal Tela Portugal\",\"isPartOf\":{\"@id\":\"https:\/\/portaltela.pt\/#website\"},\"primaryImageOfPage\":{\"@id\":\"https:\/\/portaltela.pt\/noticias\/2026\/01\/02\/jogador-portugues-bem-visto-em-franca-eder-e-caso-a-parte\/#primaryimage\"},\"image\":{\"@id\":\"https:\/\/portaltela.pt\/noticias\/2026\/01\/02\/jogador-portugues-bem-visto-em-franca-eder-e-caso-a-parte\/#primaryimage\"},\"thumbnailUrl\":\"https:\/\/portaltela.pt\/s.01k8rhncp4jt1\/2026\/01\/9a6cadc7-fd22-4866-9a7a-3f934e4deadb.jpg\",\"datePublished\":\"2026-01-02T09:49:00+00:00\",\"author\":{\"@id\":\"https:\/\/portaltela.pt\/#\/schema\/person\/c4278d4a6028830caff9ee44b42d32ed\"},\"breadcrumb\":{\"@id\":\"https:\/\/portaltela.pt\/noticias\/2026\/01\/02\/jogador-portugues-bem-visto-em-franca-eder-e-caso-a-parte\/#breadcrumb\"},\"inLanguage\":\"pt-PT\",\"potentialAction\":[{\"@type\":\"ReadAction\",\"target\":[\"https:\/\/portaltela.pt\/noticias\/2026\/01\/02\/jogador-portugues-bem-visto-em-franca-eder-e-caso-a-parte\/\"]}]},{\"@type\":\"ImageObject\",\"inLanguage\":\"pt-PT\",\"@id\":\"https:\/\/portaltela.pt\/noticias\/2026\/01\/02\/jogador-portugues-bem-visto-em-franca-eder-e-caso-a-parte\/#primaryimage\",\"url\":\"https:\/\/portaltela.pt\/s.01k8rhncp4jt1\/2026\/01\/9a6cadc7-fd22-4866-9a7a-3f934e4deadb.jpg\",\"contentUrl\":\"https:\/\/portaltela.pt\/s.01k8rhncp4jt1\/2026\/01\/9a6cadc7-fd22-4866-9a7a-3f934e4deadb.jpg\",\"width\":796,\"height\":448,\"caption\":\"\u00abO jogador portugu\u00eas \u00e9 bem visto em Fran\u00e7a, mas o \u00c9der \u00e9 um caso \u00e0 parte...\u00bb\"},{\"@type\":\"BreadcrumbList\",\"@id\":\"https:\/\/portaltela.pt\/noticias\/2026\/01\/02\/jogador-portugues-bem-visto-em-franca-eder-e-caso-a-parte\/#breadcrumb\",\"itemListElement\":[{\"@type\":\"ListItem\",\"position\":1,\"name\":\"In\u00edcio\",\"item\":\"https:\/\/portaltela.pt\/\"},{\"@type\":\"ListItem\",\"position\":2,\"name\":\"Jogador portugu\u00eas bem visto em Fran\u00e7a; \u00c9der \u00e9 caso \u00e0 parte\"}]},{\"@type\":\"WebSite\",\"@id\":\"https:\/\/portaltela.pt\/#website\",\"url\":\"https:\/\/portaltela.pt\/\",\"name\":\"Portal Tela Portugal\",\"description\":\"\",\"potentialAction\":[{\"@type\":\"SearchAction\",\"target\":{\"@type\":\"EntryPoint\",\"urlTemplate\":\"https:\/\/portaltela.pt\/?s={search_term_string}\"},\"query-input\":{\"@type\":\"PropertyValueSpecification\",\"valueRequired\":true,\"valueName\":\"search_term_string\"}}],\"inLanguage\":\"pt-PT\"},{\"@type\":\"Person\",\"@id\":\"https:\/\/portaltela.pt\/#\/schema\/person\/c4278d4a6028830caff9ee44b42d32ed\",\"name\":\"Telinha\",\"image\":{\"@type\":\"ImageObject\",\"inLanguage\":\"pt-PT\",\"@id\":\"https:\/\/portaltela.pt\/s.01k8rhncp4jt1\/2025\/11\/talking-bot-125x125.png\",\"url\":\"https:\/\/portaltela.pt\/s.01k8rhncp4jt1\/2025\/11\/talking-bot-125x125.png\",\"contentUrl\":\"https:\/\/portaltela.pt\/s.01k8rhncp4jt1\/2025\/11\/talking-bot-125x125.png\",\"caption\":\"Telinha\"},\"sameAs\":[\"https:\/\/portaltela.pt\/\"],\"url\":\"https:\/\/portaltela.pt\/por\/367410592786\/\"}]}<\/script>\n<!-- \/ Yoast SEO plugin. -->","yoast_head_json":{"title":"Jogador portugu\u00eas bem visto em Fran\u00e7a; \u00c9der \u00e9 caso \u00e0 parte - Portal Tela Portugal","robots":{"index":"index","follow":"follow","max-snippet":"max-snippet:-1","max-image-preview":"max-image-preview:large","max-video-preview":"max-video-preview:-1"},"og_locale":"pt_PT","og_type":"article","og_title":"Jogador portugu\u00eas bem visto em Fran\u00e7a; \u00c9der \u00e9 caso \u00e0 parte - Portal Tela Portugal","og_description":"F\u00e9lix Correia, jogador do Lille, comentou de forma bem-humorada a rela\u00e7\u00e3o entre adeptos franceses e \u00c9der, classificando o internacional portugu\u00eas como uma exce\u00e7\u00e3o marcante. O defesa\/atacante afirmou que, de modo geral, os jogadores portugueses s\u00e3o bem vistos em Fran\u00e7a, mas \u00c9der ocupa um lugar especial pela sua hist\u00f3ria na final do Euro 2016. Correia destacou que \u00c9der teve um momento decisivo na final de Euro 2016, quando marcou o golo da vit\u00f3ria de Portugal frente \u00e0 Fran\u00e7a. O Lille tem carreira na Ligue 1, e Correia disse sentir-se bem recebido na Fran\u00e7a, descrevendo a rela\u00e7\u00e3o entre portugueses e franceses como amistosa e respeitosa. O atleta concluiu que, embora \u00c9der seja uma exce\u00e7\u00e3o, a maioria dos jogadores portugueses \u00e9 bem recebida em Fran\u00e7a e que a rela\u00e7\u00e3o entre os dois pa\u00edses no football \u00e9 positiva.","og_url":"https:\/\/portaltela.pt\/noticias\/2026\/01\/02\/jogador-portugues-bem-visto-em-franca-eder-e-caso-a-parte\/","og_site_name":"Portal Tela Portugal","article_published_time":"2026-01-02T09:49:00+00:00","author":"Telinha","twitter_card":"summary_large_image","twitter_misc":{"Escrito por":"Telinha","Tempo estimado de leitura":"1 minuto"},"schema":{"@context":"https:\/\/schema.org","@graph":[{"@type":"Article","@id":"https:\/\/portaltela.pt\/noticias\/2026\/01\/02\/jogador-portugues-bem-visto-em-franca-eder-e-caso-a-parte\/#article","isPartOf":{"@id":"https:\/\/portaltela.pt\/noticias\/2026\/01\/02\/jogador-portugues-bem-visto-em-franca-eder-e-caso-a-parte\/"},"author":{"name":"Telinha","@id":"https:\/\/portaltela.pt\/#\/schema\/person\/c4278d4a6028830caff9ee44b42d32ed"},"headline":"Jogador portugu\u00eas bem visto em Fran\u00e7a; \u00c9der \u00e9 caso \u00e0 parte","datePublished":"2026-01-02T09:49:00+00:00","mainEntityOfPage":{"@id":"https:\/\/portaltela.pt\/noticias\/2026\/01\/02\/jogador-portugues-bem-visto-em-franca-eder-e-caso-a-parte\/"},"wordCount":221,"image":{"@id":"https:\/\/portaltela.pt\/noticias\/2026\/01\/02\/jogador-portugues-bem-visto-em-franca-eder-e-caso-a-parte\/#primaryimage"},"thumbnailUrl":"https:\/\/portaltela.pt\/s.01k8rhncp4jt1\/2026\/01\/9a6cadc7-fd22-4866-9a7a-3f934e4deadb.jpg","keywords":["\u00c9der","Fran\u00e7a","futebol","interc\u00e2mbios internacionais","Ligue 1","Portugal"],"articleSection":["Desporto","Futebol"],"inLanguage":"pt-PT"},{"@type":"WebPage","@id":"https:\/\/portaltela.pt\/noticias\/2026\/01\/02\/jogador-portugues-bem-visto-em-franca-eder-e-caso-a-parte\/","url":"https:\/\/portaltela.pt\/noticias\/2026\/01\/02\/jogador-portugues-bem-visto-em-franca-eder-e-caso-a-parte\/","name":"Jogador portugu\u00eas bem visto em Fran\u00e7a; \u00c9der \u00e9 caso \u00e0 parte - Portal Tela Portugal","isPartOf":{"@id":"https:\/\/portaltela.pt\/#website"},"primaryImageOfPage":{"@id":"https:\/\/portaltela.pt\/noticias\/2026\/01\/02\/jogador-portugues-bem-visto-em-franca-eder-e-caso-a-parte\/#primaryimage"},"image":{"@id":"https:\/\/portaltela.pt\/noticias\/2026\/01\/02\/jogador-portugues-bem-visto-em-franca-eder-e-caso-a-parte\/#primaryimage"},"thumbnailUrl":"https:\/\/portaltela.pt\/s.01k8rhncp4jt1\/2026\/01\/9a6cadc7-fd22-4866-9a7a-3f934e4deadb.jpg","datePublished":"2026-01-02T09:49:00+00:00","author":{"@id":"https:\/\/portaltela.pt\/#\/schema\/person\/c4278d4a6028830caff9ee44b42d32ed"},"breadcrumb":{"@id":"https:\/\/portaltela.pt\/noticias\/2026\/01\/02\/jogador-portugues-bem-visto-em-franca-eder-e-caso-a-parte\/#breadcrumb"},"inLanguage":"pt-PT","potentialAction":[{"@type":"ReadAction","target":["https:\/\/portaltela.pt\/noticias\/2026\/01\/02\/jogador-portugues-bem-visto-em-franca-eder-e-caso-a-parte\/"]}]},{"@type":"ImageObject","inLanguage":"pt-PT","@id":"https:\/\/portaltela.pt\/noticias\/2026\/01\/02\/jogador-portugues-bem-visto-em-franca-eder-e-caso-a-parte\/#primaryimage","url":"https:\/\/portaltela.pt\/s.01k8rhncp4jt1\/2026\/01\/9a6cadc7-fd22-4866-9a7a-3f934e4deadb.jpg","contentUrl":"https:\/\/portaltela.pt\/s.01k8rhncp4jt1\/2026\/01\/9a6cadc7-fd22-4866-9a7a-3f934e4deadb.jpg","width":796,"height":448,"caption":"\u00abO jogador portugu\u00eas \u00e9 bem visto em Fran\u00e7a, mas o \u00c9der \u00e9 um caso \u00e0 parte...\u00bb"},{"@type":"BreadcrumbList","@id":"https:\/\/portaltela.pt\/noticias\/2026\/01\/02\/jogador-portugues-bem-visto-em-franca-eder-e-caso-a-parte\/#breadcrumb","itemListElement":[{"@type":"ListItem","position":1,"name":"In\u00edcio","item":"https:\/\/portaltela.pt\/"},{"@type":"ListItem","position":2,"name":"Jogador portugu\u00eas bem visto em Fran\u00e7a; \u00c9der \u00e9 caso \u00e0 parte"}]},{"@type":"WebSite","@id":"https:\/\/portaltela.pt\/#website","url":"https:\/\/portaltela.pt\/","name":"Portal Tela Portugal","description":"","potentialAction":[{"@type":"SearchAction","target":{"@type":"EntryPoint","urlTemplate":"https:\/\/portaltela.pt\/?s={search_term_string}"},"query-input":{"@type":"PropertyValueSpecification","valueRequired":true,"valueName":"search_term_string"}}],"inLanguage":"pt-PT"},{"@type":"Person","@id":"https:\/\/portaltela.pt\/#\/schema\/person\/c4278d4a6028830caff9ee44b42d32ed","name":"Telinha","image":{"@type":"ImageObject","inLanguage":"pt-PT","@id":"https:\/\/portaltela.pt\/s.01k8rhncp4jt1\/2025\/11\/talking-bot-125x125.png","url":"https:\/\/portaltela.pt\/s.01k8rhncp4jt1\/2025\/11\/talking-bot-125x125.png","contentUrl":"https:\/\/portaltela.pt\/s.01k8rhncp4jt1\/2025\/11\/talking-bot-125x125.png","caption":"Telinha"},"sameAs":["https:\/\/portaltela.pt\/"],"url":"https:\/\/portaltela.pt\/por\/367410592786\/"}]}},"_links":{"self":[{"href":"https:\/\/portaltela.pt\/api\/wp\/v2\/posts\/112341","targetHints":{"allow":["GET"]}}],"collection":[{"href":"https:\/\/portaltela.pt\/api\/wp\/v2\/posts"}],"about":[{"href":"https:\/\/portaltela.pt\/api\/wp\/v2\/types\/post"}],"author":[{"embeddable":true,"href":"https:\/\/portaltela.pt\/api\/wp\/v2\/users\/2"}],"replies":[{"embeddable":true,"href":"https:\/\/portaltela.pt\/api\/wp\/v2\/comments?post=112341"}],"version-history":[{"count":0,"href":"https:\/\/portaltela.pt\/api\/wp\/v2\/posts\/112341\/revisions"}],"wp:featuredmedia":[{"embeddable":true,"href":"https:\/\/portaltela.pt\/api\/wp\/v2\/media\/112343"}],"wp:attachment":[{"href":"https:\/\/portaltela.pt\/api\/wp\/v2\/media?parent=112341"}],"wp:term":[{"taxonomy":"category","embeddable":true,"href":"https:\/\/portaltela.pt\/api\/wp\/v2\/categories?post=112341"},{"taxonomy":"post_tag","embeddable":true,"href":"https:\/\/portaltela.pt\/api\/wp\/v2\/tags?post=112341"}],"curies":[{"name":"wp","href":"https:\/\/api.w.org\/{rel}","templated":true}]}}