{"id":112298,"date":"2026-01-02T06:30:00","date_gmt":"2026-01-02T09:30:00","guid":{"rendered":"https:\/\/portaltela.pt\/noticias\/2026\/01\/02\/balanco-do-ano-visao-sobre-o-futebol-internacional\/"},"modified":"2026-01-02T06:30:00","modified_gmt":"2026-01-02T09:30:00","slug":"balanco-do-ano-visao-sobre-o-futebol-internacional","status":"publish","type":"post","link":"https:\/\/portaltela.pt\/desporto\/futebol\/2026\/01\/02\/balanco-do-ano-visao-sobre-o-futebol-internacional\/","title":{"rendered":"Balan\u00e7o do ano: vis\u00e3o sobre o futebol internacional"},"content":{"rendered":"<p>O ano de 2025 ficou marcado pelo dom\u00ednio do PSG no panorama internacional, com a equipa a somar seis trof\u00e9us, incluindo a Liga dos Campe\u00f5es e a Ta\u00e7a Intercontinental. A humidade da \u00e9poca refor\u00e7ou a ideia de um rolo compressor em competi\u00e7\u00e3o europeia e global. A not\u00edcia resulta de balan\u00e7o recente divulgado pela imprensa desportiva.<\/p>\n<p>Al\u00e9m do PSG, o Liverpool manteve-se competitivo na Premier League, enquanto o Flamengo consolidou o dom\u00ednio na Am\u00e9rica do Sul. No futebol internacional, Lionel Messi e Paulinho foram apontados como grandes destaques, contribuindo para as din\u00e2micas de ataque e meio-campo em v\u00e1rias frentes.<\/p>\n<h3>Consolida\u00e7\u00e3o de alian\u00e7as e projectedos<\/h3>\n<p>A not\u00edcia tamb\u00e9m destaca a continuidade da parceria entre Jorge Jesus, Jo\u00e3o F\u00e9lix e Cristiano Ronaldo no projeto do Al Nassr, sugerindo impactos consistentes no desempenho da equipa saudita. O trio refor\u00e7ou a perce\u00e7\u00e3o de que mudan\u00e7as estrat\u00e9gicas no que dizia respeito a treinadores e jogadores-chave podem moldar o equil\u00edbrio competitivo.<\/p>\n<p>O balan\u00e7o de 2025, segundo a an\u00e1lise, evidencia ainda a volatilidade e a capacidade de resposta de v\u00e1rias ligas e clubes aos desafios log\u00edsticos e desportivos. Messi, Paulinho e as outras refer\u00eancias aparecem como pilares de consist\u00eancia ao longo da temporada. O relat\u00f3rio mant\u00e9m foco em dados e realiza\u00e7\u00f5es verific\u00e1veis, sem ju\u00edzos de valor.<\/p>\n","protected":false},"excerpt":{"rendered":"<ul>\n<li>O PSG revelou-se um rolo compressor em 2025, conquistando seis trof\u00e9us, incluindo a Liga dos Campe\u00f5es e a Ta\u00e7a Intercontinental.<\/li>\n<li>O sucesso do PSG coincidiu com bons resultados do Liverpool, a atuar com destaque na Inglaterra.<\/li>\n<li>O Flamengo manteve o dom\u00ednio na Am\u00e9rica do Sul ao longo do ano.<\/li>\n<li>Messi e Paulinho tiveram desempenhos de relevo em 2025.<\/li>\n<li>O projeto do Al Nassr ganhou for\u00e7a com a jun\u00e7\u00e3o de Jorge Jesus e Jo\u00e3o F\u00e9lix a Cristiano Ronaldo.<\/li>\n<\/ul>\n","protected":false},"author":2,"featured_media":112301,"comment_status":"closed","ping_status":"closed","sticky":false,"template":"","format":"standard","meta":{"footnotes":""},"categories":[21,24],"tags":[1947,32,2037,1981,1982,2170],"class_list":["post-112298","post","type-post","status-publish","format-standard","has-post-thumbnail","hentry","category-desporto","category-futebol","tag-cristiano-ronaldo","tag-futebol","tag-lionel-messi","tag-liverpool","tag-paris-saint-germain","tag-taca-intercontinental"],"yoast_head":"<!-- This site is optimized with the Yoast SEO plugin v27.2 - https:\/\/yoast.com\/product\/yoast-seo-wordpress\/ -->\n<title>Balan\u00e7o do ano: vis\u00e3o sobre o futebol internacional - Portal Tela Portugal<\/title>\n<meta name=\"robots\" content=\"index, follow, max-snippet:-1, max-image-preview:large, max-video-preview:-1\" \/>\n<meta property=\"og:locale\" content=\"pt_PT\" \/>\n<meta property=\"og:type\" content=\"article\" \/>\n<meta property=\"og:title\" content=\"Balan\u00e7o do ano: vis\u00e3o sobre o futebol internacional - Portal Tela Portugal\" \/>\n<meta property=\"og:description\" content=\"O PSG revelou-se um rolo compressor em 2025, conquistando seis trof\u00e9us, incluindo a Liga dos Campe\u00f5es e a Ta\u00e7a Intercontinental. O sucesso do PSG coincidiu com bons resultados do Liverpool, a atuar com destaque na Inglaterra. O Flamengo manteve o dom\u00ednio na Am\u00e9rica do Sul ao longo do ano. Messi e Paulinho tiveram desempenhos de relevo em 2025. O projeto do Al Nassr ganhou for\u00e7a com a jun\u00e7\u00e3o de Jorge Jesus e Jo\u00e3o F\u00e9lix a Cristiano Ronaldo.\" \/>\n<meta property=\"og:url\" content=\"https:\/\/portaltela.pt\/noticias\/2026\/01\/02\/balanco-do-ano-visao-sobre-o-futebol-internacional\/\" \/>\n<meta property=\"og:site_name\" content=\"Portal Tela Portugal\" \/>\n<meta property=\"article:published_time\" content=\"2026-01-02T09:30:00+00:00\" \/>\n<meta name=\"author\" content=\"Telinha\" \/>\n<meta name=\"twitter:card\" content=\"summary_large_image\" \/>\n<meta name=\"twitter:label1\" content=\"Escrito por\" \/>\n\t<meta name=\"twitter:data1\" content=\"Telinha\" \/>\n\t<meta name=\"twitter:label2\" content=\"Tempo estimado de leitura\" \/>\n\t<meta name=\"twitter:data2\" content=\"1 minuto\" \/>\n<script type=\"application\/ld+json\" class=\"yoast-schema-graph\">{\"@context\":\"https:\/\/schema.org\",\"@graph\":[{\"@type\":\"Article\",\"@id\":\"https:\/\/portaltela.pt\/noticias\/2026\/01\/02\/balanco-do-ano-visao-sobre-o-futebol-internacional\/#article\",\"isPartOf\":{\"@id\":\"https:\/\/portaltela.pt\/noticias\/2026\/01\/02\/balanco-do-ano-visao-sobre-o-futebol-internacional\/\"},\"author\":{\"name\":\"Telinha\",\"@id\":\"https:\/\/portaltela.pt\/#\/schema\/person\/c4278d4a6028830caff9ee44b42d32ed\"},\"headline\":\"Balan\u00e7o do ano: vis\u00e3o sobre o futebol internacional\",\"datePublished\":\"2026-01-02T09:30:00+00:00\",\"mainEntityOfPage\":{\"@id\":\"https:\/\/portaltela.pt\/noticias\/2026\/01\/02\/balanco-do-ano-visao-sobre-o-futebol-internacional\/\"},\"wordCount\":251,\"image\":{\"@id\":\"https:\/\/portaltela.pt\/noticias\/2026\/01\/02\/balanco-do-ano-visao-sobre-o-futebol-internacional\/#primaryimage\"},\"thumbnailUrl\":\"https:\/\/portaltela.pt\/s.01k8rhncp4jt1\/2026\/01\/img_1200x721uu2025-12-23-16-35-23-2410942.jpg\",\"keywords\":[\"Cristiano Ronaldo\",\"futebol\",\"Lionel Messi\",\"Liverpool\",\"Paris Saint-Germain\",\"Ta\u00e7a Intercontinental\"],\"articleSection\":[\"Desporto\",\"Futebol\"],\"inLanguage\":\"pt-PT\"},{\"@type\":\"WebPage\",\"@id\":\"https:\/\/portaltela.pt\/noticias\/2026\/01\/02\/balanco-do-ano-visao-sobre-o-futebol-internacional\/\",\"url\":\"https:\/\/portaltela.pt\/noticias\/2026\/01\/02\/balanco-do-ano-visao-sobre-o-futebol-internacional\/\",\"name\":\"Balan\u00e7o do ano: vis\u00e3o sobre o futebol internacional - Portal Tela Portugal\",\"isPartOf\":{\"@id\":\"https:\/\/portaltela.pt\/#website\"},\"primaryImageOfPage\":{\"@id\":\"https:\/\/portaltela.pt\/noticias\/2026\/01\/02\/balanco-do-ano-visao-sobre-o-futebol-internacional\/#primaryimage\"},\"image\":{\"@id\":\"https:\/\/portaltela.pt\/noticias\/2026\/01\/02\/balanco-do-ano-visao-sobre-o-futebol-internacional\/#primaryimage\"},\"thumbnailUrl\":\"https:\/\/portaltela.pt\/s.01k8rhncp4jt1\/2026\/01\/img_1200x721uu2025-12-23-16-35-23-2410942.jpg\",\"datePublished\":\"2026-01-02T09:30:00+00:00\",\"author\":{\"@id\":\"https:\/\/portaltela.pt\/#\/schema\/person\/c4278d4a6028830caff9ee44b42d32ed\"},\"breadcrumb\":{\"@id\":\"https:\/\/portaltela.pt\/noticias\/2026\/01\/02\/balanco-do-ano-visao-sobre-o-futebol-internacional\/#breadcrumb\"},\"inLanguage\":\"pt-PT\",\"potentialAction\":[{\"@type\":\"ReadAction\",\"target\":[\"https:\/\/portaltela.pt\/noticias\/2026\/01\/02\/balanco-do-ano-visao-sobre-o-futebol-internacional\/\"]}]},{\"@type\":\"ImageObject\",\"inLanguage\":\"pt-PT\",\"@id\":\"https:\/\/portaltela.pt\/noticias\/2026\/01\/02\/balanco-do-ano-visao-sobre-o-futebol-internacional\/#primaryimage\",\"url\":\"https:\/\/portaltela.pt\/s.01k8rhncp4jt1\/2026\/01\/img_1200x721uu2025-12-23-16-35-23-2410942.jpg\",\"contentUrl\":\"https:\/\/portaltela.pt\/s.01k8rhncp4jt1\/2026\/01\/img_1200x721uu2025-12-23-16-35-23-2410942.jpg\",\"width\":796,\"height\":448,\"caption\":\"Photo\"},{\"@type\":\"BreadcrumbList\",\"@id\":\"https:\/\/portaltela.pt\/noticias\/2026\/01\/02\/balanco-do-ano-visao-sobre-o-futebol-internacional\/#breadcrumb\",\"itemListElement\":[{\"@type\":\"ListItem\",\"position\":1,\"name\":\"In\u00edcio\",\"item\":\"https:\/\/portaltela.pt\/\"},{\"@type\":\"ListItem\",\"position\":2,\"name\":\"Balan\u00e7o do ano: vis\u00e3o sobre o futebol internacional\"}]},{\"@type\":\"WebSite\",\"@id\":\"https:\/\/portaltela.pt\/#website\",\"url\":\"https:\/\/portaltela.pt\/\",\"name\":\"Portal Tela Portugal\",\"description\":\"\",\"potentialAction\":[{\"@type\":\"SearchAction\",\"target\":{\"@type\":\"EntryPoint\",\"urlTemplate\":\"https:\/\/portaltela.pt\/?s={search_term_string}\"},\"query-input\":{\"@type\":\"PropertyValueSpecification\",\"valueRequired\":true,\"valueName\":\"search_term_string\"}}],\"inLanguage\":\"pt-PT\"},{\"@type\":\"Person\",\"@id\":\"https:\/\/portaltela.pt\/#\/schema\/person\/c4278d4a6028830caff9ee44b42d32ed\",\"name\":\"Telinha\",\"image\":{\"@type\":\"ImageObject\",\"inLanguage\":\"pt-PT\",\"@id\":\"https:\/\/portaltela.pt\/s.01k8rhncp4jt1\/2025\/11\/talking-bot-125x125.png\",\"url\":\"https:\/\/portaltela.pt\/s.01k8rhncp4jt1\/2025\/11\/talking-bot-125x125.png\",\"contentUrl\":\"https:\/\/portaltela.pt\/s.01k8rhncp4jt1\/2025\/11\/talking-bot-125x125.png\",\"caption\":\"Telinha\"},\"sameAs\":[\"https:\/\/portaltela.pt\/\"],\"url\":\"https:\/\/portaltela.pt\/por\/367410592786\/\"}]}<\/script>\n<!-- \/ Yoast SEO plugin. -->","yoast_head_json":{"title":"Balan\u00e7o do ano: vis\u00e3o sobre o futebol internacional - Portal Tela Portugal","robots":{"index":"index","follow":"follow","max-snippet":"max-snippet:-1","max-image-preview":"max-image-preview:large","max-video-preview":"max-video-preview:-1"},"og_locale":"pt_PT","og_type":"article","og_title":"Balan\u00e7o do ano: vis\u00e3o sobre o futebol internacional - Portal Tela Portugal","og_description":"O PSG revelou-se um rolo compressor em 2025, conquistando seis trof\u00e9us, incluindo a Liga dos Campe\u00f5es e a Ta\u00e7a Intercontinental. O sucesso do PSG coincidiu com bons resultados do Liverpool, a atuar com destaque na Inglaterra. O Flamengo manteve o dom\u00ednio na Am\u00e9rica do Sul ao longo do ano. Messi e Paulinho tiveram desempenhos de relevo em 2025. O projeto do Al Nassr ganhou for\u00e7a com a jun\u00e7\u00e3o de Jorge Jesus e Jo\u00e3o F\u00e9lix a Cristiano Ronaldo.","og_url":"https:\/\/portaltela.pt\/noticias\/2026\/01\/02\/balanco-do-ano-visao-sobre-o-futebol-internacional\/","og_site_name":"Portal Tela Portugal","article_published_time":"2026-01-02T09:30:00+00:00","author":"Telinha","twitter_card":"summary_large_image","twitter_misc":{"Escrito por":"Telinha","Tempo estimado de leitura":"1 minuto"},"schema":{"@context":"https:\/\/schema.org","@graph":[{"@type":"Article","@id":"https:\/\/portaltela.pt\/noticias\/2026\/01\/02\/balanco-do-ano-visao-sobre-o-futebol-internacional\/#article","isPartOf":{"@id":"https:\/\/portaltela.pt\/noticias\/2026\/01\/02\/balanco-do-ano-visao-sobre-o-futebol-internacional\/"},"author":{"name":"Telinha","@id":"https:\/\/portaltela.pt\/#\/schema\/person\/c4278d4a6028830caff9ee44b42d32ed"},"headline":"Balan\u00e7o do ano: vis\u00e3o sobre o futebol internacional","datePublished":"2026-01-02T09:30:00+00:00","mainEntityOfPage":{"@id":"https:\/\/portaltela.pt\/noticias\/2026\/01\/02\/balanco-do-ano-visao-sobre-o-futebol-internacional\/"},"wordCount":251,"image":{"@id":"https:\/\/portaltela.pt\/noticias\/2026\/01\/02\/balanco-do-ano-visao-sobre-o-futebol-internacional\/#primaryimage"},"thumbnailUrl":"https:\/\/portaltela.pt\/s.01k8rhncp4jt1\/2026\/01\/img_1200x721uu2025-12-23-16-35-23-2410942.jpg","keywords":["Cristiano Ronaldo","futebol","Lionel Messi","Liverpool","Paris Saint-Germain","Ta\u00e7a Intercontinental"],"articleSection":["Desporto","Futebol"],"inLanguage":"pt-PT"},{"@type":"WebPage","@id":"https:\/\/portaltela.pt\/noticias\/2026\/01\/02\/balanco-do-ano-visao-sobre-o-futebol-internacional\/","url":"https:\/\/portaltela.pt\/noticias\/2026\/01\/02\/balanco-do-ano-visao-sobre-o-futebol-internacional\/","name":"Balan\u00e7o do ano: vis\u00e3o sobre o futebol internacional - Portal Tela Portugal","isPartOf":{"@id":"https:\/\/portaltela.pt\/#website"},"primaryImageOfPage":{"@id":"https:\/\/portaltela.pt\/noticias\/2026\/01\/02\/balanco-do-ano-visao-sobre-o-futebol-internacional\/#primaryimage"},"image":{"@id":"https:\/\/portaltela.pt\/noticias\/2026\/01\/02\/balanco-do-ano-visao-sobre-o-futebol-internacional\/#primaryimage"},"thumbnailUrl":"https:\/\/portaltela.pt\/s.01k8rhncp4jt1\/2026\/01\/img_1200x721uu2025-12-23-16-35-23-2410942.jpg","datePublished":"2026-01-02T09:30:00+00:00","author":{"@id":"https:\/\/portaltela.pt\/#\/schema\/person\/c4278d4a6028830caff9ee44b42d32ed"},"breadcrumb":{"@id":"https:\/\/portaltela.pt\/noticias\/2026\/01\/02\/balanco-do-ano-visao-sobre-o-futebol-internacional\/#breadcrumb"},"inLanguage":"pt-PT","potentialAction":[{"@type":"ReadAction","target":["https:\/\/portaltela.pt\/noticias\/2026\/01\/02\/balanco-do-ano-visao-sobre-o-futebol-internacional\/"]}]},{"@type":"ImageObject","inLanguage":"pt-PT","@id":"https:\/\/portaltela.pt\/noticias\/2026\/01\/02\/balanco-do-ano-visao-sobre-o-futebol-internacional\/#primaryimage","url":"https:\/\/portaltela.pt\/s.01k8rhncp4jt1\/2026\/01\/img_1200x721uu2025-12-23-16-35-23-2410942.jpg","contentUrl":"https:\/\/portaltela.pt\/s.01k8rhncp4jt1\/2026\/01\/img_1200x721uu2025-12-23-16-35-23-2410942.jpg","width":796,"height":448,"caption":"Photo"},{"@type":"BreadcrumbList","@id":"https:\/\/portaltela.pt\/noticias\/2026\/01\/02\/balanco-do-ano-visao-sobre-o-futebol-internacional\/#breadcrumb","itemListElement":[{"@type":"ListItem","position":1,"name":"In\u00edcio","item":"https:\/\/portaltela.pt\/"},{"@type":"ListItem","position":2,"name":"Balan\u00e7o do ano: vis\u00e3o sobre o futebol internacional"}]},{"@type":"WebSite","@id":"https:\/\/portaltela.pt\/#website","url":"https:\/\/portaltela.pt\/","name":"Portal Tela Portugal","description":"","potentialAction":[{"@type":"SearchAction","target":{"@type":"EntryPoint","urlTemplate":"https:\/\/portaltela.pt\/?s={search_term_string}"},"query-input":{"@type":"PropertyValueSpecification","valueRequired":true,"valueName":"search_term_string"}}],"inLanguage":"pt-PT"},{"@type":"Person","@id":"https:\/\/portaltela.pt\/#\/schema\/person\/c4278d4a6028830caff9ee44b42d32ed","name":"Telinha","image":{"@type":"ImageObject","inLanguage":"pt-PT","@id":"https:\/\/portaltela.pt\/s.01k8rhncp4jt1\/2025\/11\/talking-bot-125x125.png","url":"https:\/\/portaltela.pt\/s.01k8rhncp4jt1\/2025\/11\/talking-bot-125x125.png","contentUrl":"https:\/\/portaltela.pt\/s.01k8rhncp4jt1\/2025\/11\/talking-bot-125x125.png","caption":"Telinha"},"sameAs":["https:\/\/portaltela.pt\/"],"url":"https:\/\/portaltela.pt\/por\/367410592786\/"}]}},"_links":{"self":[{"href":"https:\/\/portaltela.pt\/api\/wp\/v2\/posts\/112298","targetHints":{"allow":["GET"]}}],"collection":[{"href":"https:\/\/portaltela.pt\/api\/wp\/v2\/posts"}],"about":[{"href":"https:\/\/portaltela.pt\/api\/wp\/v2\/types\/post"}],"author":[{"embeddable":true,"href":"https:\/\/portaltela.pt\/api\/wp\/v2\/users\/2"}],"replies":[{"embeddable":true,"href":"https:\/\/portaltela.pt\/api\/wp\/v2\/comments?post=112298"}],"version-history":[{"count":0,"href":"https:\/\/portaltela.pt\/api\/wp\/v2\/posts\/112298\/revisions"}],"wp:featuredmedia":[{"embeddable":true,"href":"https:\/\/portaltela.pt\/api\/wp\/v2\/media\/112301"}],"wp:attachment":[{"href":"https:\/\/portaltela.pt\/api\/wp\/v2\/media?parent=112298"}],"wp:term":[{"taxonomy":"category","embeddable":true,"href":"https:\/\/portaltela.pt\/api\/wp\/v2\/categories?post=112298"},{"taxonomy":"post_tag","embeddable":true,"href":"https:\/\/portaltela.pt\/api\/wp\/v2\/tags?post=112298"}],"curies":[{"name":"wp","href":"https:\/\/api.w.org\/{rel}","templated":true}]}}