{"id":112178,"date":"2026-01-02T05:06:29","date_gmt":"2026-01-02T08:06:29","guid":{"rendered":"https:\/\/portaltela.pt\/noticias\/2026\/01\/02\/teresa-guilherme-comenta-participacao-de-pedro-barroso-no-reality-companhia\/"},"modified":"2026-01-02T05:06:29","modified_gmt":"2026-01-02T08:06:29","slug":"teresa-guilherme-comenta-participacao-de-pedro-barroso-no-reality-companhia","status":"publish","type":"post","link":"https:\/\/portaltela.pt\/noticias\/2026\/01\/02\/teresa-guilherme-comenta-participacao-de-pedro-barroso-no-reality-companhia\/","title":{"rendered":"Teresa Guilherme comenta participa\u00e7\u00e3o de Pedro Barroso no reality Companhia"},"content":{"rendered":"<p>Teresa Guilherme, comentadora do Noite das Estrelas, afirmou que Pedro Barroso n\u00e3o tem o perfil para participar no reality Primeira Companhia. A not\u00edcia circulou a 2 de janeiro de 2026.<\/p>\n<p>A apresentadora descreveu o ator como uma pessoa muito independente, que gosta de agir \u00e0 sua maneira e sem press\u00f5es ou imposi\u00e7\u00f5es. Sustentou que esse tra\u00e7o o impede de se enquadrar na din\u00e2mica do programa.<\/p>\n<p>Apesar da an\u00e1lise, Teresa Guilherme deixou claro que a possibilidade de participa\u00e7\u00e3o n\u00e3o est\u00e1 descartada caso Barroso decida entrar por vontade pr\u00f3pria, sem press\u00f5es externas. A decis\u00e3o final depende apenas dele.<\/p>\n<h3>Pontos-chave sobre o coment\u00e1rio de Teresa Guilherme<\/h3>\n<p>A produ\u00e7\u00e3o do reality ainda n\u00e3o confirmou a eventual participa\u00e7\u00e3o de Pedro Barroso. O rumor gerou expectativa entre f\u00e3s e seguidores do ator, que \u00e9 reconhecido pela versatilidade e pela rela\u00e7\u00e3o com o p\u00fablico.<\/p>\n","protected":false},"excerpt":{"rendered":"<ul>\n<li>Teresa Guilherme, comentadora do Noite das Estrelas, afirma que Pedro Barroso n\u00e3o tem o perfil para o reality Primeira Companhia.<\/li>\n<li>Diz que o ator \u00e9 uma pessoa muito independente e gosta de fazer as coisas \u00e0 sua maneira, n\u00e3o encaixando na din\u00e2mica do programa.<\/li>\n<li>Acrescenta que Pedro Barroso valoriza a liberdade e a autonomia.<\/li>\n<li>Caso decida participar, diz que ser\u00e1 por vontade pr\u00f3pria, sem press\u00f5es externas, destacando que n\u00e3o acredita nesta participa\u00e7\u00e3o mas n\u00e3o impede a hip\u00f3tese.<\/li>\n<li>A produ\u00e7\u00e3o ainda n\u00e3o confirmou oficialmente a presen\u00e7a de Pedro Barroso, aumentando a expectativa entre os espectadores.<\/li>\n<\/ul>\n","protected":false},"author":2,"featured_media":112179,"comment_status":"closed","ping_status":"closed","sticky":false,"template":"","format":"standard","meta":{"footnotes":""},"categories":[12,1],"tags":[762,76,78,40,1923,197],"class_list":["post-112178","post","type-post","status-publish","format-standard","has-post-thumbnail","hentry","category-entretenimento","category-noticias","tag-artistas","tag-celebridades","tag-famosos","tag-pessoas","tag-programacao","tag-reality-show"],"yoast_head":"<!-- This site is optimized with the Yoast SEO plugin v27.2 - https:\/\/yoast.com\/product\/yoast-seo-wordpress\/ -->\n<title>Teresa Guilherme comenta participa\u00e7\u00e3o de Pedro Barroso no reality Companhia - Portal Tela Portugal<\/title>\n<meta name=\"robots\" content=\"index, follow, max-snippet:-1, max-image-preview:large, max-video-preview:-1\" \/>\n<meta property=\"og:locale\" content=\"pt_PT\" \/>\n<meta property=\"og:type\" content=\"article\" \/>\n<meta property=\"og:title\" content=\"Teresa Guilherme comenta participa\u00e7\u00e3o de Pedro Barroso no reality Companhia - Portal Tela Portugal\" \/>\n<meta property=\"og:description\" content=\"Teresa Guilherme, comentadora do Noite das Estrelas, afirma que Pedro Barroso n\u00e3o tem o perfil para o reality Primeira Companhia. Diz que o ator \u00e9 uma pessoa muito independente e gosta de fazer as coisas \u00e0 sua maneira, n\u00e3o encaixando na din\u00e2mica do programa. Acrescenta que Pedro Barroso valoriza a liberdade e a autonomia. Caso decida participar, diz que ser\u00e1 por vontade pr\u00f3pria, sem press\u00f5es externas, destacando que n\u00e3o acredita nesta participa\u00e7\u00e3o mas n\u00e3o impede a hip\u00f3tese. A produ\u00e7\u00e3o ainda n\u00e3o confirmou oficialmente a presen\u00e7a de Pedro Barroso, aumentando a expectativa entre os espectadores.\" \/>\n<meta property=\"og:url\" content=\"https:\/\/portaltela.pt\/noticias\/2026\/01\/02\/teresa-guilherme-comenta-participacao-de-pedro-barroso-no-reality-companhia\/\" \/>\n<meta property=\"og:site_name\" content=\"Portal Tela Portugal\" \/>\n<meta property=\"article:published_time\" content=\"2026-01-02T08:06:29+00:00\" \/>\n<meta name=\"author\" content=\"Telinha\" \/>\n<meta name=\"twitter:card\" content=\"summary_large_image\" \/>\n<meta name=\"twitter:label1\" content=\"Escrito por\" \/>\n\t<meta name=\"twitter:data1\" content=\"Telinha\" \/>\n\t<meta name=\"twitter:label2\" content=\"Tempo estimado de leitura\" \/>\n\t<meta name=\"twitter:data2\" content=\"1 minuto\" \/>\n<script type=\"application\/ld+json\" class=\"yoast-schema-graph\">{\"@context\":\"https:\/\/schema.org\",\"@graph\":[{\"@type\":\"Article\",\"@id\":\"https:\/\/portaltela.pt\/noticias\/2026\/01\/02\/teresa-guilherme-comenta-participacao-de-pedro-barroso-no-reality-companhia\/#article\",\"isPartOf\":{\"@id\":\"https:\/\/portaltela.pt\/noticias\/2026\/01\/02\/teresa-guilherme-comenta-participacao-de-pedro-barroso-no-reality-companhia\/\"},\"author\":{\"name\":\"Telinha\",\"@id\":\"https:\/\/portaltela.pt\/#\/schema\/person\/c4278d4a6028830caff9ee44b42d32ed\"},\"headline\":\"Teresa Guilherme comenta participa\u00e7\u00e3o de Pedro Barroso no reality Companhia\",\"datePublished\":\"2026-01-02T08:06:29+00:00\",\"mainEntityOfPage\":{\"@id\":\"https:\/\/portaltela.pt\/noticias\/2026\/01\/02\/teresa-guilherme-comenta-participacao-de-pedro-barroso-no-reality-companhia\/\"},\"wordCount\":163,\"image\":{\"@id\":\"https:\/\/portaltela.pt\/noticias\/2026\/01\/02\/teresa-guilherme-comenta-participacao-de-pedro-barroso-no-reality-companhia\/#primaryimage\"},\"thumbnailUrl\":\"https:\/\/portaltela.pt\/s.01k8rhncp4jt1\/2026\/01\/img_1280x722uu2026-01-02-08-05-13-2257570.jpg\",\"keywords\":[\"artistas\",\"celebridades\",\"famosos\",\"pessoas\",\"programa\u00e7\u00e3o\",\"Reality Show\"],\"articleSection\":[\"Entretenimento\",\"Not\u00edcias\"],\"inLanguage\":\"pt-PT\"},{\"@type\":\"WebPage\",\"@id\":\"https:\/\/portaltela.pt\/noticias\/2026\/01\/02\/teresa-guilherme-comenta-participacao-de-pedro-barroso-no-reality-companhia\/\",\"url\":\"https:\/\/portaltela.pt\/noticias\/2026\/01\/02\/teresa-guilherme-comenta-participacao-de-pedro-barroso-no-reality-companhia\/\",\"name\":\"Teresa Guilherme comenta participa\u00e7\u00e3o de Pedro Barroso no reality Companhia - Portal Tela Portugal\",\"isPartOf\":{\"@id\":\"https:\/\/portaltela.pt\/#website\"},\"primaryImageOfPage\":{\"@id\":\"https:\/\/portaltela.pt\/noticias\/2026\/01\/02\/teresa-guilherme-comenta-participacao-de-pedro-barroso-no-reality-companhia\/#primaryimage\"},\"image\":{\"@id\":\"https:\/\/portaltela.pt\/noticias\/2026\/01\/02\/teresa-guilherme-comenta-participacao-de-pedro-barroso-no-reality-companhia\/#primaryimage\"},\"thumbnailUrl\":\"https:\/\/portaltela.pt\/s.01k8rhncp4jt1\/2026\/01\/img_1280x722uu2026-01-02-08-05-13-2257570.jpg\",\"datePublished\":\"2026-01-02T08:06:29+00:00\",\"author\":{\"@id\":\"https:\/\/portaltela.pt\/#\/schema\/person\/c4278d4a6028830caff9ee44b42d32ed\"},\"breadcrumb\":{\"@id\":\"https:\/\/portaltela.pt\/noticias\/2026\/01\/02\/teresa-guilherme-comenta-participacao-de-pedro-barroso-no-reality-companhia\/#breadcrumb\"},\"inLanguage\":\"pt-PT\",\"potentialAction\":[{\"@type\":\"ReadAction\",\"target\":[\"https:\/\/portaltela.pt\/noticias\/2026\/01\/02\/teresa-guilherme-comenta-participacao-de-pedro-barroso-no-reality-companhia\/\"]}]},{\"@type\":\"ImageObject\",\"inLanguage\":\"pt-PT\",\"@id\":\"https:\/\/portaltela.pt\/noticias\/2026\/01\/02\/teresa-guilherme-comenta-participacao-de-pedro-barroso-no-reality-companhia\/#primaryimage\",\"url\":\"https:\/\/portaltela.pt\/s.01k8rhncp4jt1\/2026\/01\/img_1280x722uu2026-01-02-08-05-13-2257570.jpg\",\"contentUrl\":\"https:\/\/portaltela.pt\/s.01k8rhncp4jt1\/2026\/01\/img_1280x722uu2026-01-02-08-05-13-2257570.jpg\",\"width\":796,\"height\":448,\"caption\":\"\\\"N\u00e3o tem feitio para l\u00e1 estar\\\": Teresa Guilherme sobre participa\u00e7\u00e3o de Pedro Barroso no reality show Primeira Companhia\"},{\"@type\":\"BreadcrumbList\",\"@id\":\"https:\/\/portaltela.pt\/noticias\/2026\/01\/02\/teresa-guilherme-comenta-participacao-de-pedro-barroso-no-reality-companhia\/#breadcrumb\",\"itemListElement\":[{\"@type\":\"ListItem\",\"position\":1,\"name\":\"In\u00edcio\",\"item\":\"https:\/\/portaltela.pt\/\"},{\"@type\":\"ListItem\",\"position\":2,\"name\":\"Teresa Guilherme comenta participa\u00e7\u00e3o de Pedro Barroso no reality Companhia\"}]},{\"@type\":\"WebSite\",\"@id\":\"https:\/\/portaltela.pt\/#website\",\"url\":\"https:\/\/portaltela.pt\/\",\"name\":\"Portal Tela Portugal\",\"description\":\"\",\"potentialAction\":[{\"@type\":\"SearchAction\",\"target\":{\"@type\":\"EntryPoint\",\"urlTemplate\":\"https:\/\/portaltela.pt\/?s={search_term_string}\"},\"query-input\":{\"@type\":\"PropertyValueSpecification\",\"valueRequired\":true,\"valueName\":\"search_term_string\"}}],\"inLanguage\":\"pt-PT\"},{\"@type\":\"Person\",\"@id\":\"https:\/\/portaltela.pt\/#\/schema\/person\/c4278d4a6028830caff9ee44b42d32ed\",\"name\":\"Telinha\",\"image\":{\"@type\":\"ImageObject\",\"inLanguage\":\"pt-PT\",\"@id\":\"https:\/\/portaltela.pt\/s.01k8rhncp4jt1\/2025\/11\/talking-bot-125x125.png\",\"url\":\"https:\/\/portaltela.pt\/s.01k8rhncp4jt1\/2025\/11\/talking-bot-125x125.png\",\"contentUrl\":\"https:\/\/portaltela.pt\/s.01k8rhncp4jt1\/2025\/11\/talking-bot-125x125.png\",\"caption\":\"Telinha\"},\"sameAs\":[\"https:\/\/portaltela.pt\/\"],\"url\":\"https:\/\/portaltela.pt\/por\/367410592786\/\"}]}<\/script>\n<!-- \/ Yoast SEO plugin. -->","yoast_head_json":{"title":"Teresa Guilherme comenta participa\u00e7\u00e3o de Pedro Barroso no reality Companhia - Portal Tela Portugal","robots":{"index":"index","follow":"follow","max-snippet":"max-snippet:-1","max-image-preview":"max-image-preview:large","max-video-preview":"max-video-preview:-1"},"og_locale":"pt_PT","og_type":"article","og_title":"Teresa Guilherme comenta participa\u00e7\u00e3o de Pedro Barroso no reality Companhia - Portal Tela Portugal","og_description":"Teresa Guilherme, comentadora do Noite das Estrelas, afirma que Pedro Barroso n\u00e3o tem o perfil para o reality Primeira Companhia. Diz que o ator \u00e9 uma pessoa muito independente e gosta de fazer as coisas \u00e0 sua maneira, n\u00e3o encaixando na din\u00e2mica do programa. Acrescenta que Pedro Barroso valoriza a liberdade e a autonomia. Caso decida participar, diz que ser\u00e1 por vontade pr\u00f3pria, sem press\u00f5es externas, destacando que n\u00e3o acredita nesta participa\u00e7\u00e3o mas n\u00e3o impede a hip\u00f3tese. A produ\u00e7\u00e3o ainda n\u00e3o confirmou oficialmente a presen\u00e7a de Pedro Barroso, aumentando a expectativa entre os espectadores.","og_url":"https:\/\/portaltela.pt\/noticias\/2026\/01\/02\/teresa-guilherme-comenta-participacao-de-pedro-barroso-no-reality-companhia\/","og_site_name":"Portal Tela Portugal","article_published_time":"2026-01-02T08:06:29+00:00","author":"Telinha","twitter_card":"summary_large_image","twitter_misc":{"Escrito por":"Telinha","Tempo estimado de leitura":"1 minuto"},"schema":{"@context":"https:\/\/schema.org","@graph":[{"@type":"Article","@id":"https:\/\/portaltela.pt\/noticias\/2026\/01\/02\/teresa-guilherme-comenta-participacao-de-pedro-barroso-no-reality-companhia\/#article","isPartOf":{"@id":"https:\/\/portaltela.pt\/noticias\/2026\/01\/02\/teresa-guilherme-comenta-participacao-de-pedro-barroso-no-reality-companhia\/"},"author":{"name":"Telinha","@id":"https:\/\/portaltela.pt\/#\/schema\/person\/c4278d4a6028830caff9ee44b42d32ed"},"headline":"Teresa Guilherme comenta participa\u00e7\u00e3o de Pedro Barroso no reality Companhia","datePublished":"2026-01-02T08:06:29+00:00","mainEntityOfPage":{"@id":"https:\/\/portaltela.pt\/noticias\/2026\/01\/02\/teresa-guilherme-comenta-participacao-de-pedro-barroso-no-reality-companhia\/"},"wordCount":163,"image":{"@id":"https:\/\/portaltela.pt\/noticias\/2026\/01\/02\/teresa-guilherme-comenta-participacao-de-pedro-barroso-no-reality-companhia\/#primaryimage"},"thumbnailUrl":"https:\/\/portaltela.pt\/s.01k8rhncp4jt1\/2026\/01\/img_1280x722uu2026-01-02-08-05-13-2257570.jpg","keywords":["artistas","celebridades","famosos","pessoas","programa\u00e7\u00e3o","Reality Show"],"articleSection":["Entretenimento","Not\u00edcias"],"inLanguage":"pt-PT"},{"@type":"WebPage","@id":"https:\/\/portaltela.pt\/noticias\/2026\/01\/02\/teresa-guilherme-comenta-participacao-de-pedro-barroso-no-reality-companhia\/","url":"https:\/\/portaltela.pt\/noticias\/2026\/01\/02\/teresa-guilherme-comenta-participacao-de-pedro-barroso-no-reality-companhia\/","name":"Teresa Guilherme comenta participa\u00e7\u00e3o de Pedro Barroso no reality Companhia - Portal Tela Portugal","isPartOf":{"@id":"https:\/\/portaltela.pt\/#website"},"primaryImageOfPage":{"@id":"https:\/\/portaltela.pt\/noticias\/2026\/01\/02\/teresa-guilherme-comenta-participacao-de-pedro-barroso-no-reality-companhia\/#primaryimage"},"image":{"@id":"https:\/\/portaltela.pt\/noticias\/2026\/01\/02\/teresa-guilherme-comenta-participacao-de-pedro-barroso-no-reality-companhia\/#primaryimage"},"thumbnailUrl":"https:\/\/portaltela.pt\/s.01k8rhncp4jt1\/2026\/01\/img_1280x722uu2026-01-02-08-05-13-2257570.jpg","datePublished":"2026-01-02T08:06:29+00:00","author":{"@id":"https:\/\/portaltela.pt\/#\/schema\/person\/c4278d4a6028830caff9ee44b42d32ed"},"breadcrumb":{"@id":"https:\/\/portaltela.pt\/noticias\/2026\/01\/02\/teresa-guilherme-comenta-participacao-de-pedro-barroso-no-reality-companhia\/#breadcrumb"},"inLanguage":"pt-PT","potentialAction":[{"@type":"ReadAction","target":["https:\/\/portaltela.pt\/noticias\/2026\/01\/02\/teresa-guilherme-comenta-participacao-de-pedro-barroso-no-reality-companhia\/"]}]},{"@type":"ImageObject","inLanguage":"pt-PT","@id":"https:\/\/portaltela.pt\/noticias\/2026\/01\/02\/teresa-guilherme-comenta-participacao-de-pedro-barroso-no-reality-companhia\/#primaryimage","url":"https:\/\/portaltela.pt\/s.01k8rhncp4jt1\/2026\/01\/img_1280x722uu2026-01-02-08-05-13-2257570.jpg","contentUrl":"https:\/\/portaltela.pt\/s.01k8rhncp4jt1\/2026\/01\/img_1280x722uu2026-01-02-08-05-13-2257570.jpg","width":796,"height":448,"caption":"\"N\u00e3o tem feitio para l\u00e1 estar\": Teresa Guilherme sobre participa\u00e7\u00e3o de Pedro Barroso no reality show Primeira Companhia"},{"@type":"BreadcrumbList","@id":"https:\/\/portaltela.pt\/noticias\/2026\/01\/02\/teresa-guilherme-comenta-participacao-de-pedro-barroso-no-reality-companhia\/#breadcrumb","itemListElement":[{"@type":"ListItem","position":1,"name":"In\u00edcio","item":"https:\/\/portaltela.pt\/"},{"@type":"ListItem","position":2,"name":"Teresa Guilherme comenta participa\u00e7\u00e3o de Pedro Barroso no reality Companhia"}]},{"@type":"WebSite","@id":"https:\/\/portaltela.pt\/#website","url":"https:\/\/portaltela.pt\/","name":"Portal Tela Portugal","description":"","potentialAction":[{"@type":"SearchAction","target":{"@type":"EntryPoint","urlTemplate":"https:\/\/portaltela.pt\/?s={search_term_string}"},"query-input":{"@type":"PropertyValueSpecification","valueRequired":true,"valueName":"search_term_string"}}],"inLanguage":"pt-PT"},{"@type":"Person","@id":"https:\/\/portaltela.pt\/#\/schema\/person\/c4278d4a6028830caff9ee44b42d32ed","name":"Telinha","image":{"@type":"ImageObject","inLanguage":"pt-PT","@id":"https:\/\/portaltela.pt\/s.01k8rhncp4jt1\/2025\/11\/talking-bot-125x125.png","url":"https:\/\/portaltela.pt\/s.01k8rhncp4jt1\/2025\/11\/talking-bot-125x125.png","contentUrl":"https:\/\/portaltela.pt\/s.01k8rhncp4jt1\/2025\/11\/talking-bot-125x125.png","caption":"Telinha"},"sameAs":["https:\/\/portaltela.pt\/"],"url":"https:\/\/portaltela.pt\/por\/367410592786\/"}]}},"_links":{"self":[{"href":"https:\/\/portaltela.pt\/api\/wp\/v2\/posts\/112178","targetHints":{"allow":["GET"]}}],"collection":[{"href":"https:\/\/portaltela.pt\/api\/wp\/v2\/posts"}],"about":[{"href":"https:\/\/portaltela.pt\/api\/wp\/v2\/types\/post"}],"author":[{"embeddable":true,"href":"https:\/\/portaltela.pt\/api\/wp\/v2\/users\/2"}],"replies":[{"embeddable":true,"href":"https:\/\/portaltela.pt\/api\/wp\/v2\/comments?post=112178"}],"version-history":[{"count":0,"href":"https:\/\/portaltela.pt\/api\/wp\/v2\/posts\/112178\/revisions"}],"wp:featuredmedia":[{"embeddable":true,"href":"https:\/\/portaltela.pt\/api\/wp\/v2\/media\/112179"}],"wp:attachment":[{"href":"https:\/\/portaltela.pt\/api\/wp\/v2\/media?parent=112178"}],"wp:term":[{"taxonomy":"category","embeddable":true,"href":"https:\/\/portaltela.pt\/api\/wp\/v2\/categories?post=112178"},{"taxonomy":"post_tag","embeddable":true,"href":"https:\/\/portaltela.pt\/api\/wp\/v2\/tags?post=112178"}],"curies":[{"name":"wp","href":"https:\/\/api.w.org\/{rel}","templated":true}]}}