{"id":110376,"date":"2025-12-31T20:30:50","date_gmt":"2025-12-31T23:30:50","guid":{"rendered":"https:\/\/portaltela.pt\/noticias\/2025\/12\/31\/navio-suspeito-de-rutura-de-cabo-no-baltico-vinha-da-russia-rumo-a-israel-diz-finlandia\/"},"modified":"2025-12-31T20:30:50","modified_gmt":"2025-12-31T23:30:50","slug":"navio-suspeito-de-rutura-de-cabo-no-baltico-vinha-da-russia-rumo-a-israel-diz-finlandia","status":"publish","type":"post","link":"https:\/\/portaltela.pt\/noticias\/2025\/12\/31\/navio-suspeito-de-rutura-de-cabo-no-baltico-vinha-da-russia-rumo-a-israel-diz-finlandia\/","title":{"rendered":"Navio suspeito de rutura de cabo no B\u00e1ltico vinha da R\u00fassia rumo a Israel, diz Finl\u00e2ndia"},"content":{"rendered":"<p>O navio Fitburg foi intercetado pelas autoridades finlandesas ap\u00f3s navegar durante v\u00e1rias horas com uma \u00e2ncora submersa, danificando cabos de telecomunica\u00e7\u00f5es que ligam a Finl\u00e2ndia \u00e0 Est\u00f3nia. A opera\u00e7\u00e3o decorreu em \u00e1guas internacionais, na zona econ\u00f3mica finlandesa, e envolveu a Guarda Costeira da Finl\u00e2ndia.<\/p>\n<p>Ao todo, 14 membros da tripula\u00e7\u00e3o, oriundos da R\u00fassia, Ge\u00f3rgia, Azerbaij\u00e3o e Cazaquist\u00e3o, foram detidos. O capit\u00e3o ainda n\u00e3o foi identificado publicamente pelas autoridades. A pol\u00edcia considerou os tripulantes suspeitos de interfer\u00eancia agravada nas telecomunica\u00e7\u00f5es e de sabotagem com agravantes.<\/p>\n<p>O navio est\u00e1 a ser transferido para \u00e1guas territoriais finlandesas para inspe\u00e7\u00e3o, sob a al\u00e7ada do Gabinete Nacional de Investiga\u00e7\u00e3o da Finl\u00e2ndia (KRP). A deten\u00e7\u00e3o ocorreu depois de a operadora Elisa ter detetado a avaria num cabo submarino na zona econ\u00f3mica exclusiva da Est\u00f3nia, levando tamb\u00e9m \u00e0 identifica\u00e7\u00e3o de danos num cabo da Arelion.<\/p>\n<p>A pol\u00edcia informou que o Fitburg, que seguia a partir de S\u00e3o Petersburgo com destino a Haifa, Israel, permaneceu com a \u00e2ncora submersa durante v\u00e1rias horas, desde as 05:45 (03:45 GMT) at\u00e9 \u00e0 deten\u00e7\u00e3o pouco depois das 11:00. A interven\u00e7\u00e3o envolveu a Guarda Costeira e um helic\u00f3ptero, com agentes a assumirem o controlo da ponte de comando.<\/p>\n<p>As autoridades est\u00f3nias confirmaram danos nos cabos da Elisa e da Arelion, que ligam Finl\u00e2ndia e Est\u00f3nia, refor\u00e7ando a preocupa\u00e7\u00e3o com ataques a infraestruturas submarinas desde o in\u00edcio da invas\u00e3o russa \u00e0 Ucr\u00e2nia. Hels\u00ednquia atribui parte destes incidentes a a\u00e7\u00f5es h\u00edbridas coordenadas por Moscovo.<\/p>\n","protected":false},"excerpt":{"rendered":"<ul>\n<li>O navio Fitburg foi intercetado ap\u00f3s navegar horas com uma \u00e2ncora submersa, danificando cabos das operadoras Elisa e Arelion que ligam a Finl\u00e2ndia \u00e0 Est\u00f3nia no B\u00e1ltico.<\/li>\n<li>A embarca\u00e7\u00e3o seguia entre S\u00e3o Petersburgo e Haifa, Israel; a tripula\u00e7\u00e3o \u00e9 de 14 membros de R\u00fassia, Ge\u00f3rgia, Azerbaij\u00e3o e Cazaquist\u00e3o, com o capit\u00e3o n\u00e3o identificado.<\/li>\n<li>A pol\u00edcia finlandesa considera-os suspeitos de interfer\u00eancia agravada nas telecomunica\u00e7\u00f5es e de sabotagem com agravantes; a investiga\u00e7\u00e3o est\u00e1 a cargo do Gabinete Nacional de Investiga\u00e7\u00e3o da Finl\u00e2ndia (KRP).<\/li>\n<li>O Fitburg est\u00e1 a caminho de \u00e1guas finlandesas para inspe\u00e7\u00e3o, sendo transferido para um local seguro em \u00e1guas territoriais da Finl\u00e2ndia; a captura ocorreu em \u00e1guas internacionais na zona econ\u00f3mica exclusiva finlandesa.<\/li>\n<li>O caso sucede \u00e0 detec\u00e7\u00e3o de avaria no cabo da Elisa \u00e0s 05h45 e de dano a outro cabo da Arelion que liga Hels\u00ednquia e Tallinn, num contexto de incidentes ligados a a\u00e7\u00f5es h\u00edbridas atribu\u00eddas pela Finl\u00e2ndia \u00e0 Federa\u00e7\u00e3o Russa.<\/li>\n<\/ul>\n","protected":false},"author":2,"featured_media":110387,"comment_status":"closed","ping_status":"closed","sticky":false,"template":"","format":"standard","meta":{"footnotes":""},"categories":[1],"tags":[258,215,217,2230,250,2171],"class_list":["post-110376","post","type-post","status-publish","format-standard","has-post-thumbnail","hentry","category-noticias","tag-infraestruturas","tag-investigacao","tag-investigacao-criminal","tag-sabotagem-grave","tag-seguranca-publica","tag-telecomunicacoes"],"yoast_head":"<!-- This site is optimized with the Yoast SEO plugin v27.2 - https:\/\/yoast.com\/product\/yoast-seo-wordpress\/ -->\n<title>Navio suspeito de rutura de cabo no B\u00e1ltico vinha da R\u00fassia rumo a Israel, diz Finl\u00e2ndia - Portal Tela Portugal<\/title>\n<meta name=\"robots\" content=\"index, follow, max-snippet:-1, max-image-preview:large, max-video-preview:-1\" \/>\n<meta property=\"og:locale\" content=\"pt_PT\" \/>\n<meta property=\"og:type\" content=\"article\" \/>\n<meta property=\"og:title\" content=\"Navio suspeito de rutura de cabo no B\u00e1ltico vinha da R\u00fassia rumo a Israel, diz Finl\u00e2ndia - Portal Tela Portugal\" \/>\n<meta property=\"og:description\" content=\"O navio Fitburg foi intercetado ap\u00f3s navegar horas com uma \u00e2ncora submersa, danificando cabos das operadoras Elisa e Arelion que ligam a Finl\u00e2ndia \u00e0 Est\u00f3nia no B\u00e1ltico. A embarca\u00e7\u00e3o seguia entre S\u00e3o Petersburgo e Haifa, Israel; a tripula\u00e7\u00e3o \u00e9 de 14 membros de R\u00fassia, Ge\u00f3rgia, Azerbaij\u00e3o e Cazaquist\u00e3o, com o capit\u00e3o n\u00e3o identificado. A pol\u00edcia finlandesa considera-os suspeitos de interfer\u00eancia agravada nas telecomunica\u00e7\u00f5es e de sabotagem com agravantes; a investiga\u00e7\u00e3o est\u00e1 a cargo do Gabinete Nacional de Investiga\u00e7\u00e3o da Finl\u00e2ndia (KRP). O Fitburg est\u00e1 a caminho de \u00e1guas finlandesas para inspe\u00e7\u00e3o, sendo transferido para um local seguro em \u00e1guas territoriais da Finl\u00e2ndia; a captura ocorreu em \u00e1guas internacionais na zona econ\u00f3mica exclusiva finlandesa. O caso sucede \u00e0 detec\u00e7\u00e3o de avaria no cabo da Elisa \u00e0s 05h45 e de dano a outro cabo da Arelion que liga Hels\u00ednquia e Tallinn, num contexto de incidentes ligados a a\u00e7\u00f5es h\u00edbridas atribu\u00eddas pela Finl\u00e2ndia \u00e0 Federa\u00e7\u00e3o Russa.\" \/>\n<meta property=\"og:url\" content=\"https:\/\/portaltela.pt\/noticias\/2025\/12\/31\/navio-suspeito-de-rutura-de-cabo-no-baltico-vinha-da-russia-rumo-a-israel-diz-finlandia\/\" \/>\n<meta property=\"og:site_name\" content=\"Portal Tela Portugal\" \/>\n<meta property=\"article:published_time\" content=\"2025-12-31T23:30:50+00:00\" \/>\n<meta name=\"author\" content=\"Telinha\" \/>\n<meta name=\"twitter:card\" content=\"summary_large_image\" \/>\n<meta name=\"twitter:label1\" content=\"Escrito por\" \/>\n\t<meta name=\"twitter:data1\" content=\"Telinha\" \/>\n\t<meta name=\"twitter:label2\" content=\"Tempo estimado de leitura\" \/>\n\t<meta name=\"twitter:data2\" content=\"1 minuto\" \/>\n<script type=\"application\/ld+json\" class=\"yoast-schema-graph\">{\"@context\":\"https:\/\/schema.org\",\"@graph\":[{\"@type\":\"Article\",\"@id\":\"https:\/\/portaltela.pt\/noticias\/2025\/12\/31\/navio-suspeito-de-rutura-de-cabo-no-baltico-vinha-da-russia-rumo-a-israel-diz-finlandia\/#article\",\"isPartOf\":{\"@id\":\"https:\/\/portaltela.pt\/noticias\/2025\/12\/31\/navio-suspeito-de-rutura-de-cabo-no-baltico-vinha-da-russia-rumo-a-israel-diz-finlandia\/\"},\"author\":{\"name\":\"Telinha\",\"@id\":\"https:\/\/portaltela.pt\/#\/schema\/person\/c4278d4a6028830caff9ee44b42d32ed\"},\"headline\":\"Navio suspeito de rutura de cabo no B\u00e1ltico vinha da R\u00fassia rumo a Israel, diz Finl\u00e2ndia\",\"datePublished\":\"2025-12-31T23:30:50+00:00\",\"mainEntityOfPage\":{\"@id\":\"https:\/\/portaltela.pt\/noticias\/2025\/12\/31\/navio-suspeito-de-rutura-de-cabo-no-baltico-vinha-da-russia-rumo-a-israel-diz-finlandia\/\"},\"wordCount\":294,\"image\":{\"@id\":\"https:\/\/portaltela.pt\/noticias\/2025\/12\/31\/navio-suspeito-de-rutura-de-cabo-no-baltico-vinha-da-russia-rumo-a-israel-diz-finlandia\/#primaryimage\"},\"thumbnailUrl\":\"https:\/\/portaltela.pt\/s.01k8rhncp4jt1\/2025\/12\/unnamed-file-2829.jpg\",\"keywords\":[\"infraestruturas\",\"investiga\u00e7\u00e3o\",\"investiga\u00e7\u00e3o criminal\",\"sabotagem grave\",\"seguran\u00e7a p\u00fablica\",\"telecomunica\u00e7\u00f5es\"],\"articleSection\":[\"Not\u00edcias\"],\"inLanguage\":\"pt-PT\"},{\"@type\":\"WebPage\",\"@id\":\"https:\/\/portaltela.pt\/noticias\/2025\/12\/31\/navio-suspeito-de-rutura-de-cabo-no-baltico-vinha-da-russia-rumo-a-israel-diz-finlandia\/\",\"url\":\"https:\/\/portaltela.pt\/noticias\/2025\/12\/31\/navio-suspeito-de-rutura-de-cabo-no-baltico-vinha-da-russia-rumo-a-israel-diz-finlandia\/\",\"name\":\"Navio suspeito de rutura de cabo no B\u00e1ltico vinha da R\u00fassia rumo a Israel, diz Finl\u00e2ndia - Portal Tela Portugal\",\"isPartOf\":{\"@id\":\"https:\/\/portaltela.pt\/#website\"},\"primaryImageOfPage\":{\"@id\":\"https:\/\/portaltela.pt\/noticias\/2025\/12\/31\/navio-suspeito-de-rutura-de-cabo-no-baltico-vinha-da-russia-rumo-a-israel-diz-finlandia\/#primaryimage\"},\"image\":{\"@id\":\"https:\/\/portaltela.pt\/noticias\/2025\/12\/31\/navio-suspeito-de-rutura-de-cabo-no-baltico-vinha-da-russia-rumo-a-israel-diz-finlandia\/#primaryimage\"},\"thumbnailUrl\":\"https:\/\/portaltela.pt\/s.01k8rhncp4jt1\/2025\/12\/unnamed-file-2829.jpg\",\"datePublished\":\"2025-12-31T23:30:50+00:00\",\"author\":{\"@id\":\"https:\/\/portaltela.pt\/#\/schema\/person\/c4278d4a6028830caff9ee44b42d32ed\"},\"breadcrumb\":{\"@id\":\"https:\/\/portaltela.pt\/noticias\/2025\/12\/31\/navio-suspeito-de-rutura-de-cabo-no-baltico-vinha-da-russia-rumo-a-israel-diz-finlandia\/#breadcrumb\"},\"inLanguage\":\"pt-PT\",\"potentialAction\":[{\"@type\":\"ReadAction\",\"target\":[\"https:\/\/portaltela.pt\/noticias\/2025\/12\/31\/navio-suspeito-de-rutura-de-cabo-no-baltico-vinha-da-russia-rumo-a-israel-diz-finlandia\/\"]}]},{\"@type\":\"ImageObject\",\"inLanguage\":\"pt-PT\",\"@id\":\"https:\/\/portaltela.pt\/noticias\/2025\/12\/31\/navio-suspeito-de-rutura-de-cabo-no-baltico-vinha-da-russia-rumo-a-israel-diz-finlandia\/#primaryimage\",\"url\":\"https:\/\/portaltela.pt\/s.01k8rhncp4jt1\/2025\/12\/unnamed-file-2829.jpg\",\"contentUrl\":\"https:\/\/portaltela.pt\/s.01k8rhncp4jt1\/2025\/12\/unnamed-file-2829.jpg\",\"width\":796,\"height\":448,\"caption\":\"Navio suspeito de rutura de cabo submarino no B\u00e1ltico vinha da R\u00fassia e seguia para Israel\"},{\"@type\":\"BreadcrumbList\",\"@id\":\"https:\/\/portaltela.pt\/noticias\/2025\/12\/31\/navio-suspeito-de-rutura-de-cabo-no-baltico-vinha-da-russia-rumo-a-israel-diz-finlandia\/#breadcrumb\",\"itemListElement\":[{\"@type\":\"ListItem\",\"position\":1,\"name\":\"In\u00edcio\",\"item\":\"https:\/\/portaltela.pt\/\"},{\"@type\":\"ListItem\",\"position\":2,\"name\":\"Navio suspeito de rutura de cabo no B\u00e1ltico vinha da R\u00fassia rumo a Israel, diz Finl\u00e2ndia\"}]},{\"@type\":\"WebSite\",\"@id\":\"https:\/\/portaltela.pt\/#website\",\"url\":\"https:\/\/portaltela.pt\/\",\"name\":\"Portal Tela Portugal\",\"description\":\"\",\"potentialAction\":[{\"@type\":\"SearchAction\",\"target\":{\"@type\":\"EntryPoint\",\"urlTemplate\":\"https:\/\/portaltela.pt\/?s={search_term_string}\"},\"query-input\":{\"@type\":\"PropertyValueSpecification\",\"valueRequired\":true,\"valueName\":\"search_term_string\"}}],\"inLanguage\":\"pt-PT\"},{\"@type\":\"Person\",\"@id\":\"https:\/\/portaltela.pt\/#\/schema\/person\/c4278d4a6028830caff9ee44b42d32ed\",\"name\":\"Telinha\",\"image\":{\"@type\":\"ImageObject\",\"inLanguage\":\"pt-PT\",\"@id\":\"https:\/\/portaltela.pt\/s.01k8rhncp4jt1\/2025\/11\/talking-bot-125x125.png\",\"url\":\"https:\/\/portaltela.pt\/s.01k8rhncp4jt1\/2025\/11\/talking-bot-125x125.png\",\"contentUrl\":\"https:\/\/portaltela.pt\/s.01k8rhncp4jt1\/2025\/11\/talking-bot-125x125.png\",\"caption\":\"Telinha\"},\"sameAs\":[\"https:\/\/portaltela.pt\/\"],\"url\":\"https:\/\/portaltela.pt\/por\/367410592786\/\"}]}<\/script>\n<!-- \/ Yoast SEO plugin. -->","yoast_head_json":{"title":"Navio suspeito de rutura de cabo no B\u00e1ltico vinha da R\u00fassia rumo a Israel, diz Finl\u00e2ndia - Portal Tela Portugal","robots":{"index":"index","follow":"follow","max-snippet":"max-snippet:-1","max-image-preview":"max-image-preview:large","max-video-preview":"max-video-preview:-1"},"og_locale":"pt_PT","og_type":"article","og_title":"Navio suspeito de rutura de cabo no B\u00e1ltico vinha da R\u00fassia rumo a Israel, diz Finl\u00e2ndia - Portal Tela Portugal","og_description":"O navio Fitburg foi intercetado ap\u00f3s navegar horas com uma \u00e2ncora submersa, danificando cabos das operadoras Elisa e Arelion que ligam a Finl\u00e2ndia \u00e0 Est\u00f3nia no B\u00e1ltico. A embarca\u00e7\u00e3o seguia entre S\u00e3o Petersburgo e Haifa, Israel; a tripula\u00e7\u00e3o \u00e9 de 14 membros de R\u00fassia, Ge\u00f3rgia, Azerbaij\u00e3o e Cazaquist\u00e3o, com o capit\u00e3o n\u00e3o identificado. A pol\u00edcia finlandesa considera-os suspeitos de interfer\u00eancia agravada nas telecomunica\u00e7\u00f5es e de sabotagem com agravantes; a investiga\u00e7\u00e3o est\u00e1 a cargo do Gabinete Nacional de Investiga\u00e7\u00e3o da Finl\u00e2ndia (KRP). O Fitburg est\u00e1 a caminho de \u00e1guas finlandesas para inspe\u00e7\u00e3o, sendo transferido para um local seguro em \u00e1guas territoriais da Finl\u00e2ndia; a captura ocorreu em \u00e1guas internacionais na zona econ\u00f3mica exclusiva finlandesa. O caso sucede \u00e0 detec\u00e7\u00e3o de avaria no cabo da Elisa \u00e0s 05h45 e de dano a outro cabo da Arelion que liga Hels\u00ednquia e Tallinn, num contexto de incidentes ligados a a\u00e7\u00f5es h\u00edbridas atribu\u00eddas pela Finl\u00e2ndia \u00e0 Federa\u00e7\u00e3o Russa.","og_url":"https:\/\/portaltela.pt\/noticias\/2025\/12\/31\/navio-suspeito-de-rutura-de-cabo-no-baltico-vinha-da-russia-rumo-a-israel-diz-finlandia\/","og_site_name":"Portal Tela Portugal","article_published_time":"2025-12-31T23:30:50+00:00","author":"Telinha","twitter_card":"summary_large_image","twitter_misc":{"Escrito por":"Telinha","Tempo estimado de leitura":"1 minuto"},"schema":{"@context":"https:\/\/schema.org","@graph":[{"@type":"Article","@id":"https:\/\/portaltela.pt\/noticias\/2025\/12\/31\/navio-suspeito-de-rutura-de-cabo-no-baltico-vinha-da-russia-rumo-a-israel-diz-finlandia\/#article","isPartOf":{"@id":"https:\/\/portaltela.pt\/noticias\/2025\/12\/31\/navio-suspeito-de-rutura-de-cabo-no-baltico-vinha-da-russia-rumo-a-israel-diz-finlandia\/"},"author":{"name":"Telinha","@id":"https:\/\/portaltela.pt\/#\/schema\/person\/c4278d4a6028830caff9ee44b42d32ed"},"headline":"Navio suspeito de rutura de cabo no B\u00e1ltico vinha da R\u00fassia rumo a Israel, diz Finl\u00e2ndia","datePublished":"2025-12-31T23:30:50+00:00","mainEntityOfPage":{"@id":"https:\/\/portaltela.pt\/noticias\/2025\/12\/31\/navio-suspeito-de-rutura-de-cabo-no-baltico-vinha-da-russia-rumo-a-israel-diz-finlandia\/"},"wordCount":294,"image":{"@id":"https:\/\/portaltela.pt\/noticias\/2025\/12\/31\/navio-suspeito-de-rutura-de-cabo-no-baltico-vinha-da-russia-rumo-a-israel-diz-finlandia\/#primaryimage"},"thumbnailUrl":"https:\/\/portaltela.pt\/s.01k8rhncp4jt1\/2025\/12\/unnamed-file-2829.jpg","keywords":["infraestruturas","investiga\u00e7\u00e3o","investiga\u00e7\u00e3o criminal","sabotagem grave","seguran\u00e7a p\u00fablica","telecomunica\u00e7\u00f5es"],"articleSection":["Not\u00edcias"],"inLanguage":"pt-PT"},{"@type":"WebPage","@id":"https:\/\/portaltela.pt\/noticias\/2025\/12\/31\/navio-suspeito-de-rutura-de-cabo-no-baltico-vinha-da-russia-rumo-a-israel-diz-finlandia\/","url":"https:\/\/portaltela.pt\/noticias\/2025\/12\/31\/navio-suspeito-de-rutura-de-cabo-no-baltico-vinha-da-russia-rumo-a-israel-diz-finlandia\/","name":"Navio suspeito de rutura de cabo no B\u00e1ltico vinha da R\u00fassia rumo a Israel, diz Finl\u00e2ndia - Portal Tela Portugal","isPartOf":{"@id":"https:\/\/portaltela.pt\/#website"},"primaryImageOfPage":{"@id":"https:\/\/portaltela.pt\/noticias\/2025\/12\/31\/navio-suspeito-de-rutura-de-cabo-no-baltico-vinha-da-russia-rumo-a-israel-diz-finlandia\/#primaryimage"},"image":{"@id":"https:\/\/portaltela.pt\/noticias\/2025\/12\/31\/navio-suspeito-de-rutura-de-cabo-no-baltico-vinha-da-russia-rumo-a-israel-diz-finlandia\/#primaryimage"},"thumbnailUrl":"https:\/\/portaltela.pt\/s.01k8rhncp4jt1\/2025\/12\/unnamed-file-2829.jpg","datePublished":"2025-12-31T23:30:50+00:00","author":{"@id":"https:\/\/portaltela.pt\/#\/schema\/person\/c4278d4a6028830caff9ee44b42d32ed"},"breadcrumb":{"@id":"https:\/\/portaltela.pt\/noticias\/2025\/12\/31\/navio-suspeito-de-rutura-de-cabo-no-baltico-vinha-da-russia-rumo-a-israel-diz-finlandia\/#breadcrumb"},"inLanguage":"pt-PT","potentialAction":[{"@type":"ReadAction","target":["https:\/\/portaltela.pt\/noticias\/2025\/12\/31\/navio-suspeito-de-rutura-de-cabo-no-baltico-vinha-da-russia-rumo-a-israel-diz-finlandia\/"]}]},{"@type":"ImageObject","inLanguage":"pt-PT","@id":"https:\/\/portaltela.pt\/noticias\/2025\/12\/31\/navio-suspeito-de-rutura-de-cabo-no-baltico-vinha-da-russia-rumo-a-israel-diz-finlandia\/#primaryimage","url":"https:\/\/portaltela.pt\/s.01k8rhncp4jt1\/2025\/12\/unnamed-file-2829.jpg","contentUrl":"https:\/\/portaltela.pt\/s.01k8rhncp4jt1\/2025\/12\/unnamed-file-2829.jpg","width":796,"height":448,"caption":"Navio suspeito de rutura de cabo submarino no B\u00e1ltico vinha da R\u00fassia e seguia para Israel"},{"@type":"BreadcrumbList","@id":"https:\/\/portaltela.pt\/noticias\/2025\/12\/31\/navio-suspeito-de-rutura-de-cabo-no-baltico-vinha-da-russia-rumo-a-israel-diz-finlandia\/#breadcrumb","itemListElement":[{"@type":"ListItem","position":1,"name":"In\u00edcio","item":"https:\/\/portaltela.pt\/"},{"@type":"ListItem","position":2,"name":"Navio suspeito de rutura de cabo no B\u00e1ltico vinha da R\u00fassia rumo a Israel, diz Finl\u00e2ndia"}]},{"@type":"WebSite","@id":"https:\/\/portaltela.pt\/#website","url":"https:\/\/portaltela.pt\/","name":"Portal Tela Portugal","description":"","potentialAction":[{"@type":"SearchAction","target":{"@type":"EntryPoint","urlTemplate":"https:\/\/portaltela.pt\/?s={search_term_string}"},"query-input":{"@type":"PropertyValueSpecification","valueRequired":true,"valueName":"search_term_string"}}],"inLanguage":"pt-PT"},{"@type":"Person","@id":"https:\/\/portaltela.pt\/#\/schema\/person\/c4278d4a6028830caff9ee44b42d32ed","name":"Telinha","image":{"@type":"ImageObject","inLanguage":"pt-PT","@id":"https:\/\/portaltela.pt\/s.01k8rhncp4jt1\/2025\/11\/talking-bot-125x125.png","url":"https:\/\/portaltela.pt\/s.01k8rhncp4jt1\/2025\/11\/talking-bot-125x125.png","contentUrl":"https:\/\/portaltela.pt\/s.01k8rhncp4jt1\/2025\/11\/talking-bot-125x125.png","caption":"Telinha"},"sameAs":["https:\/\/portaltela.pt\/"],"url":"https:\/\/portaltela.pt\/por\/367410592786\/"}]}},"_links":{"self":[{"href":"https:\/\/portaltela.pt\/api\/wp\/v2\/posts\/110376","targetHints":{"allow":["GET"]}}],"collection":[{"href":"https:\/\/portaltela.pt\/api\/wp\/v2\/posts"}],"about":[{"href":"https:\/\/portaltela.pt\/api\/wp\/v2\/types\/post"}],"author":[{"embeddable":true,"href":"https:\/\/portaltela.pt\/api\/wp\/v2\/users\/2"}],"replies":[{"embeddable":true,"href":"https:\/\/portaltela.pt\/api\/wp\/v2\/comments?post=110376"}],"version-history":[{"count":0,"href":"https:\/\/portaltela.pt\/api\/wp\/v2\/posts\/110376\/revisions"}],"wp:featuredmedia":[{"embeddable":true,"href":"https:\/\/portaltela.pt\/api\/wp\/v2\/media\/110387"}],"wp:attachment":[{"href":"https:\/\/portaltela.pt\/api\/wp\/v2\/media?parent=110376"}],"wp:term":[{"taxonomy":"category","embeddable":true,"href":"https:\/\/portaltela.pt\/api\/wp\/v2\/categories?post=110376"},{"taxonomy":"post_tag","embeddable":true,"href":"https:\/\/portaltela.pt\/api\/wp\/v2\/tags?post=110376"}],"curies":[{"name":"wp","href":"https:\/\/api.w.org\/{rel}","templated":true}]}}