{"id":110228,"date":"2025-12-31T17:02:08","date_gmt":"2025-12-31T20:02:08","guid":{"rendered":"https:\/\/portaltela.pt\/noticias\/2025\/12\/31\/cassiano-klein-entre-os-nomeados-para-o-melhor-treinador-do-mundo\/"},"modified":"2025-12-31T17:02:08","modified_gmt":"2025-12-31T20:02:08","slug":"cassiano-klein-entre-os-nomeados-para-o-melhor-treinador-do-mundo","status":"publish","type":"post","link":"https:\/\/portaltela.pt\/desporto\/futebol\/2025\/12\/31\/cassiano-klein-entre-os-nomeados-para-o-melhor-treinador-do-mundo\/","title":{"rendered":"Cassiano Klein, entre os nomeados para o melhor treinador do mundo"},"content":{"rendered":"<p>Cassiano Klein est\u00e1 entre os nomeados para o Melhor Treinador do Mundo no Futsal Planet. A decis\u00e3o final est\u00e1 marcada para 7 de janeiro.<\/p>\n<p>O treinador brasileiro conduziu as \u00e1guias \u00e0 conquista do campeonato na primeira \u00e9poca ao servi\u00e7o do clube da Luz. Nesta temporada, comandou uma equipa que venceu 19 dos 20 jogos disputados, l\u00edder do campeonato com seis pontos de vantagem sobre o segundo classificado, o Sporting.<\/p>\n<p>As duas equipas v\u00e3o encontrar-se nos quartos de final da UEFA Futsal Champions League, entre 23 de fevereiro e 6 de mar\u00e7o. O confronto coloca Benfica frente a Sporting, equipa treinada por Nuno Dias, que j\u00e1 recebeu o galard\u00e3o em 2021.<\/p>\n","protected":false},"excerpt":{"rendered":"<ul>\n<li>Cassiano Klein, t\u00e9cnico brasileiro, est\u00e1 entre os nomeados para o Melhor Treinador do Mundo no Futsal Planet, com a decis\u00e3o marcada para 7 de janeiro.<\/li>\n<li>O treinador guiou as \u00e1guias at\u00e9 ao t\u00edtulo da liga na primeira \u00e9poca ao servi\u00e7o do clube da Luz, com 19 vit\u00f3rias em 20 jogos e lideran\u00e7a com vantagem de seis pontos.<\/li>\n<li>O Sporting, equipa treinada por Nuno Dias, j\u00e1 tinha vencido o galard\u00e3o em 2021.<\/li>\n<li>As duas equipas v\u00e3o enfrentar-se nos quartos de final da UEFA Futsal Champions League, entre 23 de fevereiro e 6 de mar\u00e7o.<\/li>\n<li>O sorteio e a data exata dos jogos contra o Sporting ainda n\u00e3o sofreram altera\u00e7\u00f5es.<\/li>\n<\/ul>\n","protected":false},"author":2,"featured_media":110229,"comment_status":"closed","ping_status":"closed","sticky":false,"template":"","format":"standard","meta":{"footnotes":""},"categories":[21,24],"tags":[1946,161,1652,280,79],"class_list":["post-110228","post","type-post","status-publish","format-standard","has-post-thumbnail","hentry","category-desporto","category-futebol","tag-benfica","tag-futsal","tag-sporting","tag-treinador-do-ano","tag-uefa-champions-league"],"yoast_head":"<!-- This site is optimized with the Yoast SEO plugin v27.2 - https:\/\/yoast.com\/product\/yoast-seo-wordpress\/ -->\n<title>Cassiano Klein, entre os nomeados para o melhor treinador do mundo - Portal Tela Portugal<\/title>\n<meta name=\"robots\" content=\"index, follow, max-snippet:-1, max-image-preview:large, max-video-preview:-1\" \/>\n<meta property=\"og:locale\" content=\"pt_PT\" \/>\n<meta property=\"og:type\" content=\"article\" \/>\n<meta property=\"og:title\" content=\"Cassiano Klein, entre os nomeados para o melhor treinador do mundo - Portal Tela Portugal\" \/>\n<meta property=\"og:description\" content=\"Cassiano Klein, t\u00e9cnico brasileiro, est\u00e1 entre os nomeados para o Melhor Treinador do Mundo no Futsal Planet, com a decis\u00e3o marcada para 7 de janeiro. O treinador guiou as \u00e1guias at\u00e9 ao t\u00edtulo da liga na primeira \u00e9poca ao servi\u00e7o do clube da Luz, com 19 vit\u00f3rias em 20 jogos e lideran\u00e7a com vantagem de seis pontos. O Sporting, equipa treinada por Nuno Dias, j\u00e1 tinha vencido o galard\u00e3o em 2021. As duas equipas v\u00e3o enfrentar-se nos quartos de final da UEFA Futsal Champions League, entre 23 de fevereiro e 6 de mar\u00e7o. O sorteio e a data exata dos jogos contra o Sporting ainda n\u00e3o sofreram altera\u00e7\u00f5es.\" \/>\n<meta property=\"og:url\" content=\"https:\/\/portaltela.pt\/noticias\/2025\/12\/31\/cassiano-klein-entre-os-nomeados-para-o-melhor-treinador-do-mundo\/\" \/>\n<meta property=\"og:site_name\" content=\"Portal Tela Portugal\" \/>\n<meta property=\"article:published_time\" content=\"2025-12-31T20:02:08+00:00\" \/>\n<meta name=\"author\" content=\"Telinha\" \/>\n<meta name=\"twitter:card\" content=\"summary_large_image\" \/>\n<meta name=\"twitter:label1\" content=\"Escrito por\" \/>\n\t<meta name=\"twitter:data1\" content=\"Telinha\" \/>\n\t<meta name=\"twitter:label2\" content=\"Tempo estimado de leitura\" \/>\n\t<meta name=\"twitter:data2\" content=\"1 minuto\" \/>\n<script type=\"application\/ld+json\" class=\"yoast-schema-graph\">{\"@context\":\"https:\/\/schema.org\",\"@graph\":[{\"@type\":\"Article\",\"@id\":\"https:\/\/portaltela.pt\/noticias\/2025\/12\/31\/cassiano-klein-entre-os-nomeados-para-o-melhor-treinador-do-mundo\/#article\",\"isPartOf\":{\"@id\":\"https:\/\/portaltela.pt\/noticias\/2025\/12\/31\/cassiano-klein-entre-os-nomeados-para-o-melhor-treinador-do-mundo\/\"},\"author\":{\"name\":\"Telinha\",\"@id\":\"https:\/\/portaltela.pt\/#\/schema\/person\/c4278d4a6028830caff9ee44b42d32ed\"},\"headline\":\"Cassiano Klein, entre os nomeados para o melhor treinador do mundo\",\"datePublished\":\"2025-12-31T20:02:08+00:00\",\"mainEntityOfPage\":{\"@id\":\"https:\/\/portaltela.pt\/noticias\/2025\/12\/31\/cassiano-klein-entre-os-nomeados-para-o-melhor-treinador-do-mundo\/\"},\"wordCount\":120,\"image\":{\"@id\":\"https:\/\/portaltela.pt\/noticias\/2025\/12\/31\/cassiano-klein-entre-os-nomeados-para-o-melhor-treinador-do-mundo\/#primaryimage\"},\"thumbnailUrl\":\"https:\/\/portaltela.pt\/s.01k8rhncp4jt1\/2025\/12\/2e079bea-58fb-4c2a-9711-58eeb46b090a.jpg\",\"keywords\":[\"Benfica\",\"futsal\",\"Sporting\",\"Treinador do Ano\",\"uefa champions league\"],\"articleSection\":[\"Desporto\",\"Futebol\"],\"inLanguage\":\"pt-PT\"},{\"@type\":\"WebPage\",\"@id\":\"https:\/\/portaltela.pt\/noticias\/2025\/12\/31\/cassiano-klein-entre-os-nomeados-para-o-melhor-treinador-do-mundo\/\",\"url\":\"https:\/\/portaltela.pt\/noticias\/2025\/12\/31\/cassiano-klein-entre-os-nomeados-para-o-melhor-treinador-do-mundo\/\",\"name\":\"Cassiano Klein, entre os nomeados para o melhor treinador do mundo - Portal Tela Portugal\",\"isPartOf\":{\"@id\":\"https:\/\/portaltela.pt\/#website\"},\"primaryImageOfPage\":{\"@id\":\"https:\/\/portaltela.pt\/noticias\/2025\/12\/31\/cassiano-klein-entre-os-nomeados-para-o-melhor-treinador-do-mundo\/#primaryimage\"},\"image\":{\"@id\":\"https:\/\/portaltela.pt\/noticias\/2025\/12\/31\/cassiano-klein-entre-os-nomeados-para-o-melhor-treinador-do-mundo\/#primaryimage\"},\"thumbnailUrl\":\"https:\/\/portaltela.pt\/s.01k8rhncp4jt1\/2025\/12\/2e079bea-58fb-4c2a-9711-58eeb46b090a.jpg\",\"datePublished\":\"2025-12-31T20:02:08+00:00\",\"author\":{\"@id\":\"https:\/\/portaltela.pt\/#\/schema\/person\/c4278d4a6028830caff9ee44b42d32ed\"},\"breadcrumb\":{\"@id\":\"https:\/\/portaltela.pt\/noticias\/2025\/12\/31\/cassiano-klein-entre-os-nomeados-para-o-melhor-treinador-do-mundo\/#breadcrumb\"},\"inLanguage\":\"pt-PT\",\"potentialAction\":[{\"@type\":\"ReadAction\",\"target\":[\"https:\/\/portaltela.pt\/noticias\/2025\/12\/31\/cassiano-klein-entre-os-nomeados-para-o-melhor-treinador-do-mundo\/\"]}]},{\"@type\":\"ImageObject\",\"inLanguage\":\"pt-PT\",\"@id\":\"https:\/\/portaltela.pt\/noticias\/2025\/12\/31\/cassiano-klein-entre-os-nomeados-para-o-melhor-treinador-do-mundo\/#primaryimage\",\"url\":\"https:\/\/portaltela.pt\/s.01k8rhncp4jt1\/2025\/12\/2e079bea-58fb-4c2a-9711-58eeb46b090a.jpg\",\"contentUrl\":\"https:\/\/portaltela.pt\/s.01k8rhncp4jt1\/2025\/12\/2e079bea-58fb-4c2a-9711-58eeb46b090a.jpg\",\"width\":796,\"height\":448,\"caption\":\"Cassiano Klein - Foto: SL Benfica\"},{\"@type\":\"BreadcrumbList\",\"@id\":\"https:\/\/portaltela.pt\/noticias\/2025\/12\/31\/cassiano-klein-entre-os-nomeados-para-o-melhor-treinador-do-mundo\/#breadcrumb\",\"itemListElement\":[{\"@type\":\"ListItem\",\"position\":1,\"name\":\"In\u00edcio\",\"item\":\"https:\/\/portaltela.pt\/\"},{\"@type\":\"ListItem\",\"position\":2,\"name\":\"Cassiano Klein, entre os nomeados para o melhor treinador do mundo\"}]},{\"@type\":\"WebSite\",\"@id\":\"https:\/\/portaltela.pt\/#website\",\"url\":\"https:\/\/portaltela.pt\/\",\"name\":\"Portal Tela Portugal\",\"description\":\"\",\"potentialAction\":[{\"@type\":\"SearchAction\",\"target\":{\"@type\":\"EntryPoint\",\"urlTemplate\":\"https:\/\/portaltela.pt\/?s={search_term_string}\"},\"query-input\":{\"@type\":\"PropertyValueSpecification\",\"valueRequired\":true,\"valueName\":\"search_term_string\"}}],\"inLanguage\":\"pt-PT\"},{\"@type\":\"Person\",\"@id\":\"https:\/\/portaltela.pt\/#\/schema\/person\/c4278d4a6028830caff9ee44b42d32ed\",\"name\":\"Telinha\",\"image\":{\"@type\":\"ImageObject\",\"inLanguage\":\"pt-PT\",\"@id\":\"https:\/\/portaltela.pt\/s.01k8rhncp4jt1\/2025\/11\/talking-bot-125x125.png\",\"url\":\"https:\/\/portaltela.pt\/s.01k8rhncp4jt1\/2025\/11\/talking-bot-125x125.png\",\"contentUrl\":\"https:\/\/portaltela.pt\/s.01k8rhncp4jt1\/2025\/11\/talking-bot-125x125.png\",\"caption\":\"Telinha\"},\"sameAs\":[\"https:\/\/portaltela.pt\/\"],\"url\":\"https:\/\/portaltela.pt\/por\/367410592786\/\"}]}<\/script>\n<!-- \/ Yoast SEO plugin. -->","yoast_head_json":{"title":"Cassiano Klein, entre os nomeados para o melhor treinador do mundo - Portal Tela Portugal","robots":{"index":"index","follow":"follow","max-snippet":"max-snippet:-1","max-image-preview":"max-image-preview:large","max-video-preview":"max-video-preview:-1"},"og_locale":"pt_PT","og_type":"article","og_title":"Cassiano Klein, entre os nomeados para o melhor treinador do mundo - Portal Tela Portugal","og_description":"Cassiano Klein, t\u00e9cnico brasileiro, est\u00e1 entre os nomeados para o Melhor Treinador do Mundo no Futsal Planet, com a decis\u00e3o marcada para 7 de janeiro. O treinador guiou as \u00e1guias at\u00e9 ao t\u00edtulo da liga na primeira \u00e9poca ao servi\u00e7o do clube da Luz, com 19 vit\u00f3rias em 20 jogos e lideran\u00e7a com vantagem de seis pontos. O Sporting, equipa treinada por Nuno Dias, j\u00e1 tinha vencido o galard\u00e3o em 2021. As duas equipas v\u00e3o enfrentar-se nos quartos de final da UEFA Futsal Champions League, entre 23 de fevereiro e 6 de mar\u00e7o. O sorteio e a data exata dos jogos contra o Sporting ainda n\u00e3o sofreram altera\u00e7\u00f5es.","og_url":"https:\/\/portaltela.pt\/noticias\/2025\/12\/31\/cassiano-klein-entre-os-nomeados-para-o-melhor-treinador-do-mundo\/","og_site_name":"Portal Tela Portugal","article_published_time":"2025-12-31T20:02:08+00:00","author":"Telinha","twitter_card":"summary_large_image","twitter_misc":{"Escrito por":"Telinha","Tempo estimado de leitura":"1 minuto"},"schema":{"@context":"https:\/\/schema.org","@graph":[{"@type":"Article","@id":"https:\/\/portaltela.pt\/noticias\/2025\/12\/31\/cassiano-klein-entre-os-nomeados-para-o-melhor-treinador-do-mundo\/#article","isPartOf":{"@id":"https:\/\/portaltela.pt\/noticias\/2025\/12\/31\/cassiano-klein-entre-os-nomeados-para-o-melhor-treinador-do-mundo\/"},"author":{"name":"Telinha","@id":"https:\/\/portaltela.pt\/#\/schema\/person\/c4278d4a6028830caff9ee44b42d32ed"},"headline":"Cassiano Klein, entre os nomeados para o melhor treinador do mundo","datePublished":"2025-12-31T20:02:08+00:00","mainEntityOfPage":{"@id":"https:\/\/portaltela.pt\/noticias\/2025\/12\/31\/cassiano-klein-entre-os-nomeados-para-o-melhor-treinador-do-mundo\/"},"wordCount":120,"image":{"@id":"https:\/\/portaltela.pt\/noticias\/2025\/12\/31\/cassiano-klein-entre-os-nomeados-para-o-melhor-treinador-do-mundo\/#primaryimage"},"thumbnailUrl":"https:\/\/portaltela.pt\/s.01k8rhncp4jt1\/2025\/12\/2e079bea-58fb-4c2a-9711-58eeb46b090a.jpg","keywords":["Benfica","futsal","Sporting","Treinador do Ano","uefa champions league"],"articleSection":["Desporto","Futebol"],"inLanguage":"pt-PT"},{"@type":"WebPage","@id":"https:\/\/portaltela.pt\/noticias\/2025\/12\/31\/cassiano-klein-entre-os-nomeados-para-o-melhor-treinador-do-mundo\/","url":"https:\/\/portaltela.pt\/noticias\/2025\/12\/31\/cassiano-klein-entre-os-nomeados-para-o-melhor-treinador-do-mundo\/","name":"Cassiano Klein, entre os nomeados para o melhor treinador do mundo - Portal Tela Portugal","isPartOf":{"@id":"https:\/\/portaltela.pt\/#website"},"primaryImageOfPage":{"@id":"https:\/\/portaltela.pt\/noticias\/2025\/12\/31\/cassiano-klein-entre-os-nomeados-para-o-melhor-treinador-do-mundo\/#primaryimage"},"image":{"@id":"https:\/\/portaltela.pt\/noticias\/2025\/12\/31\/cassiano-klein-entre-os-nomeados-para-o-melhor-treinador-do-mundo\/#primaryimage"},"thumbnailUrl":"https:\/\/portaltela.pt\/s.01k8rhncp4jt1\/2025\/12\/2e079bea-58fb-4c2a-9711-58eeb46b090a.jpg","datePublished":"2025-12-31T20:02:08+00:00","author":{"@id":"https:\/\/portaltela.pt\/#\/schema\/person\/c4278d4a6028830caff9ee44b42d32ed"},"breadcrumb":{"@id":"https:\/\/portaltela.pt\/noticias\/2025\/12\/31\/cassiano-klein-entre-os-nomeados-para-o-melhor-treinador-do-mundo\/#breadcrumb"},"inLanguage":"pt-PT","potentialAction":[{"@type":"ReadAction","target":["https:\/\/portaltela.pt\/noticias\/2025\/12\/31\/cassiano-klein-entre-os-nomeados-para-o-melhor-treinador-do-mundo\/"]}]},{"@type":"ImageObject","inLanguage":"pt-PT","@id":"https:\/\/portaltela.pt\/noticias\/2025\/12\/31\/cassiano-klein-entre-os-nomeados-para-o-melhor-treinador-do-mundo\/#primaryimage","url":"https:\/\/portaltela.pt\/s.01k8rhncp4jt1\/2025\/12\/2e079bea-58fb-4c2a-9711-58eeb46b090a.jpg","contentUrl":"https:\/\/portaltela.pt\/s.01k8rhncp4jt1\/2025\/12\/2e079bea-58fb-4c2a-9711-58eeb46b090a.jpg","width":796,"height":448,"caption":"Cassiano Klein - Foto: SL Benfica"},{"@type":"BreadcrumbList","@id":"https:\/\/portaltela.pt\/noticias\/2025\/12\/31\/cassiano-klein-entre-os-nomeados-para-o-melhor-treinador-do-mundo\/#breadcrumb","itemListElement":[{"@type":"ListItem","position":1,"name":"In\u00edcio","item":"https:\/\/portaltela.pt\/"},{"@type":"ListItem","position":2,"name":"Cassiano Klein, entre os nomeados para o melhor treinador do mundo"}]},{"@type":"WebSite","@id":"https:\/\/portaltela.pt\/#website","url":"https:\/\/portaltela.pt\/","name":"Portal Tela Portugal","description":"","potentialAction":[{"@type":"SearchAction","target":{"@type":"EntryPoint","urlTemplate":"https:\/\/portaltela.pt\/?s={search_term_string}"},"query-input":{"@type":"PropertyValueSpecification","valueRequired":true,"valueName":"search_term_string"}}],"inLanguage":"pt-PT"},{"@type":"Person","@id":"https:\/\/portaltela.pt\/#\/schema\/person\/c4278d4a6028830caff9ee44b42d32ed","name":"Telinha","image":{"@type":"ImageObject","inLanguage":"pt-PT","@id":"https:\/\/portaltela.pt\/s.01k8rhncp4jt1\/2025\/11\/talking-bot-125x125.png","url":"https:\/\/portaltela.pt\/s.01k8rhncp4jt1\/2025\/11\/talking-bot-125x125.png","contentUrl":"https:\/\/portaltela.pt\/s.01k8rhncp4jt1\/2025\/11\/talking-bot-125x125.png","caption":"Telinha"},"sameAs":["https:\/\/portaltela.pt\/"],"url":"https:\/\/portaltela.pt\/por\/367410592786\/"}]}},"_links":{"self":[{"href":"https:\/\/portaltela.pt\/api\/wp\/v2\/posts\/110228","targetHints":{"allow":["GET"]}}],"collection":[{"href":"https:\/\/portaltela.pt\/api\/wp\/v2\/posts"}],"about":[{"href":"https:\/\/portaltela.pt\/api\/wp\/v2\/types\/post"}],"author":[{"embeddable":true,"href":"https:\/\/portaltela.pt\/api\/wp\/v2\/users\/2"}],"replies":[{"embeddable":true,"href":"https:\/\/portaltela.pt\/api\/wp\/v2\/comments?post=110228"}],"version-history":[{"count":0,"href":"https:\/\/portaltela.pt\/api\/wp\/v2\/posts\/110228\/revisions"}],"wp:featuredmedia":[{"embeddable":true,"href":"https:\/\/portaltela.pt\/api\/wp\/v2\/media\/110229"}],"wp:attachment":[{"href":"https:\/\/portaltela.pt\/api\/wp\/v2\/media?parent=110228"}],"wp:term":[{"taxonomy":"category","embeddable":true,"href":"https:\/\/portaltela.pt\/api\/wp\/v2\/categories?post=110228"},{"taxonomy":"post_tag","embeddable":true,"href":"https:\/\/portaltela.pt\/api\/wp\/v2\/tags?post=110228"}],"curies":[{"name":"wp","href":"https:\/\/api.w.org\/{rel}","templated":true}]}}