{"id":110074,"date":"2025-12-31T14:25:27","date_gmt":"2025-12-31T17:25:27","guid":{"rendered":"https:\/\/portaltela.pt\/noticias\/2025\/12\/31\/torneio-interassociacoes-sub-15-encerra-na-guarda-com-foco-na-detecao-de-talento\/"},"modified":"2025-12-31T14:25:27","modified_gmt":"2025-12-31T17:25:27","slug":"torneio-interassociacoes-sub-15-encerra-na-guarda-com-foco-na-detecao-de-talento","status":"publish","type":"post","link":"https:\/\/portaltela.pt\/desporto\/futebol\/2025\/12\/31\/torneio-interassociacoes-sub-15-encerra-na-guarda-com-foco-na-detecao-de-talento\/","title":{"rendered":"Torneio Interassocia\u00e7\u00f5es Sub-15 encerra na Guarda com foco na dete\u00e7\u00e3o de talento"},"content":{"rendered":"<p>O Torneio Interassocia\u00e7\u00f5es Sub-15 chegou ao fim na Guarda, na ter\u00e7a-feira, 30 de dezembro, com a quinta e \u00faltima jornada da fase de grupos. A competi\u00e7\u00e3o, organizada pela Federa\u00e7\u00e3o Portuguesa de Futebol, n\u00e3o teve classifica\u00e7\u00e3o final, mantendo o foco na dete\u00e7\u00e3o e avalia\u00e7\u00e3o de talentos.<\/p>\n<p>O evento reuniu jovens atletas dos distritos de Celorico da Beira, Fornos de Algodres, M\u00eada, S\u00e3o Miguel (Guarda) e Trancoso, envolvendo diversas associa\u00e7\u00f5es distritais e regionais. Durante os tr\u00eas dias, o objetivo foi observar decis\u00f5es, leitura de jogo, prepara\u00e7\u00e3o f\u00edsica e comportamento emocional em contexto competitivo.<\/p>\n<h3>Foco na avalia\u00e7\u00e3o<\/h3>\n<p>Ao longo de 27 a 30 de dezembro, o futsal Sub-15 manteve o formato de jogos concentrados sem ranking, priorizando a observa\u00e7\u00e3o individual e coletiva. O objetivo \u00e9 identificar talento para o pr\u00f3ximo escal\u00e3o, em vez de premiar resultados desportivos.<\/p>\n<h3>Quadro de resultados<\/h3>\n<p>No primeiro dia, houve dom\u00ednio de v\u00e1rias forma\u00e7\u00f5es, com v\u00e1rias goleadas expressivas e encontros equilibrados, evidenciando diferen\u00e7as entre as academias regionais. No segundo dia, destacou-se a ofensiva de algumas equipas e a manuten\u00e7\u00e3o de jogos fechados noutros duelos. No terceiro dia, permaneceram as an\u00e1lises de decis\u00e3o t\u00e1tica, leitura de jogo e gest\u00e3o emocional sob press\u00e3o.<\/p>\n<p>A \u00faltima jornada confirmou a continuidade da avalia\u00e7\u00e3o, com partidas que refor\u00e7aram o objetivo central do torneio: observar jovens jogadores em ambiente competitivo. A organiza\u00e7\u00e3o mant\u00e9m o crit\u00e9rio de n\u00e3o estabelecer uma classifica\u00e7\u00e3o final, privilegiando o acompanhamento t\u00e9cnico e o desenvolvimento de cada atleta.<\/p>\n","protected":false},"excerpt":{"rendered":"<ul>\n<li>Concluiu-se na ter\u00e7a-feira, 30 de dezembro, a quinta e \u00faltima jornada da fase de grupos do Torneio Interassocia\u00e7\u00f5es Sub-15 de futsal, na Guarda, com foco exclusivo na dete\u00e7\u00e3o de talentos pela Federa\u00e7\u00e3o Portuguesa de Futebol.<\/li>\n<li>A competi\u00e7\u00e3o decorreu entre 27 e 30 de dezembro, nos munic\u00edpios de Celorico da Beira, Fornos de Algodres, M\u00eada, S\u00e3o Miguel (Guarda) e Trancoso, reunindo centenas de jovens atletas.<\/li>\n<li>N\u00e3o houve classifica\u00e7\u00e3o final formal, mantendo o objetivo de avalia\u00e7\u00e3o individual e coletiva, observando decis\u00f5es, leitura de jogo, comportamento t\u00e1tico e resposta emocional.<\/li>\n<li>Os jogos foram distribu\u00eddos por v\u00e1rios pavil\u00f5es da regi\u00e3o, incluindo Trancoso, Fornos de Algodres, Celorico da Beira e Celorico da Beira, entre outros.<\/li>\n<li>O torneio manteve o foco na observa\u00e7\u00e3o para sele\u00e7\u00e3o de talentos, sem atribui\u00e7\u00e3o de um ranking final.<\/li>\n<\/ul>\n","protected":false},"author":2,"featured_media":110077,"comment_status":"closed","ping_status":"closed","sticky":false,"template":"","format":"standard","meta":{"footnotes":""},"categories":[21,24],"tags":[1966,1354,161,1113,1355,2236],"class_list":["post-110074","post","type-post","status-publish","format-standard","has-post-thumbnail","hentry","category-desporto","category-futebol","tag-celorico-da-beira","tag-fornos-de-algodres","tag-futsal","tag-guarda","tag-meda","tag-trancoso"],"yoast_head":"<!-- This site is optimized with the Yoast SEO plugin v27.2 - https:\/\/yoast.com\/product\/yoast-seo-wordpress\/ -->\n<title>Torneio Interassocia\u00e7\u00f5es Sub-15 encerra na Guarda com foco na dete\u00e7\u00e3o de talento - Portal Tela Portugal<\/title>\n<meta name=\"robots\" content=\"index, follow, max-snippet:-1, max-image-preview:large, max-video-preview:-1\" \/>\n<meta property=\"og:locale\" content=\"pt_PT\" \/>\n<meta property=\"og:type\" content=\"article\" \/>\n<meta property=\"og:title\" content=\"Torneio Interassocia\u00e7\u00f5es Sub-15 encerra na Guarda com foco na dete\u00e7\u00e3o de talento - Portal Tela Portugal\" \/>\n<meta property=\"og:description\" content=\"Concluiu-se na ter\u00e7a-feira, 30 de dezembro, a quinta e \u00faltima jornada da fase de grupos do Torneio Interassocia\u00e7\u00f5es Sub-15 de futsal, na Guarda, com foco exclusivo na dete\u00e7\u00e3o de talentos pela Federa\u00e7\u00e3o Portuguesa de Futebol. A competi\u00e7\u00e3o decorreu entre 27 e 30 de dezembro, nos munic\u00edpios de Celorico da Beira, Fornos de Algodres, M\u00eada, S\u00e3o Miguel (Guarda) e Trancoso, reunindo centenas de jovens atletas. N\u00e3o houve classifica\u00e7\u00e3o final formal, mantendo o objetivo de avalia\u00e7\u00e3o individual e coletiva, observando decis\u00f5es, leitura de jogo, comportamento t\u00e1tico e resposta emocional. Os jogos foram distribu\u00eddos por v\u00e1rios pavil\u00f5es da regi\u00e3o, incluindo Trancoso, Fornos de Algodres, Celorico da Beira e Celorico da Beira, entre outros. O torneio manteve o foco na observa\u00e7\u00e3o para sele\u00e7\u00e3o de talentos, sem atribui\u00e7\u00e3o de um ranking final.\" \/>\n<meta property=\"og:url\" content=\"https:\/\/portaltela.pt\/noticias\/2025\/12\/31\/torneio-interassociacoes-sub-15-encerra-na-guarda-com-foco-na-detecao-de-talento\/\" \/>\n<meta property=\"og:site_name\" content=\"Portal Tela Portugal\" \/>\n<meta property=\"article:published_time\" content=\"2025-12-31T17:25:27+00:00\" \/>\n<meta name=\"author\" content=\"Telinha\" \/>\n<meta name=\"twitter:card\" content=\"summary_large_image\" \/>\n<meta name=\"twitter:label1\" content=\"Escrito por\" \/>\n\t<meta name=\"twitter:data1\" content=\"Telinha\" \/>\n\t<meta name=\"twitter:label2\" content=\"Tempo estimado de leitura\" \/>\n\t<meta name=\"twitter:data2\" content=\"1 minuto\" \/>\n<script type=\"application\/ld+json\" class=\"yoast-schema-graph\">{\"@context\":\"https:\/\/schema.org\",\"@graph\":[{\"@type\":\"Article\",\"@id\":\"https:\/\/portaltela.pt\/noticias\/2025\/12\/31\/torneio-interassociacoes-sub-15-encerra-na-guarda-com-foco-na-detecao-de-talento\/#article\",\"isPartOf\":{\"@id\":\"https:\/\/portaltela.pt\/noticias\/2025\/12\/31\/torneio-interassociacoes-sub-15-encerra-na-guarda-com-foco-na-detecao-de-talento\/\"},\"author\":{\"name\":\"Telinha\",\"@id\":\"https:\/\/portaltela.pt\/#\/schema\/person\/c4278d4a6028830caff9ee44b42d32ed\"},\"headline\":\"Torneio Interassocia\u00e7\u00f5es Sub-15 encerra na Guarda com foco na dete\u00e7\u00e3o de talento\",\"datePublished\":\"2025-12-31T17:25:27+00:00\",\"mainEntityOfPage\":{\"@id\":\"https:\/\/portaltela.pt\/noticias\/2025\/12\/31\/torneio-interassociacoes-sub-15-encerra-na-guarda-com-foco-na-detecao-de-talento\/\"},\"wordCount\":284,\"image\":{\"@id\":\"https:\/\/portaltela.pt\/noticias\/2025\/12\/31\/torneio-interassociacoes-sub-15-encerra-na-guarda-com-foco-na-detecao-de-talento\/#primaryimage\"},\"thumbnailUrl\":\"https:\/\/portaltela.pt\/s.01k8rhncp4jt1\/2025\/12\/unnamed-file-2781.jpg\",\"keywords\":[\"Celorico da Beira\",\"Fornos de Algodres\",\"futsal\",\"Guarda\",\"M\u00eada\",\"Trancoso\"],\"articleSection\":[\"Desporto\",\"Futebol\"],\"inLanguage\":\"pt-PT\"},{\"@type\":\"WebPage\",\"@id\":\"https:\/\/portaltela.pt\/noticias\/2025\/12\/31\/torneio-interassociacoes-sub-15-encerra-na-guarda-com-foco-na-detecao-de-talento\/\",\"url\":\"https:\/\/portaltela.pt\/noticias\/2025\/12\/31\/torneio-interassociacoes-sub-15-encerra-na-guarda-com-foco-na-detecao-de-talento\/\",\"name\":\"Torneio Interassocia\u00e7\u00f5es Sub-15 encerra na Guarda com foco na dete\u00e7\u00e3o de talento - Portal Tela Portugal\",\"isPartOf\":{\"@id\":\"https:\/\/portaltela.pt\/#website\"},\"primaryImageOfPage\":{\"@id\":\"https:\/\/portaltela.pt\/noticias\/2025\/12\/31\/torneio-interassociacoes-sub-15-encerra-na-guarda-com-foco-na-detecao-de-talento\/#primaryimage\"},\"image\":{\"@id\":\"https:\/\/portaltela.pt\/noticias\/2025\/12\/31\/torneio-interassociacoes-sub-15-encerra-na-guarda-com-foco-na-detecao-de-talento\/#primaryimage\"},\"thumbnailUrl\":\"https:\/\/portaltela.pt\/s.01k8rhncp4jt1\/2025\/12\/unnamed-file-2781.jpg\",\"datePublished\":\"2025-12-31T17:25:27+00:00\",\"author\":{\"@id\":\"https:\/\/portaltela.pt\/#\/schema\/person\/c4278d4a6028830caff9ee44b42d32ed\"},\"breadcrumb\":{\"@id\":\"https:\/\/portaltela.pt\/noticias\/2025\/12\/31\/torneio-interassociacoes-sub-15-encerra-na-guarda-com-foco-na-detecao-de-talento\/#breadcrumb\"},\"inLanguage\":\"pt-PT\",\"potentialAction\":[{\"@type\":\"ReadAction\",\"target\":[\"https:\/\/portaltela.pt\/noticias\/2025\/12\/31\/torneio-interassociacoes-sub-15-encerra-na-guarda-com-foco-na-detecao-de-talento\/\"]}]},{\"@type\":\"ImageObject\",\"inLanguage\":\"pt-PT\",\"@id\":\"https:\/\/portaltela.pt\/noticias\/2025\/12\/31\/torneio-interassociacoes-sub-15-encerra-na-guarda-com-foco-na-detecao-de-talento\/#primaryimage\",\"url\":\"https:\/\/portaltela.pt\/s.01k8rhncp4jt1\/2025\/12\/unnamed-file-2781.jpg\",\"contentUrl\":\"https:\/\/portaltela.pt\/s.01k8rhncp4jt1\/2025\/12\/unnamed-file-2781.jpg\",\"width\":796,\"height\":448,\"caption\":\"Torneio Interassocia\u00e7\u00f5es Sub-15 chega ao fim na Guarda com foco total na dete\u00e7\u00e3o de talento\"},{\"@type\":\"BreadcrumbList\",\"@id\":\"https:\/\/portaltela.pt\/noticias\/2025\/12\/31\/torneio-interassociacoes-sub-15-encerra-na-guarda-com-foco-na-detecao-de-talento\/#breadcrumb\",\"itemListElement\":[{\"@type\":\"ListItem\",\"position\":1,\"name\":\"In\u00edcio\",\"item\":\"https:\/\/portaltela.pt\/\"},{\"@type\":\"ListItem\",\"position\":2,\"name\":\"Torneio Interassocia\u00e7\u00f5es Sub-15 encerra na Guarda com foco na dete\u00e7\u00e3o de talento\"}]},{\"@type\":\"WebSite\",\"@id\":\"https:\/\/portaltela.pt\/#website\",\"url\":\"https:\/\/portaltela.pt\/\",\"name\":\"Portal Tela Portugal\",\"description\":\"\",\"potentialAction\":[{\"@type\":\"SearchAction\",\"target\":{\"@type\":\"EntryPoint\",\"urlTemplate\":\"https:\/\/portaltela.pt\/?s={search_term_string}\"},\"query-input\":{\"@type\":\"PropertyValueSpecification\",\"valueRequired\":true,\"valueName\":\"search_term_string\"}}],\"inLanguage\":\"pt-PT\"},{\"@type\":\"Person\",\"@id\":\"https:\/\/portaltela.pt\/#\/schema\/person\/c4278d4a6028830caff9ee44b42d32ed\",\"name\":\"Telinha\",\"image\":{\"@type\":\"ImageObject\",\"inLanguage\":\"pt-PT\",\"@id\":\"https:\/\/portaltela.pt\/s.01k8rhncp4jt1\/2025\/11\/talking-bot-125x125.png\",\"url\":\"https:\/\/portaltela.pt\/s.01k8rhncp4jt1\/2025\/11\/talking-bot-125x125.png\",\"contentUrl\":\"https:\/\/portaltela.pt\/s.01k8rhncp4jt1\/2025\/11\/talking-bot-125x125.png\",\"caption\":\"Telinha\"},\"sameAs\":[\"https:\/\/portaltela.pt\/\"],\"url\":\"https:\/\/portaltela.pt\/por\/367410592786\/\"}]}<\/script>\n<!-- \/ Yoast SEO plugin. -->","yoast_head_json":{"title":"Torneio Interassocia\u00e7\u00f5es Sub-15 encerra na Guarda com foco na dete\u00e7\u00e3o de talento - Portal Tela Portugal","robots":{"index":"index","follow":"follow","max-snippet":"max-snippet:-1","max-image-preview":"max-image-preview:large","max-video-preview":"max-video-preview:-1"},"og_locale":"pt_PT","og_type":"article","og_title":"Torneio Interassocia\u00e7\u00f5es Sub-15 encerra na Guarda com foco na dete\u00e7\u00e3o de talento - Portal Tela Portugal","og_description":"Concluiu-se na ter\u00e7a-feira, 30 de dezembro, a quinta e \u00faltima jornada da fase de grupos do Torneio Interassocia\u00e7\u00f5es Sub-15 de futsal, na Guarda, com foco exclusivo na dete\u00e7\u00e3o de talentos pela Federa\u00e7\u00e3o Portuguesa de Futebol. A competi\u00e7\u00e3o decorreu entre 27 e 30 de dezembro, nos munic\u00edpios de Celorico da Beira, Fornos de Algodres, M\u00eada, S\u00e3o Miguel (Guarda) e Trancoso, reunindo centenas de jovens atletas. N\u00e3o houve classifica\u00e7\u00e3o final formal, mantendo o objetivo de avalia\u00e7\u00e3o individual e coletiva, observando decis\u00f5es, leitura de jogo, comportamento t\u00e1tico e resposta emocional. Os jogos foram distribu\u00eddos por v\u00e1rios pavil\u00f5es da regi\u00e3o, incluindo Trancoso, Fornos de Algodres, Celorico da Beira e Celorico da Beira, entre outros. O torneio manteve o foco na observa\u00e7\u00e3o para sele\u00e7\u00e3o de talentos, sem atribui\u00e7\u00e3o de um ranking final.","og_url":"https:\/\/portaltela.pt\/noticias\/2025\/12\/31\/torneio-interassociacoes-sub-15-encerra-na-guarda-com-foco-na-detecao-de-talento\/","og_site_name":"Portal Tela Portugal","article_published_time":"2025-12-31T17:25:27+00:00","author":"Telinha","twitter_card":"summary_large_image","twitter_misc":{"Escrito por":"Telinha","Tempo estimado de leitura":"1 minuto"},"schema":{"@context":"https:\/\/schema.org","@graph":[{"@type":"Article","@id":"https:\/\/portaltela.pt\/noticias\/2025\/12\/31\/torneio-interassociacoes-sub-15-encerra-na-guarda-com-foco-na-detecao-de-talento\/#article","isPartOf":{"@id":"https:\/\/portaltela.pt\/noticias\/2025\/12\/31\/torneio-interassociacoes-sub-15-encerra-na-guarda-com-foco-na-detecao-de-talento\/"},"author":{"name":"Telinha","@id":"https:\/\/portaltela.pt\/#\/schema\/person\/c4278d4a6028830caff9ee44b42d32ed"},"headline":"Torneio Interassocia\u00e7\u00f5es Sub-15 encerra na Guarda com foco na dete\u00e7\u00e3o de talento","datePublished":"2025-12-31T17:25:27+00:00","mainEntityOfPage":{"@id":"https:\/\/portaltela.pt\/noticias\/2025\/12\/31\/torneio-interassociacoes-sub-15-encerra-na-guarda-com-foco-na-detecao-de-talento\/"},"wordCount":284,"image":{"@id":"https:\/\/portaltela.pt\/noticias\/2025\/12\/31\/torneio-interassociacoes-sub-15-encerra-na-guarda-com-foco-na-detecao-de-talento\/#primaryimage"},"thumbnailUrl":"https:\/\/portaltela.pt\/s.01k8rhncp4jt1\/2025\/12\/unnamed-file-2781.jpg","keywords":["Celorico da Beira","Fornos de Algodres","futsal","Guarda","M\u00eada","Trancoso"],"articleSection":["Desporto","Futebol"],"inLanguage":"pt-PT"},{"@type":"WebPage","@id":"https:\/\/portaltela.pt\/noticias\/2025\/12\/31\/torneio-interassociacoes-sub-15-encerra-na-guarda-com-foco-na-detecao-de-talento\/","url":"https:\/\/portaltela.pt\/noticias\/2025\/12\/31\/torneio-interassociacoes-sub-15-encerra-na-guarda-com-foco-na-detecao-de-talento\/","name":"Torneio Interassocia\u00e7\u00f5es Sub-15 encerra na Guarda com foco na dete\u00e7\u00e3o de talento - Portal Tela Portugal","isPartOf":{"@id":"https:\/\/portaltela.pt\/#website"},"primaryImageOfPage":{"@id":"https:\/\/portaltela.pt\/noticias\/2025\/12\/31\/torneio-interassociacoes-sub-15-encerra-na-guarda-com-foco-na-detecao-de-talento\/#primaryimage"},"image":{"@id":"https:\/\/portaltela.pt\/noticias\/2025\/12\/31\/torneio-interassociacoes-sub-15-encerra-na-guarda-com-foco-na-detecao-de-talento\/#primaryimage"},"thumbnailUrl":"https:\/\/portaltela.pt\/s.01k8rhncp4jt1\/2025\/12\/unnamed-file-2781.jpg","datePublished":"2025-12-31T17:25:27+00:00","author":{"@id":"https:\/\/portaltela.pt\/#\/schema\/person\/c4278d4a6028830caff9ee44b42d32ed"},"breadcrumb":{"@id":"https:\/\/portaltela.pt\/noticias\/2025\/12\/31\/torneio-interassociacoes-sub-15-encerra-na-guarda-com-foco-na-detecao-de-talento\/#breadcrumb"},"inLanguage":"pt-PT","potentialAction":[{"@type":"ReadAction","target":["https:\/\/portaltela.pt\/noticias\/2025\/12\/31\/torneio-interassociacoes-sub-15-encerra-na-guarda-com-foco-na-detecao-de-talento\/"]}]},{"@type":"ImageObject","inLanguage":"pt-PT","@id":"https:\/\/portaltela.pt\/noticias\/2025\/12\/31\/torneio-interassociacoes-sub-15-encerra-na-guarda-com-foco-na-detecao-de-talento\/#primaryimage","url":"https:\/\/portaltela.pt\/s.01k8rhncp4jt1\/2025\/12\/unnamed-file-2781.jpg","contentUrl":"https:\/\/portaltela.pt\/s.01k8rhncp4jt1\/2025\/12\/unnamed-file-2781.jpg","width":796,"height":448,"caption":"Torneio Interassocia\u00e7\u00f5es Sub-15 chega ao fim na Guarda com foco total na dete\u00e7\u00e3o de talento"},{"@type":"BreadcrumbList","@id":"https:\/\/portaltela.pt\/noticias\/2025\/12\/31\/torneio-interassociacoes-sub-15-encerra-na-guarda-com-foco-na-detecao-de-talento\/#breadcrumb","itemListElement":[{"@type":"ListItem","position":1,"name":"In\u00edcio","item":"https:\/\/portaltela.pt\/"},{"@type":"ListItem","position":2,"name":"Torneio Interassocia\u00e7\u00f5es Sub-15 encerra na Guarda com foco na dete\u00e7\u00e3o de talento"}]},{"@type":"WebSite","@id":"https:\/\/portaltela.pt\/#website","url":"https:\/\/portaltela.pt\/","name":"Portal Tela Portugal","description":"","potentialAction":[{"@type":"SearchAction","target":{"@type":"EntryPoint","urlTemplate":"https:\/\/portaltela.pt\/?s={search_term_string}"},"query-input":{"@type":"PropertyValueSpecification","valueRequired":true,"valueName":"search_term_string"}}],"inLanguage":"pt-PT"},{"@type":"Person","@id":"https:\/\/portaltela.pt\/#\/schema\/person\/c4278d4a6028830caff9ee44b42d32ed","name":"Telinha","image":{"@type":"ImageObject","inLanguage":"pt-PT","@id":"https:\/\/portaltela.pt\/s.01k8rhncp4jt1\/2025\/11\/talking-bot-125x125.png","url":"https:\/\/portaltela.pt\/s.01k8rhncp4jt1\/2025\/11\/talking-bot-125x125.png","contentUrl":"https:\/\/portaltela.pt\/s.01k8rhncp4jt1\/2025\/11\/talking-bot-125x125.png","caption":"Telinha"},"sameAs":["https:\/\/portaltela.pt\/"],"url":"https:\/\/portaltela.pt\/por\/367410592786\/"}]}},"_links":{"self":[{"href":"https:\/\/portaltela.pt\/api\/wp\/v2\/posts\/110074","targetHints":{"allow":["GET"]}}],"collection":[{"href":"https:\/\/portaltela.pt\/api\/wp\/v2\/posts"}],"about":[{"href":"https:\/\/portaltela.pt\/api\/wp\/v2\/types\/post"}],"author":[{"embeddable":true,"href":"https:\/\/portaltela.pt\/api\/wp\/v2\/users\/2"}],"replies":[{"embeddable":true,"href":"https:\/\/portaltela.pt\/api\/wp\/v2\/comments?post=110074"}],"version-history":[{"count":0,"href":"https:\/\/portaltela.pt\/api\/wp\/v2\/posts\/110074\/revisions"}],"wp:featuredmedia":[{"embeddable":true,"href":"https:\/\/portaltela.pt\/api\/wp\/v2\/media\/110077"}],"wp:attachment":[{"href":"https:\/\/portaltela.pt\/api\/wp\/v2\/media?parent=110074"}],"wp:term":[{"taxonomy":"category","embeddable":true,"href":"https:\/\/portaltela.pt\/api\/wp\/v2\/categories?post=110074"},{"taxonomy":"post_tag","embeddable":true,"href":"https:\/\/portaltela.pt\/api\/wp\/v2\/tags?post=110074"}],"curies":[{"name":"wp","href":"https:\/\/api.w.org\/{rel}","templated":true}]}}