{"id":109904,"date":"2025-12-31T12:35:00","date_gmt":"2025-12-31T15:35:00","guid":{"rendered":"https:\/\/portaltela.pt\/noticias\/2025\/12\/31\/finlandia-investiga-nova-ruptura-de-cabo-submarino-de-telecomunicacoes\/"},"modified":"2025-12-31T12:35:00","modified_gmt":"2025-12-31T15:35:00","slug":"finlandia-investiga-nova-ruptura-de-cabo-submarino-de-telecomunicacoes","status":"publish","type":"post","link":"https:\/\/portaltela.pt\/noticias\/2025\/12\/31\/finlandia-investiga-nova-ruptura-de-cabo-submarino-de-telecomunicacoes\/","title":{"rendered":"Finl\u00e2ndia investiga nova ruptura de cabo submarino de telecomunica\u00e7\u00f5es"},"content":{"rendered":"<p>A pol\u00edcia finlandesa revelou que investiga um navio suspeito de causar a ruptura de um cabo submarino de telecomunica\u00e7\u00f5es no mar B\u00e1ltico. A falha ocorreu na \u00e1rea econ\u00f3mica exclusiva da Est\u00f3nia, ligada \u00e0 Finl\u00e2ndia. O incidente levou a uma apreens\u00e3o do navio, em uma opera\u00e7\u00e3o conjunta.<\/p>\n<p>A detec\u00e7\u00e3o foi feita pela Elisa, operadora finlandesa, que reportou a avaria ao respetivo registo. Um patrulha da Guarda de Fronteiras e um helic\u00f3ptero interceptaram o navio, que navegava com uma \u00e2ncora submersa. O navio foi ent\u00e3o apreendido.<\/p>\n<p>A Procuradoria-Geral apresentou acusa\u00e7\u00e3o contra o navio, que \u00e9 acusado de sabotagem grave e de interfer\u00eancia agravada nas comunica\u00e7\u00f5es. A investiga\u00e7\u00e3o envolve v\u00e1rias entidades nacionais e coopera\u00e7\u00e3o internacional com a Est\u00f3nia.<\/p>\n<p>Interv\u00eam ainda as For\u00e7as Armadas, a Alf\u00e2ndega, a Traficom e o Fingrid, operador da rede el\u00e9trica. O objetivo \u00e9 apurar responsabilidades e circunst\u00e2ncias da avaria.<\/p>\n<p>As autoridades finlandesas colaboram com outros pa\u00edses para partilha de informa\u00e7\u00f5es. O Presidente Alexander Stubb afirmou que a Finl\u00e2ndia acompanha o caso em parceria com o Governo. O Primeiro-Ministro Petteri Orpo tamb\u00e9m confirmou di\u00e1logo com o hom\u00f3logo est\u00f3nio.<\/p>\n<p>Hist\u00f3rico recente aponta para m\u00faltiplos incidentes em infraestruturas submarinas cr\u00edticas na regi\u00e3o. Desde o gasoduto Balticconnector a cabos de telecomunica\u00e7\u00f5es e de alta tens\u00e3o, sendo em geral atribu\u00eddos sinais de sabotagem.<\/p>\n","protected":false},"excerpt":{"rendered":"<ul>\n<li>A Pol\u00edcia finlandesa investiga um navio suspeito de provocar a rutura de um cabo submarino de telecomunica\u00e7\u00f5es no mar B\u00e1ltico, ligado \u00e0 Finl\u00e2ndia e \u00e0 Est\u00f3nia.<\/li>\n<li>A detec\u00e7\u00e3o foi feita pela operadora Elisa, na zona econ\u00f3mica exclusiva da Est\u00f3nia (EEZ).<\/li>\n<li>A Guarda de Fronteiras interceptou o navio, que navegava com uma \u00e2ncora submersa, e a embarca\u00e7\u00e3o foi apreendida; a opera\u00e7\u00e3o envolveu patrulha policial e helic\u00f3ptero.<\/li>\n<li>A Procuradoria-Geral apresentou acusa\u00e7\u00e3o formal por sabotagem grave e interfer\u00eancia agravada nas comunica\u00e7\u00f5es.<\/li>\n<li>Participam na investiga\u00e7\u00e3o, al\u00e9m da Pol\u00edcia e da Guarda de Fronteiras, as For\u00e7as Armadas, a Alf\u00e2ndega, a Ag\u00eancia de Transportes e Comunica\u00e7\u00f5es (Traficom) e Fingrid, com coopera\u00e7\u00e3o internacional, nomeadamente com a Est\u00f3nia.<\/li>\n<\/ul>\n","protected":false},"author":2,"featured_media":109919,"comment_status":"closed","ping_status":"closed","sticky":false,"template":"","format":"standard","meta":{"footnotes":""},"categories":[1],"tags":[2231,2206,256,1779,215,2230],"class_list":["post-109904","post","type-post","status-publish","format-standard","has-post-thumbnail","hentry","category-noticias","tag-alfandega","tag-comunicacoes","tag-cooperacao-internacional","tag-forcas-armadas","tag-investigacao","tag-sabotagem-grave"],"yoast_head":"<!-- This site is optimized with the Yoast SEO plugin v27.2 - https:\/\/yoast.com\/product\/yoast-seo-wordpress\/ -->\n<title>Finl\u00e2ndia investiga nova ruptura de cabo submarino de telecomunica\u00e7\u00f5es - Portal Tela Portugal<\/title>\n<meta name=\"robots\" content=\"index, follow, max-snippet:-1, max-image-preview:large, max-video-preview:-1\" \/>\n<meta property=\"og:locale\" content=\"pt_PT\" \/>\n<meta property=\"og:type\" content=\"article\" \/>\n<meta property=\"og:title\" content=\"Finl\u00e2ndia investiga nova ruptura de cabo submarino de telecomunica\u00e7\u00f5es - Portal Tela Portugal\" \/>\n<meta property=\"og:description\" content=\"A Pol\u00edcia finlandesa investiga um navio suspeito de provocar a rutura de um cabo submarino de telecomunica\u00e7\u00f5es no mar B\u00e1ltico, ligado \u00e0 Finl\u00e2ndia e \u00e0 Est\u00f3nia. A detec\u00e7\u00e3o foi feita pela operadora Elisa, na zona econ\u00f3mica exclusiva da Est\u00f3nia (EEZ). A Guarda de Fronteiras interceptou o navio, que navegava com uma \u00e2ncora submersa, e a embarca\u00e7\u00e3o foi apreendida; a opera\u00e7\u00e3o envolveu patrulha policial e helic\u00f3ptero. A Procuradoria-Geral apresentou acusa\u00e7\u00e3o formal por sabotagem grave e interfer\u00eancia agravada nas comunica\u00e7\u00f5es. Participam na investiga\u00e7\u00e3o, al\u00e9m da Pol\u00edcia e da Guarda de Fronteiras, as For\u00e7as Armadas, a Alf\u00e2ndega, a Ag\u00eancia de Transportes e Comunica\u00e7\u00f5es (Traficom) e Fingrid, com coopera\u00e7\u00e3o internacional, nomeadamente com a Est\u00f3nia.\" \/>\n<meta property=\"og:url\" content=\"https:\/\/portaltela.pt\/noticias\/2025\/12\/31\/finlandia-investiga-nova-ruptura-de-cabo-submarino-de-telecomunicacoes\/\" \/>\n<meta property=\"og:site_name\" content=\"Portal Tela Portugal\" \/>\n<meta property=\"article:published_time\" content=\"2025-12-31T15:35:00+00:00\" \/>\n<meta name=\"author\" content=\"Telinha\" \/>\n<meta name=\"twitter:card\" content=\"summary_large_image\" \/>\n<meta name=\"twitter:label1\" content=\"Escrito por\" \/>\n\t<meta name=\"twitter:data1\" content=\"Telinha\" \/>\n\t<meta name=\"twitter:label2\" content=\"Tempo estimado de leitura\" \/>\n\t<meta name=\"twitter:data2\" content=\"1 minuto\" \/>\n<script type=\"application\/ld+json\" class=\"yoast-schema-graph\">{\"@context\":\"https:\/\/schema.org\",\"@graph\":[{\"@type\":\"Article\",\"@id\":\"https:\/\/portaltela.pt\/noticias\/2025\/12\/31\/finlandia-investiga-nova-ruptura-de-cabo-submarino-de-telecomunicacoes\/#article\",\"isPartOf\":{\"@id\":\"https:\/\/portaltela.pt\/noticias\/2025\/12\/31\/finlandia-investiga-nova-ruptura-de-cabo-submarino-de-telecomunicacoes\/\"},\"author\":{\"name\":\"Telinha\",\"@id\":\"https:\/\/portaltela.pt\/#\/schema\/person\/c4278d4a6028830caff9ee44b42d32ed\"},\"headline\":\"Finl\u00e2ndia investiga nova ruptura de cabo submarino de telecomunica\u00e7\u00f5es\",\"datePublished\":\"2025-12-31T15:35:00+00:00\",\"mainEntityOfPage\":{\"@id\":\"https:\/\/portaltela.pt\/noticias\/2025\/12\/31\/finlandia-investiga-nova-ruptura-de-cabo-submarino-de-telecomunicacoes\/\"},\"wordCount\":254,\"image\":{\"@id\":\"https:\/\/portaltela.pt\/noticias\/2025\/12\/31\/finlandia-investiga-nova-ruptura-de-cabo-submarino-de-telecomunicacoes\/#primaryimage\"},\"thumbnailUrl\":\"https:\/\/portaltela.pt\/s.01k8rhncp4jt1\/2025\/12\/unnamed-file-2764.jpg\",\"keywords\":[\"Alf\u00e2ndega\",\"comunica\u00e7\u00f5es\",\"coopera\u00e7\u00e3o internacional\",\"For\u00e7as Armadas\",\"investiga\u00e7\u00e3o\",\"sabotagem grave\"],\"articleSection\":[\"Not\u00edcias\"],\"inLanguage\":\"pt-PT\"},{\"@type\":\"WebPage\",\"@id\":\"https:\/\/portaltela.pt\/noticias\/2025\/12\/31\/finlandia-investiga-nova-ruptura-de-cabo-submarino-de-telecomunicacoes\/\",\"url\":\"https:\/\/portaltela.pt\/noticias\/2025\/12\/31\/finlandia-investiga-nova-ruptura-de-cabo-submarino-de-telecomunicacoes\/\",\"name\":\"Finl\u00e2ndia investiga nova ruptura de cabo submarino de telecomunica\u00e7\u00f5es - Portal Tela Portugal\",\"isPartOf\":{\"@id\":\"https:\/\/portaltela.pt\/#website\"},\"primaryImageOfPage\":{\"@id\":\"https:\/\/portaltela.pt\/noticias\/2025\/12\/31\/finlandia-investiga-nova-ruptura-de-cabo-submarino-de-telecomunicacoes\/#primaryimage\"},\"image\":{\"@id\":\"https:\/\/portaltela.pt\/noticias\/2025\/12\/31\/finlandia-investiga-nova-ruptura-de-cabo-submarino-de-telecomunicacoes\/#primaryimage\"},\"thumbnailUrl\":\"https:\/\/portaltela.pt\/s.01k8rhncp4jt1\/2025\/12\/unnamed-file-2764.jpg\",\"datePublished\":\"2025-12-31T15:35:00+00:00\",\"author\":{\"@id\":\"https:\/\/portaltela.pt\/#\/schema\/person\/c4278d4a6028830caff9ee44b42d32ed\"},\"breadcrumb\":{\"@id\":\"https:\/\/portaltela.pt\/noticias\/2025\/12\/31\/finlandia-investiga-nova-ruptura-de-cabo-submarino-de-telecomunicacoes\/#breadcrumb\"},\"inLanguage\":\"pt-PT\",\"potentialAction\":[{\"@type\":\"ReadAction\",\"target\":[\"https:\/\/portaltela.pt\/noticias\/2025\/12\/31\/finlandia-investiga-nova-ruptura-de-cabo-submarino-de-telecomunicacoes\/\"]}]},{\"@type\":\"ImageObject\",\"inLanguage\":\"pt-PT\",\"@id\":\"https:\/\/portaltela.pt\/noticias\/2025\/12\/31\/finlandia-investiga-nova-ruptura-de-cabo-submarino-de-telecomunicacoes\/#primaryimage\",\"url\":\"https:\/\/portaltela.pt\/s.01k8rhncp4jt1\/2025\/12\/unnamed-file-2764.jpg\",\"contentUrl\":\"https:\/\/portaltela.pt\/s.01k8rhncp4jt1\/2025\/12\/unnamed-file-2764.jpg\",\"width\":796,\"height\":448,\"caption\":\"Finl\u00e2ndia pede mais de dois anos de pris\u00e3o por rutura de cabos submarinos\"},{\"@type\":\"BreadcrumbList\",\"@id\":\"https:\/\/portaltela.pt\/noticias\/2025\/12\/31\/finlandia-investiga-nova-ruptura-de-cabo-submarino-de-telecomunicacoes\/#breadcrumb\",\"itemListElement\":[{\"@type\":\"ListItem\",\"position\":1,\"name\":\"In\u00edcio\",\"item\":\"https:\/\/portaltela.pt\/\"},{\"@type\":\"ListItem\",\"position\":2,\"name\":\"Finl\u00e2ndia investiga nova ruptura de cabo submarino de telecomunica\u00e7\u00f5es\"}]},{\"@type\":\"WebSite\",\"@id\":\"https:\/\/portaltela.pt\/#website\",\"url\":\"https:\/\/portaltela.pt\/\",\"name\":\"Portal Tela Portugal\",\"description\":\"\",\"potentialAction\":[{\"@type\":\"SearchAction\",\"target\":{\"@type\":\"EntryPoint\",\"urlTemplate\":\"https:\/\/portaltela.pt\/?s={search_term_string}\"},\"query-input\":{\"@type\":\"PropertyValueSpecification\",\"valueRequired\":true,\"valueName\":\"search_term_string\"}}],\"inLanguage\":\"pt-PT\"},{\"@type\":\"Person\",\"@id\":\"https:\/\/portaltela.pt\/#\/schema\/person\/c4278d4a6028830caff9ee44b42d32ed\",\"name\":\"Telinha\",\"image\":{\"@type\":\"ImageObject\",\"inLanguage\":\"pt-PT\",\"@id\":\"https:\/\/portaltela.pt\/s.01k8rhncp4jt1\/2025\/11\/talking-bot-125x125.png\",\"url\":\"https:\/\/portaltela.pt\/s.01k8rhncp4jt1\/2025\/11\/talking-bot-125x125.png\",\"contentUrl\":\"https:\/\/portaltela.pt\/s.01k8rhncp4jt1\/2025\/11\/talking-bot-125x125.png\",\"caption\":\"Telinha\"},\"sameAs\":[\"https:\/\/portaltela.pt\/\"],\"url\":\"https:\/\/portaltela.pt\/por\/367410592786\/\"}]}<\/script>\n<!-- \/ Yoast SEO plugin. -->","yoast_head_json":{"title":"Finl\u00e2ndia investiga nova ruptura de cabo submarino de telecomunica\u00e7\u00f5es - Portal Tela Portugal","robots":{"index":"index","follow":"follow","max-snippet":"max-snippet:-1","max-image-preview":"max-image-preview:large","max-video-preview":"max-video-preview:-1"},"og_locale":"pt_PT","og_type":"article","og_title":"Finl\u00e2ndia investiga nova ruptura de cabo submarino de telecomunica\u00e7\u00f5es - Portal Tela Portugal","og_description":"A Pol\u00edcia finlandesa investiga um navio suspeito de provocar a rutura de um cabo submarino de telecomunica\u00e7\u00f5es no mar B\u00e1ltico, ligado \u00e0 Finl\u00e2ndia e \u00e0 Est\u00f3nia. A detec\u00e7\u00e3o foi feita pela operadora Elisa, na zona econ\u00f3mica exclusiva da Est\u00f3nia (EEZ). A Guarda de Fronteiras interceptou o navio, que navegava com uma \u00e2ncora submersa, e a embarca\u00e7\u00e3o foi apreendida; a opera\u00e7\u00e3o envolveu patrulha policial e helic\u00f3ptero. A Procuradoria-Geral apresentou acusa\u00e7\u00e3o formal por sabotagem grave e interfer\u00eancia agravada nas comunica\u00e7\u00f5es. Participam na investiga\u00e7\u00e3o, al\u00e9m da Pol\u00edcia e da Guarda de Fronteiras, as For\u00e7as Armadas, a Alf\u00e2ndega, a Ag\u00eancia de Transportes e Comunica\u00e7\u00f5es (Traficom) e Fingrid, com coopera\u00e7\u00e3o internacional, nomeadamente com a Est\u00f3nia.","og_url":"https:\/\/portaltela.pt\/noticias\/2025\/12\/31\/finlandia-investiga-nova-ruptura-de-cabo-submarino-de-telecomunicacoes\/","og_site_name":"Portal Tela Portugal","article_published_time":"2025-12-31T15:35:00+00:00","author":"Telinha","twitter_card":"summary_large_image","twitter_misc":{"Escrito por":"Telinha","Tempo estimado de leitura":"1 minuto"},"schema":{"@context":"https:\/\/schema.org","@graph":[{"@type":"Article","@id":"https:\/\/portaltela.pt\/noticias\/2025\/12\/31\/finlandia-investiga-nova-ruptura-de-cabo-submarino-de-telecomunicacoes\/#article","isPartOf":{"@id":"https:\/\/portaltela.pt\/noticias\/2025\/12\/31\/finlandia-investiga-nova-ruptura-de-cabo-submarino-de-telecomunicacoes\/"},"author":{"name":"Telinha","@id":"https:\/\/portaltela.pt\/#\/schema\/person\/c4278d4a6028830caff9ee44b42d32ed"},"headline":"Finl\u00e2ndia investiga nova ruptura de cabo submarino de telecomunica\u00e7\u00f5es","datePublished":"2025-12-31T15:35:00+00:00","mainEntityOfPage":{"@id":"https:\/\/portaltela.pt\/noticias\/2025\/12\/31\/finlandia-investiga-nova-ruptura-de-cabo-submarino-de-telecomunicacoes\/"},"wordCount":254,"image":{"@id":"https:\/\/portaltela.pt\/noticias\/2025\/12\/31\/finlandia-investiga-nova-ruptura-de-cabo-submarino-de-telecomunicacoes\/#primaryimage"},"thumbnailUrl":"https:\/\/portaltela.pt\/s.01k8rhncp4jt1\/2025\/12\/unnamed-file-2764.jpg","keywords":["Alf\u00e2ndega","comunica\u00e7\u00f5es","coopera\u00e7\u00e3o internacional","For\u00e7as Armadas","investiga\u00e7\u00e3o","sabotagem grave"],"articleSection":["Not\u00edcias"],"inLanguage":"pt-PT"},{"@type":"WebPage","@id":"https:\/\/portaltela.pt\/noticias\/2025\/12\/31\/finlandia-investiga-nova-ruptura-de-cabo-submarino-de-telecomunicacoes\/","url":"https:\/\/portaltela.pt\/noticias\/2025\/12\/31\/finlandia-investiga-nova-ruptura-de-cabo-submarino-de-telecomunicacoes\/","name":"Finl\u00e2ndia investiga nova ruptura de cabo submarino de telecomunica\u00e7\u00f5es - Portal Tela Portugal","isPartOf":{"@id":"https:\/\/portaltela.pt\/#website"},"primaryImageOfPage":{"@id":"https:\/\/portaltela.pt\/noticias\/2025\/12\/31\/finlandia-investiga-nova-ruptura-de-cabo-submarino-de-telecomunicacoes\/#primaryimage"},"image":{"@id":"https:\/\/portaltela.pt\/noticias\/2025\/12\/31\/finlandia-investiga-nova-ruptura-de-cabo-submarino-de-telecomunicacoes\/#primaryimage"},"thumbnailUrl":"https:\/\/portaltela.pt\/s.01k8rhncp4jt1\/2025\/12\/unnamed-file-2764.jpg","datePublished":"2025-12-31T15:35:00+00:00","author":{"@id":"https:\/\/portaltela.pt\/#\/schema\/person\/c4278d4a6028830caff9ee44b42d32ed"},"breadcrumb":{"@id":"https:\/\/portaltela.pt\/noticias\/2025\/12\/31\/finlandia-investiga-nova-ruptura-de-cabo-submarino-de-telecomunicacoes\/#breadcrumb"},"inLanguage":"pt-PT","potentialAction":[{"@type":"ReadAction","target":["https:\/\/portaltela.pt\/noticias\/2025\/12\/31\/finlandia-investiga-nova-ruptura-de-cabo-submarino-de-telecomunicacoes\/"]}]},{"@type":"ImageObject","inLanguage":"pt-PT","@id":"https:\/\/portaltela.pt\/noticias\/2025\/12\/31\/finlandia-investiga-nova-ruptura-de-cabo-submarino-de-telecomunicacoes\/#primaryimage","url":"https:\/\/portaltela.pt\/s.01k8rhncp4jt1\/2025\/12\/unnamed-file-2764.jpg","contentUrl":"https:\/\/portaltela.pt\/s.01k8rhncp4jt1\/2025\/12\/unnamed-file-2764.jpg","width":796,"height":448,"caption":"Finl\u00e2ndia pede mais de dois anos de pris\u00e3o por rutura de cabos submarinos"},{"@type":"BreadcrumbList","@id":"https:\/\/portaltela.pt\/noticias\/2025\/12\/31\/finlandia-investiga-nova-ruptura-de-cabo-submarino-de-telecomunicacoes\/#breadcrumb","itemListElement":[{"@type":"ListItem","position":1,"name":"In\u00edcio","item":"https:\/\/portaltela.pt\/"},{"@type":"ListItem","position":2,"name":"Finl\u00e2ndia investiga nova ruptura de cabo submarino de telecomunica\u00e7\u00f5es"}]},{"@type":"WebSite","@id":"https:\/\/portaltela.pt\/#website","url":"https:\/\/portaltela.pt\/","name":"Portal Tela Portugal","description":"","potentialAction":[{"@type":"SearchAction","target":{"@type":"EntryPoint","urlTemplate":"https:\/\/portaltela.pt\/?s={search_term_string}"},"query-input":{"@type":"PropertyValueSpecification","valueRequired":true,"valueName":"search_term_string"}}],"inLanguage":"pt-PT"},{"@type":"Person","@id":"https:\/\/portaltela.pt\/#\/schema\/person\/c4278d4a6028830caff9ee44b42d32ed","name":"Telinha","image":{"@type":"ImageObject","inLanguage":"pt-PT","@id":"https:\/\/portaltela.pt\/s.01k8rhncp4jt1\/2025\/11\/talking-bot-125x125.png","url":"https:\/\/portaltela.pt\/s.01k8rhncp4jt1\/2025\/11\/talking-bot-125x125.png","contentUrl":"https:\/\/portaltela.pt\/s.01k8rhncp4jt1\/2025\/11\/talking-bot-125x125.png","caption":"Telinha"},"sameAs":["https:\/\/portaltela.pt\/"],"url":"https:\/\/portaltela.pt\/por\/367410592786\/"}]}},"_links":{"self":[{"href":"https:\/\/portaltela.pt\/api\/wp\/v2\/posts\/109904","targetHints":{"allow":["GET"]}}],"collection":[{"href":"https:\/\/portaltela.pt\/api\/wp\/v2\/posts"}],"about":[{"href":"https:\/\/portaltela.pt\/api\/wp\/v2\/types\/post"}],"author":[{"embeddable":true,"href":"https:\/\/portaltela.pt\/api\/wp\/v2\/users\/2"}],"replies":[{"embeddable":true,"href":"https:\/\/portaltela.pt\/api\/wp\/v2\/comments?post=109904"}],"version-history":[{"count":0,"href":"https:\/\/portaltela.pt\/api\/wp\/v2\/posts\/109904\/revisions"}],"wp:featuredmedia":[{"embeddable":true,"href":"https:\/\/portaltela.pt\/api\/wp\/v2\/media\/109919"}],"wp:attachment":[{"href":"https:\/\/portaltela.pt\/api\/wp\/v2\/media?parent=109904"}],"wp:term":[{"taxonomy":"category","embeddable":true,"href":"https:\/\/portaltela.pt\/api\/wp\/v2\/categories?post=109904"},{"taxonomy":"post_tag","embeddable":true,"href":"https:\/\/portaltela.pt\/api\/wp\/v2\/tags?post=109904"}],"curies":[{"name":"wp","href":"https:\/\/api.w.org\/{rel}","templated":true}]}}