{"id":109714,"date":"2025-12-30T21:00:00","date_gmt":"2025-12-31T00:00:00","guid":{"rendered":"https:\/\/portaltela.pt\/noticias\/2025\/12\/30\/imagens-da-chegada-do-novo-ano-ao-redor-do-mundo\/"},"modified":"2025-12-30T21:00:00","modified_gmt":"2025-12-31T00:00:00","slug":"imagens-da-chegada-do-novo-ano-ao-redor-do-mundo","status":"publish","type":"post","link":"https:\/\/portaltela.pt\/noticias\/internacional\/2025\/12\/30\/imagens-da-chegada-do-novo-ano-ao-redor-do-mundo\/","title":{"rendered":"Imagens da chegada do novo ano ao redor do mundo"},"content":{"rendered":"<p>J\u00e1 \u00e9 2026 na Oceania, com a Nova Zel\u00e2ndia e Kiribati a serem os primeiros a entrar no novo ano, pelas 11h00 e 10h00 de Lisboa, respetivamente. Seguiu\u2011se a Austr\u00e1lia, \u00e0s 13h00, com os habituais espet\u00e1culos de fogo de artif\u00edcio. A Coreia do Norte, a Coreia do Sul e o Jap\u00e3o completam a rota\u00e7\u00e3o \u00e0s 15h00.<\/p>\n<p>A seguran\u00e7a foi refor\u00e7ada em Sydney ap\u00f3s o ataque em Bondi Beach, com a instala\u00e7\u00e3o de pontos de controlo em locais tur\u00edsticos populares. As autoridades destacaram a necessidade de manter as celebra\u00e7\u00f5es seguras, sem detalhar novos planos operacionais.<\/p>\n<p>Em homenagem \u00e0s v\u00edtimas, projetou\u2011se uma imagem na Ponte da Ba\u00eda de Sydney com uma menor\u00e1, s\u00edmbolo do Hanukah, acompanhada por uma pomba e as palavras uni\u00e3o e paz, antes da meia\u2011noite. Os presentes fizeram um minuto de sil\u00eancio e acenderam lanternas de telem\u00f3vel para demonstrar solidariedade.<\/p>\n<p>Nova Gales do Sul informou que a pol\u00edcia seria mobilizada em grande n\u00famero para os festejos em Bondi Beach. A presen\u00e7a policial inclui equipamentos incomuns para a regi\u00e3o, segundo relatos de imprensa, numa demonstra\u00e7\u00e3o de refor\u00e7o de seguran\u00e7a.<\/p>\n<p>No discurso de Ano Novo, o primeiro\u2011ministro Anthony Albanese elogiou a coragem e a empatia demonstradas pela popula\u00e7\u00e3o australiana. A mensagem reconheceu o impacto do ataque sobre judeus australianos e sobre as fam\u00edlias afetadas, destacando o contexto de celebra\u00e7\u00e3o abalado pela trag\u00e9dia.<\/p>\n","protected":false},"excerpt":{"rendered":"<ul>\n<li>A Oce\u00e2nia abriu 2026 com a Nova Zel\u00e2ndia e Kiribati como primeiras a entrar no ano, \u00e0s 11h00 e 10h00 de Lisboa, respetivamente.<\/li>\n<li>A Austr\u00e1lia seguiu-se, \u00e0s 13h00, com os habituais espet\u00e1culos de fogo de artif\u00edcio.<\/li>\n<li>Em Bondi Beach, Sydney refor\u00e7ou a seguran\u00e7a com pontos de controlo, ap\u00f3s o ataque ocorrido anteriormente.<\/li>\n<li>Em homenagem \u00e0s v\u00edtimas, foi projetada uma menor\u00e1 com uma pomba e as palavras &#8220;uni\u00e3o&#8221; e &#8220;paz&#8221; numa coluna da Ponte da Ba\u00eda de Sydney, antes da meia-noite local.<\/li>\n<li>O primeiro-ministro Anthony Albanese elogiou a coragem e a compaix\u00e3o do pa\u00eds, e as autoridades de Nova Gales do Sul anunciaram mobiliza\u00e7\u00e3o policial em grande n\u00famero.<\/li>\n<\/ul>\n","protected":false},"author":2,"featured_media":109716,"comment_status":"closed","ping_status":"closed","sticky":false,"template":"","format":"standard","meta":{"footnotes":""},"categories":[4,1],"tags":[1602,713,2223,554,250,169],"class_list":["post-109714","post","type-post","status-publish","format-standard","has-post-thumbnail","hentry","category-internacional","category-noticias","tag-australia","tag-fogos","tag-nova-gales-do-sul","tag-policia-publica","tag-seguranca-publica","tag-turismo"],"yoast_head":"<!-- This site is optimized with the Yoast SEO plugin v27.2 - https:\/\/yoast.com\/product\/yoast-seo-wordpress\/ -->\n<title>Imagens da chegada do novo ano ao redor do mundo - Portal Tela Portugal<\/title>\n<meta name=\"robots\" content=\"index, follow, max-snippet:-1, max-image-preview:large, max-video-preview:-1\" \/>\n<meta property=\"og:locale\" content=\"pt_PT\" \/>\n<meta property=\"og:type\" content=\"article\" \/>\n<meta property=\"og:title\" content=\"Imagens da chegada do novo ano ao redor do mundo - Portal Tela Portugal\" \/>\n<meta property=\"og:description\" content=\"A Oce\u00e2nia abriu 2026 com a Nova Zel\u00e2ndia e Kiribati como primeiras a entrar no ano, \u00e0s 11h00 e 10h00 de Lisboa, respetivamente. A Austr\u00e1lia seguiu-se, \u00e0s 13h00, com os habituais espet\u00e1culos de fogo de artif\u00edcio. Em Bondi Beach, Sydney refor\u00e7ou a seguran\u00e7a com pontos de controlo, ap\u00f3s o ataque ocorrido anteriormente. Em homenagem \u00e0s v\u00edtimas, foi projetada uma menor\u00e1 com uma pomba e as palavras &quot;uni\u00e3o&quot; e &quot;paz&quot; numa coluna da Ponte da Ba\u00eda de Sydney, antes da meia-noite local. O primeiro-ministro Anthony Albanese elogiou a coragem e a compaix\u00e3o do pa\u00eds, e as autoridades de Nova Gales do Sul anunciaram mobiliza\u00e7\u00e3o policial em grande n\u00famero.\" \/>\n<meta property=\"og:url\" content=\"https:\/\/portaltela.pt\/noticias\/2025\/12\/30\/imagens-da-chegada-do-novo-ano-ao-redor-do-mundo\/\" \/>\n<meta property=\"og:site_name\" content=\"Portal Tela Portugal\" \/>\n<meta property=\"article:published_time\" content=\"2025-12-31T00:00:00+00:00\" \/>\n<meta name=\"author\" content=\"Telinha\" \/>\n<meta name=\"twitter:card\" content=\"summary_large_image\" \/>\n<meta name=\"twitter:label1\" content=\"Escrito por\" \/>\n\t<meta name=\"twitter:data1\" content=\"Telinha\" \/>\n\t<meta name=\"twitter:label2\" content=\"Tempo estimado de leitura\" \/>\n\t<meta name=\"twitter:data2\" content=\"1 minuto\" \/>\n<script type=\"application\/ld+json\" class=\"yoast-schema-graph\">{\"@context\":\"https:\/\/schema.org\",\"@graph\":[{\"@type\":\"Article\",\"@id\":\"https:\/\/portaltela.pt\/noticias\/2025\/12\/30\/imagens-da-chegada-do-novo-ano-ao-redor-do-mundo\/#article\",\"isPartOf\":{\"@id\":\"https:\/\/portaltela.pt\/noticias\/2025\/12\/30\/imagens-da-chegada-do-novo-ano-ao-redor-do-mundo\/\"},\"author\":{\"name\":\"Telinha\",\"@id\":\"https:\/\/portaltela.pt\/#\/schema\/person\/c4278d4a6028830caff9ee44b42d32ed\"},\"headline\":\"Imagens da chegada do novo ano ao redor do mundo\",\"datePublished\":\"2025-12-31T00:00:00+00:00\",\"mainEntityOfPage\":{\"@id\":\"https:\/\/portaltela.pt\/noticias\/2025\/12\/30\/imagens-da-chegada-do-novo-ano-ao-redor-do-mundo\/\"},\"wordCount\":262,\"image\":{\"@id\":\"https:\/\/portaltela.pt\/noticias\/2025\/12\/30\/imagens-da-chegada-do-novo-ano-ao-redor-do-mundo\/#primaryimage\"},\"thumbnailUrl\":\"https:\/\/portaltela.pt\/s.01k8rhncp4jt1\/2025\/12\/gettyimages-2253489681-scaled-1.jpg\",\"keywords\":[\"Austr\u00e1lia\",\"fogos\",\"Nova Gales do Sul\",\"pol\u00edcia p\u00fablica\",\"seguran\u00e7a p\u00fablica\",\"turismo\"],\"articleSection\":[\"Internacional\",\"Not\u00edcias\"],\"inLanguage\":\"pt-PT\"},{\"@type\":\"WebPage\",\"@id\":\"https:\/\/portaltela.pt\/noticias\/2025\/12\/30\/imagens-da-chegada-do-novo-ano-ao-redor-do-mundo\/\",\"url\":\"https:\/\/portaltela.pt\/noticias\/2025\/12\/30\/imagens-da-chegada-do-novo-ano-ao-redor-do-mundo\/\",\"name\":\"Imagens da chegada do novo ano ao redor do mundo - Portal Tela Portugal\",\"isPartOf\":{\"@id\":\"https:\/\/portaltela.pt\/#website\"},\"primaryImageOfPage\":{\"@id\":\"https:\/\/portaltela.pt\/noticias\/2025\/12\/30\/imagens-da-chegada-do-novo-ano-ao-redor-do-mundo\/#primaryimage\"},\"image\":{\"@id\":\"https:\/\/portaltela.pt\/noticias\/2025\/12\/30\/imagens-da-chegada-do-novo-ano-ao-redor-do-mundo\/#primaryimage\"},\"thumbnailUrl\":\"https:\/\/portaltela.pt\/s.01k8rhncp4jt1\/2025\/12\/gettyimages-2253489681-scaled-1.jpg\",\"datePublished\":\"2025-12-31T00:00:00+00:00\",\"author\":{\"@id\":\"https:\/\/portaltela.pt\/#\/schema\/person\/c4278d4a6028830caff9ee44b42d32ed\"},\"breadcrumb\":{\"@id\":\"https:\/\/portaltela.pt\/noticias\/2025\/12\/30\/imagens-da-chegada-do-novo-ano-ao-redor-do-mundo\/#breadcrumb\"},\"inLanguage\":\"pt-PT\",\"potentialAction\":[{\"@type\":\"ReadAction\",\"target\":[\"https:\/\/portaltela.pt\/noticias\/2025\/12\/30\/imagens-da-chegada-do-novo-ano-ao-redor-do-mundo\/\"]}]},{\"@type\":\"ImageObject\",\"inLanguage\":\"pt-PT\",\"@id\":\"https:\/\/portaltela.pt\/noticias\/2025\/12\/30\/imagens-da-chegada-do-novo-ano-ao-redor-do-mundo\/#primaryimage\",\"url\":\"https:\/\/portaltela.pt\/s.01k8rhncp4jt1\/2025\/12\/gettyimages-2253489681-scaled-1.jpg\",\"contentUrl\":\"https:\/\/portaltela.pt\/s.01k8rhncp4jt1\/2025\/12\/gettyimages-2253489681-scaled-1.jpg\",\"width\":796,\"height\":448,\"caption\":\"Photo\"},{\"@type\":\"BreadcrumbList\",\"@id\":\"https:\/\/portaltela.pt\/noticias\/2025\/12\/30\/imagens-da-chegada-do-novo-ano-ao-redor-do-mundo\/#breadcrumb\",\"itemListElement\":[{\"@type\":\"ListItem\",\"position\":1,\"name\":\"In\u00edcio\",\"item\":\"https:\/\/portaltela.pt\/\"},{\"@type\":\"ListItem\",\"position\":2,\"name\":\"Imagens da chegada do novo ano ao redor do mundo\"}]},{\"@type\":\"WebSite\",\"@id\":\"https:\/\/portaltela.pt\/#website\",\"url\":\"https:\/\/portaltela.pt\/\",\"name\":\"Portal Tela Portugal\",\"description\":\"\",\"potentialAction\":[{\"@type\":\"SearchAction\",\"target\":{\"@type\":\"EntryPoint\",\"urlTemplate\":\"https:\/\/portaltela.pt\/?s={search_term_string}\"},\"query-input\":{\"@type\":\"PropertyValueSpecification\",\"valueRequired\":true,\"valueName\":\"search_term_string\"}}],\"inLanguage\":\"pt-PT\"},{\"@type\":\"Person\",\"@id\":\"https:\/\/portaltela.pt\/#\/schema\/person\/c4278d4a6028830caff9ee44b42d32ed\",\"name\":\"Telinha\",\"image\":{\"@type\":\"ImageObject\",\"inLanguage\":\"pt-PT\",\"@id\":\"https:\/\/portaltela.pt\/s.01k8rhncp4jt1\/2025\/11\/talking-bot-125x125.png\",\"url\":\"https:\/\/portaltela.pt\/s.01k8rhncp4jt1\/2025\/11\/talking-bot-125x125.png\",\"contentUrl\":\"https:\/\/portaltela.pt\/s.01k8rhncp4jt1\/2025\/11\/talking-bot-125x125.png\",\"caption\":\"Telinha\"},\"sameAs\":[\"https:\/\/portaltela.pt\/\"],\"url\":\"https:\/\/portaltela.pt\/por\/367410592786\/\"}]}<\/script>\n<!-- \/ Yoast SEO plugin. -->","yoast_head_json":{"title":"Imagens da chegada do novo ano ao redor do mundo - Portal Tela Portugal","robots":{"index":"index","follow":"follow","max-snippet":"max-snippet:-1","max-image-preview":"max-image-preview:large","max-video-preview":"max-video-preview:-1"},"og_locale":"pt_PT","og_type":"article","og_title":"Imagens da chegada do novo ano ao redor do mundo - Portal Tela Portugal","og_description":"A Oce\u00e2nia abriu 2026 com a Nova Zel\u00e2ndia e Kiribati como primeiras a entrar no ano, \u00e0s 11h00 e 10h00 de Lisboa, respetivamente. A Austr\u00e1lia seguiu-se, \u00e0s 13h00, com os habituais espet\u00e1culos de fogo de artif\u00edcio. Em Bondi Beach, Sydney refor\u00e7ou a seguran\u00e7a com pontos de controlo, ap\u00f3s o ataque ocorrido anteriormente. Em homenagem \u00e0s v\u00edtimas, foi projetada uma menor\u00e1 com uma pomba e as palavras \"uni\u00e3o\" e \"paz\" numa coluna da Ponte da Ba\u00eda de Sydney, antes da meia-noite local. O primeiro-ministro Anthony Albanese elogiou a coragem e a compaix\u00e3o do pa\u00eds, e as autoridades de Nova Gales do Sul anunciaram mobiliza\u00e7\u00e3o policial em grande n\u00famero.","og_url":"https:\/\/portaltela.pt\/noticias\/2025\/12\/30\/imagens-da-chegada-do-novo-ano-ao-redor-do-mundo\/","og_site_name":"Portal Tela Portugal","article_published_time":"2025-12-31T00:00:00+00:00","author":"Telinha","twitter_card":"summary_large_image","twitter_misc":{"Escrito por":"Telinha","Tempo estimado de leitura":"1 minuto"},"schema":{"@context":"https:\/\/schema.org","@graph":[{"@type":"Article","@id":"https:\/\/portaltela.pt\/noticias\/2025\/12\/30\/imagens-da-chegada-do-novo-ano-ao-redor-do-mundo\/#article","isPartOf":{"@id":"https:\/\/portaltela.pt\/noticias\/2025\/12\/30\/imagens-da-chegada-do-novo-ano-ao-redor-do-mundo\/"},"author":{"name":"Telinha","@id":"https:\/\/portaltela.pt\/#\/schema\/person\/c4278d4a6028830caff9ee44b42d32ed"},"headline":"Imagens da chegada do novo ano ao redor do mundo","datePublished":"2025-12-31T00:00:00+00:00","mainEntityOfPage":{"@id":"https:\/\/portaltela.pt\/noticias\/2025\/12\/30\/imagens-da-chegada-do-novo-ano-ao-redor-do-mundo\/"},"wordCount":262,"image":{"@id":"https:\/\/portaltela.pt\/noticias\/2025\/12\/30\/imagens-da-chegada-do-novo-ano-ao-redor-do-mundo\/#primaryimage"},"thumbnailUrl":"https:\/\/portaltela.pt\/s.01k8rhncp4jt1\/2025\/12\/gettyimages-2253489681-scaled-1.jpg","keywords":["Austr\u00e1lia","fogos","Nova Gales do Sul","pol\u00edcia p\u00fablica","seguran\u00e7a p\u00fablica","turismo"],"articleSection":["Internacional","Not\u00edcias"],"inLanguage":"pt-PT"},{"@type":"WebPage","@id":"https:\/\/portaltela.pt\/noticias\/2025\/12\/30\/imagens-da-chegada-do-novo-ano-ao-redor-do-mundo\/","url":"https:\/\/portaltela.pt\/noticias\/2025\/12\/30\/imagens-da-chegada-do-novo-ano-ao-redor-do-mundo\/","name":"Imagens da chegada do novo ano ao redor do mundo - Portal Tela Portugal","isPartOf":{"@id":"https:\/\/portaltela.pt\/#website"},"primaryImageOfPage":{"@id":"https:\/\/portaltela.pt\/noticias\/2025\/12\/30\/imagens-da-chegada-do-novo-ano-ao-redor-do-mundo\/#primaryimage"},"image":{"@id":"https:\/\/portaltela.pt\/noticias\/2025\/12\/30\/imagens-da-chegada-do-novo-ano-ao-redor-do-mundo\/#primaryimage"},"thumbnailUrl":"https:\/\/portaltela.pt\/s.01k8rhncp4jt1\/2025\/12\/gettyimages-2253489681-scaled-1.jpg","datePublished":"2025-12-31T00:00:00+00:00","author":{"@id":"https:\/\/portaltela.pt\/#\/schema\/person\/c4278d4a6028830caff9ee44b42d32ed"},"breadcrumb":{"@id":"https:\/\/portaltela.pt\/noticias\/2025\/12\/30\/imagens-da-chegada-do-novo-ano-ao-redor-do-mundo\/#breadcrumb"},"inLanguage":"pt-PT","potentialAction":[{"@type":"ReadAction","target":["https:\/\/portaltela.pt\/noticias\/2025\/12\/30\/imagens-da-chegada-do-novo-ano-ao-redor-do-mundo\/"]}]},{"@type":"ImageObject","inLanguage":"pt-PT","@id":"https:\/\/portaltela.pt\/noticias\/2025\/12\/30\/imagens-da-chegada-do-novo-ano-ao-redor-do-mundo\/#primaryimage","url":"https:\/\/portaltela.pt\/s.01k8rhncp4jt1\/2025\/12\/gettyimages-2253489681-scaled-1.jpg","contentUrl":"https:\/\/portaltela.pt\/s.01k8rhncp4jt1\/2025\/12\/gettyimages-2253489681-scaled-1.jpg","width":796,"height":448,"caption":"Photo"},{"@type":"BreadcrumbList","@id":"https:\/\/portaltela.pt\/noticias\/2025\/12\/30\/imagens-da-chegada-do-novo-ano-ao-redor-do-mundo\/#breadcrumb","itemListElement":[{"@type":"ListItem","position":1,"name":"In\u00edcio","item":"https:\/\/portaltela.pt\/"},{"@type":"ListItem","position":2,"name":"Imagens da chegada do novo ano ao redor do mundo"}]},{"@type":"WebSite","@id":"https:\/\/portaltela.pt\/#website","url":"https:\/\/portaltela.pt\/","name":"Portal Tela Portugal","description":"","potentialAction":[{"@type":"SearchAction","target":{"@type":"EntryPoint","urlTemplate":"https:\/\/portaltela.pt\/?s={search_term_string}"},"query-input":{"@type":"PropertyValueSpecification","valueRequired":true,"valueName":"search_term_string"}}],"inLanguage":"pt-PT"},{"@type":"Person","@id":"https:\/\/portaltela.pt\/#\/schema\/person\/c4278d4a6028830caff9ee44b42d32ed","name":"Telinha","image":{"@type":"ImageObject","inLanguage":"pt-PT","@id":"https:\/\/portaltela.pt\/s.01k8rhncp4jt1\/2025\/11\/talking-bot-125x125.png","url":"https:\/\/portaltela.pt\/s.01k8rhncp4jt1\/2025\/11\/talking-bot-125x125.png","contentUrl":"https:\/\/portaltela.pt\/s.01k8rhncp4jt1\/2025\/11\/talking-bot-125x125.png","caption":"Telinha"},"sameAs":["https:\/\/portaltela.pt\/"],"url":"https:\/\/portaltela.pt\/por\/367410592786\/"}]}},"_links":{"self":[{"href":"https:\/\/portaltela.pt\/api\/wp\/v2\/posts\/109714","targetHints":{"allow":["GET"]}}],"collection":[{"href":"https:\/\/portaltela.pt\/api\/wp\/v2\/posts"}],"about":[{"href":"https:\/\/portaltela.pt\/api\/wp\/v2\/types\/post"}],"author":[{"embeddable":true,"href":"https:\/\/portaltela.pt\/api\/wp\/v2\/users\/2"}],"replies":[{"embeddable":true,"href":"https:\/\/portaltela.pt\/api\/wp\/v2\/comments?post=109714"}],"version-history":[{"count":0,"href":"https:\/\/portaltela.pt\/api\/wp\/v2\/posts\/109714\/revisions"}],"wp:featuredmedia":[{"embeddable":true,"href":"https:\/\/portaltela.pt\/api\/wp\/v2\/media\/109716"}],"wp:attachment":[{"href":"https:\/\/portaltela.pt\/api\/wp\/v2\/media?parent=109714"}],"wp:term":[{"taxonomy":"category","embeddable":true,"href":"https:\/\/portaltela.pt\/api\/wp\/v2\/categories?post=109714"},{"taxonomy":"post_tag","embeddable":true,"href":"https:\/\/portaltela.pt\/api\/wp\/v2\/tags?post=109714"}],"curies":[{"name":"wp","href":"https:\/\/api.w.org\/{rel}","templated":true}]}}