{"id":109682,"date":"2025-12-31T10:31:44","date_gmt":"2025-12-31T13:31:44","guid":{"rendered":"https:\/\/portaltela.pt\/noticias\/2025\/12\/31\/mendes-promete-experiencia-paz-e-saude-para-2026\/"},"modified":"2025-12-31T10:31:44","modified_gmt":"2025-12-31T13:31:44","slug":"mendes-promete-experiencia-paz-e-saude-para-2026","status":"publish","type":"post","link":"https:\/\/portaltela.pt\/noticias\/politica\/2025\/12\/31\/mendes-promete-experiencia-paz-e-saude-para-2026\/","title":{"rendered":"Mendes promete experi\u00eancia, paz e sa\u00fade para 2026"},"content":{"rendered":"<p>O candidato presidencial Lu\u00eds Marques Mendes anunciou hoje votos de experi\u00eancia, paz e sa\u00fade para 2026, desejando que seja o ano do fim da guerra na Ucr\u00e2nia. A declara\u00e7\u00e3o foi feita ap\u00f3s uma visita ao Mercado de Alvalade, em Lisboa, onde recolheu palavras de apoio e observou um \u00e2nimo crescente entre a popula\u00e7\u00e3o em rela\u00e7\u00e3o \u00e0 sua candidatura.<\/p>\n<p>Marques Mendes afirmou que as pessoas s\u00e3o simp\u00e1ticas e generosas, e mostrou-se satisfeito com o encerramento do ano, desejando que o in\u00edcio do pr\u00f3ximo tamb\u00e9m corra bem. O candidato, apoiado pelo PSD e pelo CDS-PP, deu prioridade \u00e0 escolha de um presidente da Rep\u00fablica experiente, preparado e capaz de manter pontes e consenso no pa\u00eds.<\/p>\n<p>Para 2026, o ex-comentador pol\u00edtico disse ter em mente tr\u00eas objetivos: escolher um presidente que represente experi\u00eancia e qualifica\u00e7\u00e3o para o exerc\u00edcio, promover a paz na regi\u00e3o e assegurar um ano de boa sa\u00fade para todos. Referiu ainda a import\u00e2ncia de unir esfor\u00e7os para o futuro do pa\u00eds.<\/p>\n<p>Em rela\u00e7\u00e3o \u00e0s finan\u00e7as de campanha, Marques Mendes indicou que os donativos ser\u00e3o divulgados de forma rigorosa e consolidada ap\u00f3s as elei\u00e7\u00f5es, cumprindo as regras legais e assegurando total transpar\u00eancia.<\/p>\n<h3>Transpar\u00eancia das doa\u00e7\u00f5es<\/h3>\n<p>O candidato explicou que a divulga\u00e7\u00e3o p\u00fablica dos donativos ocorrer\u00e1 depois do acto eleitoral, com divulga\u00e7\u00e3o integral e dentro do quadro jur\u00eddico aplic\u00e1vel. O objetivo \u00e9 manter a confian\u00e7a dos eleitores atrav\u00e9s de uma comunica\u00e7\u00e3o clara sobre a origem dos recursos.<\/p>\n","protected":false},"excerpt":{"rendered":"<ul>\n<li>Lu\u00eds Marques Mendes, candidato presidencial pelo PSD e CDS-PP, pediu em 2026 uma \u201cexperi\u00eancia, paz e sa\u00fade\u201d.<\/li>\n<li>Pretende que o pr\u00f3ximo ano seja o fim da guerra na Ucr\u00e2nia, segundo afirmou aos jornalistas.<\/li>\n<li>A mensagem foiAway partilhada durante uma visita ao Mercado de Alvalade, em Lisboa, onde ouviu apoio da popula\u00e7\u00e3o e disse sentir \u00e2nimo crescente.<\/li>\n<li>Mendes sublinhou a necessidade de um Presidente da Rep\u00fablica experiente, capaz de promover pontes, consenso e entendimentos.<\/li>\n<li>Sobre donativos, garantiu que ser\u00e3o divulgados publicamente ap\u00f3s as elei\u00e7\u00f5es, com total transpar\u00eancia, conforme a lei.<\/li>\n<\/ul>\n","protected":false},"author":2,"featured_media":109695,"comment_status":"closed","ping_status":"closed","sticky":false,"template":"","format":"standard","meta":{"footnotes":""},"categories":[1,5],"tags":[68,1755,34,229,30,332],"class_list":["post-109682","post","type-post","status-publish","format-standard","has-post-thumbnail","hentry","category-noticias","category-politica","tag-eleicoes","tag-financiamento-de-campanhas","tag-governo","tag-politica-publica","tag-presidente","tag-transparencia"],"yoast_head":"<!-- This site is optimized with the Yoast SEO plugin v27.2 - https:\/\/yoast.com\/product\/yoast-seo-wordpress\/ -->\n<title>Mendes promete experi\u00eancia, paz e sa\u00fade para 2026 - Portal Tela Portugal<\/title>\n<meta name=\"robots\" content=\"index, follow, max-snippet:-1, max-image-preview:large, max-video-preview:-1\" \/>\n<meta property=\"og:locale\" content=\"pt_PT\" \/>\n<meta property=\"og:type\" content=\"article\" \/>\n<meta property=\"og:title\" content=\"Mendes promete experi\u00eancia, paz e sa\u00fade para 2026 - Portal Tela Portugal\" \/>\n<meta property=\"og:description\" content=\"Lu\u00eds Marques Mendes, candidato presidencial pelo PSD e CDS-PP, pediu em 2026 uma \u201cexperi\u00eancia, paz e sa\u00fade\u201d. Pretende que o pr\u00f3ximo ano seja o fim da guerra na Ucr\u00e2nia, segundo afirmou aos jornalistas. A mensagem foiAway partilhada durante uma visita ao Mercado de Alvalade, em Lisboa, onde ouviu apoio da popula\u00e7\u00e3o e disse sentir \u00e2nimo crescente. Mendes sublinhou a necessidade de um Presidente da Rep\u00fablica experiente, capaz de promover pontes, consenso e entendimentos. Sobre donativos, garantiu que ser\u00e3o divulgados publicamente ap\u00f3s as elei\u00e7\u00f5es, com total transpar\u00eancia, conforme a lei.\" \/>\n<meta property=\"og:url\" content=\"https:\/\/portaltela.pt\/noticias\/2025\/12\/31\/mendes-promete-experiencia-paz-e-saude-para-2026\/\" \/>\n<meta property=\"og:site_name\" content=\"Portal Tela Portugal\" \/>\n<meta property=\"article:published_time\" content=\"2025-12-31T13:31:44+00:00\" \/>\n<meta name=\"author\" content=\"Telinha\" \/>\n<meta name=\"twitter:card\" content=\"summary_large_image\" \/>\n<meta name=\"twitter:label1\" content=\"Escrito por\" \/>\n\t<meta name=\"twitter:data1\" content=\"Telinha\" \/>\n\t<meta name=\"twitter:label2\" content=\"Tempo estimado de leitura\" \/>\n\t<meta name=\"twitter:data2\" content=\"1 minuto\" \/>\n<script type=\"application\/ld+json\" class=\"yoast-schema-graph\">{\"@context\":\"https:\/\/schema.org\",\"@graph\":[{\"@type\":\"Article\",\"@id\":\"https:\/\/portaltela.pt\/noticias\/2025\/12\/31\/mendes-promete-experiencia-paz-e-saude-para-2026\/#article\",\"isPartOf\":{\"@id\":\"https:\/\/portaltela.pt\/noticias\/2025\/12\/31\/mendes-promete-experiencia-paz-e-saude-para-2026\/\"},\"author\":{\"name\":\"Telinha\",\"@id\":\"https:\/\/portaltela.pt\/#\/schema\/person\/c4278d4a6028830caff9ee44b42d32ed\"},\"headline\":\"Mendes promete experi\u00eancia, paz e sa\u00fade para 2026\",\"datePublished\":\"2025-12-31T13:31:44+00:00\",\"mainEntityOfPage\":{\"@id\":\"https:\/\/portaltela.pt\/noticias\/2025\/12\/31\/mendes-promete-experiencia-paz-e-saude-para-2026\/\"},\"wordCount\":280,\"image\":{\"@id\":\"https:\/\/portaltela.pt\/noticias\/2025\/12\/31\/mendes-promete-experiencia-paz-e-saude-para-2026\/#primaryimage\"},\"thumbnailUrl\":\"https:\/\/portaltela.pt\/s.01k8rhncp4jt1\/2025\/12\/unnamed-file-2743.jpg\",\"keywords\":[\"elei\u00e7\u00f5es\",\"financiamento de campanhas\",\"governo\",\"pol\u00edtica p\u00fablica\",\"presidente\",\"transpar\u00eancia\"],\"articleSection\":[\"Not\u00edcias\",\"Pol\u00edtica\"],\"inLanguage\":\"pt-PT\"},{\"@type\":\"WebPage\",\"@id\":\"https:\/\/portaltela.pt\/noticias\/2025\/12\/31\/mendes-promete-experiencia-paz-e-saude-para-2026\/\",\"url\":\"https:\/\/portaltela.pt\/noticias\/2025\/12\/31\/mendes-promete-experiencia-paz-e-saude-para-2026\/\",\"name\":\"Mendes promete experi\u00eancia, paz e sa\u00fade para 2026 - Portal Tela Portugal\",\"isPartOf\":{\"@id\":\"https:\/\/portaltela.pt\/#website\"},\"primaryImageOfPage\":{\"@id\":\"https:\/\/portaltela.pt\/noticias\/2025\/12\/31\/mendes-promete-experiencia-paz-e-saude-para-2026\/#primaryimage\"},\"image\":{\"@id\":\"https:\/\/portaltela.pt\/noticias\/2025\/12\/31\/mendes-promete-experiencia-paz-e-saude-para-2026\/#primaryimage\"},\"thumbnailUrl\":\"https:\/\/portaltela.pt\/s.01k8rhncp4jt1\/2025\/12\/unnamed-file-2743.jpg\",\"datePublished\":\"2025-12-31T13:31:44+00:00\",\"author\":{\"@id\":\"https:\/\/portaltela.pt\/#\/schema\/person\/c4278d4a6028830caff9ee44b42d32ed\"},\"breadcrumb\":{\"@id\":\"https:\/\/portaltela.pt\/noticias\/2025\/12\/31\/mendes-promete-experiencia-paz-e-saude-para-2026\/#breadcrumb\"},\"inLanguage\":\"pt-PT\",\"potentialAction\":[{\"@type\":\"ReadAction\",\"target\":[\"https:\/\/portaltela.pt\/noticias\/2025\/12\/31\/mendes-promete-experiencia-paz-e-saude-para-2026\/\"]}]},{\"@type\":\"ImageObject\",\"inLanguage\":\"pt-PT\",\"@id\":\"https:\/\/portaltela.pt\/noticias\/2025\/12\/31\/mendes-promete-experiencia-paz-e-saude-para-2026\/#primaryimage\",\"url\":\"https:\/\/portaltela.pt\/s.01k8rhncp4jt1\/2025\/12\/unnamed-file-2743.jpg\",\"contentUrl\":\"https:\/\/portaltela.pt\/s.01k8rhncp4jt1\/2025\/12\/unnamed-file-2743.jpg\",\"width\":796,\"height\":448,\"caption\":\"Mendes faz votos de \\\"experi\u00eancia, paz e sa\u00fade\\\" em 2026\"},{\"@type\":\"BreadcrumbList\",\"@id\":\"https:\/\/portaltela.pt\/noticias\/2025\/12\/31\/mendes-promete-experiencia-paz-e-saude-para-2026\/#breadcrumb\",\"itemListElement\":[{\"@type\":\"ListItem\",\"position\":1,\"name\":\"In\u00edcio\",\"item\":\"https:\/\/portaltela.pt\/\"},{\"@type\":\"ListItem\",\"position\":2,\"name\":\"Mendes promete experi\u00eancia, paz e sa\u00fade para 2026\"}]},{\"@type\":\"WebSite\",\"@id\":\"https:\/\/portaltela.pt\/#website\",\"url\":\"https:\/\/portaltela.pt\/\",\"name\":\"Portal Tela Portugal\",\"description\":\"\",\"potentialAction\":[{\"@type\":\"SearchAction\",\"target\":{\"@type\":\"EntryPoint\",\"urlTemplate\":\"https:\/\/portaltela.pt\/?s={search_term_string}\"},\"query-input\":{\"@type\":\"PropertyValueSpecification\",\"valueRequired\":true,\"valueName\":\"search_term_string\"}}],\"inLanguage\":\"pt-PT\"},{\"@type\":\"Person\",\"@id\":\"https:\/\/portaltela.pt\/#\/schema\/person\/c4278d4a6028830caff9ee44b42d32ed\",\"name\":\"Telinha\",\"image\":{\"@type\":\"ImageObject\",\"inLanguage\":\"pt-PT\",\"@id\":\"https:\/\/portaltela.pt\/s.01k8rhncp4jt1\/2025\/11\/talking-bot-125x125.png\",\"url\":\"https:\/\/portaltela.pt\/s.01k8rhncp4jt1\/2025\/11\/talking-bot-125x125.png\",\"contentUrl\":\"https:\/\/portaltela.pt\/s.01k8rhncp4jt1\/2025\/11\/talking-bot-125x125.png\",\"caption\":\"Telinha\"},\"sameAs\":[\"https:\/\/portaltela.pt\/\"],\"url\":\"https:\/\/portaltela.pt\/por\/367410592786\/\"}]}<\/script>\n<!-- \/ Yoast SEO plugin. -->","yoast_head_json":{"title":"Mendes promete experi\u00eancia, paz e sa\u00fade para 2026 - Portal Tela Portugal","robots":{"index":"index","follow":"follow","max-snippet":"max-snippet:-1","max-image-preview":"max-image-preview:large","max-video-preview":"max-video-preview:-1"},"og_locale":"pt_PT","og_type":"article","og_title":"Mendes promete experi\u00eancia, paz e sa\u00fade para 2026 - Portal Tela Portugal","og_description":"Lu\u00eds Marques Mendes, candidato presidencial pelo PSD e CDS-PP, pediu em 2026 uma \u201cexperi\u00eancia, paz e sa\u00fade\u201d. Pretende que o pr\u00f3ximo ano seja o fim da guerra na Ucr\u00e2nia, segundo afirmou aos jornalistas. A mensagem foiAway partilhada durante uma visita ao Mercado de Alvalade, em Lisboa, onde ouviu apoio da popula\u00e7\u00e3o e disse sentir \u00e2nimo crescente. Mendes sublinhou a necessidade de um Presidente da Rep\u00fablica experiente, capaz de promover pontes, consenso e entendimentos. Sobre donativos, garantiu que ser\u00e3o divulgados publicamente ap\u00f3s as elei\u00e7\u00f5es, com total transpar\u00eancia, conforme a lei.","og_url":"https:\/\/portaltela.pt\/noticias\/2025\/12\/31\/mendes-promete-experiencia-paz-e-saude-para-2026\/","og_site_name":"Portal Tela Portugal","article_published_time":"2025-12-31T13:31:44+00:00","author":"Telinha","twitter_card":"summary_large_image","twitter_misc":{"Escrito por":"Telinha","Tempo estimado de leitura":"1 minuto"},"schema":{"@context":"https:\/\/schema.org","@graph":[{"@type":"Article","@id":"https:\/\/portaltela.pt\/noticias\/2025\/12\/31\/mendes-promete-experiencia-paz-e-saude-para-2026\/#article","isPartOf":{"@id":"https:\/\/portaltela.pt\/noticias\/2025\/12\/31\/mendes-promete-experiencia-paz-e-saude-para-2026\/"},"author":{"name":"Telinha","@id":"https:\/\/portaltela.pt\/#\/schema\/person\/c4278d4a6028830caff9ee44b42d32ed"},"headline":"Mendes promete experi\u00eancia, paz e sa\u00fade para 2026","datePublished":"2025-12-31T13:31:44+00:00","mainEntityOfPage":{"@id":"https:\/\/portaltela.pt\/noticias\/2025\/12\/31\/mendes-promete-experiencia-paz-e-saude-para-2026\/"},"wordCount":280,"image":{"@id":"https:\/\/portaltela.pt\/noticias\/2025\/12\/31\/mendes-promete-experiencia-paz-e-saude-para-2026\/#primaryimage"},"thumbnailUrl":"https:\/\/portaltela.pt\/s.01k8rhncp4jt1\/2025\/12\/unnamed-file-2743.jpg","keywords":["elei\u00e7\u00f5es","financiamento de campanhas","governo","pol\u00edtica p\u00fablica","presidente","transpar\u00eancia"],"articleSection":["Not\u00edcias","Pol\u00edtica"],"inLanguage":"pt-PT"},{"@type":"WebPage","@id":"https:\/\/portaltela.pt\/noticias\/2025\/12\/31\/mendes-promete-experiencia-paz-e-saude-para-2026\/","url":"https:\/\/portaltela.pt\/noticias\/2025\/12\/31\/mendes-promete-experiencia-paz-e-saude-para-2026\/","name":"Mendes promete experi\u00eancia, paz e sa\u00fade para 2026 - Portal Tela Portugal","isPartOf":{"@id":"https:\/\/portaltela.pt\/#website"},"primaryImageOfPage":{"@id":"https:\/\/portaltela.pt\/noticias\/2025\/12\/31\/mendes-promete-experiencia-paz-e-saude-para-2026\/#primaryimage"},"image":{"@id":"https:\/\/portaltela.pt\/noticias\/2025\/12\/31\/mendes-promete-experiencia-paz-e-saude-para-2026\/#primaryimage"},"thumbnailUrl":"https:\/\/portaltela.pt\/s.01k8rhncp4jt1\/2025\/12\/unnamed-file-2743.jpg","datePublished":"2025-12-31T13:31:44+00:00","author":{"@id":"https:\/\/portaltela.pt\/#\/schema\/person\/c4278d4a6028830caff9ee44b42d32ed"},"breadcrumb":{"@id":"https:\/\/portaltela.pt\/noticias\/2025\/12\/31\/mendes-promete-experiencia-paz-e-saude-para-2026\/#breadcrumb"},"inLanguage":"pt-PT","potentialAction":[{"@type":"ReadAction","target":["https:\/\/portaltela.pt\/noticias\/2025\/12\/31\/mendes-promete-experiencia-paz-e-saude-para-2026\/"]}]},{"@type":"ImageObject","inLanguage":"pt-PT","@id":"https:\/\/portaltela.pt\/noticias\/2025\/12\/31\/mendes-promete-experiencia-paz-e-saude-para-2026\/#primaryimage","url":"https:\/\/portaltela.pt\/s.01k8rhncp4jt1\/2025\/12\/unnamed-file-2743.jpg","contentUrl":"https:\/\/portaltela.pt\/s.01k8rhncp4jt1\/2025\/12\/unnamed-file-2743.jpg","width":796,"height":448,"caption":"Mendes faz votos de \"experi\u00eancia, paz e sa\u00fade\" em 2026"},{"@type":"BreadcrumbList","@id":"https:\/\/portaltela.pt\/noticias\/2025\/12\/31\/mendes-promete-experiencia-paz-e-saude-para-2026\/#breadcrumb","itemListElement":[{"@type":"ListItem","position":1,"name":"In\u00edcio","item":"https:\/\/portaltela.pt\/"},{"@type":"ListItem","position":2,"name":"Mendes promete experi\u00eancia, paz e sa\u00fade para 2026"}]},{"@type":"WebSite","@id":"https:\/\/portaltela.pt\/#website","url":"https:\/\/portaltela.pt\/","name":"Portal Tela Portugal","description":"","potentialAction":[{"@type":"SearchAction","target":{"@type":"EntryPoint","urlTemplate":"https:\/\/portaltela.pt\/?s={search_term_string}"},"query-input":{"@type":"PropertyValueSpecification","valueRequired":true,"valueName":"search_term_string"}}],"inLanguage":"pt-PT"},{"@type":"Person","@id":"https:\/\/portaltela.pt\/#\/schema\/person\/c4278d4a6028830caff9ee44b42d32ed","name":"Telinha","image":{"@type":"ImageObject","inLanguage":"pt-PT","@id":"https:\/\/portaltela.pt\/s.01k8rhncp4jt1\/2025\/11\/talking-bot-125x125.png","url":"https:\/\/portaltela.pt\/s.01k8rhncp4jt1\/2025\/11\/talking-bot-125x125.png","contentUrl":"https:\/\/portaltela.pt\/s.01k8rhncp4jt1\/2025\/11\/talking-bot-125x125.png","caption":"Telinha"},"sameAs":["https:\/\/portaltela.pt\/"],"url":"https:\/\/portaltela.pt\/por\/367410592786\/"}]}},"_links":{"self":[{"href":"https:\/\/portaltela.pt\/api\/wp\/v2\/posts\/109682","targetHints":{"allow":["GET"]}}],"collection":[{"href":"https:\/\/portaltela.pt\/api\/wp\/v2\/posts"}],"about":[{"href":"https:\/\/portaltela.pt\/api\/wp\/v2\/types\/post"}],"author":[{"embeddable":true,"href":"https:\/\/portaltela.pt\/api\/wp\/v2\/users\/2"}],"replies":[{"embeddable":true,"href":"https:\/\/portaltela.pt\/api\/wp\/v2\/comments?post=109682"}],"version-history":[{"count":0,"href":"https:\/\/portaltela.pt\/api\/wp\/v2\/posts\/109682\/revisions"}],"wp:featuredmedia":[{"embeddable":true,"href":"https:\/\/portaltela.pt\/api\/wp\/v2\/media\/109695"}],"wp:attachment":[{"href":"https:\/\/portaltela.pt\/api\/wp\/v2\/media?parent=109682"}],"wp:term":[{"taxonomy":"category","embeddable":true,"href":"https:\/\/portaltela.pt\/api\/wp\/v2\/categories?post=109682"},{"taxonomy":"post_tag","embeddable":true,"href":"https:\/\/portaltela.pt\/api\/wp\/v2\/tags?post=109682"}],"curies":[{"name":"wp","href":"https:\/\/api.w.org\/{rel}","templated":true}]}}