{"id":109584,"date":"2025-12-31T09:15:00","date_gmt":"2025-12-31T12:15:00","guid":{"rendered":"https:\/\/portaltela.pt\/noticias\/2025\/12\/31\/almodovar-celebra-o-natal-com-cante-ao-menino-na-igreja-matriz\/"},"modified":"2025-12-31T09:15:00","modified_gmt":"2025-12-31T12:15:00","slug":"almodovar-celebra-o-natal-com-cante-ao-menino-na-igreja-matriz","status":"publish","type":"post","link":"https:\/\/portaltela.pt\/noticias\/2025\/12\/31\/almodovar-celebra-o-natal-com-cante-ao-menino-na-igreja-matriz\/","title":{"rendered":"Almod\u00f4var celebra o Natal com Cante ao Menino na Igreja Matriz"},"content":{"rendered":"<p>Almod\u00f4var volta a celebrar o Natal com o concerto Cante ao Menino, marcado para a noite de 5 de janeiro de 2026. O evento ocorre na Igreja Matriz de Santo Ildefonso e encerra a quadra natal\u00edcia com uma das tradi\u00e7\u00f5es culturais mais enraizadas na regi\u00e3o.<\/p>\n<p>O concerto re\u00fane v\u00e1rias vozes do concelho e zonas vizinhas, com Pedro Mestre a subir ao palco acompanhado pela sua banda. Participam ainda grupos corais como Flores do Campo, Vozes da Aldeia, Estevas em Flor, Amigos do Ros\u00e1rio, Mondadeiras de Santa Cruz e Vozes de Almod\u00f4var.<\/p>\n<p>Al\u00e9m da atua\u00e7\u00e3o musical, a iniciativa prev\u00ea conv\u00edvio junto ao exterior da igreja, junto ao Madeiro de Natal que ser\u00e1 aceso. Tamb\u00e9m haver\u00e1 partilha de Bolo Rei e Vinho do Porto, num momento de acolhimento \u00e0 comunidade e aos visitantes. A entrada \u00e9 gratuita.<\/p>\n","protected":false},"excerpt":{"rendered":"<ul>\n<li>Noite de cinco de janeiro de dois mil e vinte e seis, \u00e0s 21 horas, na Igreja Matriz de Santo Ildefonso, em Almod\u00f4var, para o evento Cante ao Menino.<\/li>\n<li>O encontro re\u00fane Pedro Mestre e a sua banda, acompanhados por v\u00e1rios grupos corais do concelho: Flores do Campo, Vozes da Aldeia, Estevas em Flor, Amigos do Ros\u00e1rio, Mondadeiras de Santa Cruz e Vozes de Almod\u00f4var.<\/li>\n<li>A iniciativa pretende criar um ambiente de partilha e conv\u00edvio comunit\u00e1rio, encerrando a quadra natal\u00edcia.<\/li>\n<li>Ap\u00f3s as atua\u00e7\u00f5es, o evento prolonga-se no exterior da igreja, junto ao Madeiro de Natal, que ser\u00e1 aceso para aquecer a noite.<\/li>\n<li>Haver\u00e1 partilha de Bolo Rei e Vinho do Porto, com entrada gratuita e convite a toda a popula\u00e7\u00e3o e a visitantes.<\/li>\n<\/ul>\n","protected":false},"author":2,"featured_media":109586,"comment_status":"closed","ping_status":"closed","sticky":false,"template":"","format":"standard","meta":{"footnotes":""},"categories":[1],"tags":[1620,144,593,102,122],"class_list":["post-109584","post","type-post","status-publish","format-standard","has-post-thumbnail","hentry","category-noticias","tag-almodovar","tag-concelho","tag-concertos","tag-igreja","tag-musica"],"yoast_head":"<!-- This site is optimized with the Yoast SEO plugin v27.2 - https:\/\/yoast.com\/product\/yoast-seo-wordpress\/ -->\n<title>Almod\u00f4var celebra o Natal com Cante ao Menino na Igreja Matriz - Portal Tela Portugal<\/title>\n<meta name=\"robots\" content=\"index, follow, max-snippet:-1, max-image-preview:large, max-video-preview:-1\" \/>\n<meta property=\"og:locale\" content=\"pt_PT\" \/>\n<meta property=\"og:type\" content=\"article\" \/>\n<meta property=\"og:title\" content=\"Almod\u00f4var celebra o Natal com Cante ao Menino na Igreja Matriz - Portal Tela Portugal\" \/>\n<meta property=\"og:description\" content=\"Noite de cinco de janeiro de dois mil e vinte e seis, \u00e0s 21 horas, na Igreja Matriz de Santo Ildefonso, em Almod\u00f4var, para o evento Cante ao Menino. O encontro re\u00fane Pedro Mestre e a sua banda, acompanhados por v\u00e1rios grupos corais do concelho: Flores do Campo, Vozes da Aldeia, Estevas em Flor, Amigos do Ros\u00e1rio, Mondadeiras de Santa Cruz e Vozes de Almod\u00f4var. A iniciativa pretende criar um ambiente de partilha e conv\u00edvio comunit\u00e1rio, encerrando a quadra natal\u00edcia. Ap\u00f3s as atua\u00e7\u00f5es, o evento prolonga-se no exterior da igreja, junto ao Madeiro de Natal, que ser\u00e1 aceso para aquecer a noite. Haver\u00e1 partilha de Bolo Rei e Vinho do Porto, com entrada gratuita e convite a toda a popula\u00e7\u00e3o e a visitantes.\" \/>\n<meta property=\"og:url\" content=\"https:\/\/portaltela.pt\/noticias\/2025\/12\/31\/almodovar-celebra-o-natal-com-cante-ao-menino-na-igreja-matriz\/\" \/>\n<meta property=\"og:site_name\" content=\"Portal Tela Portugal\" \/>\n<meta property=\"article:published_time\" content=\"2025-12-31T12:15:00+00:00\" \/>\n<meta name=\"author\" content=\"Telinha\" \/>\n<meta name=\"twitter:card\" content=\"summary_large_image\" \/>\n<meta name=\"twitter:label1\" content=\"Escrito por\" \/>\n\t<meta name=\"twitter:data1\" content=\"Telinha\" \/>\n\t<meta name=\"twitter:label2\" content=\"Tempo estimado de leitura\" \/>\n\t<meta name=\"twitter:data2\" content=\"1 minuto\" \/>\n<script type=\"application\/ld+json\" class=\"yoast-schema-graph\">{\"@context\":\"https:\/\/schema.org\",\"@graph\":[{\"@type\":\"Article\",\"@id\":\"https:\/\/portaltela.pt\/noticias\/2025\/12\/31\/almodovar-celebra-o-natal-com-cante-ao-menino-na-igreja-matriz\/#article\",\"isPartOf\":{\"@id\":\"https:\/\/portaltela.pt\/noticias\/2025\/12\/31\/almodovar-celebra-o-natal-com-cante-ao-menino-na-igreja-matriz\/\"},\"author\":{\"name\":\"Telinha\",\"@id\":\"https:\/\/portaltela.pt\/#\/schema\/person\/c4278d4a6028830caff9ee44b42d32ed\"},\"headline\":\"Almod\u00f4var celebra o Natal com Cante ao Menino na Igreja Matriz\",\"datePublished\":\"2025-12-31T12:15:00+00:00\",\"mainEntityOfPage\":{\"@id\":\"https:\/\/portaltela.pt\/noticias\/2025\/12\/31\/almodovar-celebra-o-natal-com-cante-ao-menino-na-igreja-matriz\/\"},\"wordCount\":155,\"image\":{\"@id\":\"https:\/\/portaltela.pt\/noticias\/2025\/12\/31\/almodovar-celebra-o-natal-com-cante-ao-menino-na-igreja-matriz\/#primaryimage\"},\"thumbnailUrl\":\"https:\/\/portaltela.pt\/s.01k8rhncp4jt1\/2025\/12\/unnamed-file-2731.jpg\",\"keywords\":[\"Almod\u00f4var\",\"concelho\",\"concertos\",\"igreja\",\"m\u00fasica\"],\"articleSection\":[\"Not\u00edcias\"],\"inLanguage\":\"pt-PT\"},{\"@type\":\"WebPage\",\"@id\":\"https:\/\/portaltela.pt\/noticias\/2025\/12\/31\/almodovar-celebra-o-natal-com-cante-ao-menino-na-igreja-matriz\/\",\"url\":\"https:\/\/portaltela.pt\/noticias\/2025\/12\/31\/almodovar-celebra-o-natal-com-cante-ao-menino-na-igreja-matriz\/\",\"name\":\"Almod\u00f4var celebra o Natal com Cante ao Menino na Igreja Matriz - Portal Tela Portugal\",\"isPartOf\":{\"@id\":\"https:\/\/portaltela.pt\/#website\"},\"primaryImageOfPage\":{\"@id\":\"https:\/\/portaltela.pt\/noticias\/2025\/12\/31\/almodovar-celebra-o-natal-com-cante-ao-menino-na-igreja-matriz\/#primaryimage\"},\"image\":{\"@id\":\"https:\/\/portaltela.pt\/noticias\/2025\/12\/31\/almodovar-celebra-o-natal-com-cante-ao-menino-na-igreja-matriz\/#primaryimage\"},\"thumbnailUrl\":\"https:\/\/portaltela.pt\/s.01k8rhncp4jt1\/2025\/12\/unnamed-file-2731.jpg\",\"datePublished\":\"2025-12-31T12:15:00+00:00\",\"author\":{\"@id\":\"https:\/\/portaltela.pt\/#\/schema\/person\/c4278d4a6028830caff9ee44b42d32ed\"},\"breadcrumb\":{\"@id\":\"https:\/\/portaltela.pt\/noticias\/2025\/12\/31\/almodovar-celebra-o-natal-com-cante-ao-menino-na-igreja-matriz\/#breadcrumb\"},\"inLanguage\":\"pt-PT\",\"potentialAction\":[{\"@type\":\"ReadAction\",\"target\":[\"https:\/\/portaltela.pt\/noticias\/2025\/12\/31\/almodovar-celebra-o-natal-com-cante-ao-menino-na-igreja-matriz\/\"]}]},{\"@type\":\"ImageObject\",\"inLanguage\":\"pt-PT\",\"@id\":\"https:\/\/portaltela.pt\/noticias\/2025\/12\/31\/almodovar-celebra-o-natal-com-cante-ao-menino-na-igreja-matriz\/#primaryimage\",\"url\":\"https:\/\/portaltela.pt\/s.01k8rhncp4jt1\/2025\/12\/unnamed-file-2731.jpg\",\"contentUrl\":\"https:\/\/portaltela.pt\/s.01k8rhncp4jt1\/2025\/12\/unnamed-file-2731.jpg\",\"width\":796,\"height\":448,\"caption\":\"Almod\u00f4var celebra o Natal com \u201cCante ao Menino\u201d na Igreja Matriz\"},{\"@type\":\"BreadcrumbList\",\"@id\":\"https:\/\/portaltela.pt\/noticias\/2025\/12\/31\/almodovar-celebra-o-natal-com-cante-ao-menino-na-igreja-matriz\/#breadcrumb\",\"itemListElement\":[{\"@type\":\"ListItem\",\"position\":1,\"name\":\"In\u00edcio\",\"item\":\"https:\/\/portaltela.pt\/\"},{\"@type\":\"ListItem\",\"position\":2,\"name\":\"Almod\u00f4var celebra o Natal com Cante ao Menino na Igreja Matriz\"}]},{\"@type\":\"WebSite\",\"@id\":\"https:\/\/portaltela.pt\/#website\",\"url\":\"https:\/\/portaltela.pt\/\",\"name\":\"Portal Tela Portugal\",\"description\":\"\",\"potentialAction\":[{\"@type\":\"SearchAction\",\"target\":{\"@type\":\"EntryPoint\",\"urlTemplate\":\"https:\/\/portaltela.pt\/?s={search_term_string}\"},\"query-input\":{\"@type\":\"PropertyValueSpecification\",\"valueRequired\":true,\"valueName\":\"search_term_string\"}}],\"inLanguage\":\"pt-PT\"},{\"@type\":\"Person\",\"@id\":\"https:\/\/portaltela.pt\/#\/schema\/person\/c4278d4a6028830caff9ee44b42d32ed\",\"name\":\"Telinha\",\"image\":{\"@type\":\"ImageObject\",\"inLanguage\":\"pt-PT\",\"@id\":\"https:\/\/portaltela.pt\/s.01k8rhncp4jt1\/2025\/11\/talking-bot-125x125.png\",\"url\":\"https:\/\/portaltela.pt\/s.01k8rhncp4jt1\/2025\/11\/talking-bot-125x125.png\",\"contentUrl\":\"https:\/\/portaltela.pt\/s.01k8rhncp4jt1\/2025\/11\/talking-bot-125x125.png\",\"caption\":\"Telinha\"},\"sameAs\":[\"https:\/\/portaltela.pt\/\"],\"url\":\"https:\/\/portaltela.pt\/por\/367410592786\/\"}]}<\/script>\n<!-- \/ Yoast SEO plugin. -->","yoast_head_json":{"title":"Almod\u00f4var celebra o Natal com Cante ao Menino na Igreja Matriz - Portal Tela Portugal","robots":{"index":"index","follow":"follow","max-snippet":"max-snippet:-1","max-image-preview":"max-image-preview:large","max-video-preview":"max-video-preview:-1"},"og_locale":"pt_PT","og_type":"article","og_title":"Almod\u00f4var celebra o Natal com Cante ao Menino na Igreja Matriz - Portal Tela Portugal","og_description":"Noite de cinco de janeiro de dois mil e vinte e seis, \u00e0s 21 horas, na Igreja Matriz de Santo Ildefonso, em Almod\u00f4var, para o evento Cante ao Menino. O encontro re\u00fane Pedro Mestre e a sua banda, acompanhados por v\u00e1rios grupos corais do concelho: Flores do Campo, Vozes da Aldeia, Estevas em Flor, Amigos do Ros\u00e1rio, Mondadeiras de Santa Cruz e Vozes de Almod\u00f4var. A iniciativa pretende criar um ambiente de partilha e conv\u00edvio comunit\u00e1rio, encerrando a quadra natal\u00edcia. Ap\u00f3s as atua\u00e7\u00f5es, o evento prolonga-se no exterior da igreja, junto ao Madeiro de Natal, que ser\u00e1 aceso para aquecer a noite. Haver\u00e1 partilha de Bolo Rei e Vinho do Porto, com entrada gratuita e convite a toda a popula\u00e7\u00e3o e a visitantes.","og_url":"https:\/\/portaltela.pt\/noticias\/2025\/12\/31\/almodovar-celebra-o-natal-com-cante-ao-menino-na-igreja-matriz\/","og_site_name":"Portal Tela Portugal","article_published_time":"2025-12-31T12:15:00+00:00","author":"Telinha","twitter_card":"summary_large_image","twitter_misc":{"Escrito por":"Telinha","Tempo estimado de leitura":"1 minuto"},"schema":{"@context":"https:\/\/schema.org","@graph":[{"@type":"Article","@id":"https:\/\/portaltela.pt\/noticias\/2025\/12\/31\/almodovar-celebra-o-natal-com-cante-ao-menino-na-igreja-matriz\/#article","isPartOf":{"@id":"https:\/\/portaltela.pt\/noticias\/2025\/12\/31\/almodovar-celebra-o-natal-com-cante-ao-menino-na-igreja-matriz\/"},"author":{"name":"Telinha","@id":"https:\/\/portaltela.pt\/#\/schema\/person\/c4278d4a6028830caff9ee44b42d32ed"},"headline":"Almod\u00f4var celebra o Natal com Cante ao Menino na Igreja Matriz","datePublished":"2025-12-31T12:15:00+00:00","mainEntityOfPage":{"@id":"https:\/\/portaltela.pt\/noticias\/2025\/12\/31\/almodovar-celebra-o-natal-com-cante-ao-menino-na-igreja-matriz\/"},"wordCount":155,"image":{"@id":"https:\/\/portaltela.pt\/noticias\/2025\/12\/31\/almodovar-celebra-o-natal-com-cante-ao-menino-na-igreja-matriz\/#primaryimage"},"thumbnailUrl":"https:\/\/portaltela.pt\/s.01k8rhncp4jt1\/2025\/12\/unnamed-file-2731.jpg","keywords":["Almod\u00f4var","concelho","concertos","igreja","m\u00fasica"],"articleSection":["Not\u00edcias"],"inLanguage":"pt-PT"},{"@type":"WebPage","@id":"https:\/\/portaltela.pt\/noticias\/2025\/12\/31\/almodovar-celebra-o-natal-com-cante-ao-menino-na-igreja-matriz\/","url":"https:\/\/portaltela.pt\/noticias\/2025\/12\/31\/almodovar-celebra-o-natal-com-cante-ao-menino-na-igreja-matriz\/","name":"Almod\u00f4var celebra o Natal com Cante ao Menino na Igreja Matriz - Portal Tela Portugal","isPartOf":{"@id":"https:\/\/portaltela.pt\/#website"},"primaryImageOfPage":{"@id":"https:\/\/portaltela.pt\/noticias\/2025\/12\/31\/almodovar-celebra-o-natal-com-cante-ao-menino-na-igreja-matriz\/#primaryimage"},"image":{"@id":"https:\/\/portaltela.pt\/noticias\/2025\/12\/31\/almodovar-celebra-o-natal-com-cante-ao-menino-na-igreja-matriz\/#primaryimage"},"thumbnailUrl":"https:\/\/portaltela.pt\/s.01k8rhncp4jt1\/2025\/12\/unnamed-file-2731.jpg","datePublished":"2025-12-31T12:15:00+00:00","author":{"@id":"https:\/\/portaltela.pt\/#\/schema\/person\/c4278d4a6028830caff9ee44b42d32ed"},"breadcrumb":{"@id":"https:\/\/portaltela.pt\/noticias\/2025\/12\/31\/almodovar-celebra-o-natal-com-cante-ao-menino-na-igreja-matriz\/#breadcrumb"},"inLanguage":"pt-PT","potentialAction":[{"@type":"ReadAction","target":["https:\/\/portaltela.pt\/noticias\/2025\/12\/31\/almodovar-celebra-o-natal-com-cante-ao-menino-na-igreja-matriz\/"]}]},{"@type":"ImageObject","inLanguage":"pt-PT","@id":"https:\/\/portaltela.pt\/noticias\/2025\/12\/31\/almodovar-celebra-o-natal-com-cante-ao-menino-na-igreja-matriz\/#primaryimage","url":"https:\/\/portaltela.pt\/s.01k8rhncp4jt1\/2025\/12\/unnamed-file-2731.jpg","contentUrl":"https:\/\/portaltela.pt\/s.01k8rhncp4jt1\/2025\/12\/unnamed-file-2731.jpg","width":796,"height":448,"caption":"Almod\u00f4var celebra o Natal com \u201cCante ao Menino\u201d na Igreja Matriz"},{"@type":"BreadcrumbList","@id":"https:\/\/portaltela.pt\/noticias\/2025\/12\/31\/almodovar-celebra-o-natal-com-cante-ao-menino-na-igreja-matriz\/#breadcrumb","itemListElement":[{"@type":"ListItem","position":1,"name":"In\u00edcio","item":"https:\/\/portaltela.pt\/"},{"@type":"ListItem","position":2,"name":"Almod\u00f4var celebra o Natal com Cante ao Menino na Igreja Matriz"}]},{"@type":"WebSite","@id":"https:\/\/portaltela.pt\/#website","url":"https:\/\/portaltela.pt\/","name":"Portal Tela Portugal","description":"","potentialAction":[{"@type":"SearchAction","target":{"@type":"EntryPoint","urlTemplate":"https:\/\/portaltela.pt\/?s={search_term_string}"},"query-input":{"@type":"PropertyValueSpecification","valueRequired":true,"valueName":"search_term_string"}}],"inLanguage":"pt-PT"},{"@type":"Person","@id":"https:\/\/portaltela.pt\/#\/schema\/person\/c4278d4a6028830caff9ee44b42d32ed","name":"Telinha","image":{"@type":"ImageObject","inLanguage":"pt-PT","@id":"https:\/\/portaltela.pt\/s.01k8rhncp4jt1\/2025\/11\/talking-bot-125x125.png","url":"https:\/\/portaltela.pt\/s.01k8rhncp4jt1\/2025\/11\/talking-bot-125x125.png","contentUrl":"https:\/\/portaltela.pt\/s.01k8rhncp4jt1\/2025\/11\/talking-bot-125x125.png","caption":"Telinha"},"sameAs":["https:\/\/portaltela.pt\/"],"url":"https:\/\/portaltela.pt\/por\/367410592786\/"}]}},"_links":{"self":[{"href":"https:\/\/portaltela.pt\/api\/wp\/v2\/posts\/109584","targetHints":{"allow":["GET"]}}],"collection":[{"href":"https:\/\/portaltela.pt\/api\/wp\/v2\/posts"}],"about":[{"href":"https:\/\/portaltela.pt\/api\/wp\/v2\/types\/post"}],"author":[{"embeddable":true,"href":"https:\/\/portaltela.pt\/api\/wp\/v2\/users\/2"}],"replies":[{"embeddable":true,"href":"https:\/\/portaltela.pt\/api\/wp\/v2\/comments?post=109584"}],"version-history":[{"count":0,"href":"https:\/\/portaltela.pt\/api\/wp\/v2\/posts\/109584\/revisions"}],"wp:featuredmedia":[{"embeddable":true,"href":"https:\/\/portaltela.pt\/api\/wp\/v2\/media\/109586"}],"wp:attachment":[{"href":"https:\/\/portaltela.pt\/api\/wp\/v2\/media?parent=109584"}],"wp:term":[{"taxonomy":"category","embeddable":true,"href":"https:\/\/portaltela.pt\/api\/wp\/v2\/categories?post=109584"},{"taxonomy":"post_tag","embeddable":true,"href":"https:\/\/portaltela.pt\/api\/wp\/v2\/tags?post=109584"}],"curies":[{"name":"wp","href":"https:\/\/api.w.org\/{rel}","templated":true}]}}