{"id":109392,"date":"2025-12-31T07:33:00","date_gmt":"2025-12-31T10:33:00","guid":{"rendered":"https:\/\/portaltela.pt\/noticias\/2025\/12\/31\/uls-cova-da-beira-abre-15-vagas-para-assistente-da-carreira-medica\/"},"modified":"2025-12-31T07:33:00","modified_gmt":"2025-12-31T10:33:00","slug":"uls-cova-da-beira-abre-15-vagas-para-assistente-da-carreira-medica","status":"publish","type":"post","link":"https:\/\/portaltela.pt\/noticias\/2025\/12\/31\/uls-cova-da-beira-abre-15-vagas-para-assistente-da-carreira-medica\/","title":{"rendered":"ULS Cova da Beira abre 15 vagas para assistente da carreira m\u00e9dica"},"content":{"rendered":"<p>A Unidade Local de Sa\u00fade da Cova da Beira (ULSCBEIRA) abriu um procedimento concursal simplificado para 15 vagas na categoria de assistente da carreira m\u00e9dica, \u00e1rea hospitalar. O objetivo \u00e9 refor\u00e7ar equipas, criar estabilidade e melhorar a resposta do SNS. Acesso reservado a m\u00e9dicos especialistas.<\/p>\n<p>As candidaturas decorrem at\u00e9 8 de janeiro de 2026. A lista de especialidades a concurso inclui: Anestesiologia, Cirurgia Geral, Doen\u00e7as Infecciosas, Estomatologia, Ginecologia\/Obstetr\u00edcia, Medicina do Trabalho, Medicina Intensiva, Medicina Interna, Nefrologia, Neurologia, Patologia Cl\u00ednica, Pediatria, Psiquiatria, Psiquiatria da Inf\u00e2ncia e da Adolesc\u00eancia, e Urologia.<\/p>\n<h3>Especialidades a concurso<\/h3>\n<p>A sele\u00e7\u00e3o destina-se a m\u00e9dicos especialistas para a \u00e1rea hospitalar, com 15 postos. A ULSCBEIRA destaca uma pr\u00e1tica cl\u00ednica de excel\u00eancia, equipas multidisciplinares e acredita\u00e7\u00e3o internacional pela Joint Commission International (JCI).<\/p>\n<p>A institui\u00e7\u00e3o promete autonomia e inova\u00e7\u00e3o, atrav\u00e9s dos Centros de Responsabilidade Integrados e do modelo de Sa\u00fade Baseada em Valor, bem como uma liga\u00e7\u00e3o \u00e0 Faculdade de Ci\u00eancias da Sa\u00fade da UBI para atividades acad\u00e9micas, incluindo p\u00f3s-gradua\u00e7\u00f5es, doutoramento e apoio \u00e0 investiga\u00e7\u00e3o.<\/p>\n<h3>Condi\u00e7\u00f5es de fixa\u00e7\u00e3o e benef\u00edcios<\/h3>\n<p>Entre os atrativos est\u00e3o incentivos municipais at\u00e9 1000 euros por m\u00eas, al\u00e9m de benef\u00edcios fiscais na aquisi\u00e7\u00e3o da primeira habita\u00e7\u00e3o. A ULSCBEIRA apresenta-se como oportunidade de carreira s\u00f3lida, com foco em estabilidade, qualidade de vida e impacto no SNS.<\/p>\n<p>Quem procura um projeto profissional com desenvolvimento real pode considerar este concurso. Mais informa\u00e7\u00f5es est\u00e3o dispon\u00edveis no portal institucional da unidade.<\/p>\n","protected":false},"excerpt":{"rendered":"<ul>\n<li>A Unidade Local de Sa\u00fade da Cova da Beira (ULSCBEIRA) est\u00e1 a recrutar 15 m\u00e9dicos especialistas para a categoria de assistente da carreira m\u00e9dica, \u00e1rea hospitalar, atrav\u00e9s de um procedimento concursal simplificado.<\/li>\n<li>As especialidades em concurso incluem Anestesiologia, Cirurgia Geral, Doen\u00e7as Infecciosas, Estomatologia, Ginecologia\/Obstetr\u00edcia, Medicina do Trabalho, Medicina Intensiva, Medicina Interna, Nefrologia, Neurologia, Patologia Cl\u00ednica, Pediatria, Psiquiatria e Psiquiatria da Inf\u00e2ncia e da Adolesc\u00eancia, entre outras.<\/li>\n<li>As candidaturas v\u00e3o at\u00e9 ao dia 8 de janeiro de 2026.<\/li>\n<li>A institui\u00e7\u00e3o destaca um projeto de carreira s\u00f3lido, com pr\u00e1tica cl\u00ednica de excel\u00eancia, equipas multidisciplinares e credencia\u00e7\u00e3o internacional pela Joint Commission International (JCI).<\/li>\n<li>Oferece auton\u00f3mia e inova\u00e7\u00e3o, liga\u00e7\u00e3o \u00e0 Faculdade de Ci\u00eancias da Sa\u00fade da Universidade da Beira Interior, oportunidades de p\u00f3s-gradua\u00e7\u00f5es e apoio \u00e0 investiga\u00e7\u00e3o, bem como incentivos municipais at\u00e9 1.000 euros mensais e benef\u00edcios fiscais na aquisi\u00e7\u00e3o da primeira habita\u00e7\u00e3o.<\/li>\n<\/ul>\n","protected":false},"author":2,"featured_media":109409,"comment_status":"closed","ping_status":"closed","sticky":false,"template":"","format":"standard","meta":{"footnotes":""},"categories":[1],"tags":[2098,2218,2217,483,1403,172],"class_list":["post-109392","post","type-post","status-publish","format-standard","has-post-thumbnail","hentry","category-noticias","tag-anestesiologia","tag-cirurgia-geral","tag-ginecologia-obstetricia","tag-medicina-intensiva","tag-pediatria","tag-saude"],"yoast_head":"<!-- This site is optimized with the Yoast SEO plugin v27.2 - https:\/\/yoast.com\/product\/yoast-seo-wordpress\/ -->\n<title>ULS Cova da Beira abre 15 vagas para assistente da carreira m\u00e9dica - Portal Tela Portugal<\/title>\n<meta name=\"robots\" content=\"index, follow, max-snippet:-1, max-image-preview:large, max-video-preview:-1\" \/>\n<meta property=\"og:locale\" content=\"pt_PT\" \/>\n<meta property=\"og:type\" content=\"article\" \/>\n<meta property=\"og:title\" content=\"ULS Cova da Beira abre 15 vagas para assistente da carreira m\u00e9dica - Portal Tela Portugal\" \/>\n<meta property=\"og:description\" content=\"A Unidade Local de Sa\u00fade da Cova da Beira (ULSCBEIRA) est\u00e1 a recrutar 15 m\u00e9dicos especialistas para a categoria de assistente da carreira m\u00e9dica, \u00e1rea hospitalar, atrav\u00e9s de um procedimento concursal simplificado. As especialidades em concurso incluem Anestesiologia, Cirurgia Geral, Doen\u00e7as Infecciosas, Estomatologia, Ginecologia\/Obstetr\u00edcia, Medicina do Trabalho, Medicina Intensiva, Medicina Interna, Nefrologia, Neurologia, Patologia Cl\u00ednica, Pediatria, Psiquiatria e Psiquiatria da Inf\u00e2ncia e da Adolesc\u00eancia, entre outras. As candidaturas v\u00e3o at\u00e9 ao dia 8 de janeiro de 2026. A institui\u00e7\u00e3o destaca um projeto de carreira s\u00f3lido, com pr\u00e1tica cl\u00ednica de excel\u00eancia, equipas multidisciplinares e credencia\u00e7\u00e3o internacional pela Joint Commission International (JCI). Oferece auton\u00f3mia e inova\u00e7\u00e3o, liga\u00e7\u00e3o \u00e0 Faculdade de Ci\u00eancias da Sa\u00fade da Universidade da Beira Interior, oportunidades de p\u00f3s-gradua\u00e7\u00f5es e apoio \u00e0 investiga\u00e7\u00e3o, bem como incentivos municipais at\u00e9 1.000 euros mensais e benef\u00edcios fiscais na aquisi\u00e7\u00e3o da primeira habita\u00e7\u00e3o.\" \/>\n<meta property=\"og:url\" content=\"https:\/\/portaltela.pt\/noticias\/2025\/12\/31\/uls-cova-da-beira-abre-15-vagas-para-assistente-da-carreira-medica\/\" \/>\n<meta property=\"og:site_name\" content=\"Portal Tela Portugal\" \/>\n<meta property=\"article:published_time\" content=\"2025-12-31T10:33:00+00:00\" \/>\n<meta name=\"author\" content=\"Telinha\" \/>\n<meta name=\"twitter:card\" content=\"summary_large_image\" \/>\n<meta name=\"twitter:label1\" content=\"Escrito por\" \/>\n\t<meta name=\"twitter:data1\" content=\"Telinha\" \/>\n\t<meta name=\"twitter:label2\" content=\"Tempo estimado de leitura\" \/>\n\t<meta name=\"twitter:data2\" content=\"1 minuto\" \/>\n<script type=\"application\/ld+json\" class=\"yoast-schema-graph\">{\"@context\":\"https:\/\/schema.org\",\"@graph\":[{\"@type\":\"Article\",\"@id\":\"https:\/\/portaltela.pt\/noticias\/2025\/12\/31\/uls-cova-da-beira-abre-15-vagas-para-assistente-da-carreira-medica\/#article\",\"isPartOf\":{\"@id\":\"https:\/\/portaltela.pt\/noticias\/2025\/12\/31\/uls-cova-da-beira-abre-15-vagas-para-assistente-da-carreira-medica\/\"},\"author\":{\"name\":\"Telinha\",\"@id\":\"https:\/\/portaltela.pt\/#\/schema\/person\/c4278d4a6028830caff9ee44b42d32ed\"},\"headline\":\"ULS Cova da Beira abre 15 vagas para assistente da carreira m\u00e9dica\",\"datePublished\":\"2025-12-31T10:33:00+00:00\",\"mainEntityOfPage\":{\"@id\":\"https:\/\/portaltela.pt\/noticias\/2025\/12\/31\/uls-cova-da-beira-abre-15-vagas-para-assistente-da-carreira-medica\/\"},\"wordCount\":274,\"image\":{\"@id\":\"https:\/\/portaltela.pt\/noticias\/2025\/12\/31\/uls-cova-da-beira-abre-15-vagas-para-assistente-da-carreira-medica\/#primaryimage\"},\"thumbnailUrl\":\"https:\/\/portaltela.pt\/s.01k8rhncp4jt1\/2025\/12\/unnamed-file-2714.jpg\",\"keywords\":[\"Anestesiologia\",\"Cirurgia Geral\",\"Ginecologia\/Obstetr\u00edcia\",\"Medicina Intensiva\",\"Pediatria\",\"sa\u00fade\"],\"articleSection\":[\"Not\u00edcias\"],\"inLanguage\":\"pt-PT\"},{\"@type\":\"WebPage\",\"@id\":\"https:\/\/portaltela.pt\/noticias\/2025\/12\/31\/uls-cova-da-beira-abre-15-vagas-para-assistente-da-carreira-medica\/\",\"url\":\"https:\/\/portaltela.pt\/noticias\/2025\/12\/31\/uls-cova-da-beira-abre-15-vagas-para-assistente-da-carreira-medica\/\",\"name\":\"ULS Cova da Beira abre 15 vagas para assistente da carreira m\u00e9dica - Portal Tela Portugal\",\"isPartOf\":{\"@id\":\"https:\/\/portaltela.pt\/#website\"},\"primaryImageOfPage\":{\"@id\":\"https:\/\/portaltela.pt\/noticias\/2025\/12\/31\/uls-cova-da-beira-abre-15-vagas-para-assistente-da-carreira-medica\/#primaryimage\"},\"image\":{\"@id\":\"https:\/\/portaltela.pt\/noticias\/2025\/12\/31\/uls-cova-da-beira-abre-15-vagas-para-assistente-da-carreira-medica\/#primaryimage\"},\"thumbnailUrl\":\"https:\/\/portaltela.pt\/s.01k8rhncp4jt1\/2025\/12\/unnamed-file-2714.jpg\",\"datePublished\":\"2025-12-31T10:33:00+00:00\",\"author\":{\"@id\":\"https:\/\/portaltela.pt\/#\/schema\/person\/c4278d4a6028830caff9ee44b42d32ed\"},\"breadcrumb\":{\"@id\":\"https:\/\/portaltela.pt\/noticias\/2025\/12\/31\/uls-cova-da-beira-abre-15-vagas-para-assistente-da-carreira-medica\/#breadcrumb\"},\"inLanguage\":\"pt-PT\",\"potentialAction\":[{\"@type\":\"ReadAction\",\"target\":[\"https:\/\/portaltela.pt\/noticias\/2025\/12\/31\/uls-cova-da-beira-abre-15-vagas-para-assistente-da-carreira-medica\/\"]}]},{\"@type\":\"ImageObject\",\"inLanguage\":\"pt-PT\",\"@id\":\"https:\/\/portaltela.pt\/noticias\/2025\/12\/31\/uls-cova-da-beira-abre-15-vagas-para-assistente-da-carreira-medica\/#primaryimage\",\"url\":\"https:\/\/portaltela.pt\/s.01k8rhncp4jt1\/2025\/12\/unnamed-file-2714.jpg\",\"contentUrl\":\"https:\/\/portaltela.pt\/s.01k8rhncp4jt1\/2025\/12\/unnamed-file-2714.jpg\",\"width\":796,\"height\":448,\"caption\":\"ULS Cova da Beira com 15 vagas abertas para a categoria de assistente da carreira m\u00e9dica (\u00e1rea hospitalar)\"},{\"@type\":\"BreadcrumbList\",\"@id\":\"https:\/\/portaltela.pt\/noticias\/2025\/12\/31\/uls-cova-da-beira-abre-15-vagas-para-assistente-da-carreira-medica\/#breadcrumb\",\"itemListElement\":[{\"@type\":\"ListItem\",\"position\":1,\"name\":\"In\u00edcio\",\"item\":\"https:\/\/portaltela.pt\/\"},{\"@type\":\"ListItem\",\"position\":2,\"name\":\"ULS Cova da Beira abre 15 vagas para assistente da carreira m\u00e9dica\"}]},{\"@type\":\"WebSite\",\"@id\":\"https:\/\/portaltela.pt\/#website\",\"url\":\"https:\/\/portaltela.pt\/\",\"name\":\"Portal Tela Portugal\",\"description\":\"\",\"potentialAction\":[{\"@type\":\"SearchAction\",\"target\":{\"@type\":\"EntryPoint\",\"urlTemplate\":\"https:\/\/portaltela.pt\/?s={search_term_string}\"},\"query-input\":{\"@type\":\"PropertyValueSpecification\",\"valueRequired\":true,\"valueName\":\"search_term_string\"}}],\"inLanguage\":\"pt-PT\"},{\"@type\":\"Person\",\"@id\":\"https:\/\/portaltela.pt\/#\/schema\/person\/c4278d4a6028830caff9ee44b42d32ed\",\"name\":\"Telinha\",\"image\":{\"@type\":\"ImageObject\",\"inLanguage\":\"pt-PT\",\"@id\":\"https:\/\/portaltela.pt\/s.01k8rhncp4jt1\/2025\/11\/talking-bot-125x125.png\",\"url\":\"https:\/\/portaltela.pt\/s.01k8rhncp4jt1\/2025\/11\/talking-bot-125x125.png\",\"contentUrl\":\"https:\/\/portaltela.pt\/s.01k8rhncp4jt1\/2025\/11\/talking-bot-125x125.png\",\"caption\":\"Telinha\"},\"sameAs\":[\"https:\/\/portaltela.pt\/\"],\"url\":\"https:\/\/portaltela.pt\/por\/367410592786\/\"}]}<\/script>\n<!-- \/ Yoast SEO plugin. -->","yoast_head_json":{"title":"ULS Cova da Beira abre 15 vagas para assistente da carreira m\u00e9dica - Portal Tela Portugal","robots":{"index":"index","follow":"follow","max-snippet":"max-snippet:-1","max-image-preview":"max-image-preview:large","max-video-preview":"max-video-preview:-1"},"og_locale":"pt_PT","og_type":"article","og_title":"ULS Cova da Beira abre 15 vagas para assistente da carreira m\u00e9dica - Portal Tela Portugal","og_description":"A Unidade Local de Sa\u00fade da Cova da Beira (ULSCBEIRA) est\u00e1 a recrutar 15 m\u00e9dicos especialistas para a categoria de assistente da carreira m\u00e9dica, \u00e1rea hospitalar, atrav\u00e9s de um procedimento concursal simplificado. As especialidades em concurso incluem Anestesiologia, Cirurgia Geral, Doen\u00e7as Infecciosas, Estomatologia, Ginecologia\/Obstetr\u00edcia, Medicina do Trabalho, Medicina Intensiva, Medicina Interna, Nefrologia, Neurologia, Patologia Cl\u00ednica, Pediatria, Psiquiatria e Psiquiatria da Inf\u00e2ncia e da Adolesc\u00eancia, entre outras. As candidaturas v\u00e3o at\u00e9 ao dia 8 de janeiro de 2026. A institui\u00e7\u00e3o destaca um projeto de carreira s\u00f3lido, com pr\u00e1tica cl\u00ednica de excel\u00eancia, equipas multidisciplinares e credencia\u00e7\u00e3o internacional pela Joint Commission International (JCI). Oferece auton\u00f3mia e inova\u00e7\u00e3o, liga\u00e7\u00e3o \u00e0 Faculdade de Ci\u00eancias da Sa\u00fade da Universidade da Beira Interior, oportunidades de p\u00f3s-gradua\u00e7\u00f5es e apoio \u00e0 investiga\u00e7\u00e3o, bem como incentivos municipais at\u00e9 1.000 euros mensais e benef\u00edcios fiscais na aquisi\u00e7\u00e3o da primeira habita\u00e7\u00e3o.","og_url":"https:\/\/portaltela.pt\/noticias\/2025\/12\/31\/uls-cova-da-beira-abre-15-vagas-para-assistente-da-carreira-medica\/","og_site_name":"Portal Tela Portugal","article_published_time":"2025-12-31T10:33:00+00:00","author":"Telinha","twitter_card":"summary_large_image","twitter_misc":{"Escrito por":"Telinha","Tempo estimado de leitura":"1 minuto"},"schema":{"@context":"https:\/\/schema.org","@graph":[{"@type":"Article","@id":"https:\/\/portaltela.pt\/noticias\/2025\/12\/31\/uls-cova-da-beira-abre-15-vagas-para-assistente-da-carreira-medica\/#article","isPartOf":{"@id":"https:\/\/portaltela.pt\/noticias\/2025\/12\/31\/uls-cova-da-beira-abre-15-vagas-para-assistente-da-carreira-medica\/"},"author":{"name":"Telinha","@id":"https:\/\/portaltela.pt\/#\/schema\/person\/c4278d4a6028830caff9ee44b42d32ed"},"headline":"ULS Cova da Beira abre 15 vagas para assistente da carreira m\u00e9dica","datePublished":"2025-12-31T10:33:00+00:00","mainEntityOfPage":{"@id":"https:\/\/portaltela.pt\/noticias\/2025\/12\/31\/uls-cova-da-beira-abre-15-vagas-para-assistente-da-carreira-medica\/"},"wordCount":274,"image":{"@id":"https:\/\/portaltela.pt\/noticias\/2025\/12\/31\/uls-cova-da-beira-abre-15-vagas-para-assistente-da-carreira-medica\/#primaryimage"},"thumbnailUrl":"https:\/\/portaltela.pt\/s.01k8rhncp4jt1\/2025\/12\/unnamed-file-2714.jpg","keywords":["Anestesiologia","Cirurgia Geral","Ginecologia\/Obstetr\u00edcia","Medicina Intensiva","Pediatria","sa\u00fade"],"articleSection":["Not\u00edcias"],"inLanguage":"pt-PT"},{"@type":"WebPage","@id":"https:\/\/portaltela.pt\/noticias\/2025\/12\/31\/uls-cova-da-beira-abre-15-vagas-para-assistente-da-carreira-medica\/","url":"https:\/\/portaltela.pt\/noticias\/2025\/12\/31\/uls-cova-da-beira-abre-15-vagas-para-assistente-da-carreira-medica\/","name":"ULS Cova da Beira abre 15 vagas para assistente da carreira m\u00e9dica - Portal Tela Portugal","isPartOf":{"@id":"https:\/\/portaltela.pt\/#website"},"primaryImageOfPage":{"@id":"https:\/\/portaltela.pt\/noticias\/2025\/12\/31\/uls-cova-da-beira-abre-15-vagas-para-assistente-da-carreira-medica\/#primaryimage"},"image":{"@id":"https:\/\/portaltela.pt\/noticias\/2025\/12\/31\/uls-cova-da-beira-abre-15-vagas-para-assistente-da-carreira-medica\/#primaryimage"},"thumbnailUrl":"https:\/\/portaltela.pt\/s.01k8rhncp4jt1\/2025\/12\/unnamed-file-2714.jpg","datePublished":"2025-12-31T10:33:00+00:00","author":{"@id":"https:\/\/portaltela.pt\/#\/schema\/person\/c4278d4a6028830caff9ee44b42d32ed"},"breadcrumb":{"@id":"https:\/\/portaltela.pt\/noticias\/2025\/12\/31\/uls-cova-da-beira-abre-15-vagas-para-assistente-da-carreira-medica\/#breadcrumb"},"inLanguage":"pt-PT","potentialAction":[{"@type":"ReadAction","target":["https:\/\/portaltela.pt\/noticias\/2025\/12\/31\/uls-cova-da-beira-abre-15-vagas-para-assistente-da-carreira-medica\/"]}]},{"@type":"ImageObject","inLanguage":"pt-PT","@id":"https:\/\/portaltela.pt\/noticias\/2025\/12\/31\/uls-cova-da-beira-abre-15-vagas-para-assistente-da-carreira-medica\/#primaryimage","url":"https:\/\/portaltela.pt\/s.01k8rhncp4jt1\/2025\/12\/unnamed-file-2714.jpg","contentUrl":"https:\/\/portaltela.pt\/s.01k8rhncp4jt1\/2025\/12\/unnamed-file-2714.jpg","width":796,"height":448,"caption":"ULS Cova da Beira com 15 vagas abertas para a categoria de assistente da carreira m\u00e9dica (\u00e1rea hospitalar)"},{"@type":"BreadcrumbList","@id":"https:\/\/portaltela.pt\/noticias\/2025\/12\/31\/uls-cova-da-beira-abre-15-vagas-para-assistente-da-carreira-medica\/#breadcrumb","itemListElement":[{"@type":"ListItem","position":1,"name":"In\u00edcio","item":"https:\/\/portaltela.pt\/"},{"@type":"ListItem","position":2,"name":"ULS Cova da Beira abre 15 vagas para assistente da carreira m\u00e9dica"}]},{"@type":"WebSite","@id":"https:\/\/portaltela.pt\/#website","url":"https:\/\/portaltela.pt\/","name":"Portal Tela Portugal","description":"","potentialAction":[{"@type":"SearchAction","target":{"@type":"EntryPoint","urlTemplate":"https:\/\/portaltela.pt\/?s={search_term_string}"},"query-input":{"@type":"PropertyValueSpecification","valueRequired":true,"valueName":"search_term_string"}}],"inLanguage":"pt-PT"},{"@type":"Person","@id":"https:\/\/portaltela.pt\/#\/schema\/person\/c4278d4a6028830caff9ee44b42d32ed","name":"Telinha","image":{"@type":"ImageObject","inLanguage":"pt-PT","@id":"https:\/\/portaltela.pt\/s.01k8rhncp4jt1\/2025\/11\/talking-bot-125x125.png","url":"https:\/\/portaltela.pt\/s.01k8rhncp4jt1\/2025\/11\/talking-bot-125x125.png","contentUrl":"https:\/\/portaltela.pt\/s.01k8rhncp4jt1\/2025\/11\/talking-bot-125x125.png","caption":"Telinha"},"sameAs":["https:\/\/portaltela.pt\/"],"url":"https:\/\/portaltela.pt\/por\/367410592786\/"}]}},"_links":{"self":[{"href":"https:\/\/portaltela.pt\/api\/wp\/v2\/posts\/109392","targetHints":{"allow":["GET"]}}],"collection":[{"href":"https:\/\/portaltela.pt\/api\/wp\/v2\/posts"}],"about":[{"href":"https:\/\/portaltela.pt\/api\/wp\/v2\/types\/post"}],"author":[{"embeddable":true,"href":"https:\/\/portaltela.pt\/api\/wp\/v2\/users\/2"}],"replies":[{"embeddable":true,"href":"https:\/\/portaltela.pt\/api\/wp\/v2\/comments?post=109392"}],"version-history":[{"count":0,"href":"https:\/\/portaltela.pt\/api\/wp\/v2\/posts\/109392\/revisions"}],"wp:featuredmedia":[{"embeddable":true,"href":"https:\/\/portaltela.pt\/api\/wp\/v2\/media\/109409"}],"wp:attachment":[{"href":"https:\/\/portaltela.pt\/api\/wp\/v2\/media?parent=109392"}],"wp:term":[{"taxonomy":"category","embeddable":true,"href":"https:\/\/portaltela.pt\/api\/wp\/v2\/categories?post=109392"},{"taxonomy":"post_tag","embeddable":true,"href":"https:\/\/portaltela.pt\/api\/wp\/v2\/tags?post=109392"}],"curies":[{"name":"wp","href":"https:\/\/api.w.org\/{rel}","templated":true}]}}