{"id":109355,"date":"2025-12-31T07:32:00","date_gmt":"2025-12-31T10:32:00","guid":{"rendered":"https:\/\/portaltela.pt\/noticias\/2025\/12\/31\/dibu-martinez-insultado-e-segurado-para-nao-responder-no-arsenal-aston-villa\/"},"modified":"2025-12-31T07:32:00","modified_gmt":"2025-12-31T10:32:00","slug":"dibu-martinez-insultado-e-segurado-para-nao-responder-no-arsenal-aston-villa","status":"publish","type":"post","link":"https:\/\/portaltela.pt\/desporto\/futebol\/2025\/12\/31\/dibu-martinez-insultado-e-segurado-para-nao-responder-no-arsenal-aston-villa\/","title":{"rendered":"Dibu Mart\u00ednez insultado e segurado para n\u00e3o responder no Arsenal-Aston Villa"},"content":{"rendered":"<p>O Arsenal recebeu o Aston Villa em casa e venceu por 4-1, encerrando a sequ\u00eancia vitoriosa dos visitantes, que chegava a 11 jogos. A partida decorreu no est\u00e1dio do Arsenal, em Londres, num ambiente de alta intensidade ap\u00f3s o apito final.<\/p>\n<p>No desenrolar da partida, o Villa saiu em vantagem, mas o Arsenal virou o jogo de forma contundente. A derrota das villanhas consolidou a vit\u00f3ria hist\u00f3rica dos comandados de Arteta, num duelo disputado at\u00e9 ao final.<\/p>\n<p>Ap\u00f3s o apito final, o guarda-redes do Aston Villa viu-se alvo de insultos por parte de adeptos do Arsenal. O jogador foi contido por elementos da equipa t\u00e9cnica para evitar qualquer confronta\u00e7\u00e3o com os apoiantes da casa.<\/p>\n<h3>Incidente com Dibu Mart\u00ednez<\/h3>\n<p>Relatos indicam que Mart\u00ednez foi travado por membros da equipa de apoio para impedir um confronto com os adeptos presentes no recinto. N\u00e3o houve registo de incidentes adicionais de maior gravidade, conforme fontes pr\u00f3ximas do caso.<\/p>\n","protected":false},"excerpt":{"rendered":"<ul>\n<li>O Arsenal venceu o Aston Villa por quatro golos a um, em casa, interrompendo a s\u00e9rie de onze vit\u00f3rias seguidas dos visitantes.<\/li>\n<li>O encontro decorreu no est\u00e1dio do Arsenal.<\/li>\n<li>No final, o guarda-redes argentino do Aston Villa, Dibu Mart\u00ednez, foi insultado por adeptos dos gunners.<\/li>\n<li>Mart\u00ednez foi segurado por elementos do staff para evitar um confronto com os f\u00e3s.<\/li>\n<li>O epis\u00f3dio ocorreu j\u00e1 ap\u00f3s o t\u00e9rmino do jogo, sem mais detalhes sobre consequ\u00eancias.<\/li>\n<\/ul>\n","protected":false},"author":2,"featured_media":109358,"comment_status":"closed","ping_status":"closed","sticky":false,"template":"","format":"standard","meta":{"footnotes":""},"categories":[21,24],"tags":[2079,1162,2083,152,32,939],"class_list":["post-109355","post","type-post","status-publish","format-standard","has-post-thumbnail","hentry","category-desporto","category-futebol","tag-agressoes","tag-agressoes-simples","tag-desordem-publica","tag-desporto","tag-futebol","tag-violencia"],"yoast_head":"<!-- This site is optimized with the Yoast SEO plugin v27.2 - https:\/\/yoast.com\/product\/yoast-seo-wordpress\/ -->\n<title>Dibu Mart\u00ednez insultado e segurado para n\u00e3o responder no Arsenal-Aston Villa - Portal Tela Portugal<\/title>\n<meta name=\"robots\" content=\"index, follow, max-snippet:-1, max-image-preview:large, max-video-preview:-1\" \/>\n<meta property=\"og:locale\" content=\"pt_PT\" \/>\n<meta property=\"og:type\" content=\"article\" \/>\n<meta property=\"og:title\" content=\"Dibu Mart\u00ednez insultado e segurado para n\u00e3o responder no Arsenal-Aston Villa - Portal Tela Portugal\" \/>\n<meta property=\"og:description\" content=\"O Arsenal venceu o Aston Villa por quatro golos a um, em casa, interrompendo a s\u00e9rie de onze vit\u00f3rias seguidas dos visitantes. O encontro decorreu no est\u00e1dio do Arsenal. No final, o guarda-redes argentino do Aston Villa, Dibu Mart\u00ednez, foi insultado por adeptos dos gunners. Mart\u00ednez foi segurado por elementos do staff para evitar um confronto com os f\u00e3s. O epis\u00f3dio ocorreu j\u00e1 ap\u00f3s o t\u00e9rmino do jogo, sem mais detalhes sobre consequ\u00eancias.\" \/>\n<meta property=\"og:url\" content=\"https:\/\/portaltela.pt\/noticias\/2025\/12\/31\/dibu-martinez-insultado-e-segurado-para-nao-responder-no-arsenal-aston-villa\/\" \/>\n<meta property=\"og:site_name\" content=\"Portal Tela Portugal\" \/>\n<meta property=\"article:published_time\" content=\"2025-12-31T10:32:00+00:00\" \/>\n<meta name=\"author\" content=\"Telinha\" \/>\n<meta name=\"twitter:card\" content=\"summary_large_image\" \/>\n<meta name=\"twitter:label1\" content=\"Escrito por\" \/>\n\t<meta name=\"twitter:data1\" content=\"Telinha\" \/>\n\t<meta name=\"twitter:label2\" content=\"Tempo estimado de leitura\" \/>\n\t<meta name=\"twitter:data2\" content=\"1 minuto\" \/>\n<script type=\"application\/ld+json\" class=\"yoast-schema-graph\">{\"@context\":\"https:\/\/schema.org\",\"@graph\":[{\"@type\":\"Article\",\"@id\":\"https:\/\/portaltela.pt\/noticias\/2025\/12\/31\/dibu-martinez-insultado-e-segurado-para-nao-responder-no-arsenal-aston-villa\/#article\",\"isPartOf\":{\"@id\":\"https:\/\/portaltela.pt\/noticias\/2025\/12\/31\/dibu-martinez-insultado-e-segurado-para-nao-responder-no-arsenal-aston-villa\/\"},\"author\":{\"name\":\"Telinha\",\"@id\":\"https:\/\/portaltela.pt\/#\/schema\/person\/c4278d4a6028830caff9ee44b42d32ed\"},\"headline\":\"Dibu Mart\u00ednez insultado e segurado para n\u00e3o responder no Arsenal-Aston Villa\",\"datePublished\":\"2025-12-31T10:32:00+00:00\",\"mainEntityOfPage\":{\"@id\":\"https:\/\/portaltela.pt\/noticias\/2025\/12\/31\/dibu-martinez-insultado-e-segurado-para-nao-responder-no-arsenal-aston-villa\/\"},\"wordCount\":178,\"image\":{\"@id\":\"https:\/\/portaltela.pt\/noticias\/2025\/12\/31\/dibu-martinez-insultado-e-segurado-para-nao-responder-no-arsenal-aston-villa\/#primaryimage\"},\"thumbnailUrl\":\"https:\/\/portaltela.pt\/s.01k8rhncp4jt1\/2025\/12\/img_1200x721uu2025-12-31-10-28-32-2412119.jpg\",\"keywords\":[\"agress\u00f5es\",\"agress\u00f5es simples\",\"desordem p\u00fablica\",\"desporto\",\"futebol\",\"viol\u00eancia\"],\"articleSection\":[\"Desporto\",\"Futebol\"],\"inLanguage\":\"pt-PT\"},{\"@type\":\"WebPage\",\"@id\":\"https:\/\/portaltela.pt\/noticias\/2025\/12\/31\/dibu-martinez-insultado-e-segurado-para-nao-responder-no-arsenal-aston-villa\/\",\"url\":\"https:\/\/portaltela.pt\/noticias\/2025\/12\/31\/dibu-martinez-insultado-e-segurado-para-nao-responder-no-arsenal-aston-villa\/\",\"name\":\"Dibu Mart\u00ednez insultado e segurado para n\u00e3o responder no Arsenal-Aston Villa - Portal Tela Portugal\",\"isPartOf\":{\"@id\":\"https:\/\/portaltela.pt\/#website\"},\"primaryImageOfPage\":{\"@id\":\"https:\/\/portaltela.pt\/noticias\/2025\/12\/31\/dibu-martinez-insultado-e-segurado-para-nao-responder-no-arsenal-aston-villa\/#primaryimage\"},\"image\":{\"@id\":\"https:\/\/portaltela.pt\/noticias\/2025\/12\/31\/dibu-martinez-insultado-e-segurado-para-nao-responder-no-arsenal-aston-villa\/#primaryimage\"},\"thumbnailUrl\":\"https:\/\/portaltela.pt\/s.01k8rhncp4jt1\/2025\/12\/img_1200x721uu2025-12-31-10-28-32-2412119.jpg\",\"datePublished\":\"2025-12-31T10:32:00+00:00\",\"author\":{\"@id\":\"https:\/\/portaltela.pt\/#\/schema\/person\/c4278d4a6028830caff9ee44b42d32ed\"},\"breadcrumb\":{\"@id\":\"https:\/\/portaltela.pt\/noticias\/2025\/12\/31\/dibu-martinez-insultado-e-segurado-para-nao-responder-no-arsenal-aston-villa\/#breadcrumb\"},\"inLanguage\":\"pt-PT\",\"potentialAction\":[{\"@type\":\"ReadAction\",\"target\":[\"https:\/\/portaltela.pt\/noticias\/2025\/12\/31\/dibu-martinez-insultado-e-segurado-para-nao-responder-no-arsenal-aston-villa\/\"]}]},{\"@type\":\"ImageObject\",\"inLanguage\":\"pt-PT\",\"@id\":\"https:\/\/portaltela.pt\/noticias\/2025\/12\/31\/dibu-martinez-insultado-e-segurado-para-nao-responder-no-arsenal-aston-villa\/#primaryimage\",\"url\":\"https:\/\/portaltela.pt\/s.01k8rhncp4jt1\/2025\/12\/img_1200x721uu2025-12-31-10-28-32-2412119.jpg\",\"contentUrl\":\"https:\/\/portaltela.pt\/s.01k8rhncp4jt1\/2025\/12\/img_1200x721uu2025-12-31-10-28-32-2412119.jpg\",\"width\":796,\"height\":448,\"caption\":\"Final quente no Arsenal-Aston Villa: Dibu Mart\u00ednez foi insultado e teve de ser agarrado para n\u00e3o responder\"},{\"@type\":\"BreadcrumbList\",\"@id\":\"https:\/\/portaltela.pt\/noticias\/2025\/12\/31\/dibu-martinez-insultado-e-segurado-para-nao-responder-no-arsenal-aston-villa\/#breadcrumb\",\"itemListElement\":[{\"@type\":\"ListItem\",\"position\":1,\"name\":\"In\u00edcio\",\"item\":\"https:\/\/portaltela.pt\/\"},{\"@type\":\"ListItem\",\"position\":2,\"name\":\"Dibu Mart\u00ednez insultado e segurado para n\u00e3o responder no Arsenal-Aston Villa\"}]},{\"@type\":\"WebSite\",\"@id\":\"https:\/\/portaltela.pt\/#website\",\"url\":\"https:\/\/portaltela.pt\/\",\"name\":\"Portal Tela Portugal\",\"description\":\"\",\"potentialAction\":[{\"@type\":\"SearchAction\",\"target\":{\"@type\":\"EntryPoint\",\"urlTemplate\":\"https:\/\/portaltela.pt\/?s={search_term_string}\"},\"query-input\":{\"@type\":\"PropertyValueSpecification\",\"valueRequired\":true,\"valueName\":\"search_term_string\"}}],\"inLanguage\":\"pt-PT\"},{\"@type\":\"Person\",\"@id\":\"https:\/\/portaltela.pt\/#\/schema\/person\/c4278d4a6028830caff9ee44b42d32ed\",\"name\":\"Telinha\",\"image\":{\"@type\":\"ImageObject\",\"inLanguage\":\"pt-PT\",\"@id\":\"https:\/\/portaltela.pt\/s.01k8rhncp4jt1\/2025\/11\/talking-bot-125x125.png\",\"url\":\"https:\/\/portaltela.pt\/s.01k8rhncp4jt1\/2025\/11\/talking-bot-125x125.png\",\"contentUrl\":\"https:\/\/portaltela.pt\/s.01k8rhncp4jt1\/2025\/11\/talking-bot-125x125.png\",\"caption\":\"Telinha\"},\"sameAs\":[\"https:\/\/portaltela.pt\/\"],\"url\":\"https:\/\/portaltela.pt\/por\/367410592786\/\"}]}<\/script>\n<!-- \/ Yoast SEO plugin. -->","yoast_head_json":{"title":"Dibu Mart\u00ednez insultado e segurado para n\u00e3o responder no Arsenal-Aston Villa - Portal Tela Portugal","robots":{"index":"index","follow":"follow","max-snippet":"max-snippet:-1","max-image-preview":"max-image-preview:large","max-video-preview":"max-video-preview:-1"},"og_locale":"pt_PT","og_type":"article","og_title":"Dibu Mart\u00ednez insultado e segurado para n\u00e3o responder no Arsenal-Aston Villa - Portal Tela Portugal","og_description":"O Arsenal venceu o Aston Villa por quatro golos a um, em casa, interrompendo a s\u00e9rie de onze vit\u00f3rias seguidas dos visitantes. O encontro decorreu no est\u00e1dio do Arsenal. No final, o guarda-redes argentino do Aston Villa, Dibu Mart\u00ednez, foi insultado por adeptos dos gunners. Mart\u00ednez foi segurado por elementos do staff para evitar um confronto com os f\u00e3s. O epis\u00f3dio ocorreu j\u00e1 ap\u00f3s o t\u00e9rmino do jogo, sem mais detalhes sobre consequ\u00eancias.","og_url":"https:\/\/portaltela.pt\/noticias\/2025\/12\/31\/dibu-martinez-insultado-e-segurado-para-nao-responder-no-arsenal-aston-villa\/","og_site_name":"Portal Tela Portugal","article_published_time":"2025-12-31T10:32:00+00:00","author":"Telinha","twitter_card":"summary_large_image","twitter_misc":{"Escrito por":"Telinha","Tempo estimado de leitura":"1 minuto"},"schema":{"@context":"https:\/\/schema.org","@graph":[{"@type":"Article","@id":"https:\/\/portaltela.pt\/noticias\/2025\/12\/31\/dibu-martinez-insultado-e-segurado-para-nao-responder-no-arsenal-aston-villa\/#article","isPartOf":{"@id":"https:\/\/portaltela.pt\/noticias\/2025\/12\/31\/dibu-martinez-insultado-e-segurado-para-nao-responder-no-arsenal-aston-villa\/"},"author":{"name":"Telinha","@id":"https:\/\/portaltela.pt\/#\/schema\/person\/c4278d4a6028830caff9ee44b42d32ed"},"headline":"Dibu Mart\u00ednez insultado e segurado para n\u00e3o responder no Arsenal-Aston Villa","datePublished":"2025-12-31T10:32:00+00:00","mainEntityOfPage":{"@id":"https:\/\/portaltela.pt\/noticias\/2025\/12\/31\/dibu-martinez-insultado-e-segurado-para-nao-responder-no-arsenal-aston-villa\/"},"wordCount":178,"image":{"@id":"https:\/\/portaltela.pt\/noticias\/2025\/12\/31\/dibu-martinez-insultado-e-segurado-para-nao-responder-no-arsenal-aston-villa\/#primaryimage"},"thumbnailUrl":"https:\/\/portaltela.pt\/s.01k8rhncp4jt1\/2025\/12\/img_1200x721uu2025-12-31-10-28-32-2412119.jpg","keywords":["agress\u00f5es","agress\u00f5es simples","desordem p\u00fablica","desporto","futebol","viol\u00eancia"],"articleSection":["Desporto","Futebol"],"inLanguage":"pt-PT"},{"@type":"WebPage","@id":"https:\/\/portaltela.pt\/noticias\/2025\/12\/31\/dibu-martinez-insultado-e-segurado-para-nao-responder-no-arsenal-aston-villa\/","url":"https:\/\/portaltela.pt\/noticias\/2025\/12\/31\/dibu-martinez-insultado-e-segurado-para-nao-responder-no-arsenal-aston-villa\/","name":"Dibu Mart\u00ednez insultado e segurado para n\u00e3o responder no Arsenal-Aston Villa - Portal Tela Portugal","isPartOf":{"@id":"https:\/\/portaltela.pt\/#website"},"primaryImageOfPage":{"@id":"https:\/\/portaltela.pt\/noticias\/2025\/12\/31\/dibu-martinez-insultado-e-segurado-para-nao-responder-no-arsenal-aston-villa\/#primaryimage"},"image":{"@id":"https:\/\/portaltela.pt\/noticias\/2025\/12\/31\/dibu-martinez-insultado-e-segurado-para-nao-responder-no-arsenal-aston-villa\/#primaryimage"},"thumbnailUrl":"https:\/\/portaltela.pt\/s.01k8rhncp4jt1\/2025\/12\/img_1200x721uu2025-12-31-10-28-32-2412119.jpg","datePublished":"2025-12-31T10:32:00+00:00","author":{"@id":"https:\/\/portaltela.pt\/#\/schema\/person\/c4278d4a6028830caff9ee44b42d32ed"},"breadcrumb":{"@id":"https:\/\/portaltela.pt\/noticias\/2025\/12\/31\/dibu-martinez-insultado-e-segurado-para-nao-responder-no-arsenal-aston-villa\/#breadcrumb"},"inLanguage":"pt-PT","potentialAction":[{"@type":"ReadAction","target":["https:\/\/portaltela.pt\/noticias\/2025\/12\/31\/dibu-martinez-insultado-e-segurado-para-nao-responder-no-arsenal-aston-villa\/"]}]},{"@type":"ImageObject","inLanguage":"pt-PT","@id":"https:\/\/portaltela.pt\/noticias\/2025\/12\/31\/dibu-martinez-insultado-e-segurado-para-nao-responder-no-arsenal-aston-villa\/#primaryimage","url":"https:\/\/portaltela.pt\/s.01k8rhncp4jt1\/2025\/12\/img_1200x721uu2025-12-31-10-28-32-2412119.jpg","contentUrl":"https:\/\/portaltela.pt\/s.01k8rhncp4jt1\/2025\/12\/img_1200x721uu2025-12-31-10-28-32-2412119.jpg","width":796,"height":448,"caption":"Final quente no Arsenal-Aston Villa: Dibu Mart\u00ednez foi insultado e teve de ser agarrado para n\u00e3o responder"},{"@type":"BreadcrumbList","@id":"https:\/\/portaltela.pt\/noticias\/2025\/12\/31\/dibu-martinez-insultado-e-segurado-para-nao-responder-no-arsenal-aston-villa\/#breadcrumb","itemListElement":[{"@type":"ListItem","position":1,"name":"In\u00edcio","item":"https:\/\/portaltela.pt\/"},{"@type":"ListItem","position":2,"name":"Dibu Mart\u00ednez insultado e segurado para n\u00e3o responder no Arsenal-Aston Villa"}]},{"@type":"WebSite","@id":"https:\/\/portaltela.pt\/#website","url":"https:\/\/portaltela.pt\/","name":"Portal Tela Portugal","description":"","potentialAction":[{"@type":"SearchAction","target":{"@type":"EntryPoint","urlTemplate":"https:\/\/portaltela.pt\/?s={search_term_string}"},"query-input":{"@type":"PropertyValueSpecification","valueRequired":true,"valueName":"search_term_string"}}],"inLanguage":"pt-PT"},{"@type":"Person","@id":"https:\/\/portaltela.pt\/#\/schema\/person\/c4278d4a6028830caff9ee44b42d32ed","name":"Telinha","image":{"@type":"ImageObject","inLanguage":"pt-PT","@id":"https:\/\/portaltela.pt\/s.01k8rhncp4jt1\/2025\/11\/talking-bot-125x125.png","url":"https:\/\/portaltela.pt\/s.01k8rhncp4jt1\/2025\/11\/talking-bot-125x125.png","contentUrl":"https:\/\/portaltela.pt\/s.01k8rhncp4jt1\/2025\/11\/talking-bot-125x125.png","caption":"Telinha"},"sameAs":["https:\/\/portaltela.pt\/"],"url":"https:\/\/portaltela.pt\/por\/367410592786\/"}]}},"_links":{"self":[{"href":"https:\/\/portaltela.pt\/api\/wp\/v2\/posts\/109355","targetHints":{"allow":["GET"]}}],"collection":[{"href":"https:\/\/portaltela.pt\/api\/wp\/v2\/posts"}],"about":[{"href":"https:\/\/portaltela.pt\/api\/wp\/v2\/types\/post"}],"author":[{"embeddable":true,"href":"https:\/\/portaltela.pt\/api\/wp\/v2\/users\/2"}],"replies":[{"embeddable":true,"href":"https:\/\/portaltela.pt\/api\/wp\/v2\/comments?post=109355"}],"version-history":[{"count":0,"href":"https:\/\/portaltela.pt\/api\/wp\/v2\/posts\/109355\/revisions"}],"wp:featuredmedia":[{"embeddable":true,"href":"https:\/\/portaltela.pt\/api\/wp\/v2\/media\/109358"}],"wp:attachment":[{"href":"https:\/\/portaltela.pt\/api\/wp\/v2\/media?parent=109355"}],"wp:term":[{"taxonomy":"category","embeddable":true,"href":"https:\/\/portaltela.pt\/api\/wp\/v2\/categories?post=109355"},{"taxonomy":"post_tag","embeddable":true,"href":"https:\/\/portaltela.pt\/api\/wp\/v2\/tags?post=109355"}],"curies":[{"name":"wp","href":"https:\/\/api.w.org\/{rel}","templated":true}]}}