{"id":109275,"date":"2025-12-31T06:38:00","date_gmt":"2025-12-31T09:38:00","guid":{"rendered":"https:\/\/portaltela.pt\/noticias\/2025\/12\/31\/quartos-de-final-da-taca-socios-de-merito-de-viseu-definidos\/"},"modified":"2025-12-31T06:38:00","modified_gmt":"2025-12-31T09:38:00","slug":"quartos-de-final-da-taca-socios-de-merito-de-viseu-definidos","status":"publish","type":"post","link":"https:\/\/portaltela.pt\/desporto\/futebol\/2025\/12\/31\/quartos-de-final-da-taca-socios-de-merito-de-viseu-definidos\/","title":{"rendered":"Quartos de final da Ta\u00e7a S\u00f3cios de M\u00e9rito de Viseu definidos"},"content":{"rendered":"<p>O que aconteceu: foram definidos os quartos de final da Ta\u00e7a S\u00f3cios de M\u00e9rito da Associa\u00e7\u00e3o de Futebol de Viseu, competi\u00e7\u00e3o distrital. O objetivo \u00e9 apurar as quatro equipas que disputam as meias-finais e, em 25 de maio, o acesso \u00e0 final e \u00e0 Ta\u00e7a de Portugal.<\/p>\n<p>Quem, quando e onde: as partidas decorrem no dia 4 de abril de 2026, no quadro da competi\u00e7\u00e3o da AF Viseu. N\u00e3o foram divulgados locais espec\u00edficos de cada encontro.<\/p>\n<p>Porqu\u00ea: cada vit\u00f3ria nos quartos de final garante uma das vagas para as meias-finais e, no dia seguinte, a sa\u00edda de cada vencedor para a final da prova.<\/p>\n<p>Quartos de final<\/p>\n<ul>\n<li>Castro Daire vs Ferreira de Aves<\/li>\n<li>Vale de A\u00e7ores vs Tarouquense<\/li>\n<li>Moimenta da Beira vs Oliveira do Douro<\/li>\n<li>Carregal do Sal vs Lamelas<\/li>\n<\/ul>\n<h3>Meias-finais<\/h3>\n<p>O vencedor de Castro Daire \u2013 Ferreira de Aves enfrenta o de Vale de A\u00e7ores \u2013 Tarouquense. A outra vaga na final fica entre Carregal do Sal \u2013 Lamelas e Moimenta da Beira \u2013 Oliveira do Douro.<\/p>\n<p>Esta e outras not\u00edcias para ouvir na Esta\u00e7\u00e3o Di\u00e1ria \u2013 96.8 FM ou em 968.fm.<\/p>\n","protected":false},"excerpt":{"rendered":"<ul>\n<li>Definidos os quartos de final da Ta\u00e7a S\u00f3cios de M\u00e9rito de Viseu no futebol distrital.<\/li>\n<li>Jogos marcados para 4 de abril de 2026: Castro Daire versus Ferreira de Aves; Vale de A\u00e7ores versus Tarouquense; Moimenta da Beira versus Oliveira do Douro; Carregal do Sal versus Lamelas.<\/li>\n<li>Os vencedores dos quartos de final disputam as meias-finais, com cada encontro a definir quem vai \u00e0 final.<\/li>\n<li>Na primeira meia-final, o vencedor de Castro Daire \u2013 Ferreira de Aves enfrenta o vencedor de Vale de A\u00e7ores \u2013 Tarouquense; na outra meia-finalUB, o vencedor de Carregal do Sal \u2013 Lamelas joga contra o vencedor de Moimenta da Beira \u2013 Oliveira do Douro.<\/li>\n<li>O vencedor da final qualificar\u00e1-se para a edi\u00e7\u00e3o da pr\u00f3xima temporada da Ta\u00e7a de Portugal de futebol.<\/li>\n<\/ul>\n","protected":false},"author":2,"featured_media":109285,"comment_status":"closed","ping_status":"closed","sticky":false,"template":"","format":"standard","meta":{"footnotes":""},"categories":[21,24],"tags":[1798,1797,32,2157,1266,1171],"class_list":["post-109275","post","type-post","status-publish","format-standard","has-post-thumbnail","hentry","category-desporto","category-futebol","tag-carregal-do-sal","tag-castro-daire","tag-futebol","tag-moimenta-da-beira","tag-taca-de-portugal","tag-viseu"],"yoast_head":"<!-- This site is optimized with the Yoast SEO plugin v27.2 - https:\/\/yoast.com\/product\/yoast-seo-wordpress\/ -->\n<title>Quartos de final da Ta\u00e7a S\u00f3cios de M\u00e9rito de Viseu definidos - Portal Tela Portugal<\/title>\n<meta name=\"robots\" content=\"index, follow, max-snippet:-1, max-image-preview:large, max-video-preview:-1\" \/>\n<meta property=\"og:locale\" content=\"pt_PT\" \/>\n<meta property=\"og:type\" content=\"article\" \/>\n<meta property=\"og:title\" content=\"Quartos de final da Ta\u00e7a S\u00f3cios de M\u00e9rito de Viseu definidos - Portal Tela Portugal\" \/>\n<meta property=\"og:description\" content=\"Definidos os quartos de final da Ta\u00e7a S\u00f3cios de M\u00e9rito de Viseu no futebol distrital. Jogos marcados para 4 de abril de 2026: Castro Daire versus Ferreira de Aves; Vale de A\u00e7ores versus Tarouquense; Moimenta da Beira versus Oliveira do Douro; Carregal do Sal versus Lamelas. Os vencedores dos quartos de final disputam as meias-finais, com cada encontro a definir quem vai \u00e0 final. Na primeira meia-final, o vencedor de Castro Daire \u2013 Ferreira de Aves enfrenta o vencedor de Vale de A\u00e7ores \u2013 Tarouquense; na outra meia-finalUB, o vencedor de Carregal do Sal \u2013 Lamelas joga contra o vencedor de Moimenta da Beira \u2013 Oliveira do Douro. O vencedor da final qualificar\u00e1-se para a edi\u00e7\u00e3o da pr\u00f3xima temporada da Ta\u00e7a de Portugal de futebol.\" \/>\n<meta property=\"og:url\" content=\"https:\/\/portaltela.pt\/noticias\/2025\/12\/31\/quartos-de-final-da-taca-socios-de-merito-de-viseu-definidos\/\" \/>\n<meta property=\"og:site_name\" content=\"Portal Tela Portugal\" \/>\n<meta property=\"article:published_time\" content=\"2025-12-31T09:38:00+00:00\" \/>\n<meta name=\"author\" content=\"Telinha\" \/>\n<meta name=\"twitter:card\" content=\"summary_large_image\" \/>\n<meta name=\"twitter:label1\" content=\"Escrito por\" \/>\n\t<meta name=\"twitter:data1\" content=\"Telinha\" \/>\n\t<meta name=\"twitter:label2\" content=\"Tempo estimado de leitura\" \/>\n\t<meta name=\"twitter:data2\" content=\"1 minuto\" \/>\n<script type=\"application\/ld+json\" class=\"yoast-schema-graph\">{\"@context\":\"https:\/\/schema.org\",\"@graph\":[{\"@type\":\"Article\",\"@id\":\"https:\/\/portaltela.pt\/noticias\/2025\/12\/31\/quartos-de-final-da-taca-socios-de-merito-de-viseu-definidos\/#article\",\"isPartOf\":{\"@id\":\"https:\/\/portaltela.pt\/noticias\/2025\/12\/31\/quartos-de-final-da-taca-socios-de-merito-de-viseu-definidos\/\"},\"author\":{\"name\":\"Telinha\",\"@id\":\"https:\/\/portaltela.pt\/#\/schema\/person\/c4278d4a6028830caff9ee44b42d32ed\"},\"headline\":\"Quartos de final da Ta\u00e7a S\u00f3cios de M\u00e9rito de Viseu definidos\",\"datePublished\":\"2025-12-31T09:38:00+00:00\",\"mainEntityOfPage\":{\"@id\":\"https:\/\/portaltela.pt\/noticias\/2025\/12\/31\/quartos-de-final-da-taca-socios-de-merito-de-viseu-definidos\/\"},\"wordCount\":201,\"image\":{\"@id\":\"https:\/\/portaltela.pt\/noticias\/2025\/12\/31\/quartos-de-final-da-taca-socios-de-merito-de-viseu-definidos\/#primaryimage\"},\"thumbnailUrl\":\"https:\/\/portaltela.pt\/s.01k8rhncp4jt1\/2025\/12\/unnamed-file-2693.jpg\",\"keywords\":[\"Carregal do Sal\",\"Castro Daire\",\"futebol\",\"Moimenta da Beira\",\"Ta\u00e7a de Portugal\",\"Viseu\"],\"articleSection\":[\"Desporto\",\"Futebol\"],\"inLanguage\":\"pt-PT\"},{\"@type\":\"WebPage\",\"@id\":\"https:\/\/portaltela.pt\/noticias\/2025\/12\/31\/quartos-de-final-da-taca-socios-de-merito-de-viseu-definidos\/\",\"url\":\"https:\/\/portaltela.pt\/noticias\/2025\/12\/31\/quartos-de-final-da-taca-socios-de-merito-de-viseu-definidos\/\",\"name\":\"Quartos de final da Ta\u00e7a S\u00f3cios de M\u00e9rito de Viseu definidos - Portal Tela Portugal\",\"isPartOf\":{\"@id\":\"https:\/\/portaltela.pt\/#website\"},\"primaryImageOfPage\":{\"@id\":\"https:\/\/portaltela.pt\/noticias\/2025\/12\/31\/quartos-de-final-da-taca-socios-de-merito-de-viseu-definidos\/#primaryimage\"},\"image\":{\"@id\":\"https:\/\/portaltela.pt\/noticias\/2025\/12\/31\/quartos-de-final-da-taca-socios-de-merito-de-viseu-definidos\/#primaryimage\"},\"thumbnailUrl\":\"https:\/\/portaltela.pt\/s.01k8rhncp4jt1\/2025\/12\/unnamed-file-2693.jpg\",\"datePublished\":\"2025-12-31T09:38:00+00:00\",\"author\":{\"@id\":\"https:\/\/portaltela.pt\/#\/schema\/person\/c4278d4a6028830caff9ee44b42d32ed\"},\"breadcrumb\":{\"@id\":\"https:\/\/portaltela.pt\/noticias\/2025\/12\/31\/quartos-de-final-da-taca-socios-de-merito-de-viseu-definidos\/#breadcrumb\"},\"inLanguage\":\"pt-PT\",\"potentialAction\":[{\"@type\":\"ReadAction\",\"target\":[\"https:\/\/portaltela.pt\/noticias\/2025\/12\/31\/quartos-de-final-da-taca-socios-de-merito-de-viseu-definidos\/\"]}]},{\"@type\":\"ImageObject\",\"inLanguage\":\"pt-PT\",\"@id\":\"https:\/\/portaltela.pt\/noticias\/2025\/12\/31\/quartos-de-final-da-taca-socios-de-merito-de-viseu-definidos\/#primaryimage\",\"url\":\"https:\/\/portaltela.pt\/s.01k8rhncp4jt1\/2025\/12\/unnamed-file-2693.jpg\",\"contentUrl\":\"https:\/\/portaltela.pt\/s.01k8rhncp4jt1\/2025\/12\/unnamed-file-2693.jpg\",\"width\":796,\"height\":448,\"caption\":\"Futebol: Ta\u00e7a de S\u00f3cios de M\u00e9rito de Viseu j\u00e1 tem \u2018quartos\u2019 definidos\"},{\"@type\":\"BreadcrumbList\",\"@id\":\"https:\/\/portaltela.pt\/noticias\/2025\/12\/31\/quartos-de-final-da-taca-socios-de-merito-de-viseu-definidos\/#breadcrumb\",\"itemListElement\":[{\"@type\":\"ListItem\",\"position\":1,\"name\":\"In\u00edcio\",\"item\":\"https:\/\/portaltela.pt\/\"},{\"@type\":\"ListItem\",\"position\":2,\"name\":\"Quartos de final da Ta\u00e7a S\u00f3cios de M\u00e9rito de Viseu definidos\"}]},{\"@type\":\"WebSite\",\"@id\":\"https:\/\/portaltela.pt\/#website\",\"url\":\"https:\/\/portaltela.pt\/\",\"name\":\"Portal Tela Portugal\",\"description\":\"\",\"potentialAction\":[{\"@type\":\"SearchAction\",\"target\":{\"@type\":\"EntryPoint\",\"urlTemplate\":\"https:\/\/portaltela.pt\/?s={search_term_string}\"},\"query-input\":{\"@type\":\"PropertyValueSpecification\",\"valueRequired\":true,\"valueName\":\"search_term_string\"}}],\"inLanguage\":\"pt-PT\"},{\"@type\":\"Person\",\"@id\":\"https:\/\/portaltela.pt\/#\/schema\/person\/c4278d4a6028830caff9ee44b42d32ed\",\"name\":\"Telinha\",\"image\":{\"@type\":\"ImageObject\",\"inLanguage\":\"pt-PT\",\"@id\":\"https:\/\/portaltela.pt\/s.01k8rhncp4jt1\/2025\/11\/talking-bot-125x125.png\",\"url\":\"https:\/\/portaltela.pt\/s.01k8rhncp4jt1\/2025\/11\/talking-bot-125x125.png\",\"contentUrl\":\"https:\/\/portaltela.pt\/s.01k8rhncp4jt1\/2025\/11\/talking-bot-125x125.png\",\"caption\":\"Telinha\"},\"sameAs\":[\"https:\/\/portaltela.pt\/\"],\"url\":\"https:\/\/portaltela.pt\/por\/367410592786\/\"}]}<\/script>\n<!-- \/ Yoast SEO plugin. -->","yoast_head_json":{"title":"Quartos de final da Ta\u00e7a S\u00f3cios de M\u00e9rito de Viseu definidos - Portal Tela Portugal","robots":{"index":"index","follow":"follow","max-snippet":"max-snippet:-1","max-image-preview":"max-image-preview:large","max-video-preview":"max-video-preview:-1"},"og_locale":"pt_PT","og_type":"article","og_title":"Quartos de final da Ta\u00e7a S\u00f3cios de M\u00e9rito de Viseu definidos - Portal Tela Portugal","og_description":"Definidos os quartos de final da Ta\u00e7a S\u00f3cios de M\u00e9rito de Viseu no futebol distrital. Jogos marcados para 4 de abril de 2026: Castro Daire versus Ferreira de Aves; Vale de A\u00e7ores versus Tarouquense; Moimenta da Beira versus Oliveira do Douro; Carregal do Sal versus Lamelas. Os vencedores dos quartos de final disputam as meias-finais, com cada encontro a definir quem vai \u00e0 final. Na primeira meia-final, o vencedor de Castro Daire \u2013 Ferreira de Aves enfrenta o vencedor de Vale de A\u00e7ores \u2013 Tarouquense; na outra meia-finalUB, o vencedor de Carregal do Sal \u2013 Lamelas joga contra o vencedor de Moimenta da Beira \u2013 Oliveira do Douro. O vencedor da final qualificar\u00e1-se para a edi\u00e7\u00e3o da pr\u00f3xima temporada da Ta\u00e7a de Portugal de futebol.","og_url":"https:\/\/portaltela.pt\/noticias\/2025\/12\/31\/quartos-de-final-da-taca-socios-de-merito-de-viseu-definidos\/","og_site_name":"Portal Tela Portugal","article_published_time":"2025-12-31T09:38:00+00:00","author":"Telinha","twitter_card":"summary_large_image","twitter_misc":{"Escrito por":"Telinha","Tempo estimado de leitura":"1 minuto"},"schema":{"@context":"https:\/\/schema.org","@graph":[{"@type":"Article","@id":"https:\/\/portaltela.pt\/noticias\/2025\/12\/31\/quartos-de-final-da-taca-socios-de-merito-de-viseu-definidos\/#article","isPartOf":{"@id":"https:\/\/portaltela.pt\/noticias\/2025\/12\/31\/quartos-de-final-da-taca-socios-de-merito-de-viseu-definidos\/"},"author":{"name":"Telinha","@id":"https:\/\/portaltela.pt\/#\/schema\/person\/c4278d4a6028830caff9ee44b42d32ed"},"headline":"Quartos de final da Ta\u00e7a S\u00f3cios de M\u00e9rito de Viseu definidos","datePublished":"2025-12-31T09:38:00+00:00","mainEntityOfPage":{"@id":"https:\/\/portaltela.pt\/noticias\/2025\/12\/31\/quartos-de-final-da-taca-socios-de-merito-de-viseu-definidos\/"},"wordCount":201,"image":{"@id":"https:\/\/portaltela.pt\/noticias\/2025\/12\/31\/quartos-de-final-da-taca-socios-de-merito-de-viseu-definidos\/#primaryimage"},"thumbnailUrl":"https:\/\/portaltela.pt\/s.01k8rhncp4jt1\/2025\/12\/unnamed-file-2693.jpg","keywords":["Carregal do Sal","Castro Daire","futebol","Moimenta da Beira","Ta\u00e7a de Portugal","Viseu"],"articleSection":["Desporto","Futebol"],"inLanguage":"pt-PT"},{"@type":"WebPage","@id":"https:\/\/portaltela.pt\/noticias\/2025\/12\/31\/quartos-de-final-da-taca-socios-de-merito-de-viseu-definidos\/","url":"https:\/\/portaltela.pt\/noticias\/2025\/12\/31\/quartos-de-final-da-taca-socios-de-merito-de-viseu-definidos\/","name":"Quartos de final da Ta\u00e7a S\u00f3cios de M\u00e9rito de Viseu definidos - Portal Tela Portugal","isPartOf":{"@id":"https:\/\/portaltela.pt\/#website"},"primaryImageOfPage":{"@id":"https:\/\/portaltela.pt\/noticias\/2025\/12\/31\/quartos-de-final-da-taca-socios-de-merito-de-viseu-definidos\/#primaryimage"},"image":{"@id":"https:\/\/portaltela.pt\/noticias\/2025\/12\/31\/quartos-de-final-da-taca-socios-de-merito-de-viseu-definidos\/#primaryimage"},"thumbnailUrl":"https:\/\/portaltela.pt\/s.01k8rhncp4jt1\/2025\/12\/unnamed-file-2693.jpg","datePublished":"2025-12-31T09:38:00+00:00","author":{"@id":"https:\/\/portaltela.pt\/#\/schema\/person\/c4278d4a6028830caff9ee44b42d32ed"},"breadcrumb":{"@id":"https:\/\/portaltela.pt\/noticias\/2025\/12\/31\/quartos-de-final-da-taca-socios-de-merito-de-viseu-definidos\/#breadcrumb"},"inLanguage":"pt-PT","potentialAction":[{"@type":"ReadAction","target":["https:\/\/portaltela.pt\/noticias\/2025\/12\/31\/quartos-de-final-da-taca-socios-de-merito-de-viseu-definidos\/"]}]},{"@type":"ImageObject","inLanguage":"pt-PT","@id":"https:\/\/portaltela.pt\/noticias\/2025\/12\/31\/quartos-de-final-da-taca-socios-de-merito-de-viseu-definidos\/#primaryimage","url":"https:\/\/portaltela.pt\/s.01k8rhncp4jt1\/2025\/12\/unnamed-file-2693.jpg","contentUrl":"https:\/\/portaltela.pt\/s.01k8rhncp4jt1\/2025\/12\/unnamed-file-2693.jpg","width":796,"height":448,"caption":"Futebol: Ta\u00e7a de S\u00f3cios de M\u00e9rito de Viseu j\u00e1 tem \u2018quartos\u2019 definidos"},{"@type":"BreadcrumbList","@id":"https:\/\/portaltela.pt\/noticias\/2025\/12\/31\/quartos-de-final-da-taca-socios-de-merito-de-viseu-definidos\/#breadcrumb","itemListElement":[{"@type":"ListItem","position":1,"name":"In\u00edcio","item":"https:\/\/portaltela.pt\/"},{"@type":"ListItem","position":2,"name":"Quartos de final da Ta\u00e7a S\u00f3cios de M\u00e9rito de Viseu definidos"}]},{"@type":"WebSite","@id":"https:\/\/portaltela.pt\/#website","url":"https:\/\/portaltela.pt\/","name":"Portal Tela Portugal","description":"","potentialAction":[{"@type":"SearchAction","target":{"@type":"EntryPoint","urlTemplate":"https:\/\/portaltela.pt\/?s={search_term_string}"},"query-input":{"@type":"PropertyValueSpecification","valueRequired":true,"valueName":"search_term_string"}}],"inLanguage":"pt-PT"},{"@type":"Person","@id":"https:\/\/portaltela.pt\/#\/schema\/person\/c4278d4a6028830caff9ee44b42d32ed","name":"Telinha","image":{"@type":"ImageObject","inLanguage":"pt-PT","@id":"https:\/\/portaltela.pt\/s.01k8rhncp4jt1\/2025\/11\/talking-bot-125x125.png","url":"https:\/\/portaltela.pt\/s.01k8rhncp4jt1\/2025\/11\/talking-bot-125x125.png","contentUrl":"https:\/\/portaltela.pt\/s.01k8rhncp4jt1\/2025\/11\/talking-bot-125x125.png","caption":"Telinha"},"sameAs":["https:\/\/portaltela.pt\/"],"url":"https:\/\/portaltela.pt\/por\/367410592786\/"}]}},"_links":{"self":[{"href":"https:\/\/portaltela.pt\/api\/wp\/v2\/posts\/109275","targetHints":{"allow":["GET"]}}],"collection":[{"href":"https:\/\/portaltela.pt\/api\/wp\/v2\/posts"}],"about":[{"href":"https:\/\/portaltela.pt\/api\/wp\/v2\/types\/post"}],"author":[{"embeddable":true,"href":"https:\/\/portaltela.pt\/api\/wp\/v2\/users\/2"}],"replies":[{"embeddable":true,"href":"https:\/\/portaltela.pt\/api\/wp\/v2\/comments?post=109275"}],"version-history":[{"count":0,"href":"https:\/\/portaltela.pt\/api\/wp\/v2\/posts\/109275\/revisions"}],"wp:featuredmedia":[{"embeddable":true,"href":"https:\/\/portaltela.pt\/api\/wp\/v2\/media\/109285"}],"wp:attachment":[{"href":"https:\/\/portaltela.pt\/api\/wp\/v2\/media?parent=109275"}],"wp:term":[{"taxonomy":"category","embeddable":true,"href":"https:\/\/portaltela.pt\/api\/wp\/v2\/categories?post=109275"},{"taxonomy":"post_tag","embeddable":true,"href":"https:\/\/portaltela.pt\/api\/wp\/v2\/tags?post=109275"}],"curies":[{"name":"wp","href":"https:\/\/api.w.org\/{rel}","templated":true}]}}