{"id":109189,"date":"2025-12-31T06:05:00","date_gmt":"2025-12-31T09:05:00","guid":{"rendered":"https:\/\/portaltela.pt\/noticias\/2025\/12\/31\/idoso-de-braga-morre-apos-agressao-e-atropelamento-cunhado-condenado\/"},"modified":"2025-12-31T06:05:00","modified_gmt":"2025-12-31T09:05:00","slug":"idoso-de-braga-morre-apos-agressao-e-atropelamento-cunhado-condenado","status":"publish","type":"post","link":"https:\/\/portaltela.pt\/noticias\/2025\/12\/31\/idoso-de-braga-morre-apos-agressao-e-atropelamento-cunhado-condenado\/","title":{"rendered":"Idoso de Braga morre ap\u00f3s agress\u00e3o e atropelamento; cunhado condenado"},"content":{"rendered":"<p>O Tribunal de Braga condenou um homem de 74 anos a pris\u00e3o com pena suspensa por ofensa \u00e0 integridade f\u00edsica agravada pela morte de um cunhado e por omiss\u00e3o de aux\u00edlio. A decis\u00e3o foi proferida este m\u00eas, no distrito de Braga.<\/p>\n<p>O arguido desferiu um murro ao cunhado, que caiu e ficou com o p\u00e9 debaixo do rodado de um autocarro dos Transportes Urbanos de Braga (TUB). O ferimento revelado pelo acidente acabou por causar a morte da v\u00edtima.<\/p>\n<h3>Processo e san\u00e7\u00f5es<\/h3>\n<p>A pena fixada \u00e9 de dois anos e oito meses de pris\u00e3o, com suspens\u00e3o da execu\u00e7\u00e3o. O condenado fica ainda obrigado a indemnizar os filhos da v\u00edtima em cerca de 63 mil euros, devendo pagar 10 mil euros de imediato para assegurar a suspens\u00e3o.<\/p>\n<p>A indemniza\u00e7\u00e3o dever\u00e1 abranger danos patrimoniais e morais, conforme decis\u00e3o do tribunal. A defesa e a acusa\u00e7\u00e3o dever\u00e3o cumprir as etapas processuais definidas pelo tribunal.<\/p>\n","protected":false},"excerpt":{"rendered":"<ul>\n<li>O Tribunal de Braga condenou, este m\u00eas, um homem de 74 anos a dois anos e oito meses de pris\u00e3o, com pena suspensa, pelos crimes de ofensa \u00e0 integridade f\u00edsica agravada pela morte do cunhado e omiss\u00e3o de aux\u00edlio.<\/li>\n<li>O crime ocorreu ap\u00f3s o arguido ter desferido um murro ao cunhado, que caiu e teve o p\u00e9 colocado sob o rodado de um autocarro dos Transportes Urbanos de Braga, levando aos ferimentos que causaram a morte.<\/li>\n<li>O processo detalha que a morte resultou dos ferimentos provocados pelo incidente.<\/li>\n<li>O arguido, Joaquim R., fica ainda obrigado a indemnizar os filhos da v\u00edtima em cerca de 63 mil euros, sendo de pagar de imediato 10 mil euros para assegurar a suspens\u00e3o da pena.<\/li>\n<li>A decis\u00e3o mant\u00e9m-se, segundo o tribunal, com a pena suspensa mediante o pagamento imediato do montante indicado.<\/li>\n<\/ul>\n","protected":false},"author":2,"featured_media":109191,"comment_status":"closed","ping_status":"closed","sticky":false,"template":"","format":"standard","meta":{"footnotes":""},"categories":[1],"tags":[2079,1207,147,1345,1616,939],"class_list":["post-109189","post","type-post","status-publish","format-standard","has-post-thumbnail","hentry","category-noticias","tag-agressoes","tag-braga","tag-crime","tag-homicidio","tag-omissao-de-auxilio","tag-violencia"],"yoast_head":"<!-- This site is optimized with the Yoast SEO plugin v27.2 - https:\/\/yoast.com\/product\/yoast-seo-wordpress\/ -->\n<title>Idoso de Braga morre ap\u00f3s agress\u00e3o e atropelamento; cunhado condenado - Portal Tela Portugal<\/title>\n<meta name=\"robots\" content=\"index, follow, max-snippet:-1, max-image-preview:large, max-video-preview:-1\" \/>\n<meta property=\"og:locale\" content=\"pt_PT\" \/>\n<meta property=\"og:type\" content=\"article\" \/>\n<meta property=\"og:title\" content=\"Idoso de Braga morre ap\u00f3s agress\u00e3o e atropelamento; cunhado condenado - Portal Tela Portugal\" \/>\n<meta property=\"og:description\" content=\"O Tribunal de Braga condenou, este m\u00eas, um homem de 74 anos a dois anos e oito meses de pris\u00e3o, com pena suspensa, pelos crimes de ofensa \u00e0 integridade f\u00edsica agravada pela morte do cunhado e omiss\u00e3o de aux\u00edlio. O crime ocorreu ap\u00f3s o arguido ter desferido um murro ao cunhado, que caiu e teve o p\u00e9 colocado sob o rodado de um autocarro dos Transportes Urbanos de Braga, levando aos ferimentos que causaram a morte. O processo detalha que a morte resultou dos ferimentos provocados pelo incidente. O arguido, Joaquim R., fica ainda obrigado a indemnizar os filhos da v\u00edtima em cerca de 63 mil euros, sendo de pagar de imediato 10 mil euros para assegurar a suspens\u00e3o da pena. A decis\u00e3o mant\u00e9m-se, segundo o tribunal, com a pena suspensa mediante o pagamento imediato do montante indicado.\" \/>\n<meta property=\"og:url\" content=\"https:\/\/portaltela.pt\/noticias\/2025\/12\/31\/idoso-de-braga-morre-apos-agressao-e-atropelamento-cunhado-condenado\/\" \/>\n<meta property=\"og:site_name\" content=\"Portal Tela Portugal\" \/>\n<meta property=\"article:published_time\" content=\"2025-12-31T09:05:00+00:00\" \/>\n<meta name=\"author\" content=\"Telinha\" \/>\n<meta name=\"twitter:card\" content=\"summary_large_image\" \/>\n<meta name=\"twitter:label1\" content=\"Escrito por\" \/>\n\t<meta name=\"twitter:data1\" content=\"Telinha\" \/>\n\t<meta name=\"twitter:label2\" content=\"Tempo estimado de leitura\" \/>\n\t<meta name=\"twitter:data2\" content=\"1 minuto\" \/>\n<script type=\"application\/ld+json\" class=\"yoast-schema-graph\">{\"@context\":\"https:\/\/schema.org\",\"@graph\":[{\"@type\":\"Article\",\"@id\":\"https:\/\/portaltela.pt\/noticias\/2025\/12\/31\/idoso-de-braga-morre-apos-agressao-e-atropelamento-cunhado-condenado\/#article\",\"isPartOf\":{\"@id\":\"https:\/\/portaltela.pt\/noticias\/2025\/12\/31\/idoso-de-braga-morre-apos-agressao-e-atropelamento-cunhado-condenado\/\"},\"author\":{\"name\":\"Telinha\",\"@id\":\"https:\/\/portaltela.pt\/#\/schema\/person\/c4278d4a6028830caff9ee44b42d32ed\"},\"headline\":\"Idoso de Braga morre ap\u00f3s agress\u00e3o e atropelamento; cunhado condenado\",\"datePublished\":\"2025-12-31T09:05:00+00:00\",\"mainEntityOfPage\":{\"@id\":\"https:\/\/portaltela.pt\/noticias\/2025\/12\/31\/idoso-de-braga-morre-apos-agressao-e-atropelamento-cunhado-condenado\/\"},\"wordCount\":175,\"image\":{\"@id\":\"https:\/\/portaltela.pt\/noticias\/2025\/12\/31\/idoso-de-braga-morre-apos-agressao-e-atropelamento-cunhado-condenado\/#primaryimage\"},\"thumbnailUrl\":\"https:\/\/portaltela.pt\/s.01k8rhncp4jt1\/2025\/12\/30d29e47-ef87-44ba-bfd2-4bb92c8e00f4_1200x675.jpg\",\"keywords\":[\"agress\u00f5es\",\"Braga\",\"crime\",\"homic\u00eddio\",\"omiss\u00e3o de aux\u00edlio\",\"viol\u00eancia\"],\"articleSection\":[\"Not\u00edcias\"],\"inLanguage\":\"pt-PT\"},{\"@type\":\"WebPage\",\"@id\":\"https:\/\/portaltela.pt\/noticias\/2025\/12\/31\/idoso-de-braga-morre-apos-agressao-e-atropelamento-cunhado-condenado\/\",\"url\":\"https:\/\/portaltela.pt\/noticias\/2025\/12\/31\/idoso-de-braga-morre-apos-agressao-e-atropelamento-cunhado-condenado\/\",\"name\":\"Idoso de Braga morre ap\u00f3s agress\u00e3o e atropelamento; cunhado condenado - Portal Tela Portugal\",\"isPartOf\":{\"@id\":\"https:\/\/portaltela.pt\/#website\"},\"primaryImageOfPage\":{\"@id\":\"https:\/\/portaltela.pt\/noticias\/2025\/12\/31\/idoso-de-braga-morre-apos-agressao-e-atropelamento-cunhado-condenado\/#primaryimage\"},\"image\":{\"@id\":\"https:\/\/portaltela.pt\/noticias\/2025\/12\/31\/idoso-de-braga-morre-apos-agressao-e-atropelamento-cunhado-condenado\/#primaryimage\"},\"thumbnailUrl\":\"https:\/\/portaltela.pt\/s.01k8rhncp4jt1\/2025\/12\/30d29e47-ef87-44ba-bfd2-4bb92c8e00f4_1200x675.jpg\",\"datePublished\":\"2025-12-31T09:05:00+00:00\",\"author\":{\"@id\":\"https:\/\/portaltela.pt\/#\/schema\/person\/c4278d4a6028830caff9ee44b42d32ed\"},\"breadcrumb\":{\"@id\":\"https:\/\/portaltela.pt\/noticias\/2025\/12\/31\/idoso-de-braga-morre-apos-agressao-e-atropelamento-cunhado-condenado\/#breadcrumb\"},\"inLanguage\":\"pt-PT\",\"potentialAction\":[{\"@type\":\"ReadAction\",\"target\":[\"https:\/\/portaltela.pt\/noticias\/2025\/12\/31\/idoso-de-braga-morre-apos-agressao-e-atropelamento-cunhado-condenado\/\"]}]},{\"@type\":\"ImageObject\",\"inLanguage\":\"pt-PT\",\"@id\":\"https:\/\/portaltela.pt\/noticias\/2025\/12\/31\/idoso-de-braga-morre-apos-agressao-e-atropelamento-cunhado-condenado\/#primaryimage\",\"url\":\"https:\/\/portaltela.pt\/s.01k8rhncp4jt1\/2025\/12\/30d29e47-ef87-44ba-bfd2-4bb92c8e00f4_1200x675.jpg\",\"contentUrl\":\"https:\/\/portaltela.pt\/s.01k8rhncp4jt1\/2025\/12\/30d29e47-ef87-44ba-bfd2-4bb92c8e00f4_1200x675.jpg\",\"width\":796,\"height\":448,\"caption\":\"O autocarro j\u00e1 tinha arrancado e o motorista n\u00e3o evitou a passagem com a roda traseira direita sobre a v\u00edtima\"},{\"@type\":\"BreadcrumbList\",\"@id\":\"https:\/\/portaltela.pt\/noticias\/2025\/12\/31\/idoso-de-braga-morre-apos-agressao-e-atropelamento-cunhado-condenado\/#breadcrumb\",\"itemListElement\":[{\"@type\":\"ListItem\",\"position\":1,\"name\":\"In\u00edcio\",\"item\":\"https:\/\/portaltela.pt\/\"},{\"@type\":\"ListItem\",\"position\":2,\"name\":\"Idoso de Braga morre ap\u00f3s agress\u00e3o e atropelamento; cunhado condenado\"}]},{\"@type\":\"WebSite\",\"@id\":\"https:\/\/portaltela.pt\/#website\",\"url\":\"https:\/\/portaltela.pt\/\",\"name\":\"Portal Tela Portugal\",\"description\":\"\",\"potentialAction\":[{\"@type\":\"SearchAction\",\"target\":{\"@type\":\"EntryPoint\",\"urlTemplate\":\"https:\/\/portaltela.pt\/?s={search_term_string}\"},\"query-input\":{\"@type\":\"PropertyValueSpecification\",\"valueRequired\":true,\"valueName\":\"search_term_string\"}}],\"inLanguage\":\"pt-PT\"},{\"@type\":\"Person\",\"@id\":\"https:\/\/portaltela.pt\/#\/schema\/person\/c4278d4a6028830caff9ee44b42d32ed\",\"name\":\"Telinha\",\"image\":{\"@type\":\"ImageObject\",\"inLanguage\":\"pt-PT\",\"@id\":\"https:\/\/portaltela.pt\/s.01k8rhncp4jt1\/2025\/11\/talking-bot-125x125.png\",\"url\":\"https:\/\/portaltela.pt\/s.01k8rhncp4jt1\/2025\/11\/talking-bot-125x125.png\",\"contentUrl\":\"https:\/\/portaltela.pt\/s.01k8rhncp4jt1\/2025\/11\/talking-bot-125x125.png\",\"caption\":\"Telinha\"},\"sameAs\":[\"https:\/\/portaltela.pt\/\"],\"url\":\"https:\/\/portaltela.pt\/por\/367410592786\/\"}]}<\/script>\n<!-- \/ Yoast SEO plugin. -->","yoast_head_json":{"title":"Idoso de Braga morre ap\u00f3s agress\u00e3o e atropelamento; cunhado condenado - Portal Tela Portugal","robots":{"index":"index","follow":"follow","max-snippet":"max-snippet:-1","max-image-preview":"max-image-preview:large","max-video-preview":"max-video-preview:-1"},"og_locale":"pt_PT","og_type":"article","og_title":"Idoso de Braga morre ap\u00f3s agress\u00e3o e atropelamento; cunhado condenado - Portal Tela Portugal","og_description":"O Tribunal de Braga condenou, este m\u00eas, um homem de 74 anos a dois anos e oito meses de pris\u00e3o, com pena suspensa, pelos crimes de ofensa \u00e0 integridade f\u00edsica agravada pela morte do cunhado e omiss\u00e3o de aux\u00edlio. O crime ocorreu ap\u00f3s o arguido ter desferido um murro ao cunhado, que caiu e teve o p\u00e9 colocado sob o rodado de um autocarro dos Transportes Urbanos de Braga, levando aos ferimentos que causaram a morte. O processo detalha que a morte resultou dos ferimentos provocados pelo incidente. O arguido, Joaquim R., fica ainda obrigado a indemnizar os filhos da v\u00edtima em cerca de 63 mil euros, sendo de pagar de imediato 10 mil euros para assegurar a suspens\u00e3o da pena. A decis\u00e3o mant\u00e9m-se, segundo o tribunal, com a pena suspensa mediante o pagamento imediato do montante indicado.","og_url":"https:\/\/portaltela.pt\/noticias\/2025\/12\/31\/idoso-de-braga-morre-apos-agressao-e-atropelamento-cunhado-condenado\/","og_site_name":"Portal Tela Portugal","article_published_time":"2025-12-31T09:05:00+00:00","author":"Telinha","twitter_card":"summary_large_image","twitter_misc":{"Escrito por":"Telinha","Tempo estimado de leitura":"1 minuto"},"schema":{"@context":"https:\/\/schema.org","@graph":[{"@type":"Article","@id":"https:\/\/portaltela.pt\/noticias\/2025\/12\/31\/idoso-de-braga-morre-apos-agressao-e-atropelamento-cunhado-condenado\/#article","isPartOf":{"@id":"https:\/\/portaltela.pt\/noticias\/2025\/12\/31\/idoso-de-braga-morre-apos-agressao-e-atropelamento-cunhado-condenado\/"},"author":{"name":"Telinha","@id":"https:\/\/portaltela.pt\/#\/schema\/person\/c4278d4a6028830caff9ee44b42d32ed"},"headline":"Idoso de Braga morre ap\u00f3s agress\u00e3o e atropelamento; cunhado condenado","datePublished":"2025-12-31T09:05:00+00:00","mainEntityOfPage":{"@id":"https:\/\/portaltela.pt\/noticias\/2025\/12\/31\/idoso-de-braga-morre-apos-agressao-e-atropelamento-cunhado-condenado\/"},"wordCount":175,"image":{"@id":"https:\/\/portaltela.pt\/noticias\/2025\/12\/31\/idoso-de-braga-morre-apos-agressao-e-atropelamento-cunhado-condenado\/#primaryimage"},"thumbnailUrl":"https:\/\/portaltela.pt\/s.01k8rhncp4jt1\/2025\/12\/30d29e47-ef87-44ba-bfd2-4bb92c8e00f4_1200x675.jpg","keywords":["agress\u00f5es","Braga","crime","homic\u00eddio","omiss\u00e3o de aux\u00edlio","viol\u00eancia"],"articleSection":["Not\u00edcias"],"inLanguage":"pt-PT"},{"@type":"WebPage","@id":"https:\/\/portaltela.pt\/noticias\/2025\/12\/31\/idoso-de-braga-morre-apos-agressao-e-atropelamento-cunhado-condenado\/","url":"https:\/\/portaltela.pt\/noticias\/2025\/12\/31\/idoso-de-braga-morre-apos-agressao-e-atropelamento-cunhado-condenado\/","name":"Idoso de Braga morre ap\u00f3s agress\u00e3o e atropelamento; cunhado condenado - Portal Tela Portugal","isPartOf":{"@id":"https:\/\/portaltela.pt\/#website"},"primaryImageOfPage":{"@id":"https:\/\/portaltela.pt\/noticias\/2025\/12\/31\/idoso-de-braga-morre-apos-agressao-e-atropelamento-cunhado-condenado\/#primaryimage"},"image":{"@id":"https:\/\/portaltela.pt\/noticias\/2025\/12\/31\/idoso-de-braga-morre-apos-agressao-e-atropelamento-cunhado-condenado\/#primaryimage"},"thumbnailUrl":"https:\/\/portaltela.pt\/s.01k8rhncp4jt1\/2025\/12\/30d29e47-ef87-44ba-bfd2-4bb92c8e00f4_1200x675.jpg","datePublished":"2025-12-31T09:05:00+00:00","author":{"@id":"https:\/\/portaltela.pt\/#\/schema\/person\/c4278d4a6028830caff9ee44b42d32ed"},"breadcrumb":{"@id":"https:\/\/portaltela.pt\/noticias\/2025\/12\/31\/idoso-de-braga-morre-apos-agressao-e-atropelamento-cunhado-condenado\/#breadcrumb"},"inLanguage":"pt-PT","potentialAction":[{"@type":"ReadAction","target":["https:\/\/portaltela.pt\/noticias\/2025\/12\/31\/idoso-de-braga-morre-apos-agressao-e-atropelamento-cunhado-condenado\/"]}]},{"@type":"ImageObject","inLanguage":"pt-PT","@id":"https:\/\/portaltela.pt\/noticias\/2025\/12\/31\/idoso-de-braga-morre-apos-agressao-e-atropelamento-cunhado-condenado\/#primaryimage","url":"https:\/\/portaltela.pt\/s.01k8rhncp4jt1\/2025\/12\/30d29e47-ef87-44ba-bfd2-4bb92c8e00f4_1200x675.jpg","contentUrl":"https:\/\/portaltela.pt\/s.01k8rhncp4jt1\/2025\/12\/30d29e47-ef87-44ba-bfd2-4bb92c8e00f4_1200x675.jpg","width":796,"height":448,"caption":"O autocarro j\u00e1 tinha arrancado e o motorista n\u00e3o evitou a passagem com a roda traseira direita sobre a v\u00edtima"},{"@type":"BreadcrumbList","@id":"https:\/\/portaltela.pt\/noticias\/2025\/12\/31\/idoso-de-braga-morre-apos-agressao-e-atropelamento-cunhado-condenado\/#breadcrumb","itemListElement":[{"@type":"ListItem","position":1,"name":"In\u00edcio","item":"https:\/\/portaltela.pt\/"},{"@type":"ListItem","position":2,"name":"Idoso de Braga morre ap\u00f3s agress\u00e3o e atropelamento; cunhado condenado"}]},{"@type":"WebSite","@id":"https:\/\/portaltela.pt\/#website","url":"https:\/\/portaltela.pt\/","name":"Portal Tela Portugal","description":"","potentialAction":[{"@type":"SearchAction","target":{"@type":"EntryPoint","urlTemplate":"https:\/\/portaltela.pt\/?s={search_term_string}"},"query-input":{"@type":"PropertyValueSpecification","valueRequired":true,"valueName":"search_term_string"}}],"inLanguage":"pt-PT"},{"@type":"Person","@id":"https:\/\/portaltela.pt\/#\/schema\/person\/c4278d4a6028830caff9ee44b42d32ed","name":"Telinha","image":{"@type":"ImageObject","inLanguage":"pt-PT","@id":"https:\/\/portaltela.pt\/s.01k8rhncp4jt1\/2025\/11\/talking-bot-125x125.png","url":"https:\/\/portaltela.pt\/s.01k8rhncp4jt1\/2025\/11\/talking-bot-125x125.png","contentUrl":"https:\/\/portaltela.pt\/s.01k8rhncp4jt1\/2025\/11\/talking-bot-125x125.png","caption":"Telinha"},"sameAs":["https:\/\/portaltela.pt\/"],"url":"https:\/\/portaltela.pt\/por\/367410592786\/"}]}},"_links":{"self":[{"href":"https:\/\/portaltela.pt\/api\/wp\/v2\/posts\/109189","targetHints":{"allow":["GET"]}}],"collection":[{"href":"https:\/\/portaltela.pt\/api\/wp\/v2\/posts"}],"about":[{"href":"https:\/\/portaltela.pt\/api\/wp\/v2\/types\/post"}],"author":[{"embeddable":true,"href":"https:\/\/portaltela.pt\/api\/wp\/v2\/users\/2"}],"replies":[{"embeddable":true,"href":"https:\/\/portaltela.pt\/api\/wp\/v2\/comments?post=109189"}],"version-history":[{"count":0,"href":"https:\/\/portaltela.pt\/api\/wp\/v2\/posts\/109189\/revisions"}],"wp:featuredmedia":[{"embeddable":true,"href":"https:\/\/portaltela.pt\/api\/wp\/v2\/media\/109191"}],"wp:attachment":[{"href":"https:\/\/portaltela.pt\/api\/wp\/v2\/media?parent=109189"}],"wp:term":[{"taxonomy":"category","embeddable":true,"href":"https:\/\/portaltela.pt\/api\/wp\/v2\/categories?post=109189"},{"taxonomy":"post_tag","embeddable":true,"href":"https:\/\/portaltela.pt\/api\/wp\/v2\/tags?post=109189"}],"curies":[{"name":"wp","href":"https:\/\/api.w.org\/{rel}","templated":true}]}}