{"id":108814,"date":"2025-12-30T19:57:14","date_gmt":"2025-12-30T22:57:14","guid":{"rendered":"https:\/\/portaltela.pt\/noticias\/2025\/12\/30\/uls-braga-realiza-as-primeiras-cirurgias-cardiotoracicas\/"},"modified":"2025-12-30T19:57:14","modified_gmt":"2025-12-30T22:57:14","slug":"uls-braga-realiza-as-primeiras-cirurgias-cardiotoracicas","status":"publish","type":"post","link":"https:\/\/portaltela.pt\/noticias\/2025\/12\/30\/uls-braga-realiza-as-primeiras-cirurgias-cardiotoracicas\/","title":{"rendered":"ULS Braga realiza as primeiras cirurgias cardiotor\u00e1cicas"},"content":{"rendered":"<p>A ULS Braga realizou ontem as suas primeiras cirurgias cardiotor\u00e1cicas, abrindo caminho para a Cirurgia Card\u00edaca na regi\u00e3o. Os procedimentos inclu\u00edram uma revasculariza\u00e7\u00e3o do mioc\u00e1rdio e uma substitui\u00e7\u00e3o de v\u00e1lvula a\u00f3rtica, marcando um marco hist\u00f3rico para o SNS local.<\/p>\n<p>Este avan\u00e7o surge ap\u00f3s mais de duas d\u00e9cadas de reflex\u00e3o sobre a cria\u00e7\u00e3o de uma resposta cir\u00fargica integrada. A iniciativa refor\u00e7a a proximidade dos cuidados, elevados padr\u00f5es cl\u00ednicos e maior seguran\u00e7a para os doentes. A equipa envolvida destaca o trabalho conjunto entre v\u00e1rias \u00e1reas da institui\u00e7\u00e3o.<\/p>\n<p>A concretiza\u00e7\u00e3o contou com o contributo das \u00e1reas de Cardiologia, Anestesiologia e Medicina Intensiva, bem como do suporte de Gest\u00e3o Organizacional. A lideran\u00e7a da ULS Braga refor\u00e7ou que foi um esfor\u00e7o coletivo com planeamento rigoroso.<\/p>\n<h3>Contexto e impacto<\/h3>\n<p>O presidente do Conselho de Administra\u00e7\u00e3o, Am\u00e9rico Afonso, descreveu o momento como decisivo para a institui\u00e7\u00e3o. A aposta passa pela equidade no acesso aos cuidados e pela excel\u00eancia assistencial, refletindo uma estrat\u00e9gia estrutural da ULS Braga.<\/p>\n<p>A introdu\u00e7\u00e3o da Cirurgia Card\u00edaca amplia tamb\u00e9m a atividade da Cardiologia de Interven\u00e7\u00e3o. O pr\u00f3ximo passo previs\u00edvel \u00e9 a implanta\u00e7\u00e3o percut\u00e2nea de v\u00e1lvula a\u00f3rtica, alargando terap\u00eauticas dispon\u00edveis no SNS.<\/p>\n<h3>Perspetivas de futuro<\/h3>\n<p>O projeto de Cirurgia Card\u00edaca da ULS Braga foi aprovado no final de 2023, integrado na revis\u00e3o nacional da rede de referencia\u00e7\u00e3o. A abertura de dois novos centros no Pa\u00eds incluiu o Minho, dada a densidade populacional e as necessidades locais.<\/p>\n<p>A implementa\u00e7\u00e3o resultou de colabora\u00e7\u00e3o com a ULS de S\u00e3o Jo\u00e3o, numa vis\u00e3o estrat\u00e9gica de longo alcance. O objetivo \u00e9 consolidar a Braga como centro de refer\u00eancia cl\u00ednica.<\/p>\n","protected":false},"excerpt":{"rendered":"<ul>\n<li>A Unidade Local de Sa\u00fade de Braga realizou ontem as suas primeiras cirurgias cardiotor\u00e1cicas, incluindo bypass coron\u00e1rio e substitui\u00e7\u00e3o de v\u00e1lvula a\u00f3rtica.<\/li>\n<li>O objetivo \u00e9 criar uma resposta cir\u00fargica integrada no SNS, proporcionando maior proximidade, qualidade cl\u00ednica e seguran\u00e7a para os doentes na regi\u00e3o do Minho.<\/li>\n<li>A implanta\u00e7\u00e3o percut\u00e2nea de v\u00e1lvula a\u00f3rtica \u00e9 o pr\u00f3ximo passo previsto, expandindo a interven\u00e7\u00e3o da Cirurgia Card\u00edaca na Cardiologia de Interven\u00e7\u00e3o.<\/li>\n<li>O projeto contou com a colabora\u00e7\u00e3o de v\u00e1rias \u00e1reas, em especial Cardiologia, Anestesiologia e Medicina Intensiva, e com a \u00c1rea de Gest\u00e3o Organizacional.<\/li>\n<li>O arranque da Cirurgia Card\u00edaca na ULS Braga foi aprovado no final de 2023 no \u00e2mbito da revis\u00e3o da rede de referencia\u00e7\u00e3o nacional, em articula\u00e7\u00e3o com a ULS de S\u00e3o Jo\u00e3o.<\/li>\n<\/ul>\n","protected":false},"author":2,"featured_media":108815,"comment_status":"closed","ping_status":"closed","sticky":false,"template":"","format":"standard","meta":{"footnotes":""},"categories":[1],"tags":[2098,1207,2197,633,483,1775],"class_list":["post-108814","post","type-post","status-publish","format-standard","has-post-thumbnail","hentry","category-noticias","tag-anestesiologia","tag-braga","tag-cardiologia","tag-hospital","tag-medicina-intensiva","tag-sns"],"yoast_head":"<!-- This site is optimized with the Yoast SEO plugin v27.2 - https:\/\/yoast.com\/product\/yoast-seo-wordpress\/ -->\n<title>ULS Braga realiza as primeiras cirurgias cardiotor\u00e1cicas - Portal Tela Portugal<\/title>\n<meta name=\"robots\" content=\"index, follow, max-snippet:-1, max-image-preview:large, max-video-preview:-1\" \/>\n<meta property=\"og:locale\" content=\"pt_PT\" \/>\n<meta property=\"og:type\" content=\"article\" \/>\n<meta property=\"og:title\" content=\"ULS Braga realiza as primeiras cirurgias cardiotor\u00e1cicas - Portal Tela Portugal\" \/>\n<meta property=\"og:description\" content=\"A Unidade Local de Sa\u00fade de Braga realizou ontem as suas primeiras cirurgias cardiotor\u00e1cicas, incluindo bypass coron\u00e1rio e substitui\u00e7\u00e3o de v\u00e1lvula a\u00f3rtica. O objetivo \u00e9 criar uma resposta cir\u00fargica integrada no SNS, proporcionando maior proximidade, qualidade cl\u00ednica e seguran\u00e7a para os doentes na regi\u00e3o do Minho. A implanta\u00e7\u00e3o percut\u00e2nea de v\u00e1lvula a\u00f3rtica \u00e9 o pr\u00f3ximo passo previsto, expandindo a interven\u00e7\u00e3o da Cirurgia Card\u00edaca na Cardiologia de Interven\u00e7\u00e3o. O projeto contou com a colabora\u00e7\u00e3o de v\u00e1rias \u00e1reas, em especial Cardiologia, Anestesiologia e Medicina Intensiva, e com a \u00c1rea de Gest\u00e3o Organizacional. O arranque da Cirurgia Card\u00edaca na ULS Braga foi aprovado no final de 2023 no \u00e2mbito da revis\u00e3o da rede de referencia\u00e7\u00e3o nacional, em articula\u00e7\u00e3o com a ULS de S\u00e3o Jo\u00e3o.\" \/>\n<meta property=\"og:url\" content=\"https:\/\/portaltela.pt\/noticias\/2025\/12\/30\/uls-braga-realiza-as-primeiras-cirurgias-cardiotoracicas\/\" \/>\n<meta property=\"og:site_name\" content=\"Portal Tela Portugal\" \/>\n<meta property=\"article:published_time\" content=\"2025-12-30T22:57:14+00:00\" \/>\n<meta name=\"author\" content=\"Telinha\" \/>\n<meta name=\"twitter:card\" content=\"summary_large_image\" \/>\n<meta name=\"twitter:label1\" content=\"Escrito por\" \/>\n\t<meta name=\"twitter:data1\" content=\"Telinha\" \/>\n\t<meta name=\"twitter:label2\" content=\"Tempo estimado de leitura\" \/>\n\t<meta name=\"twitter:data2\" content=\"2 minutos\" \/>\n<script type=\"application\/ld+json\" class=\"yoast-schema-graph\">{\"@context\":\"https:\/\/schema.org\",\"@graph\":[{\"@type\":\"Article\",\"@id\":\"https:\/\/portaltela.pt\/noticias\/2025\/12\/30\/uls-braga-realiza-as-primeiras-cirurgias-cardiotoracicas\/#article\",\"isPartOf\":{\"@id\":\"https:\/\/portaltela.pt\/noticias\/2025\/12\/30\/uls-braga-realiza-as-primeiras-cirurgias-cardiotoracicas\/\"},\"author\":{\"name\":\"Telinha\",\"@id\":\"https:\/\/portaltela.pt\/#\/schema\/person\/c4278d4a6028830caff9ee44b42d32ed\"},\"headline\":\"ULS Braga realiza as primeiras cirurgias cardiotor\u00e1cicas\",\"datePublished\":\"2025-12-30T22:57:14+00:00\",\"mainEntityOfPage\":{\"@id\":\"https:\/\/portaltela.pt\/noticias\/2025\/12\/30\/uls-braga-realiza-as-primeiras-cirurgias-cardiotoracicas\/\"},\"wordCount\":321,\"image\":{\"@id\":\"https:\/\/portaltela.pt\/noticias\/2025\/12\/30\/uls-braga-realiza-as-primeiras-cirurgias-cardiotoracicas\/#primaryimage\"},\"thumbnailUrl\":\"https:\/\/portaltela.pt\/s.01k8rhncp4jt1\/2025\/12\/CC.jpg\",\"keywords\":[\"Anestesiologia\",\"Braga\",\"cardiologia\",\"hospital\",\"Medicina Intensiva\",\"SNS\"],\"articleSection\":[\"Not\u00edcias\"],\"inLanguage\":\"pt-PT\"},{\"@type\":\"WebPage\",\"@id\":\"https:\/\/portaltela.pt\/noticias\/2025\/12\/30\/uls-braga-realiza-as-primeiras-cirurgias-cardiotoracicas\/\",\"url\":\"https:\/\/portaltela.pt\/noticias\/2025\/12\/30\/uls-braga-realiza-as-primeiras-cirurgias-cardiotoracicas\/\",\"name\":\"ULS Braga realiza as primeiras cirurgias cardiotor\u00e1cicas - Portal Tela Portugal\",\"isPartOf\":{\"@id\":\"https:\/\/portaltela.pt\/#website\"},\"primaryImageOfPage\":{\"@id\":\"https:\/\/portaltela.pt\/noticias\/2025\/12\/30\/uls-braga-realiza-as-primeiras-cirurgias-cardiotoracicas\/#primaryimage\"},\"image\":{\"@id\":\"https:\/\/portaltela.pt\/noticias\/2025\/12\/30\/uls-braga-realiza-as-primeiras-cirurgias-cardiotoracicas\/#primaryimage\"},\"thumbnailUrl\":\"https:\/\/portaltela.pt\/s.01k8rhncp4jt1\/2025\/12\/CC.jpg\",\"datePublished\":\"2025-12-30T22:57:14+00:00\",\"author\":{\"@id\":\"https:\/\/portaltela.pt\/#\/schema\/person\/c4278d4a6028830caff9ee44b42d32ed\"},\"breadcrumb\":{\"@id\":\"https:\/\/portaltela.pt\/noticias\/2025\/12\/30\/uls-braga-realiza-as-primeiras-cirurgias-cardiotoracicas\/#breadcrumb\"},\"inLanguage\":\"pt-PT\",\"potentialAction\":[{\"@type\":\"ReadAction\",\"target\":[\"https:\/\/portaltela.pt\/noticias\/2025\/12\/30\/uls-braga-realiza-as-primeiras-cirurgias-cardiotoracicas\/\"]}]},{\"@type\":\"ImageObject\",\"inLanguage\":\"pt-PT\",\"@id\":\"https:\/\/portaltela.pt\/noticias\/2025\/12\/30\/uls-braga-realiza-as-primeiras-cirurgias-cardiotoracicas\/#primaryimage\",\"url\":\"https:\/\/portaltela.pt\/s.01k8rhncp4jt1\/2025\/12\/CC.jpg\",\"contentUrl\":\"https:\/\/portaltela.pt\/s.01k8rhncp4jt1\/2025\/12\/CC.jpg\",\"width\":796,\"height\":448,\"caption\":\"ULS Braga realiza primeiras cirurgias cardiotor\u00e1cicas\"},{\"@type\":\"BreadcrumbList\",\"@id\":\"https:\/\/portaltela.pt\/noticias\/2025\/12\/30\/uls-braga-realiza-as-primeiras-cirurgias-cardiotoracicas\/#breadcrumb\",\"itemListElement\":[{\"@type\":\"ListItem\",\"position\":1,\"name\":\"In\u00edcio\",\"item\":\"https:\/\/portaltela.pt\/\"},{\"@type\":\"ListItem\",\"position\":2,\"name\":\"ULS Braga realiza as primeiras cirurgias cardiotor\u00e1cicas\"}]},{\"@type\":\"WebSite\",\"@id\":\"https:\/\/portaltela.pt\/#website\",\"url\":\"https:\/\/portaltela.pt\/\",\"name\":\"Portal Tela Portugal\",\"description\":\"\",\"potentialAction\":[{\"@type\":\"SearchAction\",\"target\":{\"@type\":\"EntryPoint\",\"urlTemplate\":\"https:\/\/portaltela.pt\/?s={search_term_string}\"},\"query-input\":{\"@type\":\"PropertyValueSpecification\",\"valueRequired\":true,\"valueName\":\"search_term_string\"}}],\"inLanguage\":\"pt-PT\"},{\"@type\":\"Person\",\"@id\":\"https:\/\/portaltela.pt\/#\/schema\/person\/c4278d4a6028830caff9ee44b42d32ed\",\"name\":\"Telinha\",\"image\":{\"@type\":\"ImageObject\",\"inLanguage\":\"pt-PT\",\"@id\":\"https:\/\/portaltela.pt\/s.01k8rhncp4jt1\/2025\/11\/talking-bot-125x125.png\",\"url\":\"https:\/\/portaltela.pt\/s.01k8rhncp4jt1\/2025\/11\/talking-bot-125x125.png\",\"contentUrl\":\"https:\/\/portaltela.pt\/s.01k8rhncp4jt1\/2025\/11\/talking-bot-125x125.png\",\"caption\":\"Telinha\"},\"sameAs\":[\"https:\/\/portaltela.pt\/\"],\"url\":\"https:\/\/portaltela.pt\/por\/367410592786\/\"}]}<\/script>\n<!-- \/ Yoast SEO plugin. -->","yoast_head_json":{"title":"ULS Braga realiza as primeiras cirurgias cardiotor\u00e1cicas - Portal Tela Portugal","robots":{"index":"index","follow":"follow","max-snippet":"max-snippet:-1","max-image-preview":"max-image-preview:large","max-video-preview":"max-video-preview:-1"},"og_locale":"pt_PT","og_type":"article","og_title":"ULS Braga realiza as primeiras cirurgias cardiotor\u00e1cicas - Portal Tela Portugal","og_description":"A Unidade Local de Sa\u00fade de Braga realizou ontem as suas primeiras cirurgias cardiotor\u00e1cicas, incluindo bypass coron\u00e1rio e substitui\u00e7\u00e3o de v\u00e1lvula a\u00f3rtica. O objetivo \u00e9 criar uma resposta cir\u00fargica integrada no SNS, proporcionando maior proximidade, qualidade cl\u00ednica e seguran\u00e7a para os doentes na regi\u00e3o do Minho. A implanta\u00e7\u00e3o percut\u00e2nea de v\u00e1lvula a\u00f3rtica \u00e9 o pr\u00f3ximo passo previsto, expandindo a interven\u00e7\u00e3o da Cirurgia Card\u00edaca na Cardiologia de Interven\u00e7\u00e3o. O projeto contou com a colabora\u00e7\u00e3o de v\u00e1rias \u00e1reas, em especial Cardiologia, Anestesiologia e Medicina Intensiva, e com a \u00c1rea de Gest\u00e3o Organizacional. O arranque da Cirurgia Card\u00edaca na ULS Braga foi aprovado no final de 2023 no \u00e2mbito da revis\u00e3o da rede de referencia\u00e7\u00e3o nacional, em articula\u00e7\u00e3o com a ULS de S\u00e3o Jo\u00e3o.","og_url":"https:\/\/portaltela.pt\/noticias\/2025\/12\/30\/uls-braga-realiza-as-primeiras-cirurgias-cardiotoracicas\/","og_site_name":"Portal Tela Portugal","article_published_time":"2025-12-30T22:57:14+00:00","author":"Telinha","twitter_card":"summary_large_image","twitter_misc":{"Escrito por":"Telinha","Tempo estimado de leitura":"2 minutos"},"schema":{"@context":"https:\/\/schema.org","@graph":[{"@type":"Article","@id":"https:\/\/portaltela.pt\/noticias\/2025\/12\/30\/uls-braga-realiza-as-primeiras-cirurgias-cardiotoracicas\/#article","isPartOf":{"@id":"https:\/\/portaltela.pt\/noticias\/2025\/12\/30\/uls-braga-realiza-as-primeiras-cirurgias-cardiotoracicas\/"},"author":{"name":"Telinha","@id":"https:\/\/portaltela.pt\/#\/schema\/person\/c4278d4a6028830caff9ee44b42d32ed"},"headline":"ULS Braga realiza as primeiras cirurgias cardiotor\u00e1cicas","datePublished":"2025-12-30T22:57:14+00:00","mainEntityOfPage":{"@id":"https:\/\/portaltela.pt\/noticias\/2025\/12\/30\/uls-braga-realiza-as-primeiras-cirurgias-cardiotoracicas\/"},"wordCount":321,"image":{"@id":"https:\/\/portaltela.pt\/noticias\/2025\/12\/30\/uls-braga-realiza-as-primeiras-cirurgias-cardiotoracicas\/#primaryimage"},"thumbnailUrl":"https:\/\/portaltela.pt\/s.01k8rhncp4jt1\/2025\/12\/CC.jpg","keywords":["Anestesiologia","Braga","cardiologia","hospital","Medicina Intensiva","SNS"],"articleSection":["Not\u00edcias"],"inLanguage":"pt-PT"},{"@type":"WebPage","@id":"https:\/\/portaltela.pt\/noticias\/2025\/12\/30\/uls-braga-realiza-as-primeiras-cirurgias-cardiotoracicas\/","url":"https:\/\/portaltela.pt\/noticias\/2025\/12\/30\/uls-braga-realiza-as-primeiras-cirurgias-cardiotoracicas\/","name":"ULS Braga realiza as primeiras cirurgias cardiotor\u00e1cicas - Portal Tela Portugal","isPartOf":{"@id":"https:\/\/portaltela.pt\/#website"},"primaryImageOfPage":{"@id":"https:\/\/portaltela.pt\/noticias\/2025\/12\/30\/uls-braga-realiza-as-primeiras-cirurgias-cardiotoracicas\/#primaryimage"},"image":{"@id":"https:\/\/portaltela.pt\/noticias\/2025\/12\/30\/uls-braga-realiza-as-primeiras-cirurgias-cardiotoracicas\/#primaryimage"},"thumbnailUrl":"https:\/\/portaltela.pt\/s.01k8rhncp4jt1\/2025\/12\/CC.jpg","datePublished":"2025-12-30T22:57:14+00:00","author":{"@id":"https:\/\/portaltela.pt\/#\/schema\/person\/c4278d4a6028830caff9ee44b42d32ed"},"breadcrumb":{"@id":"https:\/\/portaltela.pt\/noticias\/2025\/12\/30\/uls-braga-realiza-as-primeiras-cirurgias-cardiotoracicas\/#breadcrumb"},"inLanguage":"pt-PT","potentialAction":[{"@type":"ReadAction","target":["https:\/\/portaltela.pt\/noticias\/2025\/12\/30\/uls-braga-realiza-as-primeiras-cirurgias-cardiotoracicas\/"]}]},{"@type":"ImageObject","inLanguage":"pt-PT","@id":"https:\/\/portaltela.pt\/noticias\/2025\/12\/30\/uls-braga-realiza-as-primeiras-cirurgias-cardiotoracicas\/#primaryimage","url":"https:\/\/portaltela.pt\/s.01k8rhncp4jt1\/2025\/12\/CC.jpg","contentUrl":"https:\/\/portaltela.pt\/s.01k8rhncp4jt1\/2025\/12\/CC.jpg","width":796,"height":448,"caption":"ULS Braga realiza primeiras cirurgias cardiotor\u00e1cicas"},{"@type":"BreadcrumbList","@id":"https:\/\/portaltela.pt\/noticias\/2025\/12\/30\/uls-braga-realiza-as-primeiras-cirurgias-cardiotoracicas\/#breadcrumb","itemListElement":[{"@type":"ListItem","position":1,"name":"In\u00edcio","item":"https:\/\/portaltela.pt\/"},{"@type":"ListItem","position":2,"name":"ULS Braga realiza as primeiras cirurgias cardiotor\u00e1cicas"}]},{"@type":"WebSite","@id":"https:\/\/portaltela.pt\/#website","url":"https:\/\/portaltela.pt\/","name":"Portal Tela Portugal","description":"","potentialAction":[{"@type":"SearchAction","target":{"@type":"EntryPoint","urlTemplate":"https:\/\/portaltela.pt\/?s={search_term_string}"},"query-input":{"@type":"PropertyValueSpecification","valueRequired":true,"valueName":"search_term_string"}}],"inLanguage":"pt-PT"},{"@type":"Person","@id":"https:\/\/portaltela.pt\/#\/schema\/person\/c4278d4a6028830caff9ee44b42d32ed","name":"Telinha","image":{"@type":"ImageObject","inLanguage":"pt-PT","@id":"https:\/\/portaltela.pt\/s.01k8rhncp4jt1\/2025\/11\/talking-bot-125x125.png","url":"https:\/\/portaltela.pt\/s.01k8rhncp4jt1\/2025\/11\/talking-bot-125x125.png","contentUrl":"https:\/\/portaltela.pt\/s.01k8rhncp4jt1\/2025\/11\/talking-bot-125x125.png","caption":"Telinha"},"sameAs":["https:\/\/portaltela.pt\/"],"url":"https:\/\/portaltela.pt\/por\/367410592786\/"}]}},"_links":{"self":[{"href":"https:\/\/portaltela.pt\/api\/wp\/v2\/posts\/108814","targetHints":{"allow":["GET"]}}],"collection":[{"href":"https:\/\/portaltela.pt\/api\/wp\/v2\/posts"}],"about":[{"href":"https:\/\/portaltela.pt\/api\/wp\/v2\/types\/post"}],"author":[{"embeddable":true,"href":"https:\/\/portaltela.pt\/api\/wp\/v2\/users\/2"}],"replies":[{"embeddable":true,"href":"https:\/\/portaltela.pt\/api\/wp\/v2\/comments?post=108814"}],"version-history":[{"count":0,"href":"https:\/\/portaltela.pt\/api\/wp\/v2\/posts\/108814\/revisions"}],"wp:featuredmedia":[{"embeddable":true,"href":"https:\/\/portaltela.pt\/api\/wp\/v2\/media\/108815"}],"wp:attachment":[{"href":"https:\/\/portaltela.pt\/api\/wp\/v2\/media?parent=108814"}],"wp:term":[{"taxonomy":"category","embeddable":true,"href":"https:\/\/portaltela.pt\/api\/wp\/v2\/categories?post=108814"},{"taxonomy":"post_tag","embeddable":true,"href":"https:\/\/portaltela.pt\/api\/wp\/v2\/tags?post=108814"}],"curies":[{"name":"wp","href":"https:\/\/api.w.org\/{rel}","templated":true}]}}