{"id":108394,"date":"2025-12-30T16:25:00","date_gmt":"2025-12-30T19:25:00","guid":{"rendered":"https:\/\/portaltela.pt\/noticias\/2025\/12\/30\/zeferino-boal-toma-posse-como-dirigente-nos-leoes-de-portugal\/"},"modified":"2025-12-30T16:25:00","modified_gmt":"2025-12-30T19:25:00","slug":"zeferino-boal-toma-posse-como-dirigente-nos-leoes-de-portugal","status":"publish","type":"post","link":"https:\/\/portaltela.pt\/desporto\/futebol\/2025\/12\/30\/zeferino-boal-toma-posse-como-dirigente-nos-leoes-de-portugal\/","title":{"rendered":"Zeferino Boal toma posse como dirigente nos Le\u00f5es de Portugal"},"content":{"rendered":"<p>Zeferino Boal tornou-se o novo presidente dos Le\u00f5es de Portugal, IPSS ligada ao Sporting. A posse dos novos \u00f3rg\u00e3os sociais est\u00e1 marcada para 5 de janeiro, data em que se formalizam as mudan\u00e7as de lideran\u00e7a. A not\u00edcia coloca foco no papel da IPSS associada ao clube de Alvalade.<\/p>\n<p>Boal, conhecido por ter sido candidato a potenciais listas do Sporting em 2011 e 2018, assume a dire\u00e7\u00e3o da IPSS com o objetivo de orientar a institui\u00e7\u00e3o ligada ao universo leonino. A tomada de posse decorre na mesma data, dando in\u00edcio ao novo ciclo de gest\u00e3o.<\/p>\n<p>Ainda na Mesa da Assembleia Geral,Carlos Pinto de Abreu assume a presid\u00eancia, enquanto Roberto de Silva Carvalho lidera o Conselho Fiscal. O Conselho Social fica assegurado por 14 membros com liga\u00e7\u00f5es ao universo do Sporting, conforme lista apresentada.<\/p>\n<h3>Composi\u00e7\u00e3o dos \u00d3rg\u00e3os<\/h3>\n<ul>\n<li>presidente da Mesa da Assembleia Geral: Carlos Pinto de Abreu<\/li>\n<li>presidente do Conselho Fiscal: Roberto de Silva Carvalho<\/li>\n<li>Conselho Social: 14 membros ligados ao universo leonino, incluindo Ant\u00f3nio Arouca Antunes, Ant\u00f3nio Menezes Rodrigues, Ant\u00f3nio Pinto Basto, Aureliano das Neves, Diogo Silva Gomes, Hugo Abrantes Soares, Isabel Alves, Jos\u00e9 Carlos Estorninho, Maria Helena Dias Ferreira, Maria Mateus Nobre, Olinda Ivars, Rui Gon\u00e7alves Ascens\u00e3o, Paulino Coelho e Tito Arantes Fontes.<\/li>\n<\/ul>\n","protected":false},"excerpt":{"rendered":"<ul>\n<li>Zeferino Boal, ex-potencial candidato \u00e0s elei\u00e7\u00f5es do Sporting em 2011 e 2018, tornou-se presidente dos Le\u00f5es de Portugal, IPSS ligada ao clube de Alvalade.<\/li>\n<li>A tomada de posse dos novos \u00f3rg\u00e3os sociais est\u00e1 marcada para a segunda-feira, 5 de janeiro.<\/li>\n<li>A Mesa da Assembleia Geral fica sob a presid\u00eancia de Carlos Pinto de Abreu.<\/li>\n<li>O Conselho Fiscal ser\u00e1 chefiado por Roberto de Silva Carvalho.<\/li>\n<li>O Conselho Social \u00e9 composto por 14 pessoas ligadas ao universo leonino, conforme a lista recebida.<\/li>\n<\/ul>\n","protected":false},"author":2,"featured_media":108396,"comment_status":"closed","ping_status":"closed","sticky":false,"template":"","format":"standard","meta":{"footnotes":""},"categories":[21,24],"tags":[1264,551,152,399,30,1652],"class_list":["post-108394","post","type-post","status-publish","format-standard","has-post-thumbnail","hentry","category-desporto","category-futebol","tag-associacao-desportiva","tag-conselho-fiscal","tag-desporto","tag-organizacao-desportiva","tag-presidente","tag-sporting"],"yoast_head":"<!-- This site is optimized with the Yoast SEO plugin v27.2 - https:\/\/yoast.com\/product\/yoast-seo-wordpress\/ -->\n<title>Zeferino Boal toma posse como dirigente nos Le\u00f5es de Portugal - Portal Tela Portugal<\/title>\n<meta name=\"robots\" content=\"index, follow, max-snippet:-1, max-image-preview:large, max-video-preview:-1\" \/>\n<meta property=\"og:locale\" content=\"pt_PT\" \/>\n<meta property=\"og:type\" content=\"article\" \/>\n<meta property=\"og:title\" content=\"Zeferino Boal toma posse como dirigente nos Le\u00f5es de Portugal - Portal Tela Portugal\" \/>\n<meta property=\"og:description\" content=\"Zeferino Boal, ex-potencial candidato \u00e0s elei\u00e7\u00f5es do Sporting em 2011 e 2018, tornou-se presidente dos Le\u00f5es de Portugal, IPSS ligada ao clube de Alvalade. A tomada de posse dos novos \u00f3rg\u00e3os sociais est\u00e1 marcada para a segunda-feira, 5 de janeiro. A Mesa da Assembleia Geral fica sob a presid\u00eancia de Carlos Pinto de Abreu. O Conselho Fiscal ser\u00e1 chefiado por Roberto de Silva Carvalho. O Conselho Social \u00e9 composto por 14 pessoas ligadas ao universo leonino, conforme a lista recebida.\" \/>\n<meta property=\"og:url\" content=\"https:\/\/portaltela.pt\/noticias\/2025\/12\/30\/zeferino-boal-toma-posse-como-dirigente-nos-leoes-de-portugal\/\" \/>\n<meta property=\"og:site_name\" content=\"Portal Tela Portugal\" \/>\n<meta property=\"article:published_time\" content=\"2025-12-30T19:25:00+00:00\" \/>\n<meta name=\"author\" content=\"Telinha\" \/>\n<meta name=\"twitter:card\" content=\"summary_large_image\" \/>\n<meta name=\"twitter:label1\" content=\"Escrito por\" \/>\n\t<meta name=\"twitter:data1\" content=\"Telinha\" \/>\n\t<meta name=\"twitter:label2\" content=\"Tempo estimado de leitura\" \/>\n\t<meta name=\"twitter:data2\" content=\"1 minuto\" \/>\n<script type=\"application\/ld+json\" class=\"yoast-schema-graph\">{\"@context\":\"https:\/\/schema.org\",\"@graph\":[{\"@type\":\"Article\",\"@id\":\"https:\/\/portaltela.pt\/noticias\/2025\/12\/30\/zeferino-boal-toma-posse-como-dirigente-nos-leoes-de-portugal\/#article\",\"isPartOf\":{\"@id\":\"https:\/\/portaltela.pt\/noticias\/2025\/12\/30\/zeferino-boal-toma-posse-como-dirigente-nos-leoes-de-portugal\/\"},\"author\":{\"name\":\"Telinha\",\"@id\":\"https:\/\/portaltela.pt\/#\/schema\/person\/c4278d4a6028830caff9ee44b42d32ed\"},\"headline\":\"Zeferino Boal toma posse como dirigente nos Le\u00f5es de Portugal\",\"datePublished\":\"2025-12-30T19:25:00+00:00\",\"mainEntityOfPage\":{\"@id\":\"https:\/\/portaltela.pt\/noticias\/2025\/12\/30\/zeferino-boal-toma-posse-como-dirigente-nos-leoes-de-portugal\/\"},\"wordCount\":228,\"image\":{\"@id\":\"https:\/\/portaltela.pt\/noticias\/2025\/12\/30\/zeferino-boal-toma-posse-como-dirigente-nos-leoes-de-portugal\/#primaryimage\"},\"thumbnailUrl\":\"https:\/\/portaltela.pt\/s.01k8rhncp4jt1\/2025\/12\/48d79eca-ecee-4917-8c9c-131435df7538.jpg\",\"keywords\":[\"associa\u00e7\u00e3o desportiva\",\"Conselho Fiscal\",\"desporto\",\"organiza\u00e7\u00e3o desportiva\",\"presidente\",\"Sporting\"],\"articleSection\":[\"Desporto\",\"Futebol\"],\"inLanguage\":\"pt-PT\"},{\"@type\":\"WebPage\",\"@id\":\"https:\/\/portaltela.pt\/noticias\/2025\/12\/30\/zeferino-boal-toma-posse-como-dirigente-nos-leoes-de-portugal\/\",\"url\":\"https:\/\/portaltela.pt\/noticias\/2025\/12\/30\/zeferino-boal-toma-posse-como-dirigente-nos-leoes-de-portugal\/\",\"name\":\"Zeferino Boal toma posse como dirigente nos Le\u00f5es de Portugal - Portal Tela Portugal\",\"isPartOf\":{\"@id\":\"https:\/\/portaltela.pt\/#website\"},\"primaryImageOfPage\":{\"@id\":\"https:\/\/portaltela.pt\/noticias\/2025\/12\/30\/zeferino-boal-toma-posse-como-dirigente-nos-leoes-de-portugal\/#primaryimage\"},\"image\":{\"@id\":\"https:\/\/portaltela.pt\/noticias\/2025\/12\/30\/zeferino-boal-toma-posse-como-dirigente-nos-leoes-de-portugal\/#primaryimage\"},\"thumbnailUrl\":\"https:\/\/portaltela.pt\/s.01k8rhncp4jt1\/2025\/12\/48d79eca-ecee-4917-8c9c-131435df7538.jpg\",\"datePublished\":\"2025-12-30T19:25:00+00:00\",\"author\":{\"@id\":\"https:\/\/portaltela.pt\/#\/schema\/person\/c4278d4a6028830caff9ee44b42d32ed\"},\"breadcrumb\":{\"@id\":\"https:\/\/portaltela.pt\/noticias\/2025\/12\/30\/zeferino-boal-toma-posse-como-dirigente-nos-leoes-de-portugal\/#breadcrumb\"},\"inLanguage\":\"pt-PT\",\"potentialAction\":[{\"@type\":\"ReadAction\",\"target\":[\"https:\/\/portaltela.pt\/noticias\/2025\/12\/30\/zeferino-boal-toma-posse-como-dirigente-nos-leoes-de-portugal\/\"]}]},{\"@type\":\"ImageObject\",\"inLanguage\":\"pt-PT\",\"@id\":\"https:\/\/portaltela.pt\/noticias\/2025\/12\/30\/zeferino-boal-toma-posse-como-dirigente-nos-leoes-de-portugal\/#primaryimage\",\"url\":\"https:\/\/portaltela.pt\/s.01k8rhncp4jt1\/2025\/12\/48d79eca-ecee-4917-8c9c-131435df7538.jpg\",\"contentUrl\":\"https:\/\/portaltela.pt\/s.01k8rhncp4jt1\/2025\/12\/48d79eca-ecee-4917-8c9c-131435df7538.jpg\",\"width\":796,\"height\":448,\"caption\":\"Zeferino Boal foi pr\u00e9-candidato em duas elei\u00e7\u00f5es do Sporting (Foto A BOLA)\"},{\"@type\":\"BreadcrumbList\",\"@id\":\"https:\/\/portaltela.pt\/noticias\/2025\/12\/30\/zeferino-boal-toma-posse-como-dirigente-nos-leoes-de-portugal\/#breadcrumb\",\"itemListElement\":[{\"@type\":\"ListItem\",\"position\":1,\"name\":\"In\u00edcio\",\"item\":\"https:\/\/portaltela.pt\/\"},{\"@type\":\"ListItem\",\"position\":2,\"name\":\"Zeferino Boal toma posse como dirigente nos Le\u00f5es de Portugal\"}]},{\"@type\":\"WebSite\",\"@id\":\"https:\/\/portaltela.pt\/#website\",\"url\":\"https:\/\/portaltela.pt\/\",\"name\":\"Portal Tela Portugal\",\"description\":\"\",\"potentialAction\":[{\"@type\":\"SearchAction\",\"target\":{\"@type\":\"EntryPoint\",\"urlTemplate\":\"https:\/\/portaltela.pt\/?s={search_term_string}\"},\"query-input\":{\"@type\":\"PropertyValueSpecification\",\"valueRequired\":true,\"valueName\":\"search_term_string\"}}],\"inLanguage\":\"pt-PT\"},{\"@type\":\"Person\",\"@id\":\"https:\/\/portaltela.pt\/#\/schema\/person\/c4278d4a6028830caff9ee44b42d32ed\",\"name\":\"Telinha\",\"image\":{\"@type\":\"ImageObject\",\"inLanguage\":\"pt-PT\",\"@id\":\"https:\/\/portaltela.pt\/s.01k8rhncp4jt1\/2025\/11\/talking-bot-125x125.png\",\"url\":\"https:\/\/portaltela.pt\/s.01k8rhncp4jt1\/2025\/11\/talking-bot-125x125.png\",\"contentUrl\":\"https:\/\/portaltela.pt\/s.01k8rhncp4jt1\/2025\/11\/talking-bot-125x125.png\",\"caption\":\"Telinha\"},\"sameAs\":[\"https:\/\/portaltela.pt\/\"],\"url\":\"https:\/\/portaltela.pt\/por\/367410592786\/\"}]}<\/script>\n<!-- \/ Yoast SEO plugin. -->","yoast_head_json":{"title":"Zeferino Boal toma posse como dirigente nos Le\u00f5es de Portugal - Portal Tela Portugal","robots":{"index":"index","follow":"follow","max-snippet":"max-snippet:-1","max-image-preview":"max-image-preview:large","max-video-preview":"max-video-preview:-1"},"og_locale":"pt_PT","og_type":"article","og_title":"Zeferino Boal toma posse como dirigente nos Le\u00f5es de Portugal - Portal Tela Portugal","og_description":"Zeferino Boal, ex-potencial candidato \u00e0s elei\u00e7\u00f5es do Sporting em 2011 e 2018, tornou-se presidente dos Le\u00f5es de Portugal, IPSS ligada ao clube de Alvalade. A tomada de posse dos novos \u00f3rg\u00e3os sociais est\u00e1 marcada para a segunda-feira, 5 de janeiro. A Mesa da Assembleia Geral fica sob a presid\u00eancia de Carlos Pinto de Abreu. O Conselho Fiscal ser\u00e1 chefiado por Roberto de Silva Carvalho. O Conselho Social \u00e9 composto por 14 pessoas ligadas ao universo leonino, conforme a lista recebida.","og_url":"https:\/\/portaltela.pt\/noticias\/2025\/12\/30\/zeferino-boal-toma-posse-como-dirigente-nos-leoes-de-portugal\/","og_site_name":"Portal Tela Portugal","article_published_time":"2025-12-30T19:25:00+00:00","author":"Telinha","twitter_card":"summary_large_image","twitter_misc":{"Escrito por":"Telinha","Tempo estimado de leitura":"1 minuto"},"schema":{"@context":"https:\/\/schema.org","@graph":[{"@type":"Article","@id":"https:\/\/portaltela.pt\/noticias\/2025\/12\/30\/zeferino-boal-toma-posse-como-dirigente-nos-leoes-de-portugal\/#article","isPartOf":{"@id":"https:\/\/portaltela.pt\/noticias\/2025\/12\/30\/zeferino-boal-toma-posse-como-dirigente-nos-leoes-de-portugal\/"},"author":{"name":"Telinha","@id":"https:\/\/portaltela.pt\/#\/schema\/person\/c4278d4a6028830caff9ee44b42d32ed"},"headline":"Zeferino Boal toma posse como dirigente nos Le\u00f5es de Portugal","datePublished":"2025-12-30T19:25:00+00:00","mainEntityOfPage":{"@id":"https:\/\/portaltela.pt\/noticias\/2025\/12\/30\/zeferino-boal-toma-posse-como-dirigente-nos-leoes-de-portugal\/"},"wordCount":228,"image":{"@id":"https:\/\/portaltela.pt\/noticias\/2025\/12\/30\/zeferino-boal-toma-posse-como-dirigente-nos-leoes-de-portugal\/#primaryimage"},"thumbnailUrl":"https:\/\/portaltela.pt\/s.01k8rhncp4jt1\/2025\/12\/48d79eca-ecee-4917-8c9c-131435df7538.jpg","keywords":["associa\u00e7\u00e3o desportiva","Conselho Fiscal","desporto","organiza\u00e7\u00e3o desportiva","presidente","Sporting"],"articleSection":["Desporto","Futebol"],"inLanguage":"pt-PT"},{"@type":"WebPage","@id":"https:\/\/portaltela.pt\/noticias\/2025\/12\/30\/zeferino-boal-toma-posse-como-dirigente-nos-leoes-de-portugal\/","url":"https:\/\/portaltela.pt\/noticias\/2025\/12\/30\/zeferino-boal-toma-posse-como-dirigente-nos-leoes-de-portugal\/","name":"Zeferino Boal toma posse como dirigente nos Le\u00f5es de Portugal - Portal Tela Portugal","isPartOf":{"@id":"https:\/\/portaltela.pt\/#website"},"primaryImageOfPage":{"@id":"https:\/\/portaltela.pt\/noticias\/2025\/12\/30\/zeferino-boal-toma-posse-como-dirigente-nos-leoes-de-portugal\/#primaryimage"},"image":{"@id":"https:\/\/portaltela.pt\/noticias\/2025\/12\/30\/zeferino-boal-toma-posse-como-dirigente-nos-leoes-de-portugal\/#primaryimage"},"thumbnailUrl":"https:\/\/portaltela.pt\/s.01k8rhncp4jt1\/2025\/12\/48d79eca-ecee-4917-8c9c-131435df7538.jpg","datePublished":"2025-12-30T19:25:00+00:00","author":{"@id":"https:\/\/portaltela.pt\/#\/schema\/person\/c4278d4a6028830caff9ee44b42d32ed"},"breadcrumb":{"@id":"https:\/\/portaltela.pt\/noticias\/2025\/12\/30\/zeferino-boal-toma-posse-como-dirigente-nos-leoes-de-portugal\/#breadcrumb"},"inLanguage":"pt-PT","potentialAction":[{"@type":"ReadAction","target":["https:\/\/portaltela.pt\/noticias\/2025\/12\/30\/zeferino-boal-toma-posse-como-dirigente-nos-leoes-de-portugal\/"]}]},{"@type":"ImageObject","inLanguage":"pt-PT","@id":"https:\/\/portaltela.pt\/noticias\/2025\/12\/30\/zeferino-boal-toma-posse-como-dirigente-nos-leoes-de-portugal\/#primaryimage","url":"https:\/\/portaltela.pt\/s.01k8rhncp4jt1\/2025\/12\/48d79eca-ecee-4917-8c9c-131435df7538.jpg","contentUrl":"https:\/\/portaltela.pt\/s.01k8rhncp4jt1\/2025\/12\/48d79eca-ecee-4917-8c9c-131435df7538.jpg","width":796,"height":448,"caption":"Zeferino Boal foi pr\u00e9-candidato em duas elei\u00e7\u00f5es do Sporting (Foto A BOLA)"},{"@type":"BreadcrumbList","@id":"https:\/\/portaltela.pt\/noticias\/2025\/12\/30\/zeferino-boal-toma-posse-como-dirigente-nos-leoes-de-portugal\/#breadcrumb","itemListElement":[{"@type":"ListItem","position":1,"name":"In\u00edcio","item":"https:\/\/portaltela.pt\/"},{"@type":"ListItem","position":2,"name":"Zeferino Boal toma posse como dirigente nos Le\u00f5es de Portugal"}]},{"@type":"WebSite","@id":"https:\/\/portaltela.pt\/#website","url":"https:\/\/portaltela.pt\/","name":"Portal Tela Portugal","description":"","potentialAction":[{"@type":"SearchAction","target":{"@type":"EntryPoint","urlTemplate":"https:\/\/portaltela.pt\/?s={search_term_string}"},"query-input":{"@type":"PropertyValueSpecification","valueRequired":true,"valueName":"search_term_string"}}],"inLanguage":"pt-PT"},{"@type":"Person","@id":"https:\/\/portaltela.pt\/#\/schema\/person\/c4278d4a6028830caff9ee44b42d32ed","name":"Telinha","image":{"@type":"ImageObject","inLanguage":"pt-PT","@id":"https:\/\/portaltela.pt\/s.01k8rhncp4jt1\/2025\/11\/talking-bot-125x125.png","url":"https:\/\/portaltela.pt\/s.01k8rhncp4jt1\/2025\/11\/talking-bot-125x125.png","contentUrl":"https:\/\/portaltela.pt\/s.01k8rhncp4jt1\/2025\/11\/talking-bot-125x125.png","caption":"Telinha"},"sameAs":["https:\/\/portaltela.pt\/"],"url":"https:\/\/portaltela.pt\/por\/367410592786\/"}]}},"_links":{"self":[{"href":"https:\/\/portaltela.pt\/api\/wp\/v2\/posts\/108394","targetHints":{"allow":["GET"]}}],"collection":[{"href":"https:\/\/portaltela.pt\/api\/wp\/v2\/posts"}],"about":[{"href":"https:\/\/portaltela.pt\/api\/wp\/v2\/types\/post"}],"author":[{"embeddable":true,"href":"https:\/\/portaltela.pt\/api\/wp\/v2\/users\/2"}],"replies":[{"embeddable":true,"href":"https:\/\/portaltela.pt\/api\/wp\/v2\/comments?post=108394"}],"version-history":[{"count":0,"href":"https:\/\/portaltela.pt\/api\/wp\/v2\/posts\/108394\/revisions"}],"wp:featuredmedia":[{"embeddable":true,"href":"https:\/\/portaltela.pt\/api\/wp\/v2\/media\/108396"}],"wp:attachment":[{"href":"https:\/\/portaltela.pt\/api\/wp\/v2\/media?parent=108394"}],"wp:term":[{"taxonomy":"category","embeddable":true,"href":"https:\/\/portaltela.pt\/api\/wp\/v2\/categories?post=108394"},{"taxonomy":"post_tag","embeddable":true,"href":"https:\/\/portaltela.pt\/api\/wp\/v2\/tags?post=108394"}],"curies":[{"name":"wp","href":"https:\/\/api.w.org\/{rel}","templated":true}]}}