{"id":108381,"date":"2025-12-30T15:39:00","date_gmt":"2025-12-30T18:39:00","guid":{"rendered":"https:\/\/portaltela.pt\/noticias\/2025\/12\/30\/rui-costa-tem-remuneracao-resposta-do-presidente-do-benfica-na-ag-da-sad\/"},"modified":"2025-12-30T15:39:00","modified_gmt":"2025-12-30T18:39:00","slug":"rui-costa-tem-remuneracao-resposta-do-presidente-do-benfica-na-ag-da-sad","status":"publish","type":"post","link":"https:\/\/portaltela.pt\/desporto\/futebol\/2025\/12\/30\/rui-costa-tem-remuneracao-resposta-do-presidente-do-benfica-na-ag-da-sad\/","title":{"rendered":"Rui Costa tem remunera\u00e7\u00e3o? Resposta do presidente do Benfica na AG da SAD"},"content":{"rendered":"<p>O Benfica, SAD, aprovou na sua assembleia geral ordin\u00e1ria realizada ontem a pol\u00edtica de remunera\u00e7\u00f5es da empresa. A defini\u00e7\u00e3o fica a cargo da comiss\u00e3o de remunera\u00e7\u00f5es eleita na mesma reuni\u00e3o.<\/p>\n<p>Durante a assembleia, surgiu a d\u00favida sobre a eventual remunera\u00e7\u00e3o de Rui Costa, presidente do clube, ap\u00f3s declara\u00e7\u00f5es anteriores de que n\u00e3o pretendia receber pelos seus servi\u00e7os.<\/p>\n<p>Rui Costa tinha sido foco de pol\u00e9mica na campanha eleitoral do clube, quando afirmou que n\u00e3o aceitaria remunera\u00e7\u00e3o pelo exerc\u00edcio das suas fun\u00e7\u00f5es. A decis\u00e3o final sobre o assunto depender\u00e1 da pol\u00edtica aprovada.<\/p>\n<p>A informa\u00e7\u00e3o foi adiantada pelo jornal Record, que indicou a exist\u00eancia de d\u00favidas entre os acionistas relativamente \u00e0 remunera\u00e7\u00e3o do l\u00edder das \u00e1guias. Fonte: Record.<\/p>\n","protected":false},"excerpt":{"rendered":"<ul>\n<li>Os acionistas da Benfica, SAD, aprovaram na assembleia geral a pol\u00edtica de remunera\u00e7\u00f5es, que passar\u00e1 a ser definida pela comiss\u00e3o eleita na mesma reuni\u00e3o.<\/li>\n<li>Foi levantada a d\u00favida sobre a remunera\u00e7\u00e3o de Rui Costa, mesmo ele tendo dito, durante a campanha, que n\u00e3o pretendia receber pelas suas fun\u00e7\u00f5es.<\/li>\n<li>A decis\u00e3o sobre sal\u00e1rios fica, assim, na depend\u00eancia da comiss\u00e3o de remunera\u00e7\u00f5es da SAD.<\/li>\n<li>A informa\u00e7\u00e3o foi adiantada pelo jornal Record.<\/li>\n<li>A assembleia em que tudo foi decidido ocorreu ontem.<\/li>\n<\/ul>\n","protected":false},"author":2,"featured_media":108387,"comment_status":"closed","ping_status":"closed","sticky":false,"template":"","format":"standard","meta":{"footnotes":""},"categories":[21,24],"tags":[1946,2115,152,32,2139,1251],"class_list":["post-108381","post","type-post","status-publish","format-standard","has-post-thumbnail","hentry","category-desporto","category-futebol","tag-benfica","tag-comissao-de-remuneracoes","tag-desporto","tag-futebol","tag-rui-costa","tag-subsidios"],"yoast_head":"<!-- This site is optimized with the Yoast SEO plugin v27.2 - https:\/\/yoast.com\/product\/yoast-seo-wordpress\/ -->\n<title>Rui Costa tem remunera\u00e7\u00e3o? Resposta do presidente do Benfica na AG da SAD - Portal Tela Portugal<\/title>\n<meta name=\"robots\" content=\"index, follow, max-snippet:-1, max-image-preview:large, max-video-preview:-1\" \/>\n<meta property=\"og:locale\" content=\"pt_PT\" \/>\n<meta property=\"og:type\" content=\"article\" \/>\n<meta property=\"og:title\" content=\"Rui Costa tem remunera\u00e7\u00e3o? Resposta do presidente do Benfica na AG da SAD - Portal Tela Portugal\" \/>\n<meta property=\"og:description\" content=\"Os acionistas da Benfica, SAD, aprovaram na assembleia geral a pol\u00edtica de remunera\u00e7\u00f5es, que passar\u00e1 a ser definida pela comiss\u00e3o eleita na mesma reuni\u00e3o. Foi levantada a d\u00favida sobre a remunera\u00e7\u00e3o de Rui Costa, mesmo ele tendo dito, durante a campanha, que n\u00e3o pretendia receber pelas suas fun\u00e7\u00f5es. A decis\u00e3o sobre sal\u00e1rios fica, assim, na depend\u00eancia da comiss\u00e3o de remunera\u00e7\u00f5es da SAD. A informa\u00e7\u00e3o foi adiantada pelo jornal Record. A assembleia em que tudo foi decidido ocorreu ontem.\" \/>\n<meta property=\"og:url\" content=\"https:\/\/portaltela.pt\/noticias\/2025\/12\/30\/rui-costa-tem-remuneracao-resposta-do-presidente-do-benfica-na-ag-da-sad\/\" \/>\n<meta property=\"og:site_name\" content=\"Portal Tela Portugal\" \/>\n<meta property=\"article:published_time\" content=\"2025-12-30T18:39:00+00:00\" \/>\n<meta name=\"author\" content=\"Telinha\" \/>\n<meta name=\"twitter:card\" content=\"summary_large_image\" \/>\n<meta name=\"twitter:label1\" content=\"Escrito por\" \/>\n\t<meta name=\"twitter:data1\" content=\"Telinha\" \/>\n\t<meta name=\"twitter:label2\" content=\"Tempo estimado de leitura\" \/>\n\t<meta name=\"twitter:data2\" content=\"1 minuto\" \/>\n<script type=\"application\/ld+json\" class=\"yoast-schema-graph\">{\"@context\":\"https:\/\/schema.org\",\"@graph\":[{\"@type\":\"Article\",\"@id\":\"https:\/\/portaltela.pt\/noticias\/2025\/12\/30\/rui-costa-tem-remuneracao-resposta-do-presidente-do-benfica-na-ag-da-sad\/#article\",\"isPartOf\":{\"@id\":\"https:\/\/portaltela.pt\/noticias\/2025\/12\/30\/rui-costa-tem-remuneracao-resposta-do-presidente-do-benfica-na-ag-da-sad\/\"},\"author\":{\"name\":\"Telinha\",\"@id\":\"https:\/\/portaltela.pt\/#\/schema\/person\/c4278d4a6028830caff9ee44b42d32ed\"},\"headline\":\"Rui Costa tem remunera\u00e7\u00e3o? Resposta do presidente do Benfica na AG da SAD\",\"datePublished\":\"2025-12-30T18:39:00+00:00\",\"mainEntityOfPage\":{\"@id\":\"https:\/\/portaltela.pt\/noticias\/2025\/12\/30\/rui-costa-tem-remuneracao-resposta-do-presidente-do-benfica-na-ag-da-sad\/\"},\"wordCount\":153,\"image\":{\"@id\":\"https:\/\/portaltela.pt\/noticias\/2025\/12\/30\/rui-costa-tem-remuneracao-resposta-do-presidente-do-benfica-na-ag-da-sad\/#primaryimage\"},\"thumbnailUrl\":\"https:\/\/portaltela.pt\/s.01k8rhncp4jt1\/2025\/12\/img_920x518uu2025-11-26-22-23-24-2405267-3.jpg\",\"keywords\":[\"Benfica\",\"Comiss\u00e3o de Remunera\u00e7\u00f5es\",\"desporto\",\"futebol\",\"Rui Costa\",\"subs\u00eddios\"],\"articleSection\":[\"Desporto\",\"Futebol\"],\"inLanguage\":\"pt-PT\"},{\"@type\":\"WebPage\",\"@id\":\"https:\/\/portaltela.pt\/noticias\/2025\/12\/30\/rui-costa-tem-remuneracao-resposta-do-presidente-do-benfica-na-ag-da-sad\/\",\"url\":\"https:\/\/portaltela.pt\/noticias\/2025\/12\/30\/rui-costa-tem-remuneracao-resposta-do-presidente-do-benfica-na-ag-da-sad\/\",\"name\":\"Rui Costa tem remunera\u00e7\u00e3o? Resposta do presidente do Benfica na AG da SAD - Portal Tela Portugal\",\"isPartOf\":{\"@id\":\"https:\/\/portaltela.pt\/#website\"},\"primaryImageOfPage\":{\"@id\":\"https:\/\/portaltela.pt\/noticias\/2025\/12\/30\/rui-costa-tem-remuneracao-resposta-do-presidente-do-benfica-na-ag-da-sad\/#primaryimage\"},\"image\":{\"@id\":\"https:\/\/portaltela.pt\/noticias\/2025\/12\/30\/rui-costa-tem-remuneracao-resposta-do-presidente-do-benfica-na-ag-da-sad\/#primaryimage\"},\"thumbnailUrl\":\"https:\/\/portaltela.pt\/s.01k8rhncp4jt1\/2025\/12\/img_920x518uu2025-11-26-22-23-24-2405267-3.jpg\",\"datePublished\":\"2025-12-30T18:39:00+00:00\",\"author\":{\"@id\":\"https:\/\/portaltela.pt\/#\/schema\/person\/c4278d4a6028830caff9ee44b42d32ed\"},\"breadcrumb\":{\"@id\":\"https:\/\/portaltela.pt\/noticias\/2025\/12\/30\/rui-costa-tem-remuneracao-resposta-do-presidente-do-benfica-na-ag-da-sad\/#breadcrumb\"},\"inLanguage\":\"pt-PT\",\"potentialAction\":[{\"@type\":\"ReadAction\",\"target\":[\"https:\/\/portaltela.pt\/noticias\/2025\/12\/30\/rui-costa-tem-remuneracao-resposta-do-presidente-do-benfica-na-ag-da-sad\/\"]}]},{\"@type\":\"ImageObject\",\"inLanguage\":\"pt-PT\",\"@id\":\"https:\/\/portaltela.pt\/noticias\/2025\/12\/30\/rui-costa-tem-remuneracao-resposta-do-presidente-do-benfica-na-ag-da-sad\/#primaryimage\",\"url\":\"https:\/\/portaltela.pt\/s.01k8rhncp4jt1\/2025\/12\/img_920x518uu2025-11-26-22-23-24-2405267-3.jpg\",\"contentUrl\":\"https:\/\/portaltela.pt\/s.01k8rhncp4jt1\/2025\/12\/img_920x518uu2025-11-26-22-23-24-2405267-3.jpg\",\"width\":796,\"height\":448,\"caption\":\"Rui Costa\"},{\"@type\":\"BreadcrumbList\",\"@id\":\"https:\/\/portaltela.pt\/noticias\/2025\/12\/30\/rui-costa-tem-remuneracao-resposta-do-presidente-do-benfica-na-ag-da-sad\/#breadcrumb\",\"itemListElement\":[{\"@type\":\"ListItem\",\"position\":1,\"name\":\"In\u00edcio\",\"item\":\"https:\/\/portaltela.pt\/\"},{\"@type\":\"ListItem\",\"position\":2,\"name\":\"Rui Costa tem remunera\u00e7\u00e3o? Resposta do presidente do Benfica na AG da SAD\"}]},{\"@type\":\"WebSite\",\"@id\":\"https:\/\/portaltela.pt\/#website\",\"url\":\"https:\/\/portaltela.pt\/\",\"name\":\"Portal Tela Portugal\",\"description\":\"\",\"potentialAction\":[{\"@type\":\"SearchAction\",\"target\":{\"@type\":\"EntryPoint\",\"urlTemplate\":\"https:\/\/portaltela.pt\/?s={search_term_string}\"},\"query-input\":{\"@type\":\"PropertyValueSpecification\",\"valueRequired\":true,\"valueName\":\"search_term_string\"}}],\"inLanguage\":\"pt-PT\"},{\"@type\":\"Person\",\"@id\":\"https:\/\/portaltela.pt\/#\/schema\/person\/c4278d4a6028830caff9ee44b42d32ed\",\"name\":\"Telinha\",\"image\":{\"@type\":\"ImageObject\",\"inLanguage\":\"pt-PT\",\"@id\":\"https:\/\/portaltela.pt\/s.01k8rhncp4jt1\/2025\/11\/talking-bot-125x125.png\",\"url\":\"https:\/\/portaltela.pt\/s.01k8rhncp4jt1\/2025\/11\/talking-bot-125x125.png\",\"contentUrl\":\"https:\/\/portaltela.pt\/s.01k8rhncp4jt1\/2025\/11\/talking-bot-125x125.png\",\"caption\":\"Telinha\"},\"sameAs\":[\"https:\/\/portaltela.pt\/\"],\"url\":\"https:\/\/portaltela.pt\/por\/367410592786\/\"}]}<\/script>\n<!-- \/ Yoast SEO plugin. -->","yoast_head_json":{"title":"Rui Costa tem remunera\u00e7\u00e3o? Resposta do presidente do Benfica na AG da SAD - Portal Tela Portugal","robots":{"index":"index","follow":"follow","max-snippet":"max-snippet:-1","max-image-preview":"max-image-preview:large","max-video-preview":"max-video-preview:-1"},"og_locale":"pt_PT","og_type":"article","og_title":"Rui Costa tem remunera\u00e7\u00e3o? Resposta do presidente do Benfica na AG da SAD - Portal Tela Portugal","og_description":"Os acionistas da Benfica, SAD, aprovaram na assembleia geral a pol\u00edtica de remunera\u00e7\u00f5es, que passar\u00e1 a ser definida pela comiss\u00e3o eleita na mesma reuni\u00e3o. Foi levantada a d\u00favida sobre a remunera\u00e7\u00e3o de Rui Costa, mesmo ele tendo dito, durante a campanha, que n\u00e3o pretendia receber pelas suas fun\u00e7\u00f5es. A decis\u00e3o sobre sal\u00e1rios fica, assim, na depend\u00eancia da comiss\u00e3o de remunera\u00e7\u00f5es da SAD. A informa\u00e7\u00e3o foi adiantada pelo jornal Record. A assembleia em que tudo foi decidido ocorreu ontem.","og_url":"https:\/\/portaltela.pt\/noticias\/2025\/12\/30\/rui-costa-tem-remuneracao-resposta-do-presidente-do-benfica-na-ag-da-sad\/","og_site_name":"Portal Tela Portugal","article_published_time":"2025-12-30T18:39:00+00:00","author":"Telinha","twitter_card":"summary_large_image","twitter_misc":{"Escrito por":"Telinha","Tempo estimado de leitura":"1 minuto"},"schema":{"@context":"https:\/\/schema.org","@graph":[{"@type":"Article","@id":"https:\/\/portaltela.pt\/noticias\/2025\/12\/30\/rui-costa-tem-remuneracao-resposta-do-presidente-do-benfica-na-ag-da-sad\/#article","isPartOf":{"@id":"https:\/\/portaltela.pt\/noticias\/2025\/12\/30\/rui-costa-tem-remuneracao-resposta-do-presidente-do-benfica-na-ag-da-sad\/"},"author":{"name":"Telinha","@id":"https:\/\/portaltela.pt\/#\/schema\/person\/c4278d4a6028830caff9ee44b42d32ed"},"headline":"Rui Costa tem remunera\u00e7\u00e3o? Resposta do presidente do Benfica na AG da SAD","datePublished":"2025-12-30T18:39:00+00:00","mainEntityOfPage":{"@id":"https:\/\/portaltela.pt\/noticias\/2025\/12\/30\/rui-costa-tem-remuneracao-resposta-do-presidente-do-benfica-na-ag-da-sad\/"},"wordCount":153,"image":{"@id":"https:\/\/portaltela.pt\/noticias\/2025\/12\/30\/rui-costa-tem-remuneracao-resposta-do-presidente-do-benfica-na-ag-da-sad\/#primaryimage"},"thumbnailUrl":"https:\/\/portaltela.pt\/s.01k8rhncp4jt1\/2025\/12\/img_920x518uu2025-11-26-22-23-24-2405267-3.jpg","keywords":["Benfica","Comiss\u00e3o de Remunera\u00e7\u00f5es","desporto","futebol","Rui Costa","subs\u00eddios"],"articleSection":["Desporto","Futebol"],"inLanguage":"pt-PT"},{"@type":"WebPage","@id":"https:\/\/portaltela.pt\/noticias\/2025\/12\/30\/rui-costa-tem-remuneracao-resposta-do-presidente-do-benfica-na-ag-da-sad\/","url":"https:\/\/portaltela.pt\/noticias\/2025\/12\/30\/rui-costa-tem-remuneracao-resposta-do-presidente-do-benfica-na-ag-da-sad\/","name":"Rui Costa tem remunera\u00e7\u00e3o? Resposta do presidente do Benfica na AG da SAD - Portal Tela Portugal","isPartOf":{"@id":"https:\/\/portaltela.pt\/#website"},"primaryImageOfPage":{"@id":"https:\/\/portaltela.pt\/noticias\/2025\/12\/30\/rui-costa-tem-remuneracao-resposta-do-presidente-do-benfica-na-ag-da-sad\/#primaryimage"},"image":{"@id":"https:\/\/portaltela.pt\/noticias\/2025\/12\/30\/rui-costa-tem-remuneracao-resposta-do-presidente-do-benfica-na-ag-da-sad\/#primaryimage"},"thumbnailUrl":"https:\/\/portaltela.pt\/s.01k8rhncp4jt1\/2025\/12\/img_920x518uu2025-11-26-22-23-24-2405267-3.jpg","datePublished":"2025-12-30T18:39:00+00:00","author":{"@id":"https:\/\/portaltela.pt\/#\/schema\/person\/c4278d4a6028830caff9ee44b42d32ed"},"breadcrumb":{"@id":"https:\/\/portaltela.pt\/noticias\/2025\/12\/30\/rui-costa-tem-remuneracao-resposta-do-presidente-do-benfica-na-ag-da-sad\/#breadcrumb"},"inLanguage":"pt-PT","potentialAction":[{"@type":"ReadAction","target":["https:\/\/portaltela.pt\/noticias\/2025\/12\/30\/rui-costa-tem-remuneracao-resposta-do-presidente-do-benfica-na-ag-da-sad\/"]}]},{"@type":"ImageObject","inLanguage":"pt-PT","@id":"https:\/\/portaltela.pt\/noticias\/2025\/12\/30\/rui-costa-tem-remuneracao-resposta-do-presidente-do-benfica-na-ag-da-sad\/#primaryimage","url":"https:\/\/portaltela.pt\/s.01k8rhncp4jt1\/2025\/12\/img_920x518uu2025-11-26-22-23-24-2405267-3.jpg","contentUrl":"https:\/\/portaltela.pt\/s.01k8rhncp4jt1\/2025\/12\/img_920x518uu2025-11-26-22-23-24-2405267-3.jpg","width":796,"height":448,"caption":"Rui Costa"},{"@type":"BreadcrumbList","@id":"https:\/\/portaltela.pt\/noticias\/2025\/12\/30\/rui-costa-tem-remuneracao-resposta-do-presidente-do-benfica-na-ag-da-sad\/#breadcrumb","itemListElement":[{"@type":"ListItem","position":1,"name":"In\u00edcio","item":"https:\/\/portaltela.pt\/"},{"@type":"ListItem","position":2,"name":"Rui Costa tem remunera\u00e7\u00e3o? Resposta do presidente do Benfica na AG da SAD"}]},{"@type":"WebSite","@id":"https:\/\/portaltela.pt\/#website","url":"https:\/\/portaltela.pt\/","name":"Portal Tela Portugal","description":"","potentialAction":[{"@type":"SearchAction","target":{"@type":"EntryPoint","urlTemplate":"https:\/\/portaltela.pt\/?s={search_term_string}"},"query-input":{"@type":"PropertyValueSpecification","valueRequired":true,"valueName":"search_term_string"}}],"inLanguage":"pt-PT"},{"@type":"Person","@id":"https:\/\/portaltela.pt\/#\/schema\/person\/c4278d4a6028830caff9ee44b42d32ed","name":"Telinha","image":{"@type":"ImageObject","inLanguage":"pt-PT","@id":"https:\/\/portaltela.pt\/s.01k8rhncp4jt1\/2025\/11\/talking-bot-125x125.png","url":"https:\/\/portaltela.pt\/s.01k8rhncp4jt1\/2025\/11\/talking-bot-125x125.png","contentUrl":"https:\/\/portaltela.pt\/s.01k8rhncp4jt1\/2025\/11\/talking-bot-125x125.png","caption":"Telinha"},"sameAs":["https:\/\/portaltela.pt\/"],"url":"https:\/\/portaltela.pt\/por\/367410592786\/"}]}},"_links":{"self":[{"href":"https:\/\/portaltela.pt\/api\/wp\/v2\/posts\/108381","targetHints":{"allow":["GET"]}}],"collection":[{"href":"https:\/\/portaltela.pt\/api\/wp\/v2\/posts"}],"about":[{"href":"https:\/\/portaltela.pt\/api\/wp\/v2\/types\/post"}],"author":[{"embeddable":true,"href":"https:\/\/portaltela.pt\/api\/wp\/v2\/users\/2"}],"replies":[{"embeddable":true,"href":"https:\/\/portaltela.pt\/api\/wp\/v2\/comments?post=108381"}],"version-history":[{"count":0,"href":"https:\/\/portaltela.pt\/api\/wp\/v2\/posts\/108381\/revisions"}],"wp:featuredmedia":[{"embeddable":true,"href":"https:\/\/portaltela.pt\/api\/wp\/v2\/media\/108387"}],"wp:attachment":[{"href":"https:\/\/portaltela.pt\/api\/wp\/v2\/media?parent=108381"}],"wp:term":[{"taxonomy":"category","embeddable":true,"href":"https:\/\/portaltela.pt\/api\/wp\/v2\/categories?post=108381"},{"taxonomy":"post_tag","embeddable":true,"href":"https:\/\/portaltela.pt\/api\/wp\/v2\/tags?post=108381"}],"curies":[{"name":"wp","href":"https:\/\/api.w.org\/{rel}","templated":true}]}}