{"id":108359,"date":"2025-12-30T15:46:00","date_gmt":"2025-12-30T18:46:00","guid":{"rendered":"https:\/\/portaltela.pt\/noticias\/2025\/12\/30\/ventura-remove-cartazes-sobre-ciganos-diz-advogado-chega-fica-em-silencio\/"},"modified":"2025-12-30T15:46:00","modified_gmt":"2025-12-30T18:46:00","slug":"ventura-remove-cartazes-sobre-ciganos-diz-advogado-chega-fica-em-silencio","status":"publish","type":"post","link":"https:\/\/portaltela.pt\/noticias\/politica\/2025\/12\/30\/ventura-remove-cartazes-sobre-ciganos-diz-advogado-chega-fica-em-silencio\/","title":{"rendered":"Ventura remove cartazes sobre ciganos, diz advogado; Chega fica em sil\u00eancio"},"content":{"rendered":"<p>O tribunal c\u00edvel de Lisboa fixou o prazo para remover a mensagem publicada em outdoors, sob pena de consequ\u00eancias legais. Andr\u00e9 Ventura cumpriu a ordem judicial, segundo o advogado Ricardo S\u00e1 Fernandes, representante dos queixosos que ganharam a a\u00e7\u00e3o h\u00e1 uma semana.<\/p>\n<p>At\u00e9 ao momento, o Chega n\u00e3o confirmou nem desmentiu a remo\u00e7\u00e3o. O l\u00edder do partido manteve o sil\u00eancio sobre o cumprimento ou n\u00e3o da decis\u00e3o, ap\u00f3s ter partilhado nas redes sociais um v\u00eddeo recente de campanha em Vila Nova de Milfontes com um cartaz semelhante, mas com uma formula\u00e7\u00e3o diferente.<\/p>\n<p>Alega-se que o grupo de advogados dos queixosos considera que o conte\u00fado viola o direito ao bom nome e \u00e0 reputa\u00e7\u00e3o de seis pessoas de etnia cigana, conforme decidido pela ju\u00edza Ana Brand\u00e3o. A decis\u00e3o destacou a natureza discriminat\u00f3ria da mensagem e o seu impacto p\u00fablico.<\/p>\n<h3>Desenvolvimento do caso<\/h3>\n<p>O prazo para retirar os outdoors terminou nesta ter\u00e7a-feira, ap\u00f3s recurso apresentado por Ventura contra a condena\u00e7\u00e3o anterior. Questionado, o porta-voz do Chega optou pelo sil\u00eancio. A contagem de cartazes removidos na Margem Sul, no Alentejo e no Algarve aponta para uma redu\u00e7\u00e3o, sem confirma\u00e7\u00e3o oficial.<\/p>\n<h3>Cartaz e avalia\u00e7\u00e3o dos advogados<\/h3>\n<p>O novo cartaz promovido ap\u00f3s a decis\u00e3o continua a gerar d\u00favidas entre os advogados. O representante legal das partes afetadas afirmou que as seis pessoas consideradas encerram ainda a avalia\u00e7\u00e3o sobre eventuais pr\u00f3ximos passos legais. A inten\u00e7\u00e3o, diz, \u00e9 contribuir para a pacifica\u00e7\u00e3o social e a elimina\u00e7\u00e3o de comportamentos discriminat\u00f3rios.<\/p>\n","protected":false},"excerpt":{"rendered":"<ul>\n<li>O prazo fixado pelo tribunal c\u00edvel de Lisboa para retirar a mensagem pol\u00e9mica dos outdoors terminou na ter\u00e7a-feira; Andr\u00e9 Ventura afirmou ter cumprido a ordem.<\/li>\n<li>O advogado dos queixosos, Ricardo S\u00e1 Fernandes, disse que a remo\u00e7\u00e3o j\u00e1 foi efetuada, embora o Chega mantenha sil\u00eancio sobre a posi\u00e7\u00e3o oficial.<\/li>\n<li>O caso envolve cartazes com a frase \u201cos ciganos t\u00eam de cumprir a lei\u201d e um cartaz alternativo posteriormente publicado pelo candidato, numa arruada em Vila Nova de Milfontes.<\/li>\n<li>Em dezembro, a ju\u00edza Ana Brand\u00e3o considerou que a mensagem violava o direito \u00e0 honra e promovia discrimina\u00e7\u00e3o contra a comunidade cigana, rejeitando argumentos de liberdade de express\u00e3o.<\/li>\n<li>O advogado de Ventura afirma que os cartazes j\u00e1 n\u00e3o s\u00e3o vis\u00edveis noutras zonas, e o processo continua, com as pessoas de etnia cigana que contestaram o cartaz a ponderarem os pr\u00f3ximos passos.<\/li>\n<\/ul>\n","protected":false},"author":2,"featured_media":108364,"comment_status":"closed","ping_status":"closed","sticky":false,"template":"","format":"standard","meta":{"footnotes":""},"categories":[1,5],"tags":[823,1428,1695,1614,803,52],"class_list":["post-108359","post","type-post","status-publish","format-standard","has-post-thumbnail","hentry","category-noticias","category-politica","tag-campanha","tag-direitos-publicos","tag-discriminacao","tag-discriminacao-agravada","tag-justica","tag-tribunal"],"yoast_head":"<!-- This site is optimized with the Yoast SEO plugin v27.2 - https:\/\/yoast.com\/product\/yoast-seo-wordpress\/ -->\n<title>Ventura remove cartazes sobre ciganos, diz advogado; Chega fica em sil\u00eancio - Portal Tela Portugal<\/title>\n<meta name=\"robots\" content=\"index, follow, max-snippet:-1, max-image-preview:large, max-video-preview:-1\" \/>\n<meta property=\"og:locale\" content=\"pt_PT\" \/>\n<meta property=\"og:type\" content=\"article\" \/>\n<meta property=\"og:title\" content=\"Ventura remove cartazes sobre ciganos, diz advogado; Chega fica em sil\u00eancio - Portal Tela Portugal\" \/>\n<meta property=\"og:description\" content=\"O prazo fixado pelo tribunal c\u00edvel de Lisboa para retirar a mensagem pol\u00e9mica dos outdoors terminou na ter\u00e7a-feira; Andr\u00e9 Ventura afirmou ter cumprido a ordem. O advogado dos queixosos, Ricardo S\u00e1 Fernandes, disse que a remo\u00e7\u00e3o j\u00e1 foi efetuada, embora o Chega mantenha sil\u00eancio sobre a posi\u00e7\u00e3o oficial. O caso envolve cartazes com a frase \u201cos ciganos t\u00eam de cumprir a lei\u201d e um cartaz alternativo posteriormente publicado pelo candidato, numa arruada em Vila Nova de Milfontes. Em dezembro, a ju\u00edza Ana Brand\u00e3o considerou que a mensagem violava o direito \u00e0 honra e promovia discrimina\u00e7\u00e3o contra a comunidade cigana, rejeitando argumentos de liberdade de express\u00e3o. O advogado de Ventura afirma que os cartazes j\u00e1 n\u00e3o s\u00e3o vis\u00edveis noutras zonas, e o processo continua, com as pessoas de etnia cigana que contestaram o cartaz a ponderarem os pr\u00f3ximos passos.\" \/>\n<meta property=\"og:url\" content=\"https:\/\/portaltela.pt\/noticias\/2025\/12\/30\/ventura-remove-cartazes-sobre-ciganos-diz-advogado-chega-fica-em-silencio\/\" \/>\n<meta property=\"og:site_name\" content=\"Portal Tela Portugal\" \/>\n<meta property=\"article:published_time\" content=\"2025-12-30T18:46:00+00:00\" \/>\n<meta name=\"author\" content=\"Telinha\" \/>\n<meta name=\"twitter:card\" content=\"summary_large_image\" \/>\n<meta name=\"twitter:label1\" content=\"Escrito por\" \/>\n\t<meta name=\"twitter:data1\" content=\"Telinha\" \/>\n\t<meta name=\"twitter:label2\" content=\"Tempo estimado de leitura\" \/>\n\t<meta name=\"twitter:data2\" content=\"1 minuto\" \/>\n<script type=\"application\/ld+json\" class=\"yoast-schema-graph\">{\"@context\":\"https:\/\/schema.org\",\"@graph\":[{\"@type\":\"Article\",\"@id\":\"https:\/\/portaltela.pt\/noticias\/2025\/12\/30\/ventura-remove-cartazes-sobre-ciganos-diz-advogado-chega-fica-em-silencio\/#article\",\"isPartOf\":{\"@id\":\"https:\/\/portaltela.pt\/noticias\/2025\/12\/30\/ventura-remove-cartazes-sobre-ciganos-diz-advogado-chega-fica-em-silencio\/\"},\"author\":{\"name\":\"Telinha\",\"@id\":\"https:\/\/portaltela.pt\/#\/schema\/person\/c4278d4a6028830caff9ee44b42d32ed\"},\"headline\":\"Ventura remove cartazes sobre ciganos, diz advogado; Chega fica em sil\u00eancio\",\"datePublished\":\"2025-12-30T18:46:00+00:00\",\"mainEntityOfPage\":{\"@id\":\"https:\/\/portaltela.pt\/noticias\/2025\/12\/30\/ventura-remove-cartazes-sobre-ciganos-diz-advogado-chega-fica-em-silencio\/\"},\"wordCount\":287,\"image\":{\"@id\":\"https:\/\/portaltela.pt\/noticias\/2025\/12\/30\/ventura-remove-cartazes-sobre-ciganos-diz-advogado-chega-fica-em-silencio\/#primaryimage\"},\"thumbnailUrl\":\"https:\/\/portaltela.pt\/s.01k8rhncp4jt1\/2025\/12\/2055753.jpg\",\"keywords\":[\"campanha\",\"direitos p\u00fablicos\",\"discrimina\u00e7\u00e3o\",\"discrimina\u00e7\u00e3o agravada\",\"justi\u00e7a\",\"tribunal\"],\"articleSection\":[\"Not\u00edcias\",\"Pol\u00edtica\"],\"inLanguage\":\"pt-PT\"},{\"@type\":\"WebPage\",\"@id\":\"https:\/\/portaltela.pt\/noticias\/2025\/12\/30\/ventura-remove-cartazes-sobre-ciganos-diz-advogado-chega-fica-em-silencio\/\",\"url\":\"https:\/\/portaltela.pt\/noticias\/2025\/12\/30\/ventura-remove-cartazes-sobre-ciganos-diz-advogado-chega-fica-em-silencio\/\",\"name\":\"Ventura remove cartazes sobre ciganos, diz advogado; Chega fica em sil\u00eancio - Portal Tela Portugal\",\"isPartOf\":{\"@id\":\"https:\/\/portaltela.pt\/#website\"},\"primaryImageOfPage\":{\"@id\":\"https:\/\/portaltela.pt\/noticias\/2025\/12\/30\/ventura-remove-cartazes-sobre-ciganos-diz-advogado-chega-fica-em-silencio\/#primaryimage\"},\"image\":{\"@id\":\"https:\/\/portaltela.pt\/noticias\/2025\/12\/30\/ventura-remove-cartazes-sobre-ciganos-diz-advogado-chega-fica-em-silencio\/#primaryimage\"},\"thumbnailUrl\":\"https:\/\/portaltela.pt\/s.01k8rhncp4jt1\/2025\/12\/2055753.jpg\",\"datePublished\":\"2025-12-30T18:46:00+00:00\",\"author\":{\"@id\":\"https:\/\/portaltela.pt\/#\/schema\/person\/c4278d4a6028830caff9ee44b42d32ed\"},\"breadcrumb\":{\"@id\":\"https:\/\/portaltela.pt\/noticias\/2025\/12\/30\/ventura-remove-cartazes-sobre-ciganos-diz-advogado-chega-fica-em-silencio\/#breadcrumb\"},\"inLanguage\":\"pt-PT\",\"potentialAction\":[{\"@type\":\"ReadAction\",\"target\":[\"https:\/\/portaltela.pt\/noticias\/2025\/12\/30\/ventura-remove-cartazes-sobre-ciganos-diz-advogado-chega-fica-em-silencio\/\"]}]},{\"@type\":\"ImageObject\",\"inLanguage\":\"pt-PT\",\"@id\":\"https:\/\/portaltela.pt\/noticias\/2025\/12\/30\/ventura-remove-cartazes-sobre-ciganos-diz-advogado-chega-fica-em-silencio\/#primaryimage\",\"url\":\"https:\/\/portaltela.pt\/s.01k8rhncp4jt1\/2025\/12\/2055753.jpg\",\"contentUrl\":\"https:\/\/portaltela.pt\/s.01k8rhncp4jt1\/2025\/12\/2055753.jpg\",\"width\":796,\"height\":448,\"caption\":\"Novo cartaz de Andr\u00e9 Ventura \u00e0 entrada de Vila Nova de Milfontes, com mensagem alternativa \u00e0 que foi mandada retirar pelo tribunal\"},{\"@type\":\"BreadcrumbList\",\"@id\":\"https:\/\/portaltela.pt\/noticias\/2025\/12\/30\/ventura-remove-cartazes-sobre-ciganos-diz-advogado-chega-fica-em-silencio\/#breadcrumb\",\"itemListElement\":[{\"@type\":\"ListItem\",\"position\":1,\"name\":\"In\u00edcio\",\"item\":\"https:\/\/portaltela.pt\/\"},{\"@type\":\"ListItem\",\"position\":2,\"name\":\"Ventura remove cartazes sobre ciganos, diz advogado; Chega fica em sil\u00eancio\"}]},{\"@type\":\"WebSite\",\"@id\":\"https:\/\/portaltela.pt\/#website\",\"url\":\"https:\/\/portaltela.pt\/\",\"name\":\"Portal Tela Portugal\",\"description\":\"\",\"potentialAction\":[{\"@type\":\"SearchAction\",\"target\":{\"@type\":\"EntryPoint\",\"urlTemplate\":\"https:\/\/portaltela.pt\/?s={search_term_string}\"},\"query-input\":{\"@type\":\"PropertyValueSpecification\",\"valueRequired\":true,\"valueName\":\"search_term_string\"}}],\"inLanguage\":\"pt-PT\"},{\"@type\":\"Person\",\"@id\":\"https:\/\/portaltela.pt\/#\/schema\/person\/c4278d4a6028830caff9ee44b42d32ed\",\"name\":\"Telinha\",\"image\":{\"@type\":\"ImageObject\",\"inLanguage\":\"pt-PT\",\"@id\":\"https:\/\/portaltela.pt\/s.01k8rhncp4jt1\/2025\/11\/talking-bot-125x125.png\",\"url\":\"https:\/\/portaltela.pt\/s.01k8rhncp4jt1\/2025\/11\/talking-bot-125x125.png\",\"contentUrl\":\"https:\/\/portaltela.pt\/s.01k8rhncp4jt1\/2025\/11\/talking-bot-125x125.png\",\"caption\":\"Telinha\"},\"sameAs\":[\"https:\/\/portaltela.pt\/\"],\"url\":\"https:\/\/portaltela.pt\/por\/367410592786\/\"}]}<\/script>\n<!-- \/ Yoast SEO plugin. -->","yoast_head_json":{"title":"Ventura remove cartazes sobre ciganos, diz advogado; Chega fica em sil\u00eancio - Portal Tela Portugal","robots":{"index":"index","follow":"follow","max-snippet":"max-snippet:-1","max-image-preview":"max-image-preview:large","max-video-preview":"max-video-preview:-1"},"og_locale":"pt_PT","og_type":"article","og_title":"Ventura remove cartazes sobre ciganos, diz advogado; Chega fica em sil\u00eancio - Portal Tela Portugal","og_description":"O prazo fixado pelo tribunal c\u00edvel de Lisboa para retirar a mensagem pol\u00e9mica dos outdoors terminou na ter\u00e7a-feira; Andr\u00e9 Ventura afirmou ter cumprido a ordem. O advogado dos queixosos, Ricardo S\u00e1 Fernandes, disse que a remo\u00e7\u00e3o j\u00e1 foi efetuada, embora o Chega mantenha sil\u00eancio sobre a posi\u00e7\u00e3o oficial. O caso envolve cartazes com a frase \u201cos ciganos t\u00eam de cumprir a lei\u201d e um cartaz alternativo posteriormente publicado pelo candidato, numa arruada em Vila Nova de Milfontes. Em dezembro, a ju\u00edza Ana Brand\u00e3o considerou que a mensagem violava o direito \u00e0 honra e promovia discrimina\u00e7\u00e3o contra a comunidade cigana, rejeitando argumentos de liberdade de express\u00e3o. O advogado de Ventura afirma que os cartazes j\u00e1 n\u00e3o s\u00e3o vis\u00edveis noutras zonas, e o processo continua, com as pessoas de etnia cigana que contestaram o cartaz a ponderarem os pr\u00f3ximos passos.","og_url":"https:\/\/portaltela.pt\/noticias\/2025\/12\/30\/ventura-remove-cartazes-sobre-ciganos-diz-advogado-chega-fica-em-silencio\/","og_site_name":"Portal Tela Portugal","article_published_time":"2025-12-30T18:46:00+00:00","author":"Telinha","twitter_card":"summary_large_image","twitter_misc":{"Escrito por":"Telinha","Tempo estimado de leitura":"1 minuto"},"schema":{"@context":"https:\/\/schema.org","@graph":[{"@type":"Article","@id":"https:\/\/portaltela.pt\/noticias\/2025\/12\/30\/ventura-remove-cartazes-sobre-ciganos-diz-advogado-chega-fica-em-silencio\/#article","isPartOf":{"@id":"https:\/\/portaltela.pt\/noticias\/2025\/12\/30\/ventura-remove-cartazes-sobre-ciganos-diz-advogado-chega-fica-em-silencio\/"},"author":{"name":"Telinha","@id":"https:\/\/portaltela.pt\/#\/schema\/person\/c4278d4a6028830caff9ee44b42d32ed"},"headline":"Ventura remove cartazes sobre ciganos, diz advogado; Chega fica em sil\u00eancio","datePublished":"2025-12-30T18:46:00+00:00","mainEntityOfPage":{"@id":"https:\/\/portaltela.pt\/noticias\/2025\/12\/30\/ventura-remove-cartazes-sobre-ciganos-diz-advogado-chega-fica-em-silencio\/"},"wordCount":287,"image":{"@id":"https:\/\/portaltela.pt\/noticias\/2025\/12\/30\/ventura-remove-cartazes-sobre-ciganos-diz-advogado-chega-fica-em-silencio\/#primaryimage"},"thumbnailUrl":"https:\/\/portaltela.pt\/s.01k8rhncp4jt1\/2025\/12\/2055753.jpg","keywords":["campanha","direitos p\u00fablicos","discrimina\u00e7\u00e3o","discrimina\u00e7\u00e3o agravada","justi\u00e7a","tribunal"],"articleSection":["Not\u00edcias","Pol\u00edtica"],"inLanguage":"pt-PT"},{"@type":"WebPage","@id":"https:\/\/portaltela.pt\/noticias\/2025\/12\/30\/ventura-remove-cartazes-sobre-ciganos-diz-advogado-chega-fica-em-silencio\/","url":"https:\/\/portaltela.pt\/noticias\/2025\/12\/30\/ventura-remove-cartazes-sobre-ciganos-diz-advogado-chega-fica-em-silencio\/","name":"Ventura remove cartazes sobre ciganos, diz advogado; Chega fica em sil\u00eancio - Portal Tela Portugal","isPartOf":{"@id":"https:\/\/portaltela.pt\/#website"},"primaryImageOfPage":{"@id":"https:\/\/portaltela.pt\/noticias\/2025\/12\/30\/ventura-remove-cartazes-sobre-ciganos-diz-advogado-chega-fica-em-silencio\/#primaryimage"},"image":{"@id":"https:\/\/portaltela.pt\/noticias\/2025\/12\/30\/ventura-remove-cartazes-sobre-ciganos-diz-advogado-chega-fica-em-silencio\/#primaryimage"},"thumbnailUrl":"https:\/\/portaltela.pt\/s.01k8rhncp4jt1\/2025\/12\/2055753.jpg","datePublished":"2025-12-30T18:46:00+00:00","author":{"@id":"https:\/\/portaltela.pt\/#\/schema\/person\/c4278d4a6028830caff9ee44b42d32ed"},"breadcrumb":{"@id":"https:\/\/portaltela.pt\/noticias\/2025\/12\/30\/ventura-remove-cartazes-sobre-ciganos-diz-advogado-chega-fica-em-silencio\/#breadcrumb"},"inLanguage":"pt-PT","potentialAction":[{"@type":"ReadAction","target":["https:\/\/portaltela.pt\/noticias\/2025\/12\/30\/ventura-remove-cartazes-sobre-ciganos-diz-advogado-chega-fica-em-silencio\/"]}]},{"@type":"ImageObject","inLanguage":"pt-PT","@id":"https:\/\/portaltela.pt\/noticias\/2025\/12\/30\/ventura-remove-cartazes-sobre-ciganos-diz-advogado-chega-fica-em-silencio\/#primaryimage","url":"https:\/\/portaltela.pt\/s.01k8rhncp4jt1\/2025\/12\/2055753.jpg","contentUrl":"https:\/\/portaltela.pt\/s.01k8rhncp4jt1\/2025\/12\/2055753.jpg","width":796,"height":448,"caption":"Novo cartaz de Andr\u00e9 Ventura \u00e0 entrada de Vila Nova de Milfontes, com mensagem alternativa \u00e0 que foi mandada retirar pelo tribunal"},{"@type":"BreadcrumbList","@id":"https:\/\/portaltela.pt\/noticias\/2025\/12\/30\/ventura-remove-cartazes-sobre-ciganos-diz-advogado-chega-fica-em-silencio\/#breadcrumb","itemListElement":[{"@type":"ListItem","position":1,"name":"In\u00edcio","item":"https:\/\/portaltela.pt\/"},{"@type":"ListItem","position":2,"name":"Ventura remove cartazes sobre ciganos, diz advogado; Chega fica em sil\u00eancio"}]},{"@type":"WebSite","@id":"https:\/\/portaltela.pt\/#website","url":"https:\/\/portaltela.pt\/","name":"Portal Tela Portugal","description":"","potentialAction":[{"@type":"SearchAction","target":{"@type":"EntryPoint","urlTemplate":"https:\/\/portaltela.pt\/?s={search_term_string}"},"query-input":{"@type":"PropertyValueSpecification","valueRequired":true,"valueName":"search_term_string"}}],"inLanguage":"pt-PT"},{"@type":"Person","@id":"https:\/\/portaltela.pt\/#\/schema\/person\/c4278d4a6028830caff9ee44b42d32ed","name":"Telinha","image":{"@type":"ImageObject","inLanguage":"pt-PT","@id":"https:\/\/portaltela.pt\/s.01k8rhncp4jt1\/2025\/11\/talking-bot-125x125.png","url":"https:\/\/portaltela.pt\/s.01k8rhncp4jt1\/2025\/11\/talking-bot-125x125.png","contentUrl":"https:\/\/portaltela.pt\/s.01k8rhncp4jt1\/2025\/11\/talking-bot-125x125.png","caption":"Telinha"},"sameAs":["https:\/\/portaltela.pt\/"],"url":"https:\/\/portaltela.pt\/por\/367410592786\/"}]}},"_links":{"self":[{"href":"https:\/\/portaltela.pt\/api\/wp\/v2\/posts\/108359","targetHints":{"allow":["GET"]}}],"collection":[{"href":"https:\/\/portaltela.pt\/api\/wp\/v2\/posts"}],"about":[{"href":"https:\/\/portaltela.pt\/api\/wp\/v2\/types\/post"}],"author":[{"embeddable":true,"href":"https:\/\/portaltela.pt\/api\/wp\/v2\/users\/2"}],"replies":[{"embeddable":true,"href":"https:\/\/portaltela.pt\/api\/wp\/v2\/comments?post=108359"}],"version-history":[{"count":0,"href":"https:\/\/portaltela.pt\/api\/wp\/v2\/posts\/108359\/revisions"}],"wp:featuredmedia":[{"embeddable":true,"href":"https:\/\/portaltela.pt\/api\/wp\/v2\/media\/108364"}],"wp:attachment":[{"href":"https:\/\/portaltela.pt\/api\/wp\/v2\/media?parent=108359"}],"wp:term":[{"taxonomy":"category","embeddable":true,"href":"https:\/\/portaltela.pt\/api\/wp\/v2\/categories?post=108359"},{"taxonomy":"post_tag","embeddable":true,"href":"https:\/\/portaltela.pt\/api\/wp\/v2\/tags?post=108359"}],"curies":[{"name":"wp","href":"https:\/\/api.w.org\/{rel}","templated":true}]}}