{"id":108295,"date":"2025-12-30T15:07:00","date_gmt":"2025-12-30T18:07:00","guid":{"rendered":"https:\/\/portaltela.pt\/noticias\/2025\/12\/30\/candidatos-preveem-gastar-49-milhoes-de-euros-mendes-lidera-em-custos\/"},"modified":"2025-12-30T15:07:00","modified_gmt":"2025-12-30T18:07:00","slug":"candidatos-preveem-gastar-49-milhoes-de-euros-mendes-lidera-em-custos","status":"publish","type":"post","link":"https:\/\/portaltela.pt\/noticias\/politica\/2025\/12\/30\/candidatos-preveem-gastar-49-milhoes-de-euros-mendes-lidera-em-custos\/","title":{"rendered":"Candidatos preveem gastar 4,9 milh\u00f5es de euros; Mendes lidera em custos"},"content":{"rendered":"<p>Os candidatos \u00e0s presidenciais estimam gastar mais de 4,9 milh\u00f5es de euros na campanha, segundo a Entidade das Contas e Financiamentos Pol\u00edticos. Lu\u00eds Marques Mendes encabe\u00e7a a lista com 1,32 milh\u00f5es de euros previstos. As contas s\u00e3o relativas ao or\u00e7amento de campanha, j\u00e1 reportado, e com refer\u00eancia a 2021.<\/p>\n<p>Das 11 candidaturas admitidas pelo Tribunal Constitucional, duas n\u00e3o entregaram os or\u00e7amentos: Jo\u00e3o Cotrim Figueiredo e Humberto Correia. O total or\u00e7amentado representa um acr\u00e9scimo de 3,8 milh\u00f5es de euros face a 2021, per\u00edodo ainda afetado pela pandemia.<\/p>\n<h3>Or\u00e7amento e principais prioridades<\/h3>\n<p>Entre os candidatos, Mendes figura como o mais dispendioso, seguido de Ant\u00f3nio Jos\u00e9 Seguro, Gouveia e Melo e Andr\u00e9 Ventura. Seguro apresenta a maior previs\u00e3o de receitas, com donativos, elevando o total dispon\u00edvel para 1,49 milh\u00f5es de euros.<\/p>\n<p>Seguro recebe 1,09 milh\u00f5es de subven\u00e7\u00e3o estatal e 225 mil euros em donativos, superando Mendes, que conta com 1 milh\u00e3o em subven\u00e7\u00e3o e 320 mil em donativos. Gouveia e Melo prev\u00ea 700 mil de subven\u00e7\u00e3o e 300 mil em doa\u00e7\u00f5es; Ventura estima 400 mil de subven\u00e7\u00e3o e 300 mil em donativos.<\/p>\n<h3>Estrutura de financiamento e despesas<\/h3>\n<p>Mendes prev\u00ea investir sobretudo na conce\u00e7\u00e3o da campanha (400 mil euros), seguido de gastos com propaganda e cartazes por Seguro (450 mil) e Ventura (350 mil). Gouveia e Melo aponta 280 mil na conce\u00e7\u00e3o. Os restantes pontos de despesa variam entre candidatos menos expostos na \u00e1rea de divulga\u00e7\u00e3o.<\/p>\n<p>Entre os restantes candidatos, Ant\u00f3nio Filipe prev\u00ea 395 mil euros, Jorge Pinto 97 mil e Catarina Martins 50,4 mil. Os partidos n\u00e3o fornecem financiamento para as listas apoiadas pelo Livre e pelo Bloco de Esquerda. Andr\u00e9 Pestana e Manuel Jo\u00e3o Vieira aparecem com or\u00e7amentos muito baixos.<\/p>\n<h3>Dados adicionais e datas das elei\u00e7\u00f5es<\/h3>\n<p>A campanha decorre entre 4 e 16 de janeiro de 2026, com as elei\u00e7\u00f5es marcadas para 18 de janeiro. O conjunto de candidaturas \u00e9 considerado recorde, elevando a fasquia de participa\u00e7\u00e3o na hist\u00f3ria democr\u00e1tica desde 1976. Confirmam\u2011se os nomes de Gouveia e Melo, Mendes, Seguro, Catarina Martins, Ant\u00f3nio Filipe, Humberto Correia, Andr\u00e9 Pestana, Jorge Pinto, Cotrim Figueiredo e Manuel Jo\u00e3o Vieira.<\/p>\n<p>As informa\u00e7\u00f5es indicam uma corrida competitiva, com v\u00e1rias forma\u00e7\u00f5es a contarem com subven\u00e7\u00f5es estatais significativas e donativos diversificados, refletindo a diversidade de apoios e estrat\u00e9gias de comunica\u00e7\u00e3o para o escrut\u00ednio de 18 de janeiro de 2026.<\/p>\n","protected":false},"excerpt":{"rendered":"<ul>\n<li>Os candidatos presidenciais estimam gastar mais de 4,9 milh\u00f5es de euros na campanha, com Mendes a ser o or\u00e7amento mais elevado (1,32 milh\u00f5es de euros).<\/li>\n<li>Entre as 11 candidaturas admitidas pelo Tribunal Constitucional, duas n\u00e3o entregaram or\u00e7amentos de campanha (Cotirm Figueiredo e Humberto Correia).<\/li>\n<li>Seguro \u00e9 quem antecipa maior receita, com donativos de 225 mil euros, elevando o total dispon\u00edvel para 1,49 milh\u00f5es de euros.<\/li>\n<li>A subven\u00e7\u00e3o estatal prevista varia por candidato, destacando 1,09 milh\u00f5es de euros para Ant\u00f3nio Jos\u00e9 Seguro e 1 milh\u00e3o de euros para Lu\u00eds Marques Mendes.<\/li>\n<li>A elei\u00e7\u00e3o est\u00e1 marcada para 18 de janeiro de 2026, com a campanha ocorrendo entre 04 e 16 de janeiro.<\/li>\n<\/ul>\n","protected":false},"author":2,"featured_media":108300,"comment_status":"closed","ping_status":"closed","sticky":false,"template":"","format":"standard","meta":{"footnotes":""},"categories":[1,5],"tags":[823,68,733,1755,34,1732],"class_list":["post-108295","post","type-post","status-publish","format-standard","has-post-thumbnail","hentry","category-noticias","category-politica","tag-campanha","tag-eleicoes","tag-financas-publicas","tag-financiamento-de-campanhas","tag-governo","tag-partidos"],"yoast_head":"<!-- This site is optimized with the Yoast SEO plugin v27.2 - https:\/\/yoast.com\/product\/yoast-seo-wordpress\/ -->\n<title>Candidatos preveem gastar 4,9 milh\u00f5es de euros; Mendes lidera em custos - Portal Tela Portugal<\/title>\n<meta name=\"robots\" content=\"index, follow, max-snippet:-1, max-image-preview:large, max-video-preview:-1\" \/>\n<meta property=\"og:locale\" content=\"pt_PT\" \/>\n<meta property=\"og:type\" content=\"article\" \/>\n<meta property=\"og:title\" content=\"Candidatos preveem gastar 4,9 milh\u00f5es de euros; Mendes lidera em custos - Portal Tela Portugal\" \/>\n<meta property=\"og:description\" content=\"Os candidatos presidenciais estimam gastar mais de 4,9 milh\u00f5es de euros na campanha, com Mendes a ser o or\u00e7amento mais elevado (1,32 milh\u00f5es de euros). Entre as 11 candidaturas admitidas pelo Tribunal Constitucional, duas n\u00e3o entregaram or\u00e7amentos de campanha (Cotirm Figueiredo e Humberto Correia). Seguro \u00e9 quem antecipa maior receita, com donativos de 225 mil euros, elevando o total dispon\u00edvel para 1,49 milh\u00f5es de euros. A subven\u00e7\u00e3o estatal prevista varia por candidato, destacando 1,09 milh\u00f5es de euros para Ant\u00f3nio Jos\u00e9 Seguro e 1 milh\u00e3o de euros para Lu\u00eds Marques Mendes. A elei\u00e7\u00e3o est\u00e1 marcada para 18 de janeiro de 2026, com a campanha ocorrendo entre 04 e 16 de janeiro.\" \/>\n<meta property=\"og:url\" content=\"https:\/\/portaltela.pt\/noticias\/2025\/12\/30\/candidatos-preveem-gastar-49-milhoes-de-euros-mendes-lidera-em-custos\/\" \/>\n<meta property=\"og:site_name\" content=\"Portal Tela Portugal\" \/>\n<meta property=\"article:published_time\" content=\"2025-12-30T18:07:00+00:00\" \/>\n<meta name=\"author\" content=\"Telinha\" \/>\n<meta name=\"twitter:card\" content=\"summary_large_image\" \/>\n<meta name=\"twitter:label1\" content=\"Escrito por\" \/>\n\t<meta name=\"twitter:data1\" content=\"Telinha\" \/>\n\t<meta name=\"twitter:label2\" content=\"Tempo estimado de leitura\" \/>\n\t<meta name=\"twitter:data2\" content=\"2 minutos\" \/>\n<script type=\"application\/ld+json\" class=\"yoast-schema-graph\">{\"@context\":\"https:\/\/schema.org\",\"@graph\":[{\"@type\":\"Article\",\"@id\":\"https:\/\/portaltela.pt\/noticias\/2025\/12\/30\/candidatos-preveem-gastar-49-milhoes-de-euros-mendes-lidera-em-custos\/#article\",\"isPartOf\":{\"@id\":\"https:\/\/portaltela.pt\/noticias\/2025\/12\/30\/candidatos-preveem-gastar-49-milhoes-de-euros-mendes-lidera-em-custos\/\"},\"author\":{\"name\":\"Telinha\",\"@id\":\"https:\/\/portaltela.pt\/#\/schema\/person\/c4278d4a6028830caff9ee44b42d32ed\"},\"headline\":\"Candidatos preveem gastar 4,9 milh\u00f5es de euros; Mendes lidera em custos\",\"datePublished\":\"2025-12-30T18:07:00+00:00\",\"mainEntityOfPage\":{\"@id\":\"https:\/\/portaltela.pt\/noticias\/2025\/12\/30\/candidatos-preveem-gastar-49-milhoes-de-euros-mendes-lidera-em-custos\/\"},\"wordCount\":411,\"image\":{\"@id\":\"https:\/\/portaltela.pt\/noticias\/2025\/12\/30\/candidatos-preveem-gastar-49-milhoes-de-euros-mendes-lidera-em-custos\/#primaryimage\"},\"thumbnailUrl\":\"https:\/\/portaltela.pt\/s.01k8rhncp4jt1\/2025\/12\/unnamed-file-2592.jpg\",\"keywords\":[\"campanha\",\"elei\u00e7\u00f5es\",\"finan\u00e7as p\u00fablicas\",\"financiamento de campanhas\",\"governo\",\"partidos\"],\"articleSection\":[\"Not\u00edcias\",\"Pol\u00edtica\"],\"inLanguage\":\"pt-PT\"},{\"@type\":\"WebPage\",\"@id\":\"https:\/\/portaltela.pt\/noticias\/2025\/12\/30\/candidatos-preveem-gastar-49-milhoes-de-euros-mendes-lidera-em-custos\/\",\"url\":\"https:\/\/portaltela.pt\/noticias\/2025\/12\/30\/candidatos-preveem-gastar-49-milhoes-de-euros-mendes-lidera-em-custos\/\",\"name\":\"Candidatos preveem gastar 4,9 milh\u00f5es de euros; Mendes lidera em custos - Portal Tela Portugal\",\"isPartOf\":{\"@id\":\"https:\/\/portaltela.pt\/#website\"},\"primaryImageOfPage\":{\"@id\":\"https:\/\/portaltela.pt\/noticias\/2025\/12\/30\/candidatos-preveem-gastar-49-milhoes-de-euros-mendes-lidera-em-custos\/#primaryimage\"},\"image\":{\"@id\":\"https:\/\/portaltela.pt\/noticias\/2025\/12\/30\/candidatos-preveem-gastar-49-milhoes-de-euros-mendes-lidera-em-custos\/#primaryimage\"},\"thumbnailUrl\":\"https:\/\/portaltela.pt\/s.01k8rhncp4jt1\/2025\/12\/unnamed-file-2592.jpg\",\"datePublished\":\"2025-12-30T18:07:00+00:00\",\"author\":{\"@id\":\"https:\/\/portaltela.pt\/#\/schema\/person\/c4278d4a6028830caff9ee44b42d32ed\"},\"breadcrumb\":{\"@id\":\"https:\/\/portaltela.pt\/noticias\/2025\/12\/30\/candidatos-preveem-gastar-49-milhoes-de-euros-mendes-lidera-em-custos\/#breadcrumb\"},\"inLanguage\":\"pt-PT\",\"potentialAction\":[{\"@type\":\"ReadAction\",\"target\":[\"https:\/\/portaltela.pt\/noticias\/2025\/12\/30\/candidatos-preveem-gastar-49-milhoes-de-euros-mendes-lidera-em-custos\/\"]}]},{\"@type\":\"ImageObject\",\"inLanguage\":\"pt-PT\",\"@id\":\"https:\/\/portaltela.pt\/noticias\/2025\/12\/30\/candidatos-preveem-gastar-49-milhoes-de-euros-mendes-lidera-em-custos\/#primaryimage\",\"url\":\"https:\/\/portaltela.pt\/s.01k8rhncp4jt1\/2025\/12\/unnamed-file-2592.jpg\",\"contentUrl\":\"https:\/\/portaltela.pt\/s.01k8rhncp4jt1\/2025\/12\/unnamed-file-2592.jpg\",\"width\":796,\"height\":448,\"caption\":\"Candidatos esperam gastar mais de 4,9 milh\u00f5es de euros e Mendes tem a campanha mais cara\"},{\"@type\":\"BreadcrumbList\",\"@id\":\"https:\/\/portaltela.pt\/noticias\/2025\/12\/30\/candidatos-preveem-gastar-49-milhoes-de-euros-mendes-lidera-em-custos\/#breadcrumb\",\"itemListElement\":[{\"@type\":\"ListItem\",\"position\":1,\"name\":\"In\u00edcio\",\"item\":\"https:\/\/portaltela.pt\/\"},{\"@type\":\"ListItem\",\"position\":2,\"name\":\"Candidatos preveem gastar 4,9 milh\u00f5es de euros; Mendes lidera em custos\"}]},{\"@type\":\"WebSite\",\"@id\":\"https:\/\/portaltela.pt\/#website\",\"url\":\"https:\/\/portaltela.pt\/\",\"name\":\"Portal Tela Portugal\",\"description\":\"\",\"potentialAction\":[{\"@type\":\"SearchAction\",\"target\":{\"@type\":\"EntryPoint\",\"urlTemplate\":\"https:\/\/portaltela.pt\/?s={search_term_string}\"},\"query-input\":{\"@type\":\"PropertyValueSpecification\",\"valueRequired\":true,\"valueName\":\"search_term_string\"}}],\"inLanguage\":\"pt-PT\"},{\"@type\":\"Person\",\"@id\":\"https:\/\/portaltela.pt\/#\/schema\/person\/c4278d4a6028830caff9ee44b42d32ed\",\"name\":\"Telinha\",\"image\":{\"@type\":\"ImageObject\",\"inLanguage\":\"pt-PT\",\"@id\":\"https:\/\/portaltela.pt\/s.01k8rhncp4jt1\/2025\/11\/talking-bot-125x125.png\",\"url\":\"https:\/\/portaltela.pt\/s.01k8rhncp4jt1\/2025\/11\/talking-bot-125x125.png\",\"contentUrl\":\"https:\/\/portaltela.pt\/s.01k8rhncp4jt1\/2025\/11\/talking-bot-125x125.png\",\"caption\":\"Telinha\"},\"sameAs\":[\"https:\/\/portaltela.pt\/\"],\"url\":\"https:\/\/portaltela.pt\/por\/367410592786\/\"}]}<\/script>\n<!-- \/ Yoast SEO plugin. -->","yoast_head_json":{"title":"Candidatos preveem gastar 4,9 milh\u00f5es de euros; Mendes lidera em custos - Portal Tela Portugal","robots":{"index":"index","follow":"follow","max-snippet":"max-snippet:-1","max-image-preview":"max-image-preview:large","max-video-preview":"max-video-preview:-1"},"og_locale":"pt_PT","og_type":"article","og_title":"Candidatos preveem gastar 4,9 milh\u00f5es de euros; Mendes lidera em custos - Portal Tela Portugal","og_description":"Os candidatos presidenciais estimam gastar mais de 4,9 milh\u00f5es de euros na campanha, com Mendes a ser o or\u00e7amento mais elevado (1,32 milh\u00f5es de euros). Entre as 11 candidaturas admitidas pelo Tribunal Constitucional, duas n\u00e3o entregaram or\u00e7amentos de campanha (Cotirm Figueiredo e Humberto Correia). Seguro \u00e9 quem antecipa maior receita, com donativos de 225 mil euros, elevando o total dispon\u00edvel para 1,49 milh\u00f5es de euros. A subven\u00e7\u00e3o estatal prevista varia por candidato, destacando 1,09 milh\u00f5es de euros para Ant\u00f3nio Jos\u00e9 Seguro e 1 milh\u00e3o de euros para Lu\u00eds Marques Mendes. A elei\u00e7\u00e3o est\u00e1 marcada para 18 de janeiro de 2026, com a campanha ocorrendo entre 04 e 16 de janeiro.","og_url":"https:\/\/portaltela.pt\/noticias\/2025\/12\/30\/candidatos-preveem-gastar-49-milhoes-de-euros-mendes-lidera-em-custos\/","og_site_name":"Portal Tela Portugal","article_published_time":"2025-12-30T18:07:00+00:00","author":"Telinha","twitter_card":"summary_large_image","twitter_misc":{"Escrito por":"Telinha","Tempo estimado de leitura":"2 minutos"},"schema":{"@context":"https:\/\/schema.org","@graph":[{"@type":"Article","@id":"https:\/\/portaltela.pt\/noticias\/2025\/12\/30\/candidatos-preveem-gastar-49-milhoes-de-euros-mendes-lidera-em-custos\/#article","isPartOf":{"@id":"https:\/\/portaltela.pt\/noticias\/2025\/12\/30\/candidatos-preveem-gastar-49-milhoes-de-euros-mendes-lidera-em-custos\/"},"author":{"name":"Telinha","@id":"https:\/\/portaltela.pt\/#\/schema\/person\/c4278d4a6028830caff9ee44b42d32ed"},"headline":"Candidatos preveem gastar 4,9 milh\u00f5es de euros; Mendes lidera em custos","datePublished":"2025-12-30T18:07:00+00:00","mainEntityOfPage":{"@id":"https:\/\/portaltela.pt\/noticias\/2025\/12\/30\/candidatos-preveem-gastar-49-milhoes-de-euros-mendes-lidera-em-custos\/"},"wordCount":411,"image":{"@id":"https:\/\/portaltela.pt\/noticias\/2025\/12\/30\/candidatos-preveem-gastar-49-milhoes-de-euros-mendes-lidera-em-custos\/#primaryimage"},"thumbnailUrl":"https:\/\/portaltela.pt\/s.01k8rhncp4jt1\/2025\/12\/unnamed-file-2592.jpg","keywords":["campanha","elei\u00e7\u00f5es","finan\u00e7as p\u00fablicas","financiamento de campanhas","governo","partidos"],"articleSection":["Not\u00edcias","Pol\u00edtica"],"inLanguage":"pt-PT"},{"@type":"WebPage","@id":"https:\/\/portaltela.pt\/noticias\/2025\/12\/30\/candidatos-preveem-gastar-49-milhoes-de-euros-mendes-lidera-em-custos\/","url":"https:\/\/portaltela.pt\/noticias\/2025\/12\/30\/candidatos-preveem-gastar-49-milhoes-de-euros-mendes-lidera-em-custos\/","name":"Candidatos preveem gastar 4,9 milh\u00f5es de euros; Mendes lidera em custos - Portal Tela Portugal","isPartOf":{"@id":"https:\/\/portaltela.pt\/#website"},"primaryImageOfPage":{"@id":"https:\/\/portaltela.pt\/noticias\/2025\/12\/30\/candidatos-preveem-gastar-49-milhoes-de-euros-mendes-lidera-em-custos\/#primaryimage"},"image":{"@id":"https:\/\/portaltela.pt\/noticias\/2025\/12\/30\/candidatos-preveem-gastar-49-milhoes-de-euros-mendes-lidera-em-custos\/#primaryimage"},"thumbnailUrl":"https:\/\/portaltela.pt\/s.01k8rhncp4jt1\/2025\/12\/unnamed-file-2592.jpg","datePublished":"2025-12-30T18:07:00+00:00","author":{"@id":"https:\/\/portaltela.pt\/#\/schema\/person\/c4278d4a6028830caff9ee44b42d32ed"},"breadcrumb":{"@id":"https:\/\/portaltela.pt\/noticias\/2025\/12\/30\/candidatos-preveem-gastar-49-milhoes-de-euros-mendes-lidera-em-custos\/#breadcrumb"},"inLanguage":"pt-PT","potentialAction":[{"@type":"ReadAction","target":["https:\/\/portaltela.pt\/noticias\/2025\/12\/30\/candidatos-preveem-gastar-49-milhoes-de-euros-mendes-lidera-em-custos\/"]}]},{"@type":"ImageObject","inLanguage":"pt-PT","@id":"https:\/\/portaltela.pt\/noticias\/2025\/12\/30\/candidatos-preveem-gastar-49-milhoes-de-euros-mendes-lidera-em-custos\/#primaryimage","url":"https:\/\/portaltela.pt\/s.01k8rhncp4jt1\/2025\/12\/unnamed-file-2592.jpg","contentUrl":"https:\/\/portaltela.pt\/s.01k8rhncp4jt1\/2025\/12\/unnamed-file-2592.jpg","width":796,"height":448,"caption":"Candidatos esperam gastar mais de 4,9 milh\u00f5es de euros e Mendes tem a campanha mais cara"},{"@type":"BreadcrumbList","@id":"https:\/\/portaltela.pt\/noticias\/2025\/12\/30\/candidatos-preveem-gastar-49-milhoes-de-euros-mendes-lidera-em-custos\/#breadcrumb","itemListElement":[{"@type":"ListItem","position":1,"name":"In\u00edcio","item":"https:\/\/portaltela.pt\/"},{"@type":"ListItem","position":2,"name":"Candidatos preveem gastar 4,9 milh\u00f5es de euros; Mendes lidera em custos"}]},{"@type":"WebSite","@id":"https:\/\/portaltela.pt\/#website","url":"https:\/\/portaltela.pt\/","name":"Portal Tela Portugal","description":"","potentialAction":[{"@type":"SearchAction","target":{"@type":"EntryPoint","urlTemplate":"https:\/\/portaltela.pt\/?s={search_term_string}"},"query-input":{"@type":"PropertyValueSpecification","valueRequired":true,"valueName":"search_term_string"}}],"inLanguage":"pt-PT"},{"@type":"Person","@id":"https:\/\/portaltela.pt\/#\/schema\/person\/c4278d4a6028830caff9ee44b42d32ed","name":"Telinha","image":{"@type":"ImageObject","inLanguage":"pt-PT","@id":"https:\/\/portaltela.pt\/s.01k8rhncp4jt1\/2025\/11\/talking-bot-125x125.png","url":"https:\/\/portaltela.pt\/s.01k8rhncp4jt1\/2025\/11\/talking-bot-125x125.png","contentUrl":"https:\/\/portaltela.pt\/s.01k8rhncp4jt1\/2025\/11\/talking-bot-125x125.png","caption":"Telinha"},"sameAs":["https:\/\/portaltela.pt\/"],"url":"https:\/\/portaltela.pt\/por\/367410592786\/"}]}},"_links":{"self":[{"href":"https:\/\/portaltela.pt\/api\/wp\/v2\/posts\/108295","targetHints":{"allow":["GET"]}}],"collection":[{"href":"https:\/\/portaltela.pt\/api\/wp\/v2\/posts"}],"about":[{"href":"https:\/\/portaltela.pt\/api\/wp\/v2\/types\/post"}],"author":[{"embeddable":true,"href":"https:\/\/portaltela.pt\/api\/wp\/v2\/users\/2"}],"replies":[{"embeddable":true,"href":"https:\/\/portaltela.pt\/api\/wp\/v2\/comments?post=108295"}],"version-history":[{"count":0,"href":"https:\/\/portaltela.pt\/api\/wp\/v2\/posts\/108295\/revisions"}],"wp:featuredmedia":[{"embeddable":true,"href":"https:\/\/portaltela.pt\/api\/wp\/v2\/media\/108300"}],"wp:attachment":[{"href":"https:\/\/portaltela.pt\/api\/wp\/v2\/media?parent=108295"}],"wp:term":[{"taxonomy":"category","embeddable":true,"href":"https:\/\/portaltela.pt\/api\/wp\/v2\/categories?post=108295"},{"taxonomy":"post_tag","embeddable":true,"href":"https:\/\/portaltela.pt\/api\/wp\/v2\/tags?post=108295"}],"curies":[{"name":"wp","href":"https:\/\/api.w.org\/{rel}","templated":true}]}}