{"id":108262,"date":"2025-12-30T15:06:00","date_gmt":"2025-12-30T18:06:00","guid":{"rendered":"https:\/\/portaltela.pt\/noticias\/2025\/12\/30\/candidatos-preveem-gastar-49-milhoes-marques-mendes-tem-a-campanha-mais-cara\/"},"modified":"2025-12-30T15:06:00","modified_gmt":"2025-12-30T18:06:00","slug":"candidatos-preveem-gastar-49-milhoes-marques-mendes-tem-a-campanha-mais-cara","status":"publish","type":"post","link":"https:\/\/portaltela.pt\/noticias\/politica\/2025\/12\/30\/candidatos-preveem-gastar-49-milhoes-marques-mendes-tem-a-campanha-mais-cara\/","title":{"rendered":"Candidatos prev\u00eaem gastar 4,9 milh\u00f5es; Marques Mendes tem a campanha mais cara"},"content":{"rendered":"<p>Os candidatos \u00e0s presidenciais de 2026 esperam gastar mais de 4,9 milh\u00f5es de euros na campanha, segundo dados divulgados pela Entidade das Contas e Financiamentos Pol\u00edticos (ECFP). O valor \u00e9 superior em 3,8 milh\u00f5es face \u00e0 campanha de 2021, realizada durante a pandemia.<\/p>\n<p>Lu\u00eds Marques Mendes \u00e9 quem prev\u00ea a despesa mais alta, com 1,32 milh\u00f5es de euros. Seguem-se Ant\u00f3nio Jos\u00e9 Seguro, com 1,13 milh\u00f5es, e Gouveia e Melo, estimando perto de 1 milh\u00e3o. Andr\u00e9 Ventura fica em torno de 900 mil euros.<\/p>\n<p>Das 11 candidaturas admitidas pelo Tribunal Constitucional, Jo\u00e3o Cotrim Figueiredo e Humberto Correia n\u00e3o apresentaram or\u00e7amentos de campanha. Seguro apresenta a maior previs\u00e3o de receitas, com donativos em esp\u00e9cie de 225 mil euros que elevam o total dispon\u00edvel para a campanha.<\/p>\n<h3>Financiamento e despesas<\/h3>\n<p>Seguro tamb\u00e9m espera receber a subven\u00e7\u00e3o estatal mais elevada, de 1,09 milh\u00f5es de euros, e n\u00e3o conta com apoio direto do partido. Marques Mendes prev\u00ea uma subven\u00e7\u00e3o de 1 milh\u00e3o de euros e 320 mil em donativos. Gouveia e Melo estimula 700 mil de subven\u00e7\u00e3o e 300 mil em doa\u00e7\u00f5es.<\/p>\n<p>Entre os candidatos, Mendes investe mais na conce\u00e7\u00e3o da campanha (400 mil euros). Gouveia e Melo aplica 280 mil nesse campo, enquanto Seguro e Ventura concentram o gasto principal na propaganda e cartazes (450 mil e 350 mil, respetivamente).<\/p>\n<p>Outros concorrentes apresentam montantes mais baixos: Ant\u00f3nio Filipe projeta 395 mil euros, Jorge Pinto 97 mil e Catarina Martins 50,4 mil. Candidaturas sem financiamento de partidos n\u00e3o aparecem com recursos de entidades partid\u00e1rias.<\/p>\n<p>No fim da lista, Andr\u00e9 Pestana prev\u00ea gastar 7.200 euros, quase todo financiado por donativos, e Manuel Jo\u00e3o Vieira or\u00e7a 860 euros. As elei\u00e7\u00f5es presidenciais est\u00e3o marcadas para 18 de janeiro de 2026, com 11 candidatos, n\u00famero recorde em democracia desde 1976.<\/p>\n<p>Concorrem nomes como Gouveia e Melo, Marques Mendes (PSD\/ CDS), Ant\u00f3nio Filipe (PCP), Catarina Martins (Bloco), Ant\u00f3nio Jos\u00e9 Seguro (PS), Humberto Correia, Andr\u00e9 Pestana, Jorge Pinto (Livre), Cotrim Figueiredo (Iniciativa Liberal) e Andr\u00e9 Ventura (Chega), bem como Manuel Jo\u00e3o Vieira.<\/p>\n","protected":false},"excerpt":{"rendered":"<ul>\n<li>Candidatos presidenciais estimam gastar mais de 4,9 milh\u00f5es de euros na campanha, com Lu\u00eds Marques Mendes a prever 1,32 milh\u00f5es.<\/li>\n<li>Ant\u00f3nio Jos\u00e9 Seguro: 1,13 milh\u00f5es; Gouveia e Melo: cerca de 1 milh\u00e3o; Andr\u00e9 Ventura: 900 mil euros.<\/li>\n<li>Seguro \u00e9 o \u00fanico com receita superior \u00e0 despesa, contando com donativos em esp\u00e9cie de 225 mil euros, para um total dispon\u00edvel de 1,49 milh\u00f5es de euros.<\/li>\n<li>Seguro tamb\u00e9m prev\u00ea a maior subven\u00e7\u00e3o estatal (1,09 milh\u00f5es) e n\u00e3o recebe apoio do partido, tal como Mendes.<\/li>\n<li>N\u00e3o entregaram os or\u00e7amentos Jo\u00e3o Cotrim Figueiredo e Humberto Correia; as elei\u00e7\u00f5es s\u00e3o em 18 de janeiro de 2026, com campanha de 4 a 16 de janeiro, e 11 candidatos a Bel\u00e9m.<\/li>\n<\/ul>\n","protected":false},"author":2,"featured_media":108264,"comment_status":"closed","ping_status":"closed","sticky":false,"template":"","format":"standard","meta":{"footnotes":""},"categories":[1,5],"tags":[823,155,68,1755,229,30],"class_list":["post-108262","post","type-post","status-publish","format-standard","has-post-thumbnail","hentry","category-noticias","category-politica","tag-campanha","tag-despesas","tag-eleicoes","tag-financiamento-de-campanhas","tag-politica-publica","tag-presidente"],"yoast_head":"<!-- This site is optimized with the Yoast SEO plugin v27.2 - https:\/\/yoast.com\/product\/yoast-seo-wordpress\/ -->\n<title>Candidatos prev\u00eaem gastar 4,9 milh\u00f5es; Marques Mendes tem a campanha mais cara - Portal Tela Portugal<\/title>\n<meta name=\"robots\" content=\"index, follow, max-snippet:-1, max-image-preview:large, max-video-preview:-1\" \/>\n<meta property=\"og:locale\" content=\"pt_PT\" \/>\n<meta property=\"og:type\" content=\"article\" \/>\n<meta property=\"og:title\" content=\"Candidatos prev\u00eaem gastar 4,9 milh\u00f5es; Marques Mendes tem a campanha mais cara - Portal Tela Portugal\" \/>\n<meta property=\"og:description\" content=\"Candidatos presidenciais estimam gastar mais de 4,9 milh\u00f5es de euros na campanha, com Lu\u00eds Marques Mendes a prever 1,32 milh\u00f5es. Ant\u00f3nio Jos\u00e9 Seguro: 1,13 milh\u00f5es; Gouveia e Melo: cerca de 1 milh\u00e3o; Andr\u00e9 Ventura: 900 mil euros. Seguro \u00e9 o \u00fanico com receita superior \u00e0 despesa, contando com donativos em esp\u00e9cie de 225 mil euros, para um total dispon\u00edvel de 1,49 milh\u00f5es de euros. Seguro tamb\u00e9m prev\u00ea a maior subven\u00e7\u00e3o estatal (1,09 milh\u00f5es) e n\u00e3o recebe apoio do partido, tal como Mendes. N\u00e3o entregaram os or\u00e7amentos Jo\u00e3o Cotrim Figueiredo e Humberto Correia; as elei\u00e7\u00f5es s\u00e3o em 18 de janeiro de 2026, com campanha de 4 a 16 de janeiro, e 11 candidatos a Bel\u00e9m.\" \/>\n<meta property=\"og:url\" content=\"https:\/\/portaltela.pt\/noticias\/2025\/12\/30\/candidatos-preveem-gastar-49-milhoes-marques-mendes-tem-a-campanha-mais-cara\/\" \/>\n<meta property=\"og:site_name\" content=\"Portal Tela Portugal\" \/>\n<meta property=\"article:published_time\" content=\"2025-12-30T18:06:00+00:00\" \/>\n<meta name=\"author\" content=\"Telinha\" \/>\n<meta name=\"twitter:card\" content=\"summary_large_image\" \/>\n<meta name=\"twitter:label1\" content=\"Escrito por\" \/>\n\t<meta name=\"twitter:data1\" content=\"Telinha\" \/>\n\t<meta name=\"twitter:label2\" content=\"Tempo estimado de leitura\" \/>\n\t<meta name=\"twitter:data2\" content=\"2 minutos\" \/>\n<script type=\"application\/ld+json\" class=\"yoast-schema-graph\">{\"@context\":\"https:\/\/schema.org\",\"@graph\":[{\"@type\":\"Article\",\"@id\":\"https:\/\/portaltela.pt\/noticias\/2025\/12\/30\/candidatos-preveem-gastar-49-milhoes-marques-mendes-tem-a-campanha-mais-cara\/#article\",\"isPartOf\":{\"@id\":\"https:\/\/portaltela.pt\/noticias\/2025\/12\/30\/candidatos-preveem-gastar-49-milhoes-marques-mendes-tem-a-campanha-mais-cara\/\"},\"author\":{\"name\":\"Telinha\",\"@id\":\"https:\/\/portaltela.pt\/#\/schema\/person\/c4278d4a6028830caff9ee44b42d32ed\"},\"headline\":\"Candidatos prev\u00eaem gastar 4,9 milh\u00f5es; Marques Mendes tem a campanha mais cara\",\"datePublished\":\"2025-12-30T18:06:00+00:00\",\"mainEntityOfPage\":{\"@id\":\"https:\/\/portaltela.pt\/noticias\/2025\/12\/30\/candidatos-preveem-gastar-49-milhoes-marques-mendes-tem-a-campanha-mais-cara\/\"},\"wordCount\":347,\"image\":{\"@id\":\"https:\/\/portaltela.pt\/noticias\/2025\/12\/30\/candidatos-preveem-gastar-49-milhoes-marques-mendes-tem-a-campanha-mais-cara\/#primaryimage\"},\"thumbnailUrl\":\"https:\/\/portaltela.pt\/s.01k8rhncp4jt1\/2025\/12\/img_1500x1000uu2025-06-03-23-06-57-2213857.jpg\",\"keywords\":[\"campanha\",\"despesas\",\"elei\u00e7\u00f5es\",\"financiamento de campanhas\",\"pol\u00edtica p\u00fablica\",\"presidente\"],\"articleSection\":[\"Not\u00edcias\",\"Pol\u00edtica\"],\"inLanguage\":\"pt-PT\"},{\"@type\":\"WebPage\",\"@id\":\"https:\/\/portaltela.pt\/noticias\/2025\/12\/30\/candidatos-preveem-gastar-49-milhoes-marques-mendes-tem-a-campanha-mais-cara\/\",\"url\":\"https:\/\/portaltela.pt\/noticias\/2025\/12\/30\/candidatos-preveem-gastar-49-milhoes-marques-mendes-tem-a-campanha-mais-cara\/\",\"name\":\"Candidatos prev\u00eaem gastar 4,9 milh\u00f5es; Marques Mendes tem a campanha mais cara - Portal Tela Portugal\",\"isPartOf\":{\"@id\":\"https:\/\/portaltela.pt\/#website\"},\"primaryImageOfPage\":{\"@id\":\"https:\/\/portaltela.pt\/noticias\/2025\/12\/30\/candidatos-preveem-gastar-49-milhoes-marques-mendes-tem-a-campanha-mais-cara\/#primaryimage\"},\"image\":{\"@id\":\"https:\/\/portaltela.pt\/noticias\/2025\/12\/30\/candidatos-preveem-gastar-49-milhoes-marques-mendes-tem-a-campanha-mais-cara\/#primaryimage\"},\"thumbnailUrl\":\"https:\/\/portaltela.pt\/s.01k8rhncp4jt1\/2025\/12\/img_1500x1000uu2025-06-03-23-06-57-2213857.jpg\",\"datePublished\":\"2025-12-30T18:06:00+00:00\",\"author\":{\"@id\":\"https:\/\/portaltela.pt\/#\/schema\/person\/c4278d4a6028830caff9ee44b42d32ed\"},\"breadcrumb\":{\"@id\":\"https:\/\/portaltela.pt\/noticias\/2025\/12\/30\/candidatos-preveem-gastar-49-milhoes-marques-mendes-tem-a-campanha-mais-cara\/#breadcrumb\"},\"inLanguage\":\"pt-PT\",\"potentialAction\":[{\"@type\":\"ReadAction\",\"target\":[\"https:\/\/portaltela.pt\/noticias\/2025\/12\/30\/candidatos-preveem-gastar-49-milhoes-marques-mendes-tem-a-campanha-mais-cara\/\"]}]},{\"@type\":\"ImageObject\",\"inLanguage\":\"pt-PT\",\"@id\":\"https:\/\/portaltela.pt\/noticias\/2025\/12\/30\/candidatos-preveem-gastar-49-milhoes-marques-mendes-tem-a-campanha-mais-cara\/#primaryimage\",\"url\":\"https:\/\/portaltela.pt\/s.01k8rhncp4jt1\/2025\/12\/img_1500x1000uu2025-06-03-23-06-57-2213857.jpg\",\"contentUrl\":\"https:\/\/portaltela.pt\/s.01k8rhncp4jt1\/2025\/12\/img_1500x1000uu2025-06-03-23-06-57-2213857.jpg\",\"width\":796,\"height\":448,\"caption\":\"Lu\u00eds Marques Mendes\"},{\"@type\":\"BreadcrumbList\",\"@id\":\"https:\/\/portaltela.pt\/noticias\/2025\/12\/30\/candidatos-preveem-gastar-49-milhoes-marques-mendes-tem-a-campanha-mais-cara\/#breadcrumb\",\"itemListElement\":[{\"@type\":\"ListItem\",\"position\":1,\"name\":\"In\u00edcio\",\"item\":\"https:\/\/portaltela.pt\/\"},{\"@type\":\"ListItem\",\"position\":2,\"name\":\"Candidatos prev\u00eaem gastar 4,9 milh\u00f5es; Marques Mendes tem a campanha mais cara\"}]},{\"@type\":\"WebSite\",\"@id\":\"https:\/\/portaltela.pt\/#website\",\"url\":\"https:\/\/portaltela.pt\/\",\"name\":\"Portal Tela Portugal\",\"description\":\"\",\"potentialAction\":[{\"@type\":\"SearchAction\",\"target\":{\"@type\":\"EntryPoint\",\"urlTemplate\":\"https:\/\/portaltela.pt\/?s={search_term_string}\"},\"query-input\":{\"@type\":\"PropertyValueSpecification\",\"valueRequired\":true,\"valueName\":\"search_term_string\"}}],\"inLanguage\":\"pt-PT\"},{\"@type\":\"Person\",\"@id\":\"https:\/\/portaltela.pt\/#\/schema\/person\/c4278d4a6028830caff9ee44b42d32ed\",\"name\":\"Telinha\",\"image\":{\"@type\":\"ImageObject\",\"inLanguage\":\"pt-PT\",\"@id\":\"https:\/\/portaltela.pt\/s.01k8rhncp4jt1\/2025\/11\/talking-bot-125x125.png\",\"url\":\"https:\/\/portaltela.pt\/s.01k8rhncp4jt1\/2025\/11\/talking-bot-125x125.png\",\"contentUrl\":\"https:\/\/portaltela.pt\/s.01k8rhncp4jt1\/2025\/11\/talking-bot-125x125.png\",\"caption\":\"Telinha\"},\"sameAs\":[\"https:\/\/portaltela.pt\/\"],\"url\":\"https:\/\/portaltela.pt\/por\/367410592786\/\"}]}<\/script>\n<!-- \/ Yoast SEO plugin. -->","yoast_head_json":{"title":"Candidatos prev\u00eaem gastar 4,9 milh\u00f5es; Marques Mendes tem a campanha mais cara - Portal Tela Portugal","robots":{"index":"index","follow":"follow","max-snippet":"max-snippet:-1","max-image-preview":"max-image-preview:large","max-video-preview":"max-video-preview:-1"},"og_locale":"pt_PT","og_type":"article","og_title":"Candidatos prev\u00eaem gastar 4,9 milh\u00f5es; Marques Mendes tem a campanha mais cara - Portal Tela Portugal","og_description":"Candidatos presidenciais estimam gastar mais de 4,9 milh\u00f5es de euros na campanha, com Lu\u00eds Marques Mendes a prever 1,32 milh\u00f5es. Ant\u00f3nio Jos\u00e9 Seguro: 1,13 milh\u00f5es; Gouveia e Melo: cerca de 1 milh\u00e3o; Andr\u00e9 Ventura: 900 mil euros. Seguro \u00e9 o \u00fanico com receita superior \u00e0 despesa, contando com donativos em esp\u00e9cie de 225 mil euros, para um total dispon\u00edvel de 1,49 milh\u00f5es de euros. Seguro tamb\u00e9m prev\u00ea a maior subven\u00e7\u00e3o estatal (1,09 milh\u00f5es) e n\u00e3o recebe apoio do partido, tal como Mendes. N\u00e3o entregaram os or\u00e7amentos Jo\u00e3o Cotrim Figueiredo e Humberto Correia; as elei\u00e7\u00f5es s\u00e3o em 18 de janeiro de 2026, com campanha de 4 a 16 de janeiro, e 11 candidatos a Bel\u00e9m.","og_url":"https:\/\/portaltela.pt\/noticias\/2025\/12\/30\/candidatos-preveem-gastar-49-milhoes-marques-mendes-tem-a-campanha-mais-cara\/","og_site_name":"Portal Tela Portugal","article_published_time":"2025-12-30T18:06:00+00:00","author":"Telinha","twitter_card":"summary_large_image","twitter_misc":{"Escrito por":"Telinha","Tempo estimado de leitura":"2 minutos"},"schema":{"@context":"https:\/\/schema.org","@graph":[{"@type":"Article","@id":"https:\/\/portaltela.pt\/noticias\/2025\/12\/30\/candidatos-preveem-gastar-49-milhoes-marques-mendes-tem-a-campanha-mais-cara\/#article","isPartOf":{"@id":"https:\/\/portaltela.pt\/noticias\/2025\/12\/30\/candidatos-preveem-gastar-49-milhoes-marques-mendes-tem-a-campanha-mais-cara\/"},"author":{"name":"Telinha","@id":"https:\/\/portaltela.pt\/#\/schema\/person\/c4278d4a6028830caff9ee44b42d32ed"},"headline":"Candidatos prev\u00eaem gastar 4,9 milh\u00f5es; Marques Mendes tem a campanha mais cara","datePublished":"2025-12-30T18:06:00+00:00","mainEntityOfPage":{"@id":"https:\/\/portaltela.pt\/noticias\/2025\/12\/30\/candidatos-preveem-gastar-49-milhoes-marques-mendes-tem-a-campanha-mais-cara\/"},"wordCount":347,"image":{"@id":"https:\/\/portaltela.pt\/noticias\/2025\/12\/30\/candidatos-preveem-gastar-49-milhoes-marques-mendes-tem-a-campanha-mais-cara\/#primaryimage"},"thumbnailUrl":"https:\/\/portaltela.pt\/s.01k8rhncp4jt1\/2025\/12\/img_1500x1000uu2025-06-03-23-06-57-2213857.jpg","keywords":["campanha","despesas","elei\u00e7\u00f5es","financiamento de campanhas","pol\u00edtica p\u00fablica","presidente"],"articleSection":["Not\u00edcias","Pol\u00edtica"],"inLanguage":"pt-PT"},{"@type":"WebPage","@id":"https:\/\/portaltela.pt\/noticias\/2025\/12\/30\/candidatos-preveem-gastar-49-milhoes-marques-mendes-tem-a-campanha-mais-cara\/","url":"https:\/\/portaltela.pt\/noticias\/2025\/12\/30\/candidatos-preveem-gastar-49-milhoes-marques-mendes-tem-a-campanha-mais-cara\/","name":"Candidatos prev\u00eaem gastar 4,9 milh\u00f5es; Marques Mendes tem a campanha mais cara - Portal Tela Portugal","isPartOf":{"@id":"https:\/\/portaltela.pt\/#website"},"primaryImageOfPage":{"@id":"https:\/\/portaltela.pt\/noticias\/2025\/12\/30\/candidatos-preveem-gastar-49-milhoes-marques-mendes-tem-a-campanha-mais-cara\/#primaryimage"},"image":{"@id":"https:\/\/portaltela.pt\/noticias\/2025\/12\/30\/candidatos-preveem-gastar-49-milhoes-marques-mendes-tem-a-campanha-mais-cara\/#primaryimage"},"thumbnailUrl":"https:\/\/portaltela.pt\/s.01k8rhncp4jt1\/2025\/12\/img_1500x1000uu2025-06-03-23-06-57-2213857.jpg","datePublished":"2025-12-30T18:06:00+00:00","author":{"@id":"https:\/\/portaltela.pt\/#\/schema\/person\/c4278d4a6028830caff9ee44b42d32ed"},"breadcrumb":{"@id":"https:\/\/portaltela.pt\/noticias\/2025\/12\/30\/candidatos-preveem-gastar-49-milhoes-marques-mendes-tem-a-campanha-mais-cara\/#breadcrumb"},"inLanguage":"pt-PT","potentialAction":[{"@type":"ReadAction","target":["https:\/\/portaltela.pt\/noticias\/2025\/12\/30\/candidatos-preveem-gastar-49-milhoes-marques-mendes-tem-a-campanha-mais-cara\/"]}]},{"@type":"ImageObject","inLanguage":"pt-PT","@id":"https:\/\/portaltela.pt\/noticias\/2025\/12\/30\/candidatos-preveem-gastar-49-milhoes-marques-mendes-tem-a-campanha-mais-cara\/#primaryimage","url":"https:\/\/portaltela.pt\/s.01k8rhncp4jt1\/2025\/12\/img_1500x1000uu2025-06-03-23-06-57-2213857.jpg","contentUrl":"https:\/\/portaltela.pt\/s.01k8rhncp4jt1\/2025\/12\/img_1500x1000uu2025-06-03-23-06-57-2213857.jpg","width":796,"height":448,"caption":"Lu\u00eds Marques Mendes"},{"@type":"BreadcrumbList","@id":"https:\/\/portaltela.pt\/noticias\/2025\/12\/30\/candidatos-preveem-gastar-49-milhoes-marques-mendes-tem-a-campanha-mais-cara\/#breadcrumb","itemListElement":[{"@type":"ListItem","position":1,"name":"In\u00edcio","item":"https:\/\/portaltela.pt\/"},{"@type":"ListItem","position":2,"name":"Candidatos prev\u00eaem gastar 4,9 milh\u00f5es; Marques Mendes tem a campanha mais cara"}]},{"@type":"WebSite","@id":"https:\/\/portaltela.pt\/#website","url":"https:\/\/portaltela.pt\/","name":"Portal Tela Portugal","description":"","potentialAction":[{"@type":"SearchAction","target":{"@type":"EntryPoint","urlTemplate":"https:\/\/portaltela.pt\/?s={search_term_string}"},"query-input":{"@type":"PropertyValueSpecification","valueRequired":true,"valueName":"search_term_string"}}],"inLanguage":"pt-PT"},{"@type":"Person","@id":"https:\/\/portaltela.pt\/#\/schema\/person\/c4278d4a6028830caff9ee44b42d32ed","name":"Telinha","image":{"@type":"ImageObject","inLanguage":"pt-PT","@id":"https:\/\/portaltela.pt\/s.01k8rhncp4jt1\/2025\/11\/talking-bot-125x125.png","url":"https:\/\/portaltela.pt\/s.01k8rhncp4jt1\/2025\/11\/talking-bot-125x125.png","contentUrl":"https:\/\/portaltela.pt\/s.01k8rhncp4jt1\/2025\/11\/talking-bot-125x125.png","caption":"Telinha"},"sameAs":["https:\/\/portaltela.pt\/"],"url":"https:\/\/portaltela.pt\/por\/367410592786\/"}]}},"_links":{"self":[{"href":"https:\/\/portaltela.pt\/api\/wp\/v2\/posts\/108262","targetHints":{"allow":["GET"]}}],"collection":[{"href":"https:\/\/portaltela.pt\/api\/wp\/v2\/posts"}],"about":[{"href":"https:\/\/portaltela.pt\/api\/wp\/v2\/types\/post"}],"author":[{"embeddable":true,"href":"https:\/\/portaltela.pt\/api\/wp\/v2\/users\/2"}],"replies":[{"embeddable":true,"href":"https:\/\/portaltela.pt\/api\/wp\/v2\/comments?post=108262"}],"version-history":[{"count":0,"href":"https:\/\/portaltela.pt\/api\/wp\/v2\/posts\/108262\/revisions"}],"wp:featuredmedia":[{"embeddable":true,"href":"https:\/\/portaltela.pt\/api\/wp\/v2\/media\/108264"}],"wp:attachment":[{"href":"https:\/\/portaltela.pt\/api\/wp\/v2\/media?parent=108262"}],"wp:term":[{"taxonomy":"category","embeddable":true,"href":"https:\/\/portaltela.pt\/api\/wp\/v2\/categories?post=108262"},{"taxonomy":"post_tag","embeddable":true,"href":"https:\/\/portaltela.pt\/api\/wp\/v2\/tags?post=108262"}],"curies":[{"name":"wp","href":"https:\/\/api.w.org\/{rel}","templated":true}]}}