{"id":108258,"date":"2025-12-30T14:49:44","date_gmt":"2025-12-30T17:49:44","guid":{"rendered":"https:\/\/portaltela.pt\/noticias\/2025\/12\/30\/complemento-solidario-para-idosos-com-retroativos-de-janeiro-a-fevereiro\/"},"modified":"2025-12-30T14:49:44","modified_gmt":"2025-12-30T17:49:44","slug":"complemento-solidario-para-idosos-com-retroativos-de-janeiro-a-fevereiro","status":"publish","type":"post","link":"https:\/\/portaltela.pt\/noticias\/economia\/2025\/12\/30\/complemento-solidario-para-idosos-com-retroativos-de-janeiro-a-fevereiro\/","title":{"rendered":"Complemento Solid\u00e1rio para Idosos com retroativos de Janeiro a Fevereiro"},"content":{"rendered":"<p>O Minist\u00e9rio do Trabalho, Solidariedade e Seguran\u00e7a Social anunciou a atualiza\u00e7\u00e3o do Complemento Solid\u00e1rio para Idosos (CSI), com aumento de 6,24% em 2026. O valor passa a rondar os 670 euros mensais, com in\u00edcio em 1 de janeiro.<\/p>\n<p>A atualiza\u00e7\u00e3o ser\u00e1 aplicada em fevereiro, com retroativos a janeiro. O diploma que regula o CSI foi hoje publicado no Di\u00e1rio da Rep\u00fablica, estabelecendo o novo patamar financeiro para quem cumpre as condi\u00e7\u00f5es de atribui\u00e7\u00e3o.<\/p>\n<h3>O que muda e quem recebe<\/h3>\n<p>T\u00eam direito ao CSI titulares de pens\u00f5es de velhice e sobreviv\u00eancia ou equiparadas, residentes legais em Portugal, que satisfa\u00e7am as regras legais. Tamb\u00e9m podem beneficiar cidad\u00e3os sem condi\u00e7\u00f5es de recursos para a pens\u00e3o social e titulares de subs\u00eddio mensal vital\u00edcio.<\/p>\n<h3>Objetivo e evolu\u00e7\u00e3o futura<\/h3>\n<p>A medida visa reduzir a pobreza entre idosos com rendimentos baixos, mantendo crit\u00e9rios de apuramento de recursos. O diploma confirma um aumento gradual do valor de refer\u00eancia para 870 euros em 2029, mantendo a trajet\u00f3ria de melhoria gradual.<\/p>\n","protected":false},"excerpt":{"rendered":"<ul>\n<li>O Complemento Solid\u00e1rio para Idosos (CSI) aumenta 6,24 por cento em 2026, com o valor atualizado para cerca de 670 euros mensais.<\/li>\n<li>A atualiza\u00e7\u00e3o entra em vigor a partir de janeiro de 2026, com retroativos pagos j\u00e1 em fevereiro.<\/li>\n<li>T\u00eam direito ao CSI titulares de pens\u00f5es de velhice e de sobreviv\u00eancia, residindo em territ\u00f3rio nacional e que cumpram as condi\u00e7\u00f5es legais; tamb\u00e9m pessoas nacionais que n\u00e3o atendem aos requisitos da pens\u00e3o social por insufici\u00eancia de recursos, e titulares de subs\u00eddio mensal vital\u00edcio.<\/li>\n<li>O objetivo \u00e9 reduzir a pobreza entre idosos com rendimentos mais baixos, mantendo crit\u00e9rios de apuramento de recursos.<\/li>\n<li>O diploma prev\u00ea aumento gradual do valor de refer\u00eancia para 870 euros em 2029.<\/li>\n<\/ul>\n","protected":false},"author":2,"featured_media":108266,"comment_status":"closed","ping_status":"closed","sticky":false,"template":"","format":"standard","meta":{"footnotes":""},"categories":[2,1],"tags":[1211,2169,40,173,243,2185],"class_list":["post-108258","post","type-post","status-publish","format-standard","has-post-thumbnail","hentry","category-economia","category-noticias","tag-apoio-social","tag-complemento-solidario-para-idosos","tag-pessoas","tag-protecao-social","tag-seguranca-social","tag-subsidio-mensal-vitalicio"],"yoast_head":"<!-- This site is optimized with the Yoast SEO plugin v27.2 - https:\/\/yoast.com\/product\/yoast-seo-wordpress\/ -->\n<title>Complemento Solid\u00e1rio para Idosos com retroativos de Janeiro a Fevereiro - Portal Tela Portugal<\/title>\n<meta name=\"robots\" content=\"index, follow, max-snippet:-1, max-image-preview:large, max-video-preview:-1\" \/>\n<meta property=\"og:locale\" content=\"pt_PT\" \/>\n<meta property=\"og:type\" content=\"article\" \/>\n<meta property=\"og:title\" content=\"Complemento Solid\u00e1rio para Idosos com retroativos de Janeiro a Fevereiro - Portal Tela Portugal\" \/>\n<meta property=\"og:description\" content=\"O Complemento Solid\u00e1rio para Idosos (CSI) aumenta 6,24 por cento em 2026, com o valor atualizado para cerca de 670 euros mensais. A atualiza\u00e7\u00e3o entra em vigor a partir de janeiro de 2026, com retroativos pagos j\u00e1 em fevereiro. T\u00eam direito ao CSI titulares de pens\u00f5es de velhice e de sobreviv\u00eancia, residindo em territ\u00f3rio nacional e que cumpram as condi\u00e7\u00f5es legais; tamb\u00e9m pessoas nacionais que n\u00e3o atendem aos requisitos da pens\u00e3o social por insufici\u00eancia de recursos, e titulares de subs\u00eddio mensal vital\u00edcio. O objetivo \u00e9 reduzir a pobreza entre idosos com rendimentos mais baixos, mantendo crit\u00e9rios de apuramento de recursos. O diploma prev\u00ea aumento gradual do valor de refer\u00eancia para 870 euros em 2029.\" \/>\n<meta property=\"og:url\" content=\"https:\/\/portaltela.pt\/noticias\/2025\/12\/30\/complemento-solidario-para-idosos-com-retroativos-de-janeiro-a-fevereiro\/\" \/>\n<meta property=\"og:site_name\" content=\"Portal Tela Portugal\" \/>\n<meta property=\"article:published_time\" content=\"2025-12-30T17:49:44+00:00\" \/>\n<meta name=\"author\" content=\"Telinha\" \/>\n<meta name=\"twitter:card\" content=\"summary_large_image\" \/>\n<meta name=\"twitter:label1\" content=\"Escrito por\" \/>\n\t<meta name=\"twitter:data1\" content=\"Telinha\" \/>\n\t<meta name=\"twitter:label2\" content=\"Tempo estimado de leitura\" \/>\n\t<meta name=\"twitter:data2\" content=\"1 minuto\" \/>\n<script type=\"application\/ld+json\" class=\"yoast-schema-graph\">{\"@context\":\"https:\/\/schema.org\",\"@graph\":[{\"@type\":\"Article\",\"@id\":\"https:\/\/portaltela.pt\/noticias\/2025\/12\/30\/complemento-solidario-para-idosos-com-retroativos-de-janeiro-a-fevereiro\/#article\",\"isPartOf\":{\"@id\":\"https:\/\/portaltela.pt\/noticias\/2025\/12\/30\/complemento-solidario-para-idosos-com-retroativos-de-janeiro-a-fevereiro\/\"},\"author\":{\"name\":\"Telinha\",\"@id\":\"https:\/\/portaltela.pt\/#\/schema\/person\/c4278d4a6028830caff9ee44b42d32ed\"},\"headline\":\"Complemento Solid\u00e1rio para Idosos com retroativos de Janeiro a Fevereiro\",\"datePublished\":\"2025-12-30T17:49:44+00:00\",\"mainEntityOfPage\":{\"@id\":\"https:\/\/portaltela.pt\/noticias\/2025\/12\/30\/complemento-solidario-para-idosos-com-retroativos-de-janeiro-a-fevereiro\/\"},\"wordCount\":190,\"image\":{\"@id\":\"https:\/\/portaltela.pt\/noticias\/2025\/12\/30\/complemento-solidario-para-idosos-com-retroativos-de-janeiro-a-fevereiro\/#primaryimage\"},\"thumbnailUrl\":\"https:\/\/portaltela.pt\/s.01k8rhncp4jt1\/2025\/12\/unnamed-file-2590.jpg\",\"keywords\":[\"Apoio Social\",\"Complemento Solid\u00e1rio para Idosos\",\"pessoas\",\"prote\u00e7\u00e3o social\",\"seguran\u00e7a social\",\"subs\u00eddio mensal vital\u00edcio\"],\"articleSection\":[\"Economia\",\"Not\u00edcias\"],\"inLanguage\":\"pt-PT\"},{\"@type\":\"WebPage\",\"@id\":\"https:\/\/portaltela.pt\/noticias\/2025\/12\/30\/complemento-solidario-para-idosos-com-retroativos-de-janeiro-a-fevereiro\/\",\"url\":\"https:\/\/portaltela.pt\/noticias\/2025\/12\/30\/complemento-solidario-para-idosos-com-retroativos-de-janeiro-a-fevereiro\/\",\"name\":\"Complemento Solid\u00e1rio para Idosos com retroativos de Janeiro a Fevereiro - Portal Tela Portugal\",\"isPartOf\":{\"@id\":\"https:\/\/portaltela.pt\/#website\"},\"primaryImageOfPage\":{\"@id\":\"https:\/\/portaltela.pt\/noticias\/2025\/12\/30\/complemento-solidario-para-idosos-com-retroativos-de-janeiro-a-fevereiro\/#primaryimage\"},\"image\":{\"@id\":\"https:\/\/portaltela.pt\/noticias\/2025\/12\/30\/complemento-solidario-para-idosos-com-retroativos-de-janeiro-a-fevereiro\/#primaryimage\"},\"thumbnailUrl\":\"https:\/\/portaltela.pt\/s.01k8rhncp4jt1\/2025\/12\/unnamed-file-2590.jpg\",\"datePublished\":\"2025-12-30T17:49:44+00:00\",\"author\":{\"@id\":\"https:\/\/portaltela.pt\/#\/schema\/person\/c4278d4a6028830caff9ee44b42d32ed\"},\"breadcrumb\":{\"@id\":\"https:\/\/portaltela.pt\/noticias\/2025\/12\/30\/complemento-solidario-para-idosos-com-retroativos-de-janeiro-a-fevereiro\/#breadcrumb\"},\"inLanguage\":\"pt-PT\",\"potentialAction\":[{\"@type\":\"ReadAction\",\"target\":[\"https:\/\/portaltela.pt\/noticias\/2025\/12\/30\/complemento-solidario-para-idosos-com-retroativos-de-janeiro-a-fevereiro\/\"]}]},{\"@type\":\"ImageObject\",\"inLanguage\":\"pt-PT\",\"@id\":\"https:\/\/portaltela.pt\/noticias\/2025\/12\/30\/complemento-solidario-para-idosos-com-retroativos-de-janeiro-a-fevereiro\/#primaryimage\",\"url\":\"https:\/\/portaltela.pt\/s.01k8rhncp4jt1\/2025\/12\/unnamed-file-2590.jpg\",\"contentUrl\":\"https:\/\/portaltela.pt\/s.01k8rhncp4jt1\/2025\/12\/unnamed-file-2590.jpg\",\"width\":796,\"height\":448,\"caption\":\"Complemento Solid\u00e1rio para Idosos actualizado em Fevereiro com retroactivos a Janeiro\"},{\"@type\":\"BreadcrumbList\",\"@id\":\"https:\/\/portaltela.pt\/noticias\/2025\/12\/30\/complemento-solidario-para-idosos-com-retroativos-de-janeiro-a-fevereiro\/#breadcrumb\",\"itemListElement\":[{\"@type\":\"ListItem\",\"position\":1,\"name\":\"In\u00edcio\",\"item\":\"https:\/\/portaltela.pt\/\"},{\"@type\":\"ListItem\",\"position\":2,\"name\":\"Complemento Solid\u00e1rio para Idosos com retroativos de Janeiro a Fevereiro\"}]},{\"@type\":\"WebSite\",\"@id\":\"https:\/\/portaltela.pt\/#website\",\"url\":\"https:\/\/portaltela.pt\/\",\"name\":\"Portal Tela Portugal\",\"description\":\"\",\"potentialAction\":[{\"@type\":\"SearchAction\",\"target\":{\"@type\":\"EntryPoint\",\"urlTemplate\":\"https:\/\/portaltela.pt\/?s={search_term_string}\"},\"query-input\":{\"@type\":\"PropertyValueSpecification\",\"valueRequired\":true,\"valueName\":\"search_term_string\"}}],\"inLanguage\":\"pt-PT\"},{\"@type\":\"Person\",\"@id\":\"https:\/\/portaltela.pt\/#\/schema\/person\/c4278d4a6028830caff9ee44b42d32ed\",\"name\":\"Telinha\",\"image\":{\"@type\":\"ImageObject\",\"inLanguage\":\"pt-PT\",\"@id\":\"https:\/\/portaltela.pt\/s.01k8rhncp4jt1\/2025\/11\/talking-bot-125x125.png\",\"url\":\"https:\/\/portaltela.pt\/s.01k8rhncp4jt1\/2025\/11\/talking-bot-125x125.png\",\"contentUrl\":\"https:\/\/portaltela.pt\/s.01k8rhncp4jt1\/2025\/11\/talking-bot-125x125.png\",\"caption\":\"Telinha\"},\"sameAs\":[\"https:\/\/portaltela.pt\/\"],\"url\":\"https:\/\/portaltela.pt\/por\/367410592786\/\"}]}<\/script>\n<!-- \/ Yoast SEO plugin. -->","yoast_head_json":{"title":"Complemento Solid\u00e1rio para Idosos com retroativos de Janeiro a Fevereiro - Portal Tela Portugal","robots":{"index":"index","follow":"follow","max-snippet":"max-snippet:-1","max-image-preview":"max-image-preview:large","max-video-preview":"max-video-preview:-1"},"og_locale":"pt_PT","og_type":"article","og_title":"Complemento Solid\u00e1rio para Idosos com retroativos de Janeiro a Fevereiro - Portal Tela Portugal","og_description":"O Complemento Solid\u00e1rio para Idosos (CSI) aumenta 6,24 por cento em 2026, com o valor atualizado para cerca de 670 euros mensais. A atualiza\u00e7\u00e3o entra em vigor a partir de janeiro de 2026, com retroativos pagos j\u00e1 em fevereiro. T\u00eam direito ao CSI titulares de pens\u00f5es de velhice e de sobreviv\u00eancia, residindo em territ\u00f3rio nacional e que cumpram as condi\u00e7\u00f5es legais; tamb\u00e9m pessoas nacionais que n\u00e3o atendem aos requisitos da pens\u00e3o social por insufici\u00eancia de recursos, e titulares de subs\u00eddio mensal vital\u00edcio. O objetivo \u00e9 reduzir a pobreza entre idosos com rendimentos mais baixos, mantendo crit\u00e9rios de apuramento de recursos. O diploma prev\u00ea aumento gradual do valor de refer\u00eancia para 870 euros em 2029.","og_url":"https:\/\/portaltela.pt\/noticias\/2025\/12\/30\/complemento-solidario-para-idosos-com-retroativos-de-janeiro-a-fevereiro\/","og_site_name":"Portal Tela Portugal","article_published_time":"2025-12-30T17:49:44+00:00","author":"Telinha","twitter_card":"summary_large_image","twitter_misc":{"Escrito por":"Telinha","Tempo estimado de leitura":"1 minuto"},"schema":{"@context":"https:\/\/schema.org","@graph":[{"@type":"Article","@id":"https:\/\/portaltela.pt\/noticias\/2025\/12\/30\/complemento-solidario-para-idosos-com-retroativos-de-janeiro-a-fevereiro\/#article","isPartOf":{"@id":"https:\/\/portaltela.pt\/noticias\/2025\/12\/30\/complemento-solidario-para-idosos-com-retroativos-de-janeiro-a-fevereiro\/"},"author":{"name":"Telinha","@id":"https:\/\/portaltela.pt\/#\/schema\/person\/c4278d4a6028830caff9ee44b42d32ed"},"headline":"Complemento Solid\u00e1rio para Idosos com retroativos de Janeiro a Fevereiro","datePublished":"2025-12-30T17:49:44+00:00","mainEntityOfPage":{"@id":"https:\/\/portaltela.pt\/noticias\/2025\/12\/30\/complemento-solidario-para-idosos-com-retroativos-de-janeiro-a-fevereiro\/"},"wordCount":190,"image":{"@id":"https:\/\/portaltela.pt\/noticias\/2025\/12\/30\/complemento-solidario-para-idosos-com-retroativos-de-janeiro-a-fevereiro\/#primaryimage"},"thumbnailUrl":"https:\/\/portaltela.pt\/s.01k8rhncp4jt1\/2025\/12\/unnamed-file-2590.jpg","keywords":["Apoio Social","Complemento Solid\u00e1rio para Idosos","pessoas","prote\u00e7\u00e3o social","seguran\u00e7a social","subs\u00eddio mensal vital\u00edcio"],"articleSection":["Economia","Not\u00edcias"],"inLanguage":"pt-PT"},{"@type":"WebPage","@id":"https:\/\/portaltela.pt\/noticias\/2025\/12\/30\/complemento-solidario-para-idosos-com-retroativos-de-janeiro-a-fevereiro\/","url":"https:\/\/portaltela.pt\/noticias\/2025\/12\/30\/complemento-solidario-para-idosos-com-retroativos-de-janeiro-a-fevereiro\/","name":"Complemento Solid\u00e1rio para Idosos com retroativos de Janeiro a Fevereiro - Portal Tela Portugal","isPartOf":{"@id":"https:\/\/portaltela.pt\/#website"},"primaryImageOfPage":{"@id":"https:\/\/portaltela.pt\/noticias\/2025\/12\/30\/complemento-solidario-para-idosos-com-retroativos-de-janeiro-a-fevereiro\/#primaryimage"},"image":{"@id":"https:\/\/portaltela.pt\/noticias\/2025\/12\/30\/complemento-solidario-para-idosos-com-retroativos-de-janeiro-a-fevereiro\/#primaryimage"},"thumbnailUrl":"https:\/\/portaltela.pt\/s.01k8rhncp4jt1\/2025\/12\/unnamed-file-2590.jpg","datePublished":"2025-12-30T17:49:44+00:00","author":{"@id":"https:\/\/portaltela.pt\/#\/schema\/person\/c4278d4a6028830caff9ee44b42d32ed"},"breadcrumb":{"@id":"https:\/\/portaltela.pt\/noticias\/2025\/12\/30\/complemento-solidario-para-idosos-com-retroativos-de-janeiro-a-fevereiro\/#breadcrumb"},"inLanguage":"pt-PT","potentialAction":[{"@type":"ReadAction","target":["https:\/\/portaltela.pt\/noticias\/2025\/12\/30\/complemento-solidario-para-idosos-com-retroativos-de-janeiro-a-fevereiro\/"]}]},{"@type":"ImageObject","inLanguage":"pt-PT","@id":"https:\/\/portaltela.pt\/noticias\/2025\/12\/30\/complemento-solidario-para-idosos-com-retroativos-de-janeiro-a-fevereiro\/#primaryimage","url":"https:\/\/portaltela.pt\/s.01k8rhncp4jt1\/2025\/12\/unnamed-file-2590.jpg","contentUrl":"https:\/\/portaltela.pt\/s.01k8rhncp4jt1\/2025\/12\/unnamed-file-2590.jpg","width":796,"height":448,"caption":"Complemento Solid\u00e1rio para Idosos actualizado em Fevereiro com retroactivos a Janeiro"},{"@type":"BreadcrumbList","@id":"https:\/\/portaltela.pt\/noticias\/2025\/12\/30\/complemento-solidario-para-idosos-com-retroativos-de-janeiro-a-fevereiro\/#breadcrumb","itemListElement":[{"@type":"ListItem","position":1,"name":"In\u00edcio","item":"https:\/\/portaltela.pt\/"},{"@type":"ListItem","position":2,"name":"Complemento Solid\u00e1rio para Idosos com retroativos de Janeiro a Fevereiro"}]},{"@type":"WebSite","@id":"https:\/\/portaltela.pt\/#website","url":"https:\/\/portaltela.pt\/","name":"Portal Tela Portugal","description":"","potentialAction":[{"@type":"SearchAction","target":{"@type":"EntryPoint","urlTemplate":"https:\/\/portaltela.pt\/?s={search_term_string}"},"query-input":{"@type":"PropertyValueSpecification","valueRequired":true,"valueName":"search_term_string"}}],"inLanguage":"pt-PT"},{"@type":"Person","@id":"https:\/\/portaltela.pt\/#\/schema\/person\/c4278d4a6028830caff9ee44b42d32ed","name":"Telinha","image":{"@type":"ImageObject","inLanguage":"pt-PT","@id":"https:\/\/portaltela.pt\/s.01k8rhncp4jt1\/2025\/11\/talking-bot-125x125.png","url":"https:\/\/portaltela.pt\/s.01k8rhncp4jt1\/2025\/11\/talking-bot-125x125.png","contentUrl":"https:\/\/portaltela.pt\/s.01k8rhncp4jt1\/2025\/11\/talking-bot-125x125.png","caption":"Telinha"},"sameAs":["https:\/\/portaltela.pt\/"],"url":"https:\/\/portaltela.pt\/por\/367410592786\/"}]}},"_links":{"self":[{"href":"https:\/\/portaltela.pt\/api\/wp\/v2\/posts\/108258","targetHints":{"allow":["GET"]}}],"collection":[{"href":"https:\/\/portaltela.pt\/api\/wp\/v2\/posts"}],"about":[{"href":"https:\/\/portaltela.pt\/api\/wp\/v2\/types\/post"}],"author":[{"embeddable":true,"href":"https:\/\/portaltela.pt\/api\/wp\/v2\/users\/2"}],"replies":[{"embeddable":true,"href":"https:\/\/portaltela.pt\/api\/wp\/v2\/comments?post=108258"}],"version-history":[{"count":0,"href":"https:\/\/portaltela.pt\/api\/wp\/v2\/posts\/108258\/revisions"}],"wp:featuredmedia":[{"embeddable":true,"href":"https:\/\/portaltela.pt\/api\/wp\/v2\/media\/108266"}],"wp:attachment":[{"href":"https:\/\/portaltela.pt\/api\/wp\/v2\/media?parent=108258"}],"wp:term":[{"taxonomy":"category","embeddable":true,"href":"https:\/\/portaltela.pt\/api\/wp\/v2\/categories?post=108258"},{"taxonomy":"post_tag","embeddable":true,"href":"https:\/\/portaltela.pt\/api\/wp\/v2\/tags?post=108258"}],"curies":[{"name":"wp","href":"https:\/\/api.w.org\/{rel}","templated":true}]}}