{"id":108172,"date":"2025-12-30T14:07:00","date_gmt":"2025-12-30T17:07:00","guid":{"rendered":"https:\/\/portaltela.pt\/noticias\/2025\/12\/30\/santiago-do-cacem-celebra-oito-contratos-programa-com-atletas-locais\/"},"modified":"2025-12-30T14:07:00","modified_gmt":"2025-12-30T17:07:00","slug":"santiago-do-cacem-celebra-oito-contratos-programa-com-atletas-locais","status":"publish","type":"post","link":"https:\/\/portaltela.pt\/desporto\/2025\/12\/30\/santiago-do-cacem-celebra-oito-contratos-programa-com-atletas-locais\/","title":{"rendered":"Santiago do Cac\u00e9m celebra oito contratos-programa com atletas locais"},"content":{"rendered":"<p>O Munic\u00edpio de Santiago do Cac\u00e9m anunciou a celebra\u00e7\u00e3o de oito contratos-programa com atletas individuais que representam o concelho em competi\u00e7\u00f5es nacionais e internacionais de relevo. O valor total acordado para 2025 situa-se em cerca de 7.300 euros, abrangendo diferentes modalidades desportivas.<\/p>\n<p>Segundo o presidente da C\u00e2mara Municipal, Bruno Gon\u00e7alves Pereira, a verba poder\u00e1 ser refor\u00e7ada em anos seguintes, conforme as previs\u00f5es or\u00e7amentais. O objetivo \u00e9 fomentar o desporto e apoiar a profissionaliza\u00e7\u00e3o dos atletas, evitando que estejam apenas dependentes de apoios comerciais.<\/p>\n<p>A autarquia destaca que os contratos-programa servem tamb\u00e9m para promover o Munic\u00edpio atrav\u00e9s do desporto, reconhecendo o impacto positivo na comunidade. Os apoios podem estimular a pr\u00e1tica desportiva, o exerc\u00edcio f\u00edsico e servir de exemplo para os jovens que pretendam seguir percursos semelhantes.<\/p>\n<h3>Quem est\u00e1 envolvido e quais s\u00e3o as modalidades<\/h3>\n<p>Os contratos-programa abrangem os seguintes atletas: Ana Filipa Santos (T\u00e9nis), Bruno Rosa (BTT), Carlos Ros\u00e1rio (Triatlo), Emanuel Diogo (Atletismo\/Duatlo), Fernando Sebasti\u00e3o (Tiro Desportivo), Fl\u00e1vio Pacheco (Paraciclismo), Mauro In\u00e1cio (Nata\u00e7\u00e3o) e V\u00edtor Madeira (Atletismo).<\/p>\n<p>Podem candidatar-se a estes apoios atletas com resid\u00eancia legal no concelho, cuja atividade desportiva tenha express\u00e3o suficiente para estimular a pr\u00e1tica, independentemente de terem ou n\u00e3o v\u00ednculo a clubes. A elegibilidade exige participa\u00e7\u00e3o em provas nacionais ou internacionais.<\/p>\n<h3>Candidaturas e prazo<\/h3>\n<p>Para aceder ao apoio previsto no Regulamento para Apoios Financeiros a Atletas Individuais, os interessados devem apresentar a candidatura por escrito, com a documenta\u00e7\u00e3o exigida, durante o m\u00eas de janeiro de 2026. Al\u00e9m disso, \u00e9 necess\u00e1rio submeter os comprovativos das despesas associadas \u00e0s participa\u00e7\u00f5es em provas, dentro dos prazos estabelecidos.<\/p>\n","protected":false},"excerpt":{"rendered":"<ul>\n<li>O Munic\u00edpio de Santiago do Cac\u00e9m celebrou oito contratos-programa com atletas individuais do concelho, para competi\u00e7\u00f5es nacionais e internacionais de elevado relevo, com um valor global de cerca de \u20ac 7.300 para 2025.<\/li>\n<li>O presidente da C\u00e2mara Municipal, Bruno Gon\u00e7alves Pereira, disse que a verba pode ser refor\u00e7ada no futuro, de acordo com as previs\u00f5es or\u00e7amentais, para fomentar o desporto e profesionalizar estes atletas.<\/li>\n<li>Os contratos-programa visam promover o munic\u00edpio atrav\u00e9s do desporto e do trabalho local, com o objetivo de estimular a pr\u00e1tica desportiva entre a popula\u00e7\u00e3o e servir de exemplo para os mais jovens.<\/li>\n<li>Os atletas contemplados s\u00e3o: Ana Filipa Santos (T\u00e9nis), Bruno Rosa (BTT), Carlos Ros\u00e1rio (Triatlo), Emanuel Diogo (Atletismo \/ Duatlo), Fernando Sebasti\u00e3o (Tiro Desportivo), Fl\u00e1vio Pacheco (Paraciclismo), Mauro In\u00e1cio (Nata\u00e7\u00e3o) e V\u00edtor Madeira (Atletismo).<\/li>\n<li>Para beneficiar dos apoios, os atletas interessados devem apresentar candidatura por escrito durante janeiro de 2026, com a documenta\u00e7\u00e3o exigida, incluindo comprovativos de despesas em provas, conforme regulamento.<\/li>\n<\/ul>\n","protected":false},"author":2,"featured_media":108181,"comment_status":"closed","ping_status":"closed","sticky":false,"template":"","format":"standard","meta":{"footnotes":""},"categories":[21],"tags":[252,903,152,2093,209,2183],"class_list":["post-108172","post","type-post","status-publish","format-standard","has-post-thumbnail","hentry","category-desporto","tag-atletas","tag-comunidades","tag-desporto","tag-municipios","tag-natacao","tag-paraciclismo"],"yoast_head":"<!-- This site is optimized with the Yoast SEO plugin v27.2 - https:\/\/yoast.com\/product\/yoast-seo-wordpress\/ -->\n<title>Santiago do Cac\u00e9m celebra oito contratos-programa com atletas locais - Portal Tela Portugal<\/title>\n<meta name=\"robots\" content=\"index, follow, max-snippet:-1, max-image-preview:large, max-video-preview:-1\" \/>\n<meta property=\"og:locale\" content=\"pt_PT\" \/>\n<meta property=\"og:type\" content=\"article\" \/>\n<meta property=\"og:title\" content=\"Santiago do Cac\u00e9m celebra oito contratos-programa com atletas locais - Portal Tela Portugal\" \/>\n<meta property=\"og:description\" content=\"O Munic\u00edpio de Santiago do Cac\u00e9m celebrou oito contratos-programa com atletas individuais do concelho, para competi\u00e7\u00f5es nacionais e internacionais de elevado relevo, com um valor global de cerca de \u20ac 7.300 para 2025. O presidente da C\u00e2mara Municipal, Bruno Gon\u00e7alves Pereira, disse que a verba pode ser refor\u00e7ada no futuro, de acordo com as previs\u00f5es or\u00e7amentais, para fomentar o desporto e profesionalizar estes atletas. Os contratos-programa visam promover o munic\u00edpio atrav\u00e9s do desporto e do trabalho local, com o objetivo de estimular a pr\u00e1tica desportiva entre a popula\u00e7\u00e3o e servir de exemplo para os mais jovens. Os atletas contemplados s\u00e3o: Ana Filipa Santos (T\u00e9nis), Bruno Rosa (BTT), Carlos Ros\u00e1rio (Triatlo), Emanuel Diogo (Atletismo \/ Duatlo), Fernando Sebasti\u00e3o (Tiro Desportivo), Fl\u00e1vio Pacheco (Paraciclismo), Mauro In\u00e1cio (Nata\u00e7\u00e3o) e V\u00edtor Madeira (Atletismo). Para beneficiar dos apoios, os atletas interessados devem apresentar candidatura por escrito durante janeiro de 2026, com a documenta\u00e7\u00e3o exigida, incluindo comprovativos de despesas em provas, conforme regulamento.\" \/>\n<meta property=\"og:url\" content=\"https:\/\/portaltela.pt\/noticias\/2025\/12\/30\/santiago-do-cacem-celebra-oito-contratos-programa-com-atletas-locais\/\" \/>\n<meta property=\"og:site_name\" content=\"Portal Tela Portugal\" \/>\n<meta property=\"article:published_time\" content=\"2025-12-30T17:07:00+00:00\" \/>\n<meta name=\"author\" content=\"Telinha\" \/>\n<meta name=\"twitter:card\" content=\"summary_large_image\" \/>\n<meta name=\"twitter:label1\" content=\"Escrito por\" \/>\n\t<meta name=\"twitter:data1\" content=\"Telinha\" \/>\n\t<meta name=\"twitter:label2\" content=\"Tempo estimado de leitura\" \/>\n\t<meta name=\"twitter:data2\" content=\"1 minuto\" \/>\n<script type=\"application\/ld+json\" class=\"yoast-schema-graph\">{\"@context\":\"https:\/\/schema.org\",\"@graph\":[{\"@type\":\"Article\",\"@id\":\"https:\/\/portaltela.pt\/noticias\/2025\/12\/30\/santiago-do-cacem-celebra-oito-contratos-programa-com-atletas-locais\/#article\",\"isPartOf\":{\"@id\":\"https:\/\/portaltela.pt\/noticias\/2025\/12\/30\/santiago-do-cacem-celebra-oito-contratos-programa-com-atletas-locais\/\"},\"author\":{\"name\":\"Telinha\",\"@id\":\"https:\/\/portaltela.pt\/#\/schema\/person\/c4278d4a6028830caff9ee44b42d32ed\"},\"headline\":\"Santiago do Cac\u00e9m celebra oito contratos-programa com atletas locais\",\"datePublished\":\"2025-12-30T17:07:00+00:00\",\"mainEntityOfPage\":{\"@id\":\"https:\/\/portaltela.pt\/noticias\/2025\/12\/30\/santiago-do-cacem-celebra-oito-contratos-programa-com-atletas-locais\/\"},\"wordCount\":299,\"image\":{\"@id\":\"https:\/\/portaltela.pt\/noticias\/2025\/12\/30\/santiago-do-cacem-celebra-oito-contratos-programa-com-atletas-locais\/#primaryimage\"},\"thumbnailUrl\":\"https:\/\/portaltela.pt\/s.01k8rhncp4jt1\/2025\/12\/unnamed-file-2581.jpg\",\"keywords\":[\"atletas\",\"comunidades\",\"desporto\",\"munic\u00edpios\",\"nata\u00e7\u00e3o\",\"Paraciclismo\"],\"articleSection\":[\"Desporto\"],\"inLanguage\":\"pt-PT\"},{\"@type\":\"WebPage\",\"@id\":\"https:\/\/portaltela.pt\/noticias\/2025\/12\/30\/santiago-do-cacem-celebra-oito-contratos-programa-com-atletas-locais\/\",\"url\":\"https:\/\/portaltela.pt\/noticias\/2025\/12\/30\/santiago-do-cacem-celebra-oito-contratos-programa-com-atletas-locais\/\",\"name\":\"Santiago do Cac\u00e9m celebra oito contratos-programa com atletas locais - Portal Tela Portugal\",\"isPartOf\":{\"@id\":\"https:\/\/portaltela.pt\/#website\"},\"primaryImageOfPage\":{\"@id\":\"https:\/\/portaltela.pt\/noticias\/2025\/12\/30\/santiago-do-cacem-celebra-oito-contratos-programa-com-atletas-locais\/#primaryimage\"},\"image\":{\"@id\":\"https:\/\/portaltela.pt\/noticias\/2025\/12\/30\/santiago-do-cacem-celebra-oito-contratos-programa-com-atletas-locais\/#primaryimage\"},\"thumbnailUrl\":\"https:\/\/portaltela.pt\/s.01k8rhncp4jt1\/2025\/12\/unnamed-file-2581.jpg\",\"datePublished\":\"2025-12-30T17:07:00+00:00\",\"author\":{\"@id\":\"https:\/\/portaltela.pt\/#\/schema\/person\/c4278d4a6028830caff9ee44b42d32ed\"},\"breadcrumb\":{\"@id\":\"https:\/\/portaltela.pt\/noticias\/2025\/12\/30\/santiago-do-cacem-celebra-oito-contratos-programa-com-atletas-locais\/#breadcrumb\"},\"inLanguage\":\"pt-PT\",\"potentialAction\":[{\"@type\":\"ReadAction\",\"target\":[\"https:\/\/portaltela.pt\/noticias\/2025\/12\/30\/santiago-do-cacem-celebra-oito-contratos-programa-com-atletas-locais\/\"]}]},{\"@type\":\"ImageObject\",\"inLanguage\":\"pt-PT\",\"@id\":\"https:\/\/portaltela.pt\/noticias\/2025\/12\/30\/santiago-do-cacem-celebra-oito-contratos-programa-com-atletas-locais\/#primaryimage\",\"url\":\"https:\/\/portaltela.pt\/s.01k8rhncp4jt1\/2025\/12\/unnamed-file-2581.jpg\",\"contentUrl\":\"https:\/\/portaltela.pt\/s.01k8rhncp4jt1\/2025\/12\/unnamed-file-2581.jpg\",\"width\":796,\"height\":448,\"caption\":\"Munic\u00edpio de Santiago do Cac\u00e9m celebrou oito contratos-programa com atletas individuais\"},{\"@type\":\"BreadcrumbList\",\"@id\":\"https:\/\/portaltela.pt\/noticias\/2025\/12\/30\/santiago-do-cacem-celebra-oito-contratos-programa-com-atletas-locais\/#breadcrumb\",\"itemListElement\":[{\"@type\":\"ListItem\",\"position\":1,\"name\":\"In\u00edcio\",\"item\":\"https:\/\/portaltela.pt\/\"},{\"@type\":\"ListItem\",\"position\":2,\"name\":\"Santiago do Cac\u00e9m celebra oito contratos-programa com atletas locais\"}]},{\"@type\":\"WebSite\",\"@id\":\"https:\/\/portaltela.pt\/#website\",\"url\":\"https:\/\/portaltela.pt\/\",\"name\":\"Portal Tela Portugal\",\"description\":\"\",\"potentialAction\":[{\"@type\":\"SearchAction\",\"target\":{\"@type\":\"EntryPoint\",\"urlTemplate\":\"https:\/\/portaltela.pt\/?s={search_term_string}\"},\"query-input\":{\"@type\":\"PropertyValueSpecification\",\"valueRequired\":true,\"valueName\":\"search_term_string\"}}],\"inLanguage\":\"pt-PT\"},{\"@type\":\"Person\",\"@id\":\"https:\/\/portaltela.pt\/#\/schema\/person\/c4278d4a6028830caff9ee44b42d32ed\",\"name\":\"Telinha\",\"image\":{\"@type\":\"ImageObject\",\"inLanguage\":\"pt-PT\",\"@id\":\"https:\/\/portaltela.pt\/s.01k8rhncp4jt1\/2025\/11\/talking-bot-125x125.png\",\"url\":\"https:\/\/portaltela.pt\/s.01k8rhncp4jt1\/2025\/11\/talking-bot-125x125.png\",\"contentUrl\":\"https:\/\/portaltela.pt\/s.01k8rhncp4jt1\/2025\/11\/talking-bot-125x125.png\",\"caption\":\"Telinha\"},\"sameAs\":[\"https:\/\/portaltela.pt\/\"],\"url\":\"https:\/\/portaltela.pt\/por\/367410592786\/\"}]}<\/script>\n<!-- \/ Yoast SEO plugin. -->","yoast_head_json":{"title":"Santiago do Cac\u00e9m celebra oito contratos-programa com atletas locais - Portal Tela Portugal","robots":{"index":"index","follow":"follow","max-snippet":"max-snippet:-1","max-image-preview":"max-image-preview:large","max-video-preview":"max-video-preview:-1"},"og_locale":"pt_PT","og_type":"article","og_title":"Santiago do Cac\u00e9m celebra oito contratos-programa com atletas locais - Portal Tela Portugal","og_description":"O Munic\u00edpio de Santiago do Cac\u00e9m celebrou oito contratos-programa com atletas individuais do concelho, para competi\u00e7\u00f5es nacionais e internacionais de elevado relevo, com um valor global de cerca de \u20ac 7.300 para 2025. O presidente da C\u00e2mara Municipal, Bruno Gon\u00e7alves Pereira, disse que a verba pode ser refor\u00e7ada no futuro, de acordo com as previs\u00f5es or\u00e7amentais, para fomentar o desporto e profesionalizar estes atletas. Os contratos-programa visam promover o munic\u00edpio atrav\u00e9s do desporto e do trabalho local, com o objetivo de estimular a pr\u00e1tica desportiva entre a popula\u00e7\u00e3o e servir de exemplo para os mais jovens. Os atletas contemplados s\u00e3o: Ana Filipa Santos (T\u00e9nis), Bruno Rosa (BTT), Carlos Ros\u00e1rio (Triatlo), Emanuel Diogo (Atletismo \/ Duatlo), Fernando Sebasti\u00e3o (Tiro Desportivo), Fl\u00e1vio Pacheco (Paraciclismo), Mauro In\u00e1cio (Nata\u00e7\u00e3o) e V\u00edtor Madeira (Atletismo). Para beneficiar dos apoios, os atletas interessados devem apresentar candidatura por escrito durante janeiro de 2026, com a documenta\u00e7\u00e3o exigida, incluindo comprovativos de despesas em provas, conforme regulamento.","og_url":"https:\/\/portaltela.pt\/noticias\/2025\/12\/30\/santiago-do-cacem-celebra-oito-contratos-programa-com-atletas-locais\/","og_site_name":"Portal Tela Portugal","article_published_time":"2025-12-30T17:07:00+00:00","author":"Telinha","twitter_card":"summary_large_image","twitter_misc":{"Escrito por":"Telinha","Tempo estimado de leitura":"1 minuto"},"schema":{"@context":"https:\/\/schema.org","@graph":[{"@type":"Article","@id":"https:\/\/portaltela.pt\/noticias\/2025\/12\/30\/santiago-do-cacem-celebra-oito-contratos-programa-com-atletas-locais\/#article","isPartOf":{"@id":"https:\/\/portaltela.pt\/noticias\/2025\/12\/30\/santiago-do-cacem-celebra-oito-contratos-programa-com-atletas-locais\/"},"author":{"name":"Telinha","@id":"https:\/\/portaltela.pt\/#\/schema\/person\/c4278d4a6028830caff9ee44b42d32ed"},"headline":"Santiago do Cac\u00e9m celebra oito contratos-programa com atletas locais","datePublished":"2025-12-30T17:07:00+00:00","mainEntityOfPage":{"@id":"https:\/\/portaltela.pt\/noticias\/2025\/12\/30\/santiago-do-cacem-celebra-oito-contratos-programa-com-atletas-locais\/"},"wordCount":299,"image":{"@id":"https:\/\/portaltela.pt\/noticias\/2025\/12\/30\/santiago-do-cacem-celebra-oito-contratos-programa-com-atletas-locais\/#primaryimage"},"thumbnailUrl":"https:\/\/portaltela.pt\/s.01k8rhncp4jt1\/2025\/12\/unnamed-file-2581.jpg","keywords":["atletas","comunidades","desporto","munic\u00edpios","nata\u00e7\u00e3o","Paraciclismo"],"articleSection":["Desporto"],"inLanguage":"pt-PT"},{"@type":"WebPage","@id":"https:\/\/portaltela.pt\/noticias\/2025\/12\/30\/santiago-do-cacem-celebra-oito-contratos-programa-com-atletas-locais\/","url":"https:\/\/portaltela.pt\/noticias\/2025\/12\/30\/santiago-do-cacem-celebra-oito-contratos-programa-com-atletas-locais\/","name":"Santiago do Cac\u00e9m celebra oito contratos-programa com atletas locais - Portal Tela Portugal","isPartOf":{"@id":"https:\/\/portaltela.pt\/#website"},"primaryImageOfPage":{"@id":"https:\/\/portaltela.pt\/noticias\/2025\/12\/30\/santiago-do-cacem-celebra-oito-contratos-programa-com-atletas-locais\/#primaryimage"},"image":{"@id":"https:\/\/portaltela.pt\/noticias\/2025\/12\/30\/santiago-do-cacem-celebra-oito-contratos-programa-com-atletas-locais\/#primaryimage"},"thumbnailUrl":"https:\/\/portaltela.pt\/s.01k8rhncp4jt1\/2025\/12\/unnamed-file-2581.jpg","datePublished":"2025-12-30T17:07:00+00:00","author":{"@id":"https:\/\/portaltela.pt\/#\/schema\/person\/c4278d4a6028830caff9ee44b42d32ed"},"breadcrumb":{"@id":"https:\/\/portaltela.pt\/noticias\/2025\/12\/30\/santiago-do-cacem-celebra-oito-contratos-programa-com-atletas-locais\/#breadcrumb"},"inLanguage":"pt-PT","potentialAction":[{"@type":"ReadAction","target":["https:\/\/portaltela.pt\/noticias\/2025\/12\/30\/santiago-do-cacem-celebra-oito-contratos-programa-com-atletas-locais\/"]}]},{"@type":"ImageObject","inLanguage":"pt-PT","@id":"https:\/\/portaltela.pt\/noticias\/2025\/12\/30\/santiago-do-cacem-celebra-oito-contratos-programa-com-atletas-locais\/#primaryimage","url":"https:\/\/portaltela.pt\/s.01k8rhncp4jt1\/2025\/12\/unnamed-file-2581.jpg","contentUrl":"https:\/\/portaltela.pt\/s.01k8rhncp4jt1\/2025\/12\/unnamed-file-2581.jpg","width":796,"height":448,"caption":"Munic\u00edpio de Santiago do Cac\u00e9m celebrou oito contratos-programa com atletas individuais"},{"@type":"BreadcrumbList","@id":"https:\/\/portaltela.pt\/noticias\/2025\/12\/30\/santiago-do-cacem-celebra-oito-contratos-programa-com-atletas-locais\/#breadcrumb","itemListElement":[{"@type":"ListItem","position":1,"name":"In\u00edcio","item":"https:\/\/portaltela.pt\/"},{"@type":"ListItem","position":2,"name":"Santiago do Cac\u00e9m celebra oito contratos-programa com atletas locais"}]},{"@type":"WebSite","@id":"https:\/\/portaltela.pt\/#website","url":"https:\/\/portaltela.pt\/","name":"Portal Tela Portugal","description":"","potentialAction":[{"@type":"SearchAction","target":{"@type":"EntryPoint","urlTemplate":"https:\/\/portaltela.pt\/?s={search_term_string}"},"query-input":{"@type":"PropertyValueSpecification","valueRequired":true,"valueName":"search_term_string"}}],"inLanguage":"pt-PT"},{"@type":"Person","@id":"https:\/\/portaltela.pt\/#\/schema\/person\/c4278d4a6028830caff9ee44b42d32ed","name":"Telinha","image":{"@type":"ImageObject","inLanguage":"pt-PT","@id":"https:\/\/portaltela.pt\/s.01k8rhncp4jt1\/2025\/11\/talking-bot-125x125.png","url":"https:\/\/portaltela.pt\/s.01k8rhncp4jt1\/2025\/11\/talking-bot-125x125.png","contentUrl":"https:\/\/portaltela.pt\/s.01k8rhncp4jt1\/2025\/11\/talking-bot-125x125.png","caption":"Telinha"},"sameAs":["https:\/\/portaltela.pt\/"],"url":"https:\/\/portaltela.pt\/por\/367410592786\/"}]}},"_links":{"self":[{"href":"https:\/\/portaltela.pt\/api\/wp\/v2\/posts\/108172","targetHints":{"allow":["GET"]}}],"collection":[{"href":"https:\/\/portaltela.pt\/api\/wp\/v2\/posts"}],"about":[{"href":"https:\/\/portaltela.pt\/api\/wp\/v2\/types\/post"}],"author":[{"embeddable":true,"href":"https:\/\/portaltela.pt\/api\/wp\/v2\/users\/2"}],"replies":[{"embeddable":true,"href":"https:\/\/portaltela.pt\/api\/wp\/v2\/comments?post=108172"}],"version-history":[{"count":0,"href":"https:\/\/portaltela.pt\/api\/wp\/v2\/posts\/108172\/revisions"}],"wp:featuredmedia":[{"embeddable":true,"href":"https:\/\/portaltela.pt\/api\/wp\/v2\/media\/108181"}],"wp:attachment":[{"href":"https:\/\/portaltela.pt\/api\/wp\/v2\/media?parent=108172"}],"wp:term":[{"taxonomy":"category","embeddable":true,"href":"https:\/\/portaltela.pt\/api\/wp\/v2\/categories?post=108172"},{"taxonomy":"post_tag","embeddable":true,"href":"https:\/\/portaltela.pt\/api\/wp\/v2\/tags?post=108172"}],"curies":[{"name":"wp","href":"https:\/\/api.w.org\/{rel}","templated":true}]}}