{"id":107945,"date":"2025-12-30T12:43:00","date_gmt":"2025-12-30T15:43:00","guid":{"rendered":"https:\/\/portaltela.pt\/noticias\/2025\/12\/30\/uls-de-coimbra-sobe-contingencia-quase-4-500-com-infecoes-respiratorias\/"},"modified":"2025-12-30T12:43:00","modified_gmt":"2025-12-30T15:43:00","slug":"uls-de-coimbra-sobe-contingencia-quase-4-500-com-infecoes-respiratorias","status":"publish","type":"post","link":"https:\/\/portaltela.pt\/noticias\/2025\/12\/30\/uls-de-coimbra-sobe-contingencia-quase-4-500-com-infecoes-respiratorias\/","title":{"rendered":"ULS de Coimbra sobe conting\u00eancia: quase 4.500 com infe\u00e7\u00f5es respirat\u00f3rias"},"content":{"rendered":"<p>A Unidade Local de Sa\u00fade (ULS) de Coimbra elevou o n\u00edvel de conting\u00eancia para o n\u00edvel 2, devido ao aumento da procura nos servi\u00e7os de urg\u00eancia por infe\u00e7\u00f5es respirat\u00f3rias. Entre 22 e 28 de dezembro, registaram-se quase 4.5 mil atendimentos.<\/p>\n<p>No conjunto de hospitais da ULS, houve 4.487 atendimentos, com 2.750 no Hospital de Coimbra, 981 no Hospital Pedi\u00e1trico, 394 no Servi\u00e7o de Urg\u00eancia B\u00e1sica de Arganil e 362 nas Maternidades Bissaya Barreto e Daniel de Matos.<\/p>\n<p>A ULS informou que 68% dos utentes foram atendidos dentro dos tempos cl\u00ednicos recomendados e houve uma taxa de abandono de 1%. O registo apontou 594 internamentos a partir do Servi\u00e7o de Urg\u00eancia.<\/p>\n<h3>Utiliza\u00e7\u00e3o mais adequada do sistema<\/h3>\n<p>Mais de 25% dos epis\u00f3dios enquadraram-se em utentes classificados como verdes ou azuis, o que refor\u00e7a a necessidade de utilizar o sistema de forma mais adequada, por exemplo atrav\u00e9s da Linha SNS24.<\/p>\n<p>O aumento da press\u00e3o levou ao refor\u00e7o da capacidade hospitalar com a abertura progressiva de camas em enfermaria dedicada. Atualmente existem 24 camas dispon\u00edveis para infe\u00e7\u00f5es respirat\u00f3rias, num total de 58.<\/p>\n<h3>Estrutura e medidas no combate \u00e0s infe\u00e7\u00f5es<\/h3>\n<p>Com o n\u00edvel 2 ativo, mant\u00e9m-se o circuito respirat\u00f3rio separado do n\u00e3o respirat\u00f3rio, com pr\u00e9-triagem para infe\u00e7\u00f5es respirat\u00f3rias, dois gabinetes dedicados e tr\u00eas salas de urg\u00eancia para doentes respirat\u00f3rios.<\/p>\n<p>A ULS frisou que as medidas visam reduzir o risco de transmiss\u00e3o e que os testes r\u00e1pidos, na pr\u00e9-triagem, confirmaram a predomin\u00e2ncia da infe\u00e7\u00e3o por influenza A.<\/p>\n<h3>Recomenda\u00e7\u00e3o \u00e0 popula\u00e7\u00e3o<\/h3>\n<p>A institui\u00e7\u00e3o apelou \u00e0 utiliza\u00e7\u00e3o respons\u00e1vel dos servi\u00e7os de sa\u00fade, sugerindo o contacto pr\u00e9vio com a Linha SNS24 para encaminhamento para o n\u00edvel de cuidado mais adequado \u2014 m\u00e9dico de fam\u00edlia, centro de sa\u00fade ou Centro de Atendimento Cl\u00ednico.<\/p>\n","protected":false},"excerpt":{"rendered":"<ul>\n<li>A ULS de Coimbra aumentou para o n\u00edvel dois do Plano de Conting\u00eancia devido \u00e0 procura nos servi\u00e7os de urg\u00eancia por infe\u00e7\u00f5es respirat\u00f3rias, ap\u00f3s quase 4.500 atendimentos na semana de 22 a 28 de dezembro.<\/li>\n<li>Foram 4.487 atendimentos, com 2.750 nos Hospitais da Universidade de Coimbra, 981 no Hospital Pedi\u00e1trico, 394 no Servi\u00e7o de Urg\u00eancia B\u00e1sica de Arganil e 362 nas Maternidades Bissaya Barreto e Daniel de Matos.<\/li>\n<li>68% dos utentes foram atendidos dentro dos tempos recomendados; a taxa de abandono foi de 1% e houve 594 internamentos a partir do Servi\u00e7o de Urg\u00eancia.<\/li>\n<li>25,78% dos epis\u00f3dios foram de utentes classificados como verdes ou azuis, o que refor\u00e7a a necessidade de utiliza\u00e7\u00e3o mais adequada do sistema, incluindo poss\u00edvel contacto pr\u00e9vio com SNS 24.<\/li>\n<li>A press\u00e3o dispensou refor\u00e7ar a capacidade hospitalar com a abertura de camas para infe\u00e7\u00f5es respirat\u00f3rias, totalizando 24 camas dispon\u00edveis numa perspetiva de 58, j\u00e1 com circuito respirat\u00f3rio separado e pr\u00e9-triagem espec\u00edfica.<\/li>\n<\/ul>\n","protected":false},"author":2,"featured_media":107969,"comment_status":"closed","ping_status":"closed","sticky":false,"template":"","format":"standard","meta":{"footnotes":""},"categories":[1],"tags":[1070,1935,841,271,1775,1899],"class_list":["post-107945","post","type-post","status-publish","format-standard","has-post-thumbnail","hentry","category-noticias","tag-coimbra","tag-emergencias","tag-infecao-respiratoria-aguda","tag-saude-publica","tag-sns","tag-urgencias"],"yoast_head":"<!-- This site is optimized with the Yoast SEO plugin v27.2 - https:\/\/yoast.com\/product\/yoast-seo-wordpress\/ -->\n<title>ULS de Coimbra sobe conting\u00eancia: quase 4.500 com infe\u00e7\u00f5es respirat\u00f3rias - Portal Tela Portugal<\/title>\n<meta name=\"robots\" content=\"index, follow, max-snippet:-1, max-image-preview:large, max-video-preview:-1\" \/>\n<meta property=\"og:locale\" content=\"pt_PT\" \/>\n<meta property=\"og:type\" content=\"article\" \/>\n<meta property=\"og:title\" content=\"ULS de Coimbra sobe conting\u00eancia: quase 4.500 com infe\u00e7\u00f5es respirat\u00f3rias - Portal Tela Portugal\" \/>\n<meta property=\"og:description\" content=\"A ULS de Coimbra aumentou para o n\u00edvel dois do Plano de Conting\u00eancia devido \u00e0 procura nos servi\u00e7os de urg\u00eancia por infe\u00e7\u00f5es respirat\u00f3rias, ap\u00f3s quase 4.500 atendimentos na semana de 22 a 28 de dezembro. Foram 4.487 atendimentos, com 2.750 nos Hospitais da Universidade de Coimbra, 981 no Hospital Pedi\u00e1trico, 394 no Servi\u00e7o de Urg\u00eancia B\u00e1sica de Arganil e 362 nas Maternidades Bissaya Barreto e Daniel de Matos. 68% dos utentes foram atendidos dentro dos tempos recomendados; a taxa de abandono foi de 1% e houve 594 internamentos a partir do Servi\u00e7o de Urg\u00eancia. 25,78% dos epis\u00f3dios foram de utentes classificados como verdes ou azuis, o que refor\u00e7a a necessidade de utiliza\u00e7\u00e3o mais adequada do sistema, incluindo poss\u00edvel contacto pr\u00e9vio com SNS 24. A press\u00e3o dispensou refor\u00e7ar a capacidade hospitalar com a abertura de camas para infe\u00e7\u00f5es respirat\u00f3rias, totalizando 24 camas dispon\u00edveis numa perspetiva de 58, j\u00e1 com circuito respirat\u00f3rio separado e pr\u00e9-triagem espec\u00edfica.\" \/>\n<meta property=\"og:url\" content=\"https:\/\/portaltela.pt\/noticias\/2025\/12\/30\/uls-de-coimbra-sobe-contingencia-quase-4-500-com-infecoes-respiratorias\/\" \/>\n<meta property=\"og:site_name\" content=\"Portal Tela Portugal\" \/>\n<meta property=\"article:published_time\" content=\"2025-12-30T15:43:00+00:00\" \/>\n<meta name=\"author\" content=\"Telinha\" \/>\n<meta name=\"twitter:card\" content=\"summary_large_image\" \/>\n<meta name=\"twitter:label1\" content=\"Escrito por\" \/>\n\t<meta name=\"twitter:data1\" content=\"Telinha\" \/>\n\t<meta name=\"twitter:label2\" content=\"Tempo estimado de leitura\" \/>\n\t<meta name=\"twitter:data2\" content=\"2 minutos\" \/>\n<script type=\"application\/ld+json\" class=\"yoast-schema-graph\">{\"@context\":\"https:\/\/schema.org\",\"@graph\":[{\"@type\":\"Article\",\"@id\":\"https:\/\/portaltela.pt\/noticias\/2025\/12\/30\/uls-de-coimbra-sobe-contingencia-quase-4-500-com-infecoes-respiratorias\/#article\",\"isPartOf\":{\"@id\":\"https:\/\/portaltela.pt\/noticias\/2025\/12\/30\/uls-de-coimbra-sobe-contingencia-quase-4-500-com-infecoes-respiratorias\/\"},\"author\":{\"name\":\"Telinha\",\"@id\":\"https:\/\/portaltela.pt\/#\/schema\/person\/c4278d4a6028830caff9ee44b42d32ed\"},\"headline\":\"ULS de Coimbra sobe conting\u00eancia: quase 4.500 com infe\u00e7\u00f5es respirat\u00f3rias\",\"datePublished\":\"2025-12-30T15:43:00+00:00\",\"mainEntityOfPage\":{\"@id\":\"https:\/\/portaltela.pt\/noticias\/2025\/12\/30\/uls-de-coimbra-sobe-contingencia-quase-4-500-com-infecoes-respiratorias\/\"},\"wordCount\":330,\"image\":{\"@id\":\"https:\/\/portaltela.pt\/noticias\/2025\/12\/30\/uls-de-coimbra-sobe-contingencia-quase-4-500-com-infecoes-respiratorias\/#primaryimage\"},\"thumbnailUrl\":\"https:\/\/portaltela.pt\/s.01k8rhncp4jt1\/2025\/12\/urgencias-CHUC.jpg\",\"keywords\":[\"Coimbra\",\"emerg\u00eancias\",\"infe\u00e7\u00e3o respirat\u00f3ria aguda\",\"sa\u00fade p\u00fablica\",\"SNS\",\"urg\u00eancias\"],\"articleSection\":[\"Not\u00edcias\"],\"inLanguage\":\"pt-PT\"},{\"@type\":\"WebPage\",\"@id\":\"https:\/\/portaltela.pt\/noticias\/2025\/12\/30\/uls-de-coimbra-sobe-contingencia-quase-4-500-com-infecoes-respiratorias\/\",\"url\":\"https:\/\/portaltela.pt\/noticias\/2025\/12\/30\/uls-de-coimbra-sobe-contingencia-quase-4-500-com-infecoes-respiratorias\/\",\"name\":\"ULS de Coimbra sobe conting\u00eancia: quase 4.500 com infe\u00e7\u00f5es respirat\u00f3rias - Portal Tela Portugal\",\"isPartOf\":{\"@id\":\"https:\/\/portaltela.pt\/#website\"},\"primaryImageOfPage\":{\"@id\":\"https:\/\/portaltela.pt\/noticias\/2025\/12\/30\/uls-de-coimbra-sobe-contingencia-quase-4-500-com-infecoes-respiratorias\/#primaryimage\"},\"image\":{\"@id\":\"https:\/\/portaltela.pt\/noticias\/2025\/12\/30\/uls-de-coimbra-sobe-contingencia-quase-4-500-com-infecoes-respiratorias\/#primaryimage\"},\"thumbnailUrl\":\"https:\/\/portaltela.pt\/s.01k8rhncp4jt1\/2025\/12\/urgencias-CHUC.jpg\",\"datePublished\":\"2025-12-30T15:43:00+00:00\",\"author\":{\"@id\":\"https:\/\/portaltela.pt\/#\/schema\/person\/c4278d4a6028830caff9ee44b42d32ed\"},\"breadcrumb\":{\"@id\":\"https:\/\/portaltela.pt\/noticias\/2025\/12\/30\/uls-de-coimbra-sobe-contingencia-quase-4-500-com-infecoes-respiratorias\/#breadcrumb\"},\"inLanguage\":\"pt-PT\",\"potentialAction\":[{\"@type\":\"ReadAction\",\"target\":[\"https:\/\/portaltela.pt\/noticias\/2025\/12\/30\/uls-de-coimbra-sobe-contingencia-quase-4-500-com-infecoes-respiratorias\/\"]}]},{\"@type\":\"ImageObject\",\"inLanguage\":\"pt-PT\",\"@id\":\"https:\/\/portaltela.pt\/noticias\/2025\/12\/30\/uls-de-coimbra-sobe-contingencia-quase-4-500-com-infecoes-respiratorias\/#primaryimage\",\"url\":\"https:\/\/portaltela.pt\/s.01k8rhncp4jt1\/2025\/12\/urgencias-CHUC.jpg\",\"contentUrl\":\"https:\/\/portaltela.pt\/s.01k8rhncp4jt1\/2025\/12\/urgencias-CHUC.jpg\",\"width\":796,\"height\":448,\"caption\":\"Diretor executivo do SNS confirma abertura de inqu\u00e9rito a morte no hospital de Coimbra\"},{\"@type\":\"BreadcrumbList\",\"@id\":\"https:\/\/portaltela.pt\/noticias\/2025\/12\/30\/uls-de-coimbra-sobe-contingencia-quase-4-500-com-infecoes-respiratorias\/#breadcrumb\",\"itemListElement\":[{\"@type\":\"ListItem\",\"position\":1,\"name\":\"In\u00edcio\",\"item\":\"https:\/\/portaltela.pt\/\"},{\"@type\":\"ListItem\",\"position\":2,\"name\":\"ULS de Coimbra sobe conting\u00eancia: quase 4.500 com infe\u00e7\u00f5es respirat\u00f3rias\"}]},{\"@type\":\"WebSite\",\"@id\":\"https:\/\/portaltela.pt\/#website\",\"url\":\"https:\/\/portaltela.pt\/\",\"name\":\"Portal Tela Portugal\",\"description\":\"\",\"potentialAction\":[{\"@type\":\"SearchAction\",\"target\":{\"@type\":\"EntryPoint\",\"urlTemplate\":\"https:\/\/portaltela.pt\/?s={search_term_string}\"},\"query-input\":{\"@type\":\"PropertyValueSpecification\",\"valueRequired\":true,\"valueName\":\"search_term_string\"}}],\"inLanguage\":\"pt-PT\"},{\"@type\":\"Person\",\"@id\":\"https:\/\/portaltela.pt\/#\/schema\/person\/c4278d4a6028830caff9ee44b42d32ed\",\"name\":\"Telinha\",\"image\":{\"@type\":\"ImageObject\",\"inLanguage\":\"pt-PT\",\"@id\":\"https:\/\/portaltela.pt\/s.01k8rhncp4jt1\/2025\/11\/talking-bot-125x125.png\",\"url\":\"https:\/\/portaltela.pt\/s.01k8rhncp4jt1\/2025\/11\/talking-bot-125x125.png\",\"contentUrl\":\"https:\/\/portaltela.pt\/s.01k8rhncp4jt1\/2025\/11\/talking-bot-125x125.png\",\"caption\":\"Telinha\"},\"sameAs\":[\"https:\/\/portaltela.pt\/\"],\"url\":\"https:\/\/portaltela.pt\/por\/367410592786\/\"}]}<\/script>\n<!-- \/ Yoast SEO plugin. -->","yoast_head_json":{"title":"ULS de Coimbra sobe conting\u00eancia: quase 4.500 com infe\u00e7\u00f5es respirat\u00f3rias - Portal Tela Portugal","robots":{"index":"index","follow":"follow","max-snippet":"max-snippet:-1","max-image-preview":"max-image-preview:large","max-video-preview":"max-video-preview:-1"},"og_locale":"pt_PT","og_type":"article","og_title":"ULS de Coimbra sobe conting\u00eancia: quase 4.500 com infe\u00e7\u00f5es respirat\u00f3rias - Portal Tela Portugal","og_description":"A ULS de Coimbra aumentou para o n\u00edvel dois do Plano de Conting\u00eancia devido \u00e0 procura nos servi\u00e7os de urg\u00eancia por infe\u00e7\u00f5es respirat\u00f3rias, ap\u00f3s quase 4.500 atendimentos na semana de 22 a 28 de dezembro. Foram 4.487 atendimentos, com 2.750 nos Hospitais da Universidade de Coimbra, 981 no Hospital Pedi\u00e1trico, 394 no Servi\u00e7o de Urg\u00eancia B\u00e1sica de Arganil e 362 nas Maternidades Bissaya Barreto e Daniel de Matos. 68% dos utentes foram atendidos dentro dos tempos recomendados; a taxa de abandono foi de 1% e houve 594 internamentos a partir do Servi\u00e7o de Urg\u00eancia. 25,78% dos epis\u00f3dios foram de utentes classificados como verdes ou azuis, o que refor\u00e7a a necessidade de utiliza\u00e7\u00e3o mais adequada do sistema, incluindo poss\u00edvel contacto pr\u00e9vio com SNS 24. A press\u00e3o dispensou refor\u00e7ar a capacidade hospitalar com a abertura de camas para infe\u00e7\u00f5es respirat\u00f3rias, totalizando 24 camas dispon\u00edveis numa perspetiva de 58, j\u00e1 com circuito respirat\u00f3rio separado e pr\u00e9-triagem espec\u00edfica.","og_url":"https:\/\/portaltela.pt\/noticias\/2025\/12\/30\/uls-de-coimbra-sobe-contingencia-quase-4-500-com-infecoes-respiratorias\/","og_site_name":"Portal Tela Portugal","article_published_time":"2025-12-30T15:43:00+00:00","author":"Telinha","twitter_card":"summary_large_image","twitter_misc":{"Escrito por":"Telinha","Tempo estimado de leitura":"2 minutos"},"schema":{"@context":"https:\/\/schema.org","@graph":[{"@type":"Article","@id":"https:\/\/portaltela.pt\/noticias\/2025\/12\/30\/uls-de-coimbra-sobe-contingencia-quase-4-500-com-infecoes-respiratorias\/#article","isPartOf":{"@id":"https:\/\/portaltela.pt\/noticias\/2025\/12\/30\/uls-de-coimbra-sobe-contingencia-quase-4-500-com-infecoes-respiratorias\/"},"author":{"name":"Telinha","@id":"https:\/\/portaltela.pt\/#\/schema\/person\/c4278d4a6028830caff9ee44b42d32ed"},"headline":"ULS de Coimbra sobe conting\u00eancia: quase 4.500 com infe\u00e7\u00f5es respirat\u00f3rias","datePublished":"2025-12-30T15:43:00+00:00","mainEntityOfPage":{"@id":"https:\/\/portaltela.pt\/noticias\/2025\/12\/30\/uls-de-coimbra-sobe-contingencia-quase-4-500-com-infecoes-respiratorias\/"},"wordCount":330,"image":{"@id":"https:\/\/portaltela.pt\/noticias\/2025\/12\/30\/uls-de-coimbra-sobe-contingencia-quase-4-500-com-infecoes-respiratorias\/#primaryimage"},"thumbnailUrl":"https:\/\/portaltela.pt\/s.01k8rhncp4jt1\/2025\/12\/urgencias-CHUC.jpg","keywords":["Coimbra","emerg\u00eancias","infe\u00e7\u00e3o respirat\u00f3ria aguda","sa\u00fade p\u00fablica","SNS","urg\u00eancias"],"articleSection":["Not\u00edcias"],"inLanguage":"pt-PT"},{"@type":"WebPage","@id":"https:\/\/portaltela.pt\/noticias\/2025\/12\/30\/uls-de-coimbra-sobe-contingencia-quase-4-500-com-infecoes-respiratorias\/","url":"https:\/\/portaltela.pt\/noticias\/2025\/12\/30\/uls-de-coimbra-sobe-contingencia-quase-4-500-com-infecoes-respiratorias\/","name":"ULS de Coimbra sobe conting\u00eancia: quase 4.500 com infe\u00e7\u00f5es respirat\u00f3rias - Portal Tela Portugal","isPartOf":{"@id":"https:\/\/portaltela.pt\/#website"},"primaryImageOfPage":{"@id":"https:\/\/portaltela.pt\/noticias\/2025\/12\/30\/uls-de-coimbra-sobe-contingencia-quase-4-500-com-infecoes-respiratorias\/#primaryimage"},"image":{"@id":"https:\/\/portaltela.pt\/noticias\/2025\/12\/30\/uls-de-coimbra-sobe-contingencia-quase-4-500-com-infecoes-respiratorias\/#primaryimage"},"thumbnailUrl":"https:\/\/portaltela.pt\/s.01k8rhncp4jt1\/2025\/12\/urgencias-CHUC.jpg","datePublished":"2025-12-30T15:43:00+00:00","author":{"@id":"https:\/\/portaltela.pt\/#\/schema\/person\/c4278d4a6028830caff9ee44b42d32ed"},"breadcrumb":{"@id":"https:\/\/portaltela.pt\/noticias\/2025\/12\/30\/uls-de-coimbra-sobe-contingencia-quase-4-500-com-infecoes-respiratorias\/#breadcrumb"},"inLanguage":"pt-PT","potentialAction":[{"@type":"ReadAction","target":["https:\/\/portaltela.pt\/noticias\/2025\/12\/30\/uls-de-coimbra-sobe-contingencia-quase-4-500-com-infecoes-respiratorias\/"]}]},{"@type":"ImageObject","inLanguage":"pt-PT","@id":"https:\/\/portaltela.pt\/noticias\/2025\/12\/30\/uls-de-coimbra-sobe-contingencia-quase-4-500-com-infecoes-respiratorias\/#primaryimage","url":"https:\/\/portaltela.pt\/s.01k8rhncp4jt1\/2025\/12\/urgencias-CHUC.jpg","contentUrl":"https:\/\/portaltela.pt\/s.01k8rhncp4jt1\/2025\/12\/urgencias-CHUC.jpg","width":796,"height":448,"caption":"Diretor executivo do SNS confirma abertura de inqu\u00e9rito a morte no hospital de Coimbra"},{"@type":"BreadcrumbList","@id":"https:\/\/portaltela.pt\/noticias\/2025\/12\/30\/uls-de-coimbra-sobe-contingencia-quase-4-500-com-infecoes-respiratorias\/#breadcrumb","itemListElement":[{"@type":"ListItem","position":1,"name":"In\u00edcio","item":"https:\/\/portaltela.pt\/"},{"@type":"ListItem","position":2,"name":"ULS de Coimbra sobe conting\u00eancia: quase 4.500 com infe\u00e7\u00f5es respirat\u00f3rias"}]},{"@type":"WebSite","@id":"https:\/\/portaltela.pt\/#website","url":"https:\/\/portaltela.pt\/","name":"Portal Tela Portugal","description":"","potentialAction":[{"@type":"SearchAction","target":{"@type":"EntryPoint","urlTemplate":"https:\/\/portaltela.pt\/?s={search_term_string}"},"query-input":{"@type":"PropertyValueSpecification","valueRequired":true,"valueName":"search_term_string"}}],"inLanguage":"pt-PT"},{"@type":"Person","@id":"https:\/\/portaltela.pt\/#\/schema\/person\/c4278d4a6028830caff9ee44b42d32ed","name":"Telinha","image":{"@type":"ImageObject","inLanguage":"pt-PT","@id":"https:\/\/portaltela.pt\/s.01k8rhncp4jt1\/2025\/11\/talking-bot-125x125.png","url":"https:\/\/portaltela.pt\/s.01k8rhncp4jt1\/2025\/11\/talking-bot-125x125.png","contentUrl":"https:\/\/portaltela.pt\/s.01k8rhncp4jt1\/2025\/11\/talking-bot-125x125.png","caption":"Telinha"},"sameAs":["https:\/\/portaltela.pt\/"],"url":"https:\/\/portaltela.pt\/por\/367410592786\/"}]}},"_links":{"self":[{"href":"https:\/\/portaltela.pt\/api\/wp\/v2\/posts\/107945","targetHints":{"allow":["GET"]}}],"collection":[{"href":"https:\/\/portaltela.pt\/api\/wp\/v2\/posts"}],"about":[{"href":"https:\/\/portaltela.pt\/api\/wp\/v2\/types\/post"}],"author":[{"embeddable":true,"href":"https:\/\/portaltela.pt\/api\/wp\/v2\/users\/2"}],"replies":[{"embeddable":true,"href":"https:\/\/portaltela.pt\/api\/wp\/v2\/comments?post=107945"}],"version-history":[{"count":0,"href":"https:\/\/portaltela.pt\/api\/wp\/v2\/posts\/107945\/revisions"}],"wp:featuredmedia":[{"embeddable":true,"href":"https:\/\/portaltela.pt\/api\/wp\/v2\/media\/107969"}],"wp:attachment":[{"href":"https:\/\/portaltela.pt\/api\/wp\/v2\/media?parent=107945"}],"wp:term":[{"taxonomy":"category","embeddable":true,"href":"https:\/\/portaltela.pt\/api\/wp\/v2\/categories?post=107945"},{"taxonomy":"post_tag","embeddable":true,"href":"https:\/\/portaltela.pt\/api\/wp\/v2\/tags?post=107945"}],"curies":[{"name":"wp","href":"https:\/\/api.w.org\/{rel}","templated":true}]}}