{"id":107823,"date":"2025-12-30T11:32:22","date_gmt":"2025-12-30T14:32:22","guid":{"rendered":"https:\/\/portaltela.pt\/noticias\/2025\/12\/30\/cerimonias-funebres-do-ex-vitoriano-carlos-cardoso-iniciam-nesta-terca-feira\/"},"modified":"2025-12-30T11:32:22","modified_gmt":"2025-12-30T14:32:22","slug":"cerimonias-funebres-do-ex-vitoriano-carlos-cardoso-iniciam-nesta-terca-feira","status":"publish","type":"post","link":"https:\/\/portaltela.pt\/desporto\/futebol\/2025\/12\/30\/cerimonias-funebres-do-ex-vitoriano-carlos-cardoso-iniciam-nesta-terca-feira\/","title":{"rendered":"Cerim\u00f3nias f\u00fanebres do ex-vitoriano Carlos Cardoso iniciam nesta ter\u00e7a-feira"},"content":{"rendered":"<p>Carlos Cardoso, antigo capit\u00e3o e treinador do Vit\u00f3ria de Set\u00fabal, morreu no \u00faltimo s\u00e1bado aos 80 anos. O falecimento foi anunciado pelo clube e ocorre numa altura em que o &#8220;Verdiblanco&#8221; recorda a liga\u00e7\u00e3o longa do ex-jogador ao emblema sadino.<\/p>\n<p>As cerim\u00f3nias f\u00fanebres arrancam esta ter\u00e7a-feira com vel\u00f3rio a partir das 17:30 no Convento de Jesus, em Set\u00fabal. A encomenda\u00e7\u00e3o da alma est\u00e1 marcada para as 12:00 do dia 31 de dezembro, seguindo-se o traslado para o Cremat\u00f3rio da Paz, em Algeruz, \u00e0s 13:30.<\/p>\n<p>Carlos Cardoso dedicou toda a carreira ao Vit\u00f3ria, entre 1964\/65 e 1976\/77, tendo ainda exercido fun\u00e7\u00f5es de treinador no est\u00e1dio do Bonfim em v\u00e1rias \u00e9pocas. O hist\u00f3rico defesa internacional AA somou mais de quatro d\u00e9cadas ligadas ao clube.<\/p>\n<h3>Carreira e v\u00ednculo com o Vit\u00f3ria<\/h3>\n<p>Nascido em Set\u00fabal, em 29 de dezembro de 1944, Cardoso representou o Vit\u00f3ria como jogador em 12 \u00e9pocas. Como t\u00e9cnico, orientou o clube durante uma d\u00e9cada, alternando fun\u00e7\u00f5es no plantel s\u00e9nior com a equipa t\u00e9cnica.<\/p>\n<p>Ao longo da carreira, Cardoso passou ainda por Barreirense, Nacional, Uni\u00e3o da Madeira, O Elvas, Lusitano de \u00c9vora, Benfica, Castelo Branco e Juventude de \u00c9vora, mantendo sempre uma presen\u00e7a marcante no futebol nacional. O Vit\u00f3ria presta homenagem ao que foi um dos seus s\u00edmbolos.<\/p>\n","protected":false},"excerpt":{"rendered":"<ul>\n<li>Carlos Cardoso, antigo capit\u00e3o e treinador do Vit\u00f3ria de Set\u00fabal, morreu no \u00faltimo s\u00e1bado aos 80 anos.<\/li>\n<li>As cerim\u00f3nias f\u00fanebres come\u00e7am esta ter\u00e7a-feira, com vel\u00f3rio \u00e0s 17:30 no Convento de Jesus, em Set\u00fabal.<\/li>\n<li>A encomenda\u00e7\u00e3o da alma ocorre no dia 31 de dezembro \u00e0s 12:00, seguida do traslado para o Cremat\u00f3rio da Paz, em Algeruz, \u00e0s 13:30.<\/li>\n<li>Cardoso dedicou a maior parte da carreira ao Vit\u00f3ria de Set\u00fabal, entre 1964\/65 e 1976\/77, servindo tamb\u00e9m como treinador e adjunto.<\/li>\n<li>Ao longo da carreira, foi internacional A por duas ocasi\u00f5es e orientou outros clubes como Barreirense, Nacional, Uni\u00e3o da Madeira, O Elvas, Lusitano de \u00c9vora, Benfica, Castelo Branco e Juventude de \u00c9vora.<\/li>\n<\/ul>\n","protected":false},"author":2,"featured_media":107830,"comment_status":"closed","ping_status":"closed","sticky":false,"template":"","format":"standard","meta":{"footnotes":""},"categories":[21,24],"tags":[152,32,242,399,994,1737],"class_list":["post-107823","post","type-post","status-publish","format-standard","has-post-thumbnail","hentry","category-desporto","category-futebol","tag-desporto","tag-futebol","tag-jogadores","tag-organizacao-desportiva","tag-setubal","tag-vitoria-de-setubal"],"yoast_head":"<!-- This site is optimized with the Yoast SEO plugin v27.2 - https:\/\/yoast.com\/product\/yoast-seo-wordpress\/ -->\n<title>Cerim\u00f3nias f\u00fanebres do ex-vitoriano Carlos Cardoso iniciam nesta ter\u00e7a-feira - Portal Tela Portugal<\/title>\n<meta name=\"robots\" content=\"index, follow, max-snippet:-1, max-image-preview:large, max-video-preview:-1\" \/>\n<meta property=\"og:locale\" content=\"pt_PT\" \/>\n<meta property=\"og:type\" content=\"article\" \/>\n<meta property=\"og:title\" content=\"Cerim\u00f3nias f\u00fanebres do ex-vitoriano Carlos Cardoso iniciam nesta ter\u00e7a-feira - Portal Tela Portugal\" \/>\n<meta property=\"og:description\" content=\"Carlos Cardoso, antigo capit\u00e3o e treinador do Vit\u00f3ria de Set\u00fabal, morreu no \u00faltimo s\u00e1bado aos 80 anos. As cerim\u00f3nias f\u00fanebres come\u00e7am esta ter\u00e7a-feira, com vel\u00f3rio \u00e0s 17:30 no Convento de Jesus, em Set\u00fabal. A encomenda\u00e7\u00e3o da alma ocorre no dia 31 de dezembro \u00e0s 12:00, seguida do traslado para o Cremat\u00f3rio da Paz, em Algeruz, \u00e0s 13:30. Cardoso dedicou a maior parte da carreira ao Vit\u00f3ria de Set\u00fabal, entre 1964\/65 e 1976\/77, servindo tamb\u00e9m como treinador e adjunto. Ao longo da carreira, foi internacional A por duas ocasi\u00f5es e orientou outros clubes como Barreirense, Nacional, Uni\u00e3o da Madeira, O Elvas, Lusitano de \u00c9vora, Benfica, Castelo Branco e Juventude de \u00c9vora.\" \/>\n<meta property=\"og:url\" content=\"https:\/\/portaltela.pt\/noticias\/2025\/12\/30\/cerimonias-funebres-do-ex-vitoriano-carlos-cardoso-iniciam-nesta-terca-feira\/\" \/>\n<meta property=\"og:site_name\" content=\"Portal Tela Portugal\" \/>\n<meta property=\"article:published_time\" content=\"2025-12-30T14:32:22+00:00\" \/>\n<meta name=\"author\" content=\"Telinha\" \/>\n<meta name=\"twitter:card\" content=\"summary_large_image\" \/>\n<meta name=\"twitter:label1\" content=\"Escrito por\" \/>\n\t<meta name=\"twitter:data1\" content=\"Telinha\" \/>\n\t<meta name=\"twitter:label2\" content=\"Tempo estimado de leitura\" \/>\n\t<meta name=\"twitter:data2\" content=\"1 minuto\" \/>\n<script type=\"application\/ld+json\" class=\"yoast-schema-graph\">{\"@context\":\"https:\/\/schema.org\",\"@graph\":[{\"@type\":\"Article\",\"@id\":\"https:\/\/portaltela.pt\/noticias\/2025\/12\/30\/cerimonias-funebres-do-ex-vitoriano-carlos-cardoso-iniciam-nesta-terca-feira\/#article\",\"isPartOf\":{\"@id\":\"https:\/\/portaltela.pt\/noticias\/2025\/12\/30\/cerimonias-funebres-do-ex-vitoriano-carlos-cardoso-iniciam-nesta-terca-feira\/\"},\"author\":{\"name\":\"Telinha\",\"@id\":\"https:\/\/portaltela.pt\/#\/schema\/person\/c4278d4a6028830caff9ee44b42d32ed\"},\"headline\":\"Cerim\u00f3nias f\u00fanebres do ex-vitoriano Carlos Cardoso iniciam nesta ter\u00e7a-feira\",\"datePublished\":\"2025-12-30T14:32:22+00:00\",\"mainEntityOfPage\":{\"@id\":\"https:\/\/portaltela.pt\/noticias\/2025\/12\/30\/cerimonias-funebres-do-ex-vitoriano-carlos-cardoso-iniciam-nesta-terca-feira\/\"},\"wordCount\":240,\"image\":{\"@id\":\"https:\/\/portaltela.pt\/noticias\/2025\/12\/30\/cerimonias-funebres-do-ex-vitoriano-carlos-cardoso-iniciam-nesta-terca-feira\/#primaryimage\"},\"thumbnailUrl\":\"https:\/\/portaltela.pt\/s.01k8rhncp4jt1\/2025\/12\/f76016ec-e7c4-426a-81dc-65704a9f6d0a.jpg\",\"keywords\":[\"desporto\",\"futebol\",\"jogadores\",\"organiza\u00e7\u00e3o desportiva\",\"Set\u00fabal\",\"Vit\u00f3ria de Set\u00fabal\"],\"articleSection\":[\"Desporto\",\"Futebol\"],\"inLanguage\":\"pt-PT\"},{\"@type\":\"WebPage\",\"@id\":\"https:\/\/portaltela.pt\/noticias\/2025\/12\/30\/cerimonias-funebres-do-ex-vitoriano-carlos-cardoso-iniciam-nesta-terca-feira\/\",\"url\":\"https:\/\/portaltela.pt\/noticias\/2025\/12\/30\/cerimonias-funebres-do-ex-vitoriano-carlos-cardoso-iniciam-nesta-terca-feira\/\",\"name\":\"Cerim\u00f3nias f\u00fanebres do ex-vitoriano Carlos Cardoso iniciam nesta ter\u00e7a-feira - Portal Tela Portugal\",\"isPartOf\":{\"@id\":\"https:\/\/portaltela.pt\/#website\"},\"primaryImageOfPage\":{\"@id\":\"https:\/\/portaltela.pt\/noticias\/2025\/12\/30\/cerimonias-funebres-do-ex-vitoriano-carlos-cardoso-iniciam-nesta-terca-feira\/#primaryimage\"},\"image\":{\"@id\":\"https:\/\/portaltela.pt\/noticias\/2025\/12\/30\/cerimonias-funebres-do-ex-vitoriano-carlos-cardoso-iniciam-nesta-terca-feira\/#primaryimage\"},\"thumbnailUrl\":\"https:\/\/portaltela.pt\/s.01k8rhncp4jt1\/2025\/12\/f76016ec-e7c4-426a-81dc-65704a9f6d0a.jpg\",\"datePublished\":\"2025-12-30T14:32:22+00:00\",\"author\":{\"@id\":\"https:\/\/portaltela.pt\/#\/schema\/person\/c4278d4a6028830caff9ee44b42d32ed\"},\"breadcrumb\":{\"@id\":\"https:\/\/portaltela.pt\/noticias\/2025\/12\/30\/cerimonias-funebres-do-ex-vitoriano-carlos-cardoso-iniciam-nesta-terca-feira\/#breadcrumb\"},\"inLanguage\":\"pt-PT\",\"potentialAction\":[{\"@type\":\"ReadAction\",\"target\":[\"https:\/\/portaltela.pt\/noticias\/2025\/12\/30\/cerimonias-funebres-do-ex-vitoriano-carlos-cardoso-iniciam-nesta-terca-feira\/\"]}]},{\"@type\":\"ImageObject\",\"inLanguage\":\"pt-PT\",\"@id\":\"https:\/\/portaltela.pt\/noticias\/2025\/12\/30\/cerimonias-funebres-do-ex-vitoriano-carlos-cardoso-iniciam-nesta-terca-feira\/#primaryimage\",\"url\":\"https:\/\/portaltela.pt\/s.01k8rhncp4jt1\/2025\/12\/f76016ec-e7c4-426a-81dc-65704a9f6d0a.jpg\",\"contentUrl\":\"https:\/\/portaltela.pt\/s.01k8rhncp4jt1\/2025\/12\/f76016ec-e7c4-426a-81dc-65704a9f6d0a.jpg\",\"width\":796,\"height\":448,\"caption\":\"Carlos Cardoso - Foto: Vit\u00f3ria de Set\u00fabal\"},{\"@type\":\"BreadcrumbList\",\"@id\":\"https:\/\/portaltela.pt\/noticias\/2025\/12\/30\/cerimonias-funebres-do-ex-vitoriano-carlos-cardoso-iniciam-nesta-terca-feira\/#breadcrumb\",\"itemListElement\":[{\"@type\":\"ListItem\",\"position\":1,\"name\":\"In\u00edcio\",\"item\":\"https:\/\/portaltela.pt\/\"},{\"@type\":\"ListItem\",\"position\":2,\"name\":\"Cerim\u00f3nias f\u00fanebres do ex-vitoriano Carlos Cardoso iniciam nesta ter\u00e7a-feira\"}]},{\"@type\":\"WebSite\",\"@id\":\"https:\/\/portaltela.pt\/#website\",\"url\":\"https:\/\/portaltela.pt\/\",\"name\":\"Portal Tela Portugal\",\"description\":\"\",\"potentialAction\":[{\"@type\":\"SearchAction\",\"target\":{\"@type\":\"EntryPoint\",\"urlTemplate\":\"https:\/\/portaltela.pt\/?s={search_term_string}\"},\"query-input\":{\"@type\":\"PropertyValueSpecification\",\"valueRequired\":true,\"valueName\":\"search_term_string\"}}],\"inLanguage\":\"pt-PT\"},{\"@type\":\"Person\",\"@id\":\"https:\/\/portaltela.pt\/#\/schema\/person\/c4278d4a6028830caff9ee44b42d32ed\",\"name\":\"Telinha\",\"image\":{\"@type\":\"ImageObject\",\"inLanguage\":\"pt-PT\",\"@id\":\"https:\/\/portaltela.pt\/s.01k8rhncp4jt1\/2025\/11\/talking-bot-125x125.png\",\"url\":\"https:\/\/portaltela.pt\/s.01k8rhncp4jt1\/2025\/11\/talking-bot-125x125.png\",\"contentUrl\":\"https:\/\/portaltela.pt\/s.01k8rhncp4jt1\/2025\/11\/talking-bot-125x125.png\",\"caption\":\"Telinha\"},\"sameAs\":[\"https:\/\/portaltela.pt\/\"],\"url\":\"https:\/\/portaltela.pt\/por\/367410592786\/\"}]}<\/script>\n<!-- \/ Yoast SEO plugin. -->","yoast_head_json":{"title":"Cerim\u00f3nias f\u00fanebres do ex-vitoriano Carlos Cardoso iniciam nesta ter\u00e7a-feira - Portal Tela Portugal","robots":{"index":"index","follow":"follow","max-snippet":"max-snippet:-1","max-image-preview":"max-image-preview:large","max-video-preview":"max-video-preview:-1"},"og_locale":"pt_PT","og_type":"article","og_title":"Cerim\u00f3nias f\u00fanebres do ex-vitoriano Carlos Cardoso iniciam nesta ter\u00e7a-feira - Portal Tela Portugal","og_description":"Carlos Cardoso, antigo capit\u00e3o e treinador do Vit\u00f3ria de Set\u00fabal, morreu no \u00faltimo s\u00e1bado aos 80 anos. As cerim\u00f3nias f\u00fanebres come\u00e7am esta ter\u00e7a-feira, com vel\u00f3rio \u00e0s 17:30 no Convento de Jesus, em Set\u00fabal. A encomenda\u00e7\u00e3o da alma ocorre no dia 31 de dezembro \u00e0s 12:00, seguida do traslado para o Cremat\u00f3rio da Paz, em Algeruz, \u00e0s 13:30. Cardoso dedicou a maior parte da carreira ao Vit\u00f3ria de Set\u00fabal, entre 1964\/65 e 1976\/77, servindo tamb\u00e9m como treinador e adjunto. Ao longo da carreira, foi internacional A por duas ocasi\u00f5es e orientou outros clubes como Barreirense, Nacional, Uni\u00e3o da Madeira, O Elvas, Lusitano de \u00c9vora, Benfica, Castelo Branco e Juventude de \u00c9vora.","og_url":"https:\/\/portaltela.pt\/noticias\/2025\/12\/30\/cerimonias-funebres-do-ex-vitoriano-carlos-cardoso-iniciam-nesta-terca-feira\/","og_site_name":"Portal Tela Portugal","article_published_time":"2025-12-30T14:32:22+00:00","author":"Telinha","twitter_card":"summary_large_image","twitter_misc":{"Escrito por":"Telinha","Tempo estimado de leitura":"1 minuto"},"schema":{"@context":"https:\/\/schema.org","@graph":[{"@type":"Article","@id":"https:\/\/portaltela.pt\/noticias\/2025\/12\/30\/cerimonias-funebres-do-ex-vitoriano-carlos-cardoso-iniciam-nesta-terca-feira\/#article","isPartOf":{"@id":"https:\/\/portaltela.pt\/noticias\/2025\/12\/30\/cerimonias-funebres-do-ex-vitoriano-carlos-cardoso-iniciam-nesta-terca-feira\/"},"author":{"name":"Telinha","@id":"https:\/\/portaltela.pt\/#\/schema\/person\/c4278d4a6028830caff9ee44b42d32ed"},"headline":"Cerim\u00f3nias f\u00fanebres do ex-vitoriano Carlos Cardoso iniciam nesta ter\u00e7a-feira","datePublished":"2025-12-30T14:32:22+00:00","mainEntityOfPage":{"@id":"https:\/\/portaltela.pt\/noticias\/2025\/12\/30\/cerimonias-funebres-do-ex-vitoriano-carlos-cardoso-iniciam-nesta-terca-feira\/"},"wordCount":240,"image":{"@id":"https:\/\/portaltela.pt\/noticias\/2025\/12\/30\/cerimonias-funebres-do-ex-vitoriano-carlos-cardoso-iniciam-nesta-terca-feira\/#primaryimage"},"thumbnailUrl":"https:\/\/portaltela.pt\/s.01k8rhncp4jt1\/2025\/12\/f76016ec-e7c4-426a-81dc-65704a9f6d0a.jpg","keywords":["desporto","futebol","jogadores","organiza\u00e7\u00e3o desportiva","Set\u00fabal","Vit\u00f3ria de Set\u00fabal"],"articleSection":["Desporto","Futebol"],"inLanguage":"pt-PT"},{"@type":"WebPage","@id":"https:\/\/portaltela.pt\/noticias\/2025\/12\/30\/cerimonias-funebres-do-ex-vitoriano-carlos-cardoso-iniciam-nesta-terca-feira\/","url":"https:\/\/portaltela.pt\/noticias\/2025\/12\/30\/cerimonias-funebres-do-ex-vitoriano-carlos-cardoso-iniciam-nesta-terca-feira\/","name":"Cerim\u00f3nias f\u00fanebres do ex-vitoriano Carlos Cardoso iniciam nesta ter\u00e7a-feira - Portal Tela Portugal","isPartOf":{"@id":"https:\/\/portaltela.pt\/#website"},"primaryImageOfPage":{"@id":"https:\/\/portaltela.pt\/noticias\/2025\/12\/30\/cerimonias-funebres-do-ex-vitoriano-carlos-cardoso-iniciam-nesta-terca-feira\/#primaryimage"},"image":{"@id":"https:\/\/portaltela.pt\/noticias\/2025\/12\/30\/cerimonias-funebres-do-ex-vitoriano-carlos-cardoso-iniciam-nesta-terca-feira\/#primaryimage"},"thumbnailUrl":"https:\/\/portaltela.pt\/s.01k8rhncp4jt1\/2025\/12\/f76016ec-e7c4-426a-81dc-65704a9f6d0a.jpg","datePublished":"2025-12-30T14:32:22+00:00","author":{"@id":"https:\/\/portaltela.pt\/#\/schema\/person\/c4278d4a6028830caff9ee44b42d32ed"},"breadcrumb":{"@id":"https:\/\/portaltela.pt\/noticias\/2025\/12\/30\/cerimonias-funebres-do-ex-vitoriano-carlos-cardoso-iniciam-nesta-terca-feira\/#breadcrumb"},"inLanguage":"pt-PT","potentialAction":[{"@type":"ReadAction","target":["https:\/\/portaltela.pt\/noticias\/2025\/12\/30\/cerimonias-funebres-do-ex-vitoriano-carlos-cardoso-iniciam-nesta-terca-feira\/"]}]},{"@type":"ImageObject","inLanguage":"pt-PT","@id":"https:\/\/portaltela.pt\/noticias\/2025\/12\/30\/cerimonias-funebres-do-ex-vitoriano-carlos-cardoso-iniciam-nesta-terca-feira\/#primaryimage","url":"https:\/\/portaltela.pt\/s.01k8rhncp4jt1\/2025\/12\/f76016ec-e7c4-426a-81dc-65704a9f6d0a.jpg","contentUrl":"https:\/\/portaltela.pt\/s.01k8rhncp4jt1\/2025\/12\/f76016ec-e7c4-426a-81dc-65704a9f6d0a.jpg","width":796,"height":448,"caption":"Carlos Cardoso - Foto: Vit\u00f3ria de Set\u00fabal"},{"@type":"BreadcrumbList","@id":"https:\/\/portaltela.pt\/noticias\/2025\/12\/30\/cerimonias-funebres-do-ex-vitoriano-carlos-cardoso-iniciam-nesta-terca-feira\/#breadcrumb","itemListElement":[{"@type":"ListItem","position":1,"name":"In\u00edcio","item":"https:\/\/portaltela.pt\/"},{"@type":"ListItem","position":2,"name":"Cerim\u00f3nias f\u00fanebres do ex-vitoriano Carlos Cardoso iniciam nesta ter\u00e7a-feira"}]},{"@type":"WebSite","@id":"https:\/\/portaltela.pt\/#website","url":"https:\/\/portaltela.pt\/","name":"Portal Tela Portugal","description":"","potentialAction":[{"@type":"SearchAction","target":{"@type":"EntryPoint","urlTemplate":"https:\/\/portaltela.pt\/?s={search_term_string}"},"query-input":{"@type":"PropertyValueSpecification","valueRequired":true,"valueName":"search_term_string"}}],"inLanguage":"pt-PT"},{"@type":"Person","@id":"https:\/\/portaltela.pt\/#\/schema\/person\/c4278d4a6028830caff9ee44b42d32ed","name":"Telinha","image":{"@type":"ImageObject","inLanguage":"pt-PT","@id":"https:\/\/portaltela.pt\/s.01k8rhncp4jt1\/2025\/11\/talking-bot-125x125.png","url":"https:\/\/portaltela.pt\/s.01k8rhncp4jt1\/2025\/11\/talking-bot-125x125.png","contentUrl":"https:\/\/portaltela.pt\/s.01k8rhncp4jt1\/2025\/11\/talking-bot-125x125.png","caption":"Telinha"},"sameAs":["https:\/\/portaltela.pt\/"],"url":"https:\/\/portaltela.pt\/por\/367410592786\/"}]}},"_links":{"self":[{"href":"https:\/\/portaltela.pt\/api\/wp\/v2\/posts\/107823","targetHints":{"allow":["GET"]}}],"collection":[{"href":"https:\/\/portaltela.pt\/api\/wp\/v2\/posts"}],"about":[{"href":"https:\/\/portaltela.pt\/api\/wp\/v2\/types\/post"}],"author":[{"embeddable":true,"href":"https:\/\/portaltela.pt\/api\/wp\/v2\/users\/2"}],"replies":[{"embeddable":true,"href":"https:\/\/portaltela.pt\/api\/wp\/v2\/comments?post=107823"}],"version-history":[{"count":0,"href":"https:\/\/portaltela.pt\/api\/wp\/v2\/posts\/107823\/revisions"}],"wp:featuredmedia":[{"embeddable":true,"href":"https:\/\/portaltela.pt\/api\/wp\/v2\/media\/107830"}],"wp:attachment":[{"href":"https:\/\/portaltela.pt\/api\/wp\/v2\/media?parent=107823"}],"wp:term":[{"taxonomy":"category","embeddable":true,"href":"https:\/\/portaltela.pt\/api\/wp\/v2\/categories?post=107823"},{"taxonomy":"post_tag","embeddable":true,"href":"https:\/\/portaltela.pt\/api\/wp\/v2\/tags?post=107823"}],"curies":[{"name":"wp","href":"https:\/\/api.w.org\/{rel}","templated":true}]}}